{"id":8854,"date":"2026-04-26T15:32:55","date_gmt":"2026-04-26T14:32:55","guid":{"rendered":"https:\/\/www.montceautriathlon.com\/blog\/?p=8854"},"modified":"2026-04-26T15:32:57","modified_gmt":"2026-04-26T14:32:57","slug":"25-26-avril-trail-du-mont-dardon","status":"publish","type":"post","link":"https:\/\/www.montceautriathlon.com\/blog\/2026\/04\/26\/25-26-avril-trail-du-mont-dardon\/","title":{"rendered":"25\/26 avril: Trail du Mont Dardon"},"content":{"rendered":"\n<p>Les triathl\u00e8tes montcelliens se sont retrouv\u00e9s sous le soleil \u00e0 Vendenesse sur Arroux pour participer au trail du Mont Dardon.<\/p>\n\n\n\n<p>Chez les jeunes, Louis Vinck gagne sur le 1km. Louis Vinck termine 4e au scratch du 3km et 1r de sa cat\u00e9gorie.<\/p>\n\n\n\n<p>Sur le 12km, Elodie Pistoia est 51e au scratch et 2e M1F en 1:22, Sammy Marc est 70e au scratch et 6e M4H en 1:28. A la 117e et 118e arrivent Aur\u00e9lie Agius et Evelin Delemarre (7e et 8e M0F) en 1:50<\/p>\n\n\n\n<p>Sur le 18km, Florent etrmine 14e au scratch  (2e M1H) en 1:40.<\/p>\n\n\n\n<p>Sur le 29km, Th\u00e9o Michon est 13e SEH (52e au scratch) en 3h17. Il est suivi par Sandrine Marchand  (61e au scratch et 1e M4F) en 3:21 et Louis Renard (98e au scratch, 4eESP) en 3h55<\/p>\n\n\n\n<figure class=\"wp-block-gallery columns-3 is-cropped\"><ul data-carousel-extra='{\"blog_id\":1,\"permalink\":\"https:\\\/\\\/www.montceautriathlon.com\\\/blog\\\/2026\\\/04\\\/26\\\/25-26-avril-trail-du-mont-dardon\\\/\"}' class=\"blocks-gallery-grid\"><li class=\"blocks-gallery-item\"><figure><a href=\"https:\/\/www.montceautriathlon.com\/blog\/wp-content\/uploads\/2026\/04\/IMG-20260426-WA0000-1024x769.jpg\"><img data-attachment-id=\"8856\" data-permalink=\"https:\/\/www.montceautriathlon.com\/blog\/2026\/04\/26\/25-26-avril-trail-du-mont-dardon\/img-20260426-wa0000\/\" data-orig-file=\"https:\/\/www.montceautriathlon.com\/blog\/wp-content\/uploads\/2026\/04\/IMG-20260426-WA0000.jpg\" data-orig-size=\"2048,1538\" data-comments-opened=\"1\" data-image-meta=\"{&quot;aperture&quot;:&quot;0&quot;,&quot;credit&quot;:&quot;&quot;,&quot;camera&quot;:&quot;&quot;,&quot;caption&quot;:&quot;&quot;,&quot;created_timestamp&quot;:&quot;0&quot;,&quot;copyright&quot;:&quot;&quot;,&quot;focal_length&quot;:&quot;0&quot;,&quot;iso&quot;:&quot;0&quot;,&quot;shutter_speed&quot;:&quot;0&quot;,&quot;title&quot;:&quot;&quot;,&quot;orientation&quot;:&quot;0&quot;}\" data-image-title=\"IMG-20260426-WA0000\" data-image-description=\"\" data-image-caption=\"\" data-medium-file=\"https:\/\/www.montceautriathlon.com\/blog\/wp-content\/uploads\/2026\/04\/IMG-20260426-WA0000-300x225.jpg\" data-large-file=\"https:\/\/www.montceautriathlon.com\/blog\/wp-content\/uploads\/2026\/04\/IMG-20260426-WA0000-1024x769.jpg\" loading=\"lazy\" width=\"1024\" height=\"769\" src=\"https:\/\/www.montceautriathlon.com\/blog\/wp-content\/uploads\/2026\/04\/IMG-20260426-WA0000-1024x769.jpg\" alt=\"\" data-id=\"8856\" data-link=\"https:\/\/www.montceautriathlon.com\/blog\/?attachment_id=8856\" class=\"wp-image-8856\" srcset=\"https:\/\/www.montceautriathlon.com\/blog\/wp-content\/uploads\/2026\/04\/IMG-20260426-WA0000-1024x769.jpg 1024w, https:\/\/www.montceautriathlon.com\/blog\/wp-content\/uploads\/2026\/04\/IMG-20260426-WA0000-300x225.jpg 300w, https:\/\/www.montceautriathlon.com\/blog\/wp-content\/uploads\/2026\/04\/IMG-20260426-WA0000-768x577.jpg 768w, https:\/\/www.montceautriathlon.com\/blog\/wp-content\/uploads\/2026\/04\/IMG-20260426-WA0000-1536x1154.jpg 1536w, https:\/\/www.montceautriathlon.com\/blog\/wp-content\/uploads\/2026\/04\/IMG-20260426-WA0000.jpg 2048w\" sizes=\"(max-width: 1024px) 100vw, 1024px\" \/><\/a><\/figure><\/li><li class=\"blocks-gallery-item\"><figure><a href=\"https:\/\/www.montceautriathlon.com\/blog\/wp-content\/uploads\/2026\/04\/IMG-20260426-WA0002-576x1024.jpg\"><img data-attachment-id=\"8857\" data-permalink=\"https:\/\/www.montceautriathlon.com\/blog\/2026\/04\/26\/25-26-avril-trail-du-mont-dardon\/img-20260426-wa0002\/\" data-orig-file=\"https:\/\/www.montceautriathlon.com\/blog\/wp-content\/uploads\/2026\/04\/IMG-20260426-WA0002.jpg\" data-orig-size=\"900,1600\" data-comments-opened=\"1\" data-image-meta=\"{&quot;aperture&quot;:&quot;0&quot;,&quot;credit&quot;:&quot;&quot;,&quot;camera&quot;:&quot;&quot;,&quot;caption&quot;:&quot;&quot;,&quot;created_timestamp&quot;:&quot;0&quot;,&quot;copyright&quot;:&quot;&quot;,&quot;focal_length&quot;:&quot;0&quot;,&quot;iso&quot;:&quot;0&quot;,&quot;shutter_speed&quot;:&quot;0&quot;,&quot;title&quot;:&quot;&quot;,&quot;orientation&quot;:&quot;0&quot;}\" data-image-title=\"IMG-20260426-WA0002\" data-image-description=\"\" data-image-caption=\"\" data-medium-file=\"https:\/\/www.montceautriathlon.com\/blog\/wp-content\/uploads\/2026\/04\/IMG-20260426-WA0002-169x300.jpg\" data-large-file=\"https:\/\/www.montceautriathlon.com\/blog\/wp-content\/uploads\/2026\/04\/IMG-20260426-WA0002-576x1024.jpg\" loading=\"lazy\" width=\"576\" height=\"1024\" src=\"https:\/\/www.montceautriathlon.com\/blog\/wp-content\/uploads\/2026\/04\/IMG-20260426-WA0002-576x1024.jpg\" alt=\"\" data-id=\"8857\" data-link=\"https:\/\/www.montceautriathlon.com\/blog\/?attachment_id=8857\" class=\"wp-image-8857\" srcset=\"https:\/\/www.montceautriathlon.com\/blog\/wp-content\/uploads\/2026\/04\/IMG-20260426-WA0002-576x1024.jpg 576w, https:\/\/www.montceautriathlon.com\/blog\/wp-content\/uploads\/2026\/04\/IMG-20260426-WA0002-169x300.jpg 169w, https:\/\/www.montceautriathlon.com\/blog\/wp-content\/uploads\/2026\/04\/IMG-20260426-WA0002-768x1365.jpg 768w, https:\/\/www.montceautriathlon.com\/blog\/wp-content\/uploads\/2026\/04\/IMG-20260426-WA0002-864x1536.jpg 864w, https:\/\/www.montceautriathlon.com\/blog\/wp-content\/uploads\/2026\/04\/IMG-20260426-WA0002.jpg 900w\" sizes=\"(max-width: 576px) 100vw, 576px\" \/><\/a><\/figure><\/li><li class=\"blocks-gallery-item\"><figure><a href=\"https:\/\/www.montceautriathlon.com\/blog\/wp-content\/uploads\/2026\/04\/IMG-20260426-WA0006-473x1024.jpg\"><img data-attachment-id=\"8858\" data-permalink=\"https:\/\/www.montceautriathlon.com\/blog\/2026\/04\/26\/25-26-avril-trail-du-mont-dardon\/img-20260426-wa0006\/\" data-orig-file=\"https:\/\/www.montceautriathlon.com\/blog\/wp-content\/uploads\/2026\/04\/IMG-20260426-WA0006.jpg\" data-orig-size=\"945,2048\" data-comments-opened=\"1\" data-image-meta=\"{&quot;aperture&quot;:&quot;0&quot;,&quot;credit&quot;:&quot;&quot;,&quot;camera&quot;:&quot;&quot;,&quot;caption&quot;:&quot;&quot;,&quot;created_timestamp&quot;:&quot;0&quot;,&quot;copyright&quot;:&quot;&quot;,&quot;focal_length&quot;:&quot;0&quot;,&quot;iso&quot;:&quot;0&quot;,&quot;shutter_speed&quot;:&quot;0&quot;,&quot;title&quot;:&quot;&quot;,&quot;orientation&quot;:&quot;0&quot;}\" data-image-title=\"IMG-20260426-WA0006\" data-image-description=\"\" data-image-caption=\"\" data-medium-file=\"https:\/\/www.montceautriathlon.com\/blog\/wp-content\/uploads\/2026\/04\/IMG-20260426-WA0006-138x300.jpg\" data-large-file=\"https:\/\/www.montceautriathlon.com\/blog\/wp-content\/uploads\/2026\/04\/IMG-20260426-WA0006-473x1024.jpg\" loading=\"lazy\" width=\"473\" height=\"1024\" src=\"https:\/\/www.montceautriathlon.com\/blog\/wp-content\/uploads\/2026\/04\/IMG-20260426-WA0006-473x1024.jpg\" alt=\"\" data-id=\"8858\" data-link=\"https:\/\/www.montceautriathlon.com\/blog\/?attachment_id=8858\" class=\"wp-image-8858\" srcset=\"https:\/\/www.montceautriathlon.com\/blog\/wp-content\/uploads\/2026\/04\/IMG-20260426-WA0006-473x1024.jpg 473w, https:\/\/www.montceautriathlon.com\/blog\/wp-content\/uploads\/2026\/04\/IMG-20260426-WA0006-138x300.jpg 138w, https:\/\/www.montceautriathlon.com\/blog\/wp-content\/uploads\/2026\/04\/IMG-20260426-WA0006-768x1664.jpg 768w, https:\/\/www.montceautriathlon.com\/blog\/wp-content\/uploads\/2026\/04\/IMG-20260426-WA0006-709x1536.jpg 709w, https:\/\/www.montceautriathlon.com\/blog\/wp-content\/uploads\/2026\/04\/IMG-20260426-WA0006.jpg 945w\" sizes=\"(max-width: 473px) 100vw, 473px\" \/><\/a><\/figure><\/li><li class=\"blocks-gallery-item\"><figure><a href=\"https:\/\/www.montceautriathlon.com\/blog\/wp-content\/uploads\/2026\/04\/IMG-20260426-WA0008-576x1024.jpg\"><img data-attachment-id=\"8859\" data-permalink=\"https:\/\/www.montceautriathlon.com\/blog\/2026\/04\/26\/25-26-avril-trail-du-mont-dardon\/img-20260426-wa0008\/\" data-orig-file=\"https:\/\/www.montceautriathlon.com\/blog\/wp-content\/uploads\/2026\/04\/IMG-20260426-WA0008.jpg\" data-orig-size=\"900,1600\" data-comments-opened=\"1\" data-image-meta=\"{&quot;aperture&quot;:&quot;0&quot;,&quot;credit&quot;:&quot;&quot;,&quot;camera&quot;:&quot;&quot;,&quot;caption&quot;:&quot;&quot;,&quot;created_timestamp&quot;:&quot;0&quot;,&quot;copyright&quot;:&quot;&quot;,&quot;focal_length&quot;:&quot;0&quot;,&quot;iso&quot;:&quot;0&quot;,&quot;shutter_speed&quot;:&quot;0&quot;,&quot;title&quot;:&quot;&quot;,&quot;orientation&quot;:&quot;0&quot;}\" data-image-title=\"IMG-20260426-WA0008\" data-image-description=\"\" data-image-caption=\"\" data-medium-file=\"https:\/\/www.montceautriathlon.com\/blog\/wp-content\/uploads\/2026\/04\/IMG-20260426-WA0008-169x300.jpg\" data-large-file=\"https:\/\/www.montceautriathlon.com\/blog\/wp-content\/uploads\/2026\/04\/IMG-20260426-WA0008-576x1024.jpg\" loading=\"lazy\" width=\"576\" height=\"1024\" src=\"https:\/\/www.montceautriathlon.com\/blog\/wp-content\/uploads\/2026\/04\/IMG-20260426-WA0008-576x1024.jpg\" alt=\"\" data-id=\"8859\" data-link=\"https:\/\/www.montceautriathlon.com\/blog\/?attachment_id=8859\" class=\"wp-image-8859\" srcset=\"https:\/\/www.montceautriathlon.com\/blog\/wp-content\/uploads\/2026\/04\/IMG-20260426-WA0008-576x1024.jpg 576w, https:\/\/www.montceautriathlon.com\/blog\/wp-content\/uploads\/2026\/04\/IMG-20260426-WA0008-169x300.jpg 169w, https:\/\/www.montceautriathlon.com\/blog\/wp-content\/uploads\/2026\/04\/IMG-20260426-WA0008-768x1365.jpg 768w, https:\/\/www.montceautriathlon.com\/blog\/wp-content\/uploads\/2026\/04\/IMG-20260426-WA0008-864x1536.jpg 864w, https:\/\/www.montceautriathlon.com\/blog\/wp-content\/uploads\/2026\/04\/IMG-20260426-WA0008.jpg 900w\" sizes=\"(max-width: 576px) 100vw, 576px\" \/><\/a><\/figure><\/li><li class=\"blocks-gallery-item\"><figure><a href=\"https:\/\/www.montceautriathlon.com\/blog\/wp-content\/uploads\/2026\/04\/IMG-20260426-WA0003-576x1024.jpg\"><img data-attachment-id=\"8860\" data-permalink=\"https:\/\/www.montceautriathlon.com\/blog\/2026\/04\/26\/25-26-avril-trail-du-mont-dardon\/img-20260426-wa0003\/\" data-orig-file=\"https:\/\/www.montceautriathlon.com\/blog\/wp-content\/uploads\/2026\/04\/IMG-20260426-WA0003.jpg\" data-orig-size=\"900,1600\" data-comments-opened=\"1\" data-image-meta=\"{&quot;aperture&quot;:&quot;0&quot;,&quot;credit&quot;:&quot;&quot;,&quot;camera&quot;:&quot;&quot;,&quot;caption&quot;:&quot;&quot;,&quot;created_timestamp&quot;:&quot;0&quot;,&quot;copyright&quot;:&quot;&quot;,&quot;focal_length&quot;:&quot;0&quot;,&quot;iso&quot;:&quot;0&quot;,&quot;shutter_speed&quot;:&quot;0&quot;,&quot;title&quot;:&quot;&quot;,&quot;orientation&quot;:&quot;0&quot;}\" data-image-title=\"IMG-20260426-WA0003\" data-image-description=\"\" data-image-caption=\"\" data-medium-file=\"https:\/\/www.montceautriathlon.com\/blog\/wp-content\/uploads\/2026\/04\/IMG-20260426-WA0003-169x300.jpg\" data-large-file=\"https:\/\/www.montceautriathlon.com\/blog\/wp-content\/uploads\/2026\/04\/IMG-20260426-WA0003-576x1024.jpg\" loading=\"lazy\" width=\"576\" height=\"1024\" src=\"https:\/\/www.montceautriathlon.com\/blog\/wp-content\/uploads\/2026\/04\/IMG-20260426-WA0003-576x1024.jpg\" alt=\"\" data-id=\"8860\" data-link=\"https:\/\/www.montceautriathlon.com\/blog\/?attachment_id=8860\" class=\"wp-image-8860\" srcset=\"https:\/\/www.montceautriathlon.com\/blog\/wp-content\/uploads\/2026\/04\/IMG-20260426-WA0003-576x1024.jpg 576w, https:\/\/www.montceautriathlon.com\/blog\/wp-content\/uploads\/2026\/04\/IMG-20260426-WA0003-169x300.jpg 169w, https:\/\/www.montceautriathlon.com\/blog\/wp-content\/uploads\/2026\/04\/IMG-20260426-WA0003-768x1365.jpg 768w, https:\/\/www.montceautriathlon.com\/blog\/wp-content\/uploads\/2026\/04\/IMG-20260426-WA0003-864x1536.jpg 864w, https:\/\/www.montceautriathlon.com\/blog\/wp-content\/uploads\/2026\/04\/IMG-20260426-WA0003.jpg 900w\" sizes=\"(max-width: 576px) 100vw, 576px\" \/><\/a><\/figure><\/li><li class=\"blocks-gallery-item\"><figure><a href=\"https:\/\/www.montceautriathlon.com\/blog\/wp-content\/uploads\/2026\/04\/IMG-20260426-WA0004.jpg\"><img data-attachment-id=\"8861\" data-permalink=\"https:\/\/www.montceautriathlon.com\/blog\/2026\/04\/26\/25-26-avril-trail-du-mont-dardon\/img-20260426-wa0004\/\" data-orig-file=\"https:\/\/www.montceautriathlon.com\/blog\/wp-content\/uploads\/2026\/04\/IMG-20260426-WA0004.jpg\" data-orig-size=\"900,1600\" data-comments-opened=\"1\" data-image-meta=\"{&quot;aperture&quot;:&quot;0&quot;,&quot;credit&quot;:&quot;&quot;,&quot;camera&quot;:&quot;&quot;,&quot;caption&quot;:&quot;&quot;,&quot;created_timestamp&quot;:&quot;0&quot;,&quot;copyright&quot;:&quot;&quot;,&quot;focal_length&quot;:&quot;0&quot;,&quot;iso&quot;:&quot;0&quot;,&quot;shutter_speed&quot;:&quot;0&quot;,&quot;title&quot;:&quot;&quot;,&quot;orientation&quot;:&quot;0&quot;}\" data-image-title=\"IMG-20260426-WA0004\" data-image-description=\"\" data-image-caption=\"\" data-medium-file=\"https:\/\/www.montceautriathlon.com\/blog\/wp-content\/uploads\/2026\/04\/IMG-20260426-WA0004-169x300.jpg\" data-large-file=\"https:\/\/www.montceautriathlon.com\/blog\/wp-content\/uploads\/2026\/04\/IMG-20260426-WA0004-576x1024.jpg\" loading=\"lazy\" width=\"576\" height=\"1024\" src=\"https:\/\/www.montceautriathlon.com\/blog\/wp-content\/uploads\/2026\/04\/IMG-20260426-WA0004-576x1024.jpg\" alt=\"\" data-id=\"8861\" data-full-url=\"https:\/\/www.montceautriathlon.com\/blog\/wp-content\/uploads\/2026\/04\/IMG-20260426-WA0004.jpg\" data-link=\"https:\/\/www.montceautriathlon.com\/blog\/?attachment_id=8861\" class=\"wp-image-8861\" srcset=\"https:\/\/www.montceautriathlon.com\/blog\/wp-content\/uploads\/2026\/04\/IMG-20260426-WA0004-576x1024.jpg 576w, https:\/\/www.montceautriathlon.com\/blog\/wp-content\/uploads\/2026\/04\/IMG-20260426-WA0004-169x300.jpg 169w, https:\/\/www.montceautriathlon.com\/blog\/wp-content\/uploads\/2026\/04\/IMG-20260426-WA0004-768x1365.jpg 768w, https:\/\/www.montceautriathlon.com\/blog\/wp-content\/uploads\/2026\/04\/IMG-20260426-WA0004-864x1536.jpg 864w, https:\/\/www.montceautriathlon.com\/blog\/wp-content\/uploads\/2026\/04\/IMG-20260426-WA0004.jpg 900w\" sizes=\"(max-width: 576px) 100vw, 576px\" \/><\/a><\/figure><\/li><\/ul><\/figure>\n","protected":false},"excerpt":{"rendered":"<p>Les triathl\u00e8tes montcelliens se sont retrouv\u00e9s sous le soleil \u00e0 Vendenesse sur Arroux pour participer au trail du Mont Dardon. Chez les jeunes, Louis Vinck gagne sur le 1km. Louis Vinck termine 4e au scratch du 3km et 1r de sa cat\u00e9gorie. Sur le 12km, Elodie Pistoia est 51e au scratch et 2e M1F en [&hellip;]<\/p>\n","protected":false},"author":7,"featured_media":8856,"comment_status":"open","ping_status":"open","sticky":false,"template":"","format":"standard","meta":{"spay_email":"","jetpack_publicize_message":"","jetpack_is_tweetstorm":false},"categories":[1],"tags":[],"jetpack_featured_media_url":"https:\/\/www.montceautriathlon.com\/blog\/wp-content\/uploads\/2026\/04\/IMG-20260426-WA0000.jpg","jetpack_publicize_connections":[],"jetpack_sharing_enabled":true,"jetpack_shortlink":"https:\/\/wp.me\/p8bwIy-2iO","jetpack-related-posts":[{"id":7785,"url":"https:\/\/www.montceautriathlon.com\/blog\/2025\/06\/01\/week-end-de-lascension-les-triathletes-montcelliens-courent\/","url_meta":{"origin":8854,"position":0},"title":"Week end de l&rsquo;ascension: les triathl\u00e8tes montcelliens courent","date":"1 juin 2025","format":false,"excerpt":"Les familles Rondier et Vinck se sont retrouv\u00e9es ce jeudi de l'ascension \u00e0 Chatenoy pour les foul\u00e9es du parc. Sur les courses jeunes, Louis Vinck termine 1r et est suivi \u00e0 la 3e place par Eliott Rondier. Sur la 2e course, Jules Vinck a la m\u00e9daille en chocolat (4e). Sur\u2026","rel":"","context":"Dans &quot;Non class\u00e9&quot;","img":{"alt_text":"","src":"https:\/\/i0.wp.com\/www.montceautriathlon.com\/blog\/wp-content\/uploads\/2025\/06\/IMG-20250530-WA0006.jpg?resize=350%2C200&ssl=1","width":350,"height":200},"classes":[]},{"id":6978,"url":"https:\/\/www.montceautriathlon.com\/blog\/2024\/07\/16\/dernier-week-end-de-juin-les-montcelliens-sur-tous-les-fronts\/","url_meta":{"origin":8854,"position":1},"title":"Dernier Week end de juin: les montcelliens sur tous les fronts","date":"16 juillet 2024","format":false,"excerpt":"Les triathl\u00e8tes montcelliens \u00e9taient pour ce dernier week end de juin sur tous les fronts. Une grosse d\u00e9l\u00e9gation \u00e9tait \u00e0 Saint Point pour le triathlon organis\u00e9 pour Macon Triathlon. Nos 2 jeunes \"com\" Sarah et Charline \u00e9taient aux Sables d'Olonnes pour participer \u00e0 leur 1r Half IronMan, et Sandrine et\u2026","rel":"","context":"Dans &quot;Non class\u00e9&quot;","img":{"alt_text":"","src":"https:\/\/i1.wp.com\/www.montceautriathlon.com\/blog\/wp-content\/uploads\/2024\/07\/449702059_1145090549865001_8425172857938717631_n.jpg?resize=350%2C200&ssl=1","width":350,"height":200},"classes":[]},{"id":8325,"url":"https:\/\/www.montceautriathlon.com\/blog\/2025\/10\/20\/week-end-du-11-12-octobre-la-bourbonienne-octobre-rose-triathlon-de-louhans\/","url_meta":{"origin":8854,"position":2},"title":"Week end du 11\/12 octobre: la Bourbonienne, octobre rose, triathlon de Louhans","date":"20 octobre 2025","format":false,"excerpt":"Th\u00e9o Michon, Eric et Fabienne Vaudelin se sont lanc\u00e9s sur les parcours exigeants en nocturne de la Bourbonienne. Sur le 10km Eric termine 16e en 44min22, Th\u00e9o est 42e en 48min46. Fabienne termine les 5km en 29min, se classe 29e au scratch et 1e M5. En mode rando gourmande, Sandrine,\u2026","rel":"","context":"Dans &quot;Non class\u00e9&quot;","img":{"alt_text":"","src":"https:\/\/i1.wp.com\/www.montceautriathlon.com\/blog\/wp-content\/uploads\/2025\/10\/20251012_122053-scaled.jpg?resize=350%2C200&ssl=1","width":350,"height":200},"classes":[]},{"id":8033,"url":"https:\/\/www.montceautriathlon.com\/blog\/2025\/08\/16\/triathlon-de-nevers-10-aout-2025\/","url_meta":{"origin":8854,"position":3},"title":"Triathlon de Nevers: 10 ao\u00fbt 2025","date":"16 ao\u00fbt 2025","format":false,"excerpt":"C est sous des temp\u00e9ratures caniculaires que 2 familles de Montceau Triathlon se sont retrouv\u00e9es \u00e0 Nevers pour leur triathlon. Aur\u00e9lie Agius en compagnie de Nicolas Vinck et d'un copain (non licenci\u00e9s) ont pris le d\u00e9part de la distance M sur de nouveaux parcours en raison de travaux. Ils terminent\u2026","rel":"","context":"Dans &quot;Non class\u00e9&quot;","img":{"alt_text":"","src":"https:\/\/i1.wp.com\/www.montceautriathlon.com\/blog\/wp-content\/uploads\/2025\/08\/IMG-20250811-WA0092.jpg?resize=350%2C200&ssl=1","width":350,"height":200},"classes":[]},{"id":8119,"url":"https:\/\/www.montceautriathlon.com\/blog\/2025\/09\/14\/7-septembre-triathlon-de-chalon-sur-saone\/","url_meta":{"origin":8854,"position":4},"title":"7 Septembre: Triathlon de Chalon sur Sa\u00f4ne","date":"14 septembre 2025","format":false,"excerpt":"Une d\u00e9l\u00e9gation montcellienne s'est retrouv\u00e9e chez nos voisins chalonnais pour leur traditionnel triathlon. Les 2 courses jeunes et le XS se faisaient en piscine. La natation du triathlon S contre la montre \u00e9tait dans la Sa\u00f4ne. Chez les plus jeunes, Louis Vinck termine 1r de la course. Gaspard Pradier est\u2026","rel":"","context":"Dans &quot;Non class\u00e9&quot;","img":{"alt_text":"","src":"https:\/\/i2.wp.com\/www.montceautriathlon.com\/blog\/wp-content\/uploads\/2025\/09\/IMG_5930.jpg?resize=350%2C200&ssl=1","width":350,"height":200},"classes":[]},{"id":8107,"url":"https:\/\/www.montceautriathlon.com\/blog\/2025\/09\/14\/31-aout-triathlon-des-settons\/","url_meta":{"origin":8854,"position":5},"title":"31 aout: triathlon des Settons","date":"14 septembre 2025","format":false,"excerpt":"Quelques licenci\u00e9s se sont d\u00e9plac\u00e9s dans le Morvan pour faire les \u00e9preuves du lac des Settons. C 'est sous la pluie que Paul Fragnaud a pris le d\u00e9part de son premier triathlon sur la distance S. Il termine l'\u00e9preuve en 1h45 et se classe 121e sur 210 participants. Delphine Tonnin\u2026","rel":"","context":"Dans &quot;Non class\u00e9&quot;","img":{"alt_text":"","src":"https:\/\/i1.wp.com\/www.montceautriathlon.com\/blog\/wp-content\/uploads\/2025\/09\/IMG-20250831-WA0001.jpg?resize=350%2C200&ssl=1","width":350,"height":200},"classes":[]}],"_links":{"self":[{"href":"https:\/\/www.montceautriathlon.com\/blog\/wp-json\/wp\/v2\/posts\/8854"}],"collection":[{"href":"https:\/\/www.montceautriathlon.com\/blog\/wp-json\/wp\/v2\/posts"}],"about":[{"href":"https:\/\/www.montceautriathlon.com\/blog\/wp-json\/wp\/v2\/types\/post"}],"author":[{"embeddable":true,"href":"https:\/\/www.montceautriathlon.com\/blog\/wp-json\/wp\/v2\/users\/7"}],"replies":[{"embeddable":true,"href":"https:\/\/www.montceautriathlon.com\/blog\/wp-json\/wp\/v2\/comments?post=8854"}],"version-history":[{"count":2,"href":"https:\/\/www.montceautriathlon.com\/blog\/wp-json\/wp\/v2\/posts\/8854\/revisions"}],"predecessor-version":[{"id":8862,"href":"https:\/\/www.montceautriathlon.com\/blog\/wp-json\/wp\/v2\/posts\/8854\/revisions\/8862"}],"wp:featuredmedia":[{"embeddable":true,"href":"https:\/\/www.montceautriathlon.com\/blog\/wp-json\/wp\/v2\/media\/8856"}],"wp:attachment":[{"href":"https:\/\/www.montceautriathlon.com\/blog\/wp-json\/wp\/v2\/media?parent=8854"}],"wp:term":[{"taxonomy":"category","embeddable":true,"href":"https:\/\/www.montceautriathlon.com\/blog\/wp-json\/wp\/v2\/categories?post=8854"},{"taxonomy":"post_tag","embeddable":true,"href":"https:\/\/www.montceautriathlon.com\/blog\/wp-json\/wp\/v2\/tags?post=8854"}],"curies":[{"name":"wp","href":"https:\/\/api.w.org\/{rel}","templated":true}]}}