{"id":8846,"date":"2026-04-26T13:41:57","date_gmt":"2026-04-26T12:41:57","guid":{"rendered":"https:\/\/www.montceautriathlon.com\/blog\/?p=8846"},"modified":"2026-04-26T13:42:00","modified_gmt":"2026-04-26T12:42:00","slug":"18-19-avril-un-week-end-marque-pour-les-longues-distances","status":"publish","type":"post","link":"https:\/\/www.montceautriathlon.com\/blog\/2026\/04\/26\/18-19-avril-un-week-end-marque-pour-les-longues-distances\/","title":{"rendered":"18\/19 avril: Un week end marqu\u00e9 pour les longues distances"},"content":{"rendered":"\n<p>A Annecy, nos f\u00e9minines \u00e9taient pr\u00e9sentes sous le soleil pour le semi marathon et le marathon.<\/p>\n\n\n\n<p>Manon Vaury termine le semi marathon en 1h49.<\/p>\n\n\n\n<p>Quatre mont-celliennes ont \u00e9galement pris le d\u00e9part du marathon. Charline Bonnardot termine le distance en 3h40, Alice Vaury en 3h52. Sophie Boyer et Sarah Emorine passent la ligne d&rsquo;arriv\u00e9e ensemble en 4h27.<\/p>\n\n\n\n<p>Laurent De Sousa a, quant \u00e0 lui, trouv\u00e9 le soleil bien plus loin en Afrique Du Sud pour participer \u00e0 un Iron Man.<\/p>\n\n\n\n<p>Apr\u00e8s une natation en 1h31, Laurent fait les 180km de v\u00e9lo en 3h22. Il avale les 42 km du marathon en 3h20. Il termine \u00e0 la 7e place de sa cat\u00e9gorie (55\/59ans). Cette performance en 10h24 lui permet de d\u00e9crocher sa place pour les championnats du monde \u00e0 Hawai.<\/p>\n\n\n\n<p>F\u00e9licitation \u00e0 tous et toutes et bonne r\u00e9cup\u00e9ration.<\/p>\n\n\n\n<figure class=\"wp-block-gallery columns-3 is-cropped\"><ul data-carousel-extra='{\"blog_id\":1,\"permalink\":\"https:\\\/\\\/www.montceautriathlon.com\\\/blog\\\/2026\\\/04\\\/26\\\/18-19-avril-un-week-end-marque-pour-les-longues-distances\\\/\"}' class=\"blocks-gallery-grid\"><li class=\"blocks-gallery-item\"><figure><a href=\"https:\/\/www.montceautriathlon.com\/blog\/wp-content\/uploads\/2026\/04\/670938816_18342485959301262_7213363670858877490_n-1024x1024.jpg\"><img data-attachment-id=\"8847\" data-permalink=\"https:\/\/www.montceautriathlon.com\/blog\/2026\/04\/26\/18-19-avril-un-week-end-marque-pour-les-longues-distances\/670938816_18342485959301262_7213363670858877490_n\/\" data-orig-file=\"https:\/\/www.montceautriathlon.com\/blog\/wp-content\/uploads\/2026\/04\/670938816_18342485959301262_7213363670858877490_n.jpg\" data-orig-size=\"1200,1199\" data-comments-opened=\"1\" data-image-meta=\"{&quot;aperture&quot;:&quot;0&quot;,&quot;credit&quot;:&quot;&quot;,&quot;camera&quot;:&quot;&quot;,&quot;caption&quot;:&quot;&quot;,&quot;created_timestamp&quot;:&quot;0&quot;,&quot;copyright&quot;:&quot;&quot;,&quot;focal_length&quot;:&quot;0&quot;,&quot;iso&quot;:&quot;0&quot;,&quot;shutter_speed&quot;:&quot;0&quot;,&quot;title&quot;:&quot;&quot;,&quot;orientation&quot;:&quot;0&quot;}\" data-image-title=\"670938816_18342485959301262_7213363670858877490_n\" data-image-description=\"\" data-image-caption=\"\" data-medium-file=\"https:\/\/www.montceautriathlon.com\/blog\/wp-content\/uploads\/2026\/04\/670938816_18342485959301262_7213363670858877490_n-300x300.jpg\" data-large-file=\"https:\/\/www.montceautriathlon.com\/blog\/wp-content\/uploads\/2026\/04\/670938816_18342485959301262_7213363670858877490_n-1024x1024.jpg\" loading=\"lazy\" width=\"1024\" height=\"1024\" src=\"https:\/\/www.montceautriathlon.com\/blog\/wp-content\/uploads\/2026\/04\/670938816_18342485959301262_7213363670858877490_n-1024x1024.jpg\" alt=\"\" data-id=\"8847\" data-link=\"https:\/\/www.montceautriathlon.com\/blog\/?attachment_id=8847\" class=\"wp-image-8847\" srcset=\"https:\/\/www.montceautriathlon.com\/blog\/wp-content\/uploads\/2026\/04\/670938816_18342485959301262_7213363670858877490_n-1024x1024.jpg 1024w, https:\/\/www.montceautriathlon.com\/blog\/wp-content\/uploads\/2026\/04\/670938816_18342485959301262_7213363670858877490_n-300x300.jpg 300w, https:\/\/www.montceautriathlon.com\/blog\/wp-content\/uploads\/2026\/04\/670938816_18342485959301262_7213363670858877490_n-150x150.jpg 150w, https:\/\/www.montceautriathlon.com\/blog\/wp-content\/uploads\/2026\/04\/670938816_18342485959301262_7213363670858877490_n-768x767.jpg 768w, https:\/\/www.montceautriathlon.com\/blog\/wp-content\/uploads\/2026\/04\/670938816_18342485959301262_7213363670858877490_n.jpg 1200w\" sizes=\"(max-width: 1024px) 100vw, 1024px\" \/><\/a><\/figure><\/li><li class=\"blocks-gallery-item\"><figure><a href=\"https:\/\/www.montceautriathlon.com\/blog\/wp-content\/uploads\/2026\/04\/670855894_18342486037301262_384119935029392454_n-1024x1024.jpg\"><img data-attachment-id=\"8848\" data-permalink=\"https:\/\/www.montceautriathlon.com\/blog\/2026\/04\/26\/18-19-avril-un-week-end-marque-pour-les-longues-distances\/670855894_18342486037301262_384119935029392454_n\/\" data-orig-file=\"https:\/\/www.montceautriathlon.com\/blog\/wp-content\/uploads\/2026\/04\/670855894_18342486037301262_384119935029392454_n.jpg\" data-orig-size=\"1200,1200\" data-comments-opened=\"1\" data-image-meta=\"{&quot;aperture&quot;:&quot;0&quot;,&quot;credit&quot;:&quot;&quot;,&quot;camera&quot;:&quot;&quot;,&quot;caption&quot;:&quot;&quot;,&quot;created_timestamp&quot;:&quot;0&quot;,&quot;copyright&quot;:&quot;&quot;,&quot;focal_length&quot;:&quot;0&quot;,&quot;iso&quot;:&quot;0&quot;,&quot;shutter_speed&quot;:&quot;0&quot;,&quot;title&quot;:&quot;&quot;,&quot;orientation&quot;:&quot;0&quot;}\" data-image-title=\"670855894_18342486037301262_384119935029392454_n\" data-image-description=\"\" data-image-caption=\"\" data-medium-file=\"https:\/\/www.montceautriathlon.com\/blog\/wp-content\/uploads\/2026\/04\/670855894_18342486037301262_384119935029392454_n-300x300.jpg\" data-large-file=\"https:\/\/www.montceautriathlon.com\/blog\/wp-content\/uploads\/2026\/04\/670855894_18342486037301262_384119935029392454_n-1024x1024.jpg\" loading=\"lazy\" width=\"1024\" height=\"1024\" src=\"https:\/\/www.montceautriathlon.com\/blog\/wp-content\/uploads\/2026\/04\/670855894_18342486037301262_384119935029392454_n-1024x1024.jpg\" alt=\"\" data-id=\"8848\" data-link=\"https:\/\/www.montceautriathlon.com\/blog\/?attachment_id=8848\" class=\"wp-image-8848\" srcset=\"https:\/\/www.montceautriathlon.com\/blog\/wp-content\/uploads\/2026\/04\/670855894_18342486037301262_384119935029392454_n-1024x1024.jpg 1024w, https:\/\/www.montceautriathlon.com\/blog\/wp-content\/uploads\/2026\/04\/670855894_18342486037301262_384119935029392454_n-300x300.jpg 300w, https:\/\/www.montceautriathlon.com\/blog\/wp-content\/uploads\/2026\/04\/670855894_18342486037301262_384119935029392454_n-150x150.jpg 150w, https:\/\/www.montceautriathlon.com\/blog\/wp-content\/uploads\/2026\/04\/670855894_18342486037301262_384119935029392454_n-768x768.jpg 768w, https:\/\/www.montceautriathlon.com\/blog\/wp-content\/uploads\/2026\/04\/670855894_18342486037301262_384119935029392454_n.jpg 1200w\" sizes=\"(max-width: 1024px) 100vw, 1024px\" \/><\/a><\/figure><\/li><li class=\"blocks-gallery-item\"><figure><a href=\"https:\/\/www.montceautriathlon.com\/blog\/wp-content\/uploads\/2026\/04\/671260169_18342486022301262_1581556349014272478_n-1024x1024.jpg\"><img data-attachment-id=\"8849\" data-permalink=\"https:\/\/www.montceautriathlon.com\/blog\/2026\/04\/26\/18-19-avril-un-week-end-marque-pour-les-longues-distances\/671260169_18342486022301262_1581556349014272478_n\/\" data-orig-file=\"https:\/\/www.montceautriathlon.com\/blog\/wp-content\/uploads\/2026\/04\/671260169_18342486022301262_1581556349014272478_n.jpg\" data-orig-size=\"1440,1440\" data-comments-opened=\"1\" data-image-meta=\"{&quot;aperture&quot;:&quot;0&quot;,&quot;credit&quot;:&quot;&quot;,&quot;camera&quot;:&quot;&quot;,&quot;caption&quot;:&quot;&quot;,&quot;created_timestamp&quot;:&quot;0&quot;,&quot;copyright&quot;:&quot;&quot;,&quot;focal_length&quot;:&quot;0&quot;,&quot;iso&quot;:&quot;0&quot;,&quot;shutter_speed&quot;:&quot;0&quot;,&quot;title&quot;:&quot;&quot;,&quot;orientation&quot;:&quot;0&quot;}\" data-image-title=\"671260169_18342486022301262_1581556349014272478_n\" data-image-description=\"\" data-image-caption=\"\" data-medium-file=\"https:\/\/www.montceautriathlon.com\/blog\/wp-content\/uploads\/2026\/04\/671260169_18342486022301262_1581556349014272478_n-300x300.jpg\" data-large-file=\"https:\/\/www.montceautriathlon.com\/blog\/wp-content\/uploads\/2026\/04\/671260169_18342486022301262_1581556349014272478_n-1024x1024.jpg\" loading=\"lazy\" width=\"1024\" height=\"1024\" src=\"https:\/\/www.montceautriathlon.com\/blog\/wp-content\/uploads\/2026\/04\/671260169_18342486022301262_1581556349014272478_n-1024x1024.jpg\" alt=\"\" data-id=\"8849\" data-link=\"https:\/\/www.montceautriathlon.com\/blog\/?attachment_id=8849\" class=\"wp-image-8849\" srcset=\"https:\/\/www.montceautriathlon.com\/blog\/wp-content\/uploads\/2026\/04\/671260169_18342486022301262_1581556349014272478_n-1024x1024.jpg 1024w, https:\/\/www.montceautriathlon.com\/blog\/wp-content\/uploads\/2026\/04\/671260169_18342486022301262_1581556349014272478_n-300x300.jpg 300w, https:\/\/www.montceautriathlon.com\/blog\/wp-content\/uploads\/2026\/04\/671260169_18342486022301262_1581556349014272478_n-150x150.jpg 150w, https:\/\/www.montceautriathlon.com\/blog\/wp-content\/uploads\/2026\/04\/671260169_18342486022301262_1581556349014272478_n-768x768.jpg 768w, https:\/\/www.montceautriathlon.com\/blog\/wp-content\/uploads\/2026\/04\/671260169_18342486022301262_1581556349014272478_n.jpg 1440w\" sizes=\"(max-width: 1024px) 100vw, 1024px\" \/><\/a><\/figure><\/li><li class=\"blocks-gallery-item\"><figure><a href=\"https:\/\/www.montceautriathlon.com\/blog\/wp-content\/uploads\/2026\/04\/671832063_18342486058301262_5925650148865094293_n-1024x1024.jpg\"><img data-attachment-id=\"8850\" data-permalink=\"https:\/\/www.montceautriathlon.com\/blog\/2026\/04\/26\/18-19-avril-un-week-end-marque-pour-les-longues-distances\/671832063_18342486058301262_5925650148865094293_n\/\" data-orig-file=\"https:\/\/www.montceautriathlon.com\/blog\/wp-content\/uploads\/2026\/04\/671832063_18342486058301262_5925650148865094293_n.jpg\" data-orig-size=\"1440,1440\" data-comments-opened=\"1\" data-image-meta=\"{&quot;aperture&quot;:&quot;0&quot;,&quot;credit&quot;:&quot;&quot;,&quot;camera&quot;:&quot;&quot;,&quot;caption&quot;:&quot;&quot;,&quot;created_timestamp&quot;:&quot;0&quot;,&quot;copyright&quot;:&quot;&quot;,&quot;focal_length&quot;:&quot;0&quot;,&quot;iso&quot;:&quot;0&quot;,&quot;shutter_speed&quot;:&quot;0&quot;,&quot;title&quot;:&quot;&quot;,&quot;orientation&quot;:&quot;0&quot;}\" data-image-title=\"671832063_18342486058301262_5925650148865094293_n\" data-image-description=\"\" data-image-caption=\"\" data-medium-file=\"https:\/\/www.montceautriathlon.com\/blog\/wp-content\/uploads\/2026\/04\/671832063_18342486058301262_5925650148865094293_n-300x300.jpg\" data-large-file=\"https:\/\/www.montceautriathlon.com\/blog\/wp-content\/uploads\/2026\/04\/671832063_18342486058301262_5925650148865094293_n-1024x1024.jpg\" loading=\"lazy\" width=\"1024\" height=\"1024\" src=\"https:\/\/www.montceautriathlon.com\/blog\/wp-content\/uploads\/2026\/04\/671832063_18342486058301262_5925650148865094293_n-1024x1024.jpg\" alt=\"\" data-id=\"8850\" data-link=\"https:\/\/www.montceautriathlon.com\/blog\/?attachment_id=8850\" class=\"wp-image-8850\" srcset=\"https:\/\/www.montceautriathlon.com\/blog\/wp-content\/uploads\/2026\/04\/671832063_18342486058301262_5925650148865094293_n-1024x1024.jpg 1024w, https:\/\/www.montceautriathlon.com\/blog\/wp-content\/uploads\/2026\/04\/671832063_18342486058301262_5925650148865094293_n-300x300.jpg 300w, https:\/\/www.montceautriathlon.com\/blog\/wp-content\/uploads\/2026\/04\/671832063_18342486058301262_5925650148865094293_n-150x150.jpg 150w, https:\/\/www.montceautriathlon.com\/blog\/wp-content\/uploads\/2026\/04\/671832063_18342486058301262_5925650148865094293_n-768x768.jpg 768w, https:\/\/www.montceautriathlon.com\/blog\/wp-content\/uploads\/2026\/04\/671832063_18342486058301262_5925650148865094293_n.jpg 1440w\" sizes=\"(max-width: 1024px) 100vw, 1024px\" \/><\/a><\/figure><\/li><li class=\"blocks-gallery-item\"><figure><a href=\"https:\/\/www.montceautriathlon.com\/blog\/wp-content\/uploads\/2026\/04\/670946097_18342486049301262_6099265152708383983_n-1024x1024.jpg\"><img data-attachment-id=\"8851\" data-permalink=\"https:\/\/www.montceautriathlon.com\/blog\/2026\/04\/26\/18-19-avril-un-week-end-marque-pour-les-longues-distances\/670946097_18342486049301262_6099265152708383983_n\/\" data-orig-file=\"https:\/\/www.montceautriathlon.com\/blog\/wp-content\/uploads\/2026\/04\/670946097_18342486049301262_6099265152708383983_n.jpg\" data-orig-size=\"1200,1200\" data-comments-opened=\"1\" data-image-meta=\"{&quot;aperture&quot;:&quot;0&quot;,&quot;credit&quot;:&quot;&quot;,&quot;camera&quot;:&quot;&quot;,&quot;caption&quot;:&quot;&quot;,&quot;created_timestamp&quot;:&quot;0&quot;,&quot;copyright&quot;:&quot;&quot;,&quot;focal_length&quot;:&quot;0&quot;,&quot;iso&quot;:&quot;0&quot;,&quot;shutter_speed&quot;:&quot;0&quot;,&quot;title&quot;:&quot;&quot;,&quot;orientation&quot;:&quot;0&quot;}\" data-image-title=\"670946097_18342486049301262_6099265152708383983_n\" data-image-description=\"\" data-image-caption=\"\" data-medium-file=\"https:\/\/www.montceautriathlon.com\/blog\/wp-content\/uploads\/2026\/04\/670946097_18342486049301262_6099265152708383983_n-300x300.jpg\" data-large-file=\"https:\/\/www.montceautriathlon.com\/blog\/wp-content\/uploads\/2026\/04\/670946097_18342486049301262_6099265152708383983_n-1024x1024.jpg\" loading=\"lazy\" width=\"1024\" height=\"1024\" src=\"https:\/\/www.montceautriathlon.com\/blog\/wp-content\/uploads\/2026\/04\/670946097_18342486049301262_6099265152708383983_n-1024x1024.jpg\" alt=\"\" data-id=\"8851\" data-link=\"https:\/\/www.montceautriathlon.com\/blog\/?attachment_id=8851\" class=\"wp-image-8851\" srcset=\"https:\/\/www.montceautriathlon.com\/blog\/wp-content\/uploads\/2026\/04\/670946097_18342486049301262_6099265152708383983_n-1024x1024.jpg 1024w, https:\/\/www.montceautriathlon.com\/blog\/wp-content\/uploads\/2026\/04\/670946097_18342486049301262_6099265152708383983_n-300x300.jpg 300w, https:\/\/www.montceautriathlon.com\/blog\/wp-content\/uploads\/2026\/04\/670946097_18342486049301262_6099265152708383983_n-150x150.jpg 150w, https:\/\/www.montceautriathlon.com\/blog\/wp-content\/uploads\/2026\/04\/670946097_18342486049301262_6099265152708383983_n-768x768.jpg 768w, https:\/\/www.montceautriathlon.com\/blog\/wp-content\/uploads\/2026\/04\/670946097_18342486049301262_6099265152708383983_n.jpg 1200w\" sizes=\"(max-width: 1024px) 100vw, 1024px\" \/><\/a><\/figure><\/li><li class=\"blocks-gallery-item\"><figure><a href=\"https:\/\/www.montceautriathlon.com\/blog\/wp-content\/uploads\/2026\/04\/671004543_18342486067301262_467638448117302669_n.jpg\"><img data-attachment-id=\"8852\" data-permalink=\"https:\/\/www.montceautriathlon.com\/blog\/2026\/04\/26\/18-19-avril-un-week-end-marque-pour-les-longues-distances\/671004543_18342486067301262_467638448117302669_n\/\" data-orig-file=\"https:\/\/www.montceautriathlon.com\/blog\/wp-content\/uploads\/2026\/04\/671004543_18342486067301262_467638448117302669_n.jpg\" data-orig-size=\"1200,1200\" data-comments-opened=\"1\" data-image-meta=\"{&quot;aperture&quot;:&quot;0&quot;,&quot;credit&quot;:&quot;&quot;,&quot;camera&quot;:&quot;&quot;,&quot;caption&quot;:&quot;&quot;,&quot;created_timestamp&quot;:&quot;0&quot;,&quot;copyright&quot;:&quot;&quot;,&quot;focal_length&quot;:&quot;0&quot;,&quot;iso&quot;:&quot;0&quot;,&quot;shutter_speed&quot;:&quot;0&quot;,&quot;title&quot;:&quot;&quot;,&quot;orientation&quot;:&quot;0&quot;}\" data-image-title=\"671004543_18342486067301262_467638448117302669_n\" data-image-description=\"\" data-image-caption=\"\" data-medium-file=\"https:\/\/www.montceautriathlon.com\/blog\/wp-content\/uploads\/2026\/04\/671004543_18342486067301262_467638448117302669_n-300x300.jpg\" data-large-file=\"https:\/\/www.montceautriathlon.com\/blog\/wp-content\/uploads\/2026\/04\/671004543_18342486067301262_467638448117302669_n-1024x1024.jpg\" loading=\"lazy\" width=\"1024\" height=\"1024\" src=\"https:\/\/www.montceautriathlon.com\/blog\/wp-content\/uploads\/2026\/04\/671004543_18342486067301262_467638448117302669_n-1024x1024.jpg\" alt=\"\" data-id=\"8852\" data-full-url=\"https:\/\/www.montceautriathlon.com\/blog\/wp-content\/uploads\/2026\/04\/671004543_18342486067301262_467638448117302669_n.jpg\" data-link=\"https:\/\/www.montceautriathlon.com\/blog\/?attachment_id=8852\" class=\"wp-image-8852\" srcset=\"https:\/\/www.montceautriathlon.com\/blog\/wp-content\/uploads\/2026\/04\/671004543_18342486067301262_467638448117302669_n-1024x1024.jpg 1024w, https:\/\/www.montceautriathlon.com\/blog\/wp-content\/uploads\/2026\/04\/671004543_18342486067301262_467638448117302669_n-300x300.jpg 300w, https:\/\/www.montceautriathlon.com\/blog\/wp-content\/uploads\/2026\/04\/671004543_18342486067301262_467638448117302669_n-150x150.jpg 150w, https:\/\/www.montceautriathlon.com\/blog\/wp-content\/uploads\/2026\/04\/671004543_18342486067301262_467638448117302669_n-768x768.jpg 768w, https:\/\/www.montceautriathlon.com\/blog\/wp-content\/uploads\/2026\/04\/671004543_18342486067301262_467638448117302669_n.jpg 1200w\" sizes=\"(max-width: 1024px) 100vw, 1024px\" \/><\/a><\/figure><\/li><\/ul><\/figure>\n","protected":false},"excerpt":{"rendered":"<p>A Annecy, nos f\u00e9minines \u00e9taient pr\u00e9sentes sous le soleil pour le semi marathon et le marathon. Manon Vaury termine le semi marathon en 1h49. Quatre mont-celliennes ont \u00e9galement pris le d\u00e9part du marathon. Charline Bonnardot termine le distance en 3h40, Alice Vaury en 3h52. Sophie Boyer et Sarah Emorine passent la ligne d&rsquo;arriv\u00e9e ensemble en [&hellip;]<\/p>\n","protected":false},"author":7,"featured_media":8852,"comment_status":"open","ping_status":"open","sticky":false,"template":"","format":"standard","meta":{"spay_email":"","jetpack_publicize_message":"","jetpack_is_tweetstorm":false},"categories":[1],"tags":[],"jetpack_featured_media_url":"https:\/\/www.montceautriathlon.com\/blog\/wp-content\/uploads\/2026\/04\/671004543_18342486067301262_467638448117302669_n.jpg","jetpack_publicize_connections":[],"jetpack_sharing_enabled":true,"jetpack_shortlink":"https:\/\/wp.me\/p8bwIy-2iG","jetpack-related-posts":[{"id":8752,"url":"https:\/\/www.montceautriathlon.com\/blog\/2026\/03\/31\/28-mars-marathon-de-la-cote-chalonnaise-marathon-de-saint-tropez\/","url_meta":{"origin":8846,"position":0},"title":"28 mars: Marathon de la Cote Chalonnaise \/ marathon de Saint Tropez","date":"31 mars 2026","format":false,"excerpt":"Ce samedi, nos triathl\u00e8tes sont all\u00e9s courir de 8 \u00e0 42km au Marathon de la cote chalonnaise. Sur le 8 km, J\u00e9rome Dufour, engag\u00e9 avec sa fille, termine en 1h14. Sur le 12km, Pascal Vaury termine en 51min, Ir\u00e8ne Vulin en 1h25, Isabelle Vaury en 1h26, et Aur\u00e9lie Agius en\u2026","rel":"","context":"Dans &quot;Non class\u00e9&quot;","img":{"alt_text":"","src":"https:\/\/i2.wp.com\/www.montceautriathlon.com\/blog\/wp-content\/uploads\/2026\/03\/659592012_18339307804301262_1917017207952428162_n.jpg?resize=350%2C200&ssl=1","width":350,"height":200},"classes":[]},{"id":7160,"url":"https:\/\/www.montceautriathlon.com\/blog\/2024\/12\/04\/les-triathletes-courent\/","url_meta":{"origin":8846,"position":1},"title":"Les triathl\u00e8tes courent&#8230;","date":"4 d\u00e9cembre 2024","format":false,"excerpt":"La saison des triathlons touche \u00e0 sa fin. Les triathl\u00e8tes montcelliens se retrouvent donc sur d'autres manifestations. Ils marchent...ils courent... En octobre et novembre, les montcelliens ont particip\u00e9s: Octobre Rose: des triathl\u00e8tes f\u00e9minines se sont retrouv\u00e9es \u00e0 Blanzy le 6 octobre pour participer \u00e0 la randonn\u00e9e propos\u00e9e par la ville\u2026","rel":"","context":"Dans &quot;Non class\u00e9&quot;","img":{"alt_text":"","src":"https:\/\/i0.wp.com\/www.montceautriathlon.com\/blog\/wp-content\/uploads\/2024\/12\/octobre-rose.jpg?resize=350%2C200&ssl=1","width":350,"height":200},"classes":[]},{"id":2487,"url":"https:\/\/www.montceautriathlon.com\/blog\/2018\/11\/04\/3-11-18-semi-marathon-du-charolais-une-douzaine-de-licencies-au-top-depart\/","url_meta":{"origin":8846,"position":2},"title":"3\/11\/18  semi marathon du Charolais : une douzaine de licenci\u00e9s au top d\u00e9part !","date":"4 novembre 2018","format":false,"excerpt":"\u00a0 \u00a0 \u00a0 \u00a0 \u00a0 250 class\u00e9s\u00a0 dont onze triathl\u00e8tes du club et une nouvelle belle perf de Laurent de Souza avec sa 7\u00e8me place au scratch et 1er v\u00e9t\u00e9ran et jolie 6\u00e8me place en VEF pour C\u00e9line sa douce et tendre.\u00a0 Bravo \u00e0 tous les participants ! Sur le\u2026","rel":"","context":"Dans &quot;Non class\u00e9&quot;","img":{"alt_text":"","src":"","width":0,"height":0},"classes":[]},{"id":8485,"url":"https:\/\/www.montceautriathlon.com\/blog\/2025\/11\/24\/les-triathletes-courent-3\/","url_meta":{"origin":8846,"position":3},"title":"Les triathl\u00e8tes courent&#8230;","date":"24 novembre 2025","format":false,"excerpt":"Les triathl\u00e8tes montcelliens mettent les baskets et parcourent des distances plus ou moins longues, dans des r\u00e9gions vari\u00e9es. Le mardi 11 Novembre, Charline Berthier s'est d\u00e9plac\u00e9e \u00e0 Arnay le Ducs pour leur cross d\u00e9couverte. Charline termine \u00e0 la 5e place chez les f\u00e9minines en 7:28. Elle ses classe 44e au\u2026","rel":"","context":"Dans &quot;Non class\u00e9&quot;","img":{"alt_text":"","src":"https:\/\/i1.wp.com\/www.montceautriathlon.com\/blog\/wp-content\/uploads\/2025\/11\/583351153_1510814899959229_8259623273459348883_n.jpg?resize=350%2C200&ssl=1","width":350,"height":200},"classes":[]},{"id":6399,"url":"https:\/\/www.montceautriathlon.com\/blog\/2023\/10\/26\/les-triathletes-marchent-courent-et-pedalent\/","url_meta":{"origin":8846,"position":4},"title":"Les triathl\u00e8tes marchent, courent et p\u00e9dalent","date":"26 octobre 2023","format":false,"excerpt":"Le week end dernier, les \u00e9preuves n'ont pas manqu\u00e9 pour les licenci\u00e9s. Sandrine Marchand \u00e0 couru le samedi apr\u00e8s midi les 27km du trail du Haut Clunysois. Elle termine le parcours, plut\u00f4t exigeant 52e sur 104 et se classe 8e f\u00e9minine (2e M3F) Fabienne, Eric Vaudelin, et Laure Rochaix se\u2026","rel":"","context":"Dans &quot;Non class\u00e9&quot;","img":{"alt_text":"","src":"https:\/\/i1.wp.com\/www.montceautriathlon.com\/blog\/wp-content\/uploads\/2023\/10\/IMG-20231022-WA0017.jpg?resize=350%2C200&ssl=1","width":350,"height":200},"classes":[]},{"id":5478,"url":"https:\/\/www.montceautriathlon.com\/blog\/2022\/11\/23\/demandez-les-resultats-ou-les-photos-de-novembre-demandez-roc-daluze-lecuissoise-br-de-beaune-charolaise-marathons-du-beaujolais-et-du-charolais\/","url_meta":{"origin":8846,"position":5},"title":"Demandez les r\u00e9sultats ou les photos de novembre ! Demandez !  Roc d&rsquo;Aluze, l&rsquo;Ecuissoise, B&#038;R de Beaune, Charolaise, marathons du Beaujolais et  du Charolais,  !","date":"23 novembre 2022","format":false,"excerpt":"Marathon du Charolais Bourgogne Sud\u00a0 le 05 novembre 202221 km: Pascal Vaury en 1h24 Benoit Thierry et Fr\u00e9d\u00e9ric Ghesqui\u00e8re en 1h35 Alice Vaury et Laurent Magnien en 1h4410 km: Eric Vaudelin en 40'34 Pierre Vaury en 40'38 Charline Berthier en 46'31 Fabienne Vaudelin en 53'17 David Michel en 57'25 Marie\u2026","rel":"","context":"Dans &quot;Non class\u00e9&quot;","img":{"alt_text":"","src":"https:\/\/i2.wp.com\/www.montceautriathlon.com\/blog\/wp-content\/uploads\/2022\/11\/IMG-20221114-WA0000.jpg?resize=350%2C200&ssl=1","width":350,"height":200},"classes":[]}],"_links":{"self":[{"href":"https:\/\/www.montceautriathlon.com\/blog\/wp-json\/wp\/v2\/posts\/8846"}],"collection":[{"href":"https:\/\/www.montceautriathlon.com\/blog\/wp-json\/wp\/v2\/posts"}],"about":[{"href":"https:\/\/www.montceautriathlon.com\/blog\/wp-json\/wp\/v2\/types\/post"}],"author":[{"embeddable":true,"href":"https:\/\/www.montceautriathlon.com\/blog\/wp-json\/wp\/v2\/users\/7"}],"replies":[{"embeddable":true,"href":"https:\/\/www.montceautriathlon.com\/blog\/wp-json\/wp\/v2\/comments?post=8846"}],"version-history":[{"count":1,"href":"https:\/\/www.montceautriathlon.com\/blog\/wp-json\/wp\/v2\/posts\/8846\/revisions"}],"predecessor-version":[{"id":8853,"href":"https:\/\/www.montceautriathlon.com\/blog\/wp-json\/wp\/v2\/posts\/8846\/revisions\/8853"}],"wp:featuredmedia":[{"embeddable":true,"href":"https:\/\/www.montceautriathlon.com\/blog\/wp-json\/wp\/v2\/media\/8852"}],"wp:attachment":[{"href":"https:\/\/www.montceautriathlon.com\/blog\/wp-json\/wp\/v2\/media?parent=8846"}],"wp:term":[{"taxonomy":"category","embeddable":true,"href":"https:\/\/www.montceautriathlon.com\/blog\/wp-json\/wp\/v2\/categories?post=8846"},{"taxonomy":"post_tag","embeddable":true,"href":"https:\/\/www.montceautriathlon.com\/blog\/wp-json\/wp\/v2\/tags?post=8846"}],"curies":[{"name":"wp","href":"https:\/\/api.w.org\/{rel}","templated":true}]}}