{"id":87,"date":"2016-03-10T13:35:19","date_gmt":"2016-03-10T12:35:19","guid":{"rendered":"http:\/\/montceautriathlon.com\/blog\/?p=87"},"modified":"2016-03-10T13:37:38","modified_gmt":"2016-03-10T12:37:38","slug":"clip-video","status":"publish","type":"post","link":"https:\/\/www.montceautriathlon.com\/blog\/2016\/03\/10\/clip-video\/","title":{"rendered":"Clip de pr\u00e9sentation du club Montceau Triathlon 2016"},"content":{"rendered":"<p><span class=\"embed-youtube\" style=\"text-align:center; display: block;\"><iframe loading=\"lazy\" class=\"youtube-player\" width=\"625\" height=\"352\" src=\"https:\/\/www.youtube.com\/embed\/b7iq4FaDAaY?version=3&#038;rel=1&#038;showsearch=0&#038;showinfo=1&#038;iv_load_policy=1&#038;fs=1&#038;hl=fr-FR&#038;autohide=2&#038;wmode=transparent\" allowfullscreen=\"true\" style=\"border:0;\" sandbox=\"allow-scripts allow-same-origin allow-popups allow-presentation\"><\/iframe><\/span><\/p>\n","protected":false},"excerpt":{"rendered":"","protected":false},"author":1,"featured_media":0,"comment_status":"open","ping_status":"open","sticky":false,"template":"","format":"standard","meta":{"spay_email":"","jetpack_publicize_message":"","jetpack_is_tweetstorm":false},"categories":[1],"tags":[],"jetpack_featured_media_url":"","jetpack_publicize_connections":[],"jetpack_sharing_enabled":true,"jetpack_shortlink":"https:\/\/wp.me\/p8bwIy-1p","jetpack-related-posts":[{"id":90,"url":"https:\/\/www.montceautriathlon.com\/blog\/2016\/03\/10\/clip-de-presentation-de-la-section-feminine-du-club-montceau-triathlon-2016\/","url_meta":{"origin":87,"position":0},"title":"Clip de pr\u00e9sentation de la section f\u00e9minine du club Montceau Triathlon 2016","date":"10 mars 2016","format":false,"excerpt":"","rel":"","context":"Dans &quot;Non class\u00e9&quot;","img":{"alt_text":"","src":"","width":0,"height":0},"classes":[]},{"id":92,"url":"https:\/\/www.montceautriathlon.com\/blog\/2016\/03\/10\/clip-de-la-12-finale-du-championnat-de-france-triathlon-jeunes-2015-a-montceau-les-mines\/","url_meta":{"origin":87,"position":1},"title":"Clip de la 1\/2 finale du Championnat de France Triathlon Jeunes 2015 \u00e0 Montceau-les-Mines","date":"10 mars 2016","format":false,"excerpt":"","rel":"","context":"Dans &quot;Non class\u00e9&quot;","img":{"alt_text":"","src":"","width":0,"height":0},"classes":[]},{"id":1,"url":"https:\/\/www.montceautriathlon.com\/blog\/2015\/11\/06\/bonjour-tout-le-monde\/","url_meta":{"origin":87,"position":2},"title":"L&rsquo;affiche du Championnat de France Jeunes 2016","date":"6 novembre 2015","format":false,"excerpt":"Le club Montceau Triathlon a le plaisir de vous pr\u00e9senter l'affiche du CHAMPIONNAT DE FRANCE JEUNES qui aura lieu \u00e0 Montceau-les-Mines le 05 juin 2016.","rel":"","context":"Dans &quot;Non class\u00e9&quot;","img":{"alt_text":"","src":"https:\/\/i1.wp.com\/www.montceautriathlon.com\/blog\/wp-content\/uploads\/2015\/11\/affiche_finale_sans_sponsors.jpg?resize=350%2C200&ssl=1","width":350,"height":200},"classes":[]},{"id":5048,"url":"https:\/\/www.montceautriathlon.com\/blog\/2022\/05\/19\/aquathlon-de-montceau-pour-toi-patrick\/","url_meta":{"origin":87,"position":3},"title":"Aquathlon de Montceau  : Pour toi Patrick.","date":"19 mai 2022","format":false,"excerpt":"Toi qui as organis\u00e9 tant d'aquathlons les premi\u00e8res ann\u00e9es du club, pris tant de responsabilit\u00e9s dans les organisations pr\u00e9c\u00e9dentes, toujours fid\u00e8le, toujours pr\u00e9sent, disponible et jovial et encore dimanche... Tu nous as brutalement quitt\u00e9 mardi soir victime d'un foudroyant arr\u00eat cardiaque. L'aquathlon, le club te doivent tant. C'est gr\u00e2ce \u00e0\u2026","rel":"","context":"Dans &quot;Non class\u00e9&quot;","img":{"alt_text":"","src":"https:\/\/i0.wp.com\/www.montceautriathlon.com\/blog\/wp-content\/uploads\/2022\/05\/P3.jpg?resize=350%2C200&ssl=1","width":350,"height":200},"classes":[]},{"id":782,"url":"https:\/\/www.montceautriathlon.com\/blog\/2016\/09\/06\/cest-egalement-la-rentree-pour-le-club-de-montceau-triathlon\/","url_meta":{"origin":87,"position":4},"title":"C&rsquo;est \u00e9galement la rentr\u00e9e pour le club de Montceau Triathlon","date":"6 septembre 2016","format":false,"excerpt":"Les entra\u00eenements pour les jeunes reprennent: CAP : mardi 06 septembre\u00a0 (d\u00e9but de l'entra\u00eenement \u00e0\u00a018h30 devant l'entr\u00e9e du stade c\u00f4t\u00e9 Lac) NATATION : mercredi 21 septembre\u00a0(RDVS 18h ou 19h selon les groupes d'\u00e2ge \u00e0 la piscine) VELO : samedi 10 septembre (RDVS 10h sur le parking de la piscine) Les\u2026","rel":"","context":"Dans &quot;Non class\u00e9&quot;","img":{"alt_text":"","src":"","width":0,"height":0},"classes":[]},{"id":9274,"url":"https:\/\/www.montceautriathlon.com\/blog\/2026\/08\/17\/rentree-2026\/","url_meta":{"origin":87,"position":5},"title":"Rentr\u00e9e 2026","date":"17 ao\u00fbt 2026","format":false,"excerpt":"C'EST LA RENTR\u00c9E A MONTCEAU TRIATHLON !\u00a0 Apr\u00e8s la pause estivale, il est temps de ressortir les baskets, enfourcher les v\u00e9los et retrouver les bassins ! D\u00e8s le 1e septembre, le club reprend ses activit\u00e9s avec une semaine de rentr\u00e9e bien remplie :Course \u00e0 pied, V\u00e9lo, Natation ... Et surtout,\u2026","rel":"","context":"Dans &quot;Ev\u00e8nements \u00e0 venir&quot;","img":{"alt_text":"","src":"https:\/\/i1.wp.com\/www.montceautriathlon.com\/blog\/wp-content\/uploads\/2026\/08\/RENTREE-SPORTIVE-1.jpg?resize=350%2C200&ssl=1","width":350,"height":200},"classes":[]}],"_links":{"self":[{"href":"https:\/\/www.montceautriathlon.com\/blog\/wp-json\/wp\/v2\/posts\/87"}],"collection":[{"href":"https:\/\/www.montceautriathlon.com\/blog\/wp-json\/wp\/v2\/posts"}],"about":[{"href":"https:\/\/www.montceautriathlon.com\/blog\/wp-json\/wp\/v2\/types\/post"}],"author":[{"embeddable":true,"href":"https:\/\/www.montceautriathlon.com\/blog\/wp-json\/wp\/v2\/users\/1"}],"replies":[{"embeddable":true,"href":"https:\/\/www.montceautriathlon.com\/blog\/wp-json\/wp\/v2\/comments?post=87"}],"version-history":[{"count":2,"href":"https:\/\/www.montceautriathlon.com\/blog\/wp-json\/wp\/v2\/posts\/87\/revisions"}],"predecessor-version":[{"id":89,"href":"https:\/\/www.montceautriathlon.com\/blog\/wp-json\/wp\/v2\/posts\/87\/revisions\/89"}],"wp:attachment":[{"href":"https:\/\/www.montceautriathlon.com\/blog\/wp-json\/wp\/v2\/media?parent=87"}],"wp:term":[{"taxonomy":"category","embeddable":true,"href":"https:\/\/www.montceautriathlon.com\/blog\/wp-json\/wp\/v2\/categories?post=87"},{"taxonomy":"post_tag","embeddable":true,"href":"https:\/\/www.montceautriathlon.com\/blog\/wp-json\/wp\/v2\/tags?post=87"}],"curies":[{"name":"wp","href":"https:\/\/api.w.org\/{rel}","templated":true}]}}