{"id":8679,"date":"2026-03-17T16:41:04","date_gmt":"2026-03-17T15:41:04","guid":{"rendered":"https:\/\/www.montceautriathlon.com\/blog\/?p=8679"},"modified":"2026-03-18T15:40:02","modified_gmt":"2026-03-18T14:40:02","slug":"mois-de-fevrier-2026","status":"publish","type":"post","link":"https:\/\/www.montceautriathlon.com\/blog\/2026\/03\/17\/mois-de-fevrier-2026\/","title":{"rendered":"Mois de F\u00e9vrier 2026"},"content":{"rendered":"\n<p>Tout au long du mois de f\u00e9vrier, plusieurs licenci\u00e9s se sont d\u00e9plac\u00e9s en Chartreuse, dans le Sud, \u00e0 Mornay, \u00e0 la Clayette.<\/p>\n\n\n\n<p><\/p>\n\n\n\n<p>Le 1r f\u00e9vrier, Sammy Marc a pris le d\u00e9part du Half Winter Trail (15km) au d\u00e9part de saint Pierre de Chartreuse. Il boucle la distance en 2h01 (202e au scratch et 6e de sa cat\u00e9gorie.<\/p>\n\n\n\n<p><\/p>\n\n\n\n<p>Le 22 f\u00e9vrier, la famille Vaudelin a pris part au semi marathon de Cannes. Eric termine 11e de sa cat\u00e9gorie en 1h36 et Fabienne , 18e de sa cat\u00e9gorie en 1h59.<\/p>\n\n\n\n<p>Ce m\u00eame dimanche, une d\u00e9l\u00e9gation montcellienne s&rsquo;est retrouv\u00e9e \u00e0 Mornay<\/p>\n\n\n\n<p>Sur le 7km, Charline Bonnardot est la 1e f\u00e9minine en 33:21, et est suivie par Alice Vaury en 35:22. Sur le 12.3km, nous retrouvons Laurent Beausoleil (23e au scratch en 1:00), Cl\u00e9ment Detrave en 1h02 (28e au scratch), Laurent Boyer (32e) en 1h03, Fr\u00e9d\u00e9ric Perrin en 1h06 (47e), Joel Fran\u00e7ois en 1h07 (48e).<\/p>\n\n\n\n<p>Le 28 f\u00e9vrier, plusieurs montcelliens ont particip\u00e9 \u00e0 la 1e \u00e9dition de la Foul\u00e9e de Ducs au Trail de la Clayette.<\/p>\n\n\n\n<p>Sur le 45km, Louis Renard termine en 5h47.<\/p>\n\n\n\n<p>Sur le 28km, Cl\u00e9ment Detrave finit 43e senior en 2h35, Th\u00e9o Michon 61e s\u00e9nior en 2h43, Pascal Vaury, 3e M5 en 2h48 et Sandrine Marchand 2e M4 en 3h01.<\/p>\n\n\n\n<p>Sur le 13km, Isabelle Vaury et Ir\u00e8ne Vulin terminent 4e et 5e M5 en 1h45 et 1h46.<\/p>\n\n\n\n<figure class=\"wp-block-gallery columns-3 is-cropped\"><ul data-carousel-extra='{\"blog_id\":1,\"permalink\":\"https:\\\/\\\/www.montceautriathlon.com\\\/blog\\\/2026\\\/03\\\/17\\\/mois-de-fevrier-2026\\\/\"}' class=\"blocks-gallery-grid\"><li class=\"blocks-gallery-item\"><figure><a href=\"https:\/\/www.montceautriathlon.com\/blog\/wp-content\/uploads\/2026\/03\/645722133_18334680517301262_8636482174715244398_n-1024x1024.jpg\"><img data-attachment-id=\"8680\" data-permalink=\"https:\/\/www.montceautriathlon.com\/blog\/2026\/03\/17\/mois-de-fevrier-2026\/645722133_18334680517301262_8636482174715244398_n\/\" data-orig-file=\"https:\/\/www.montceautriathlon.com\/blog\/wp-content\/uploads\/2026\/03\/645722133_18334680517301262_8636482174715244398_n.jpg\" data-orig-size=\"1440,1440\" data-comments-opened=\"1\" data-image-meta=\"{&quot;aperture&quot;:&quot;0&quot;,&quot;credit&quot;:&quot;&quot;,&quot;camera&quot;:&quot;&quot;,&quot;caption&quot;:&quot;&quot;,&quot;created_timestamp&quot;:&quot;0&quot;,&quot;copyright&quot;:&quot;&quot;,&quot;focal_length&quot;:&quot;0&quot;,&quot;iso&quot;:&quot;0&quot;,&quot;shutter_speed&quot;:&quot;0&quot;,&quot;title&quot;:&quot;&quot;,&quot;orientation&quot;:&quot;0&quot;}\" data-image-title=\"645722133_18334680517301262_8636482174715244398_n\" data-image-description=\"\" data-image-caption=\"\" data-medium-file=\"https:\/\/www.montceautriathlon.com\/blog\/wp-content\/uploads\/2026\/03\/645722133_18334680517301262_8636482174715244398_n-300x300.jpg\" data-large-file=\"https:\/\/www.montceautriathlon.com\/blog\/wp-content\/uploads\/2026\/03\/645722133_18334680517301262_8636482174715244398_n-1024x1024.jpg\" loading=\"lazy\" width=\"1024\" height=\"1024\" src=\"https:\/\/www.montceautriathlon.com\/blog\/wp-content\/uploads\/2026\/03\/645722133_18334680517301262_8636482174715244398_n-1024x1024.jpg\" alt=\"\" data-id=\"8680\" data-link=\"https:\/\/www.montceautriathlon.com\/blog\/?attachment_id=8680\" class=\"wp-image-8680\" srcset=\"https:\/\/www.montceautriathlon.com\/blog\/wp-content\/uploads\/2026\/03\/645722133_18334680517301262_8636482174715244398_n-1024x1024.jpg 1024w, https:\/\/www.montceautriathlon.com\/blog\/wp-content\/uploads\/2026\/03\/645722133_18334680517301262_8636482174715244398_n-300x300.jpg 300w, https:\/\/www.montceautriathlon.com\/blog\/wp-content\/uploads\/2026\/03\/645722133_18334680517301262_8636482174715244398_n-150x150.jpg 150w, https:\/\/www.montceautriathlon.com\/blog\/wp-content\/uploads\/2026\/03\/645722133_18334680517301262_8636482174715244398_n-768x768.jpg 768w, https:\/\/www.montceautriathlon.com\/blog\/wp-content\/uploads\/2026\/03\/645722133_18334680517301262_8636482174715244398_n.jpg 1440w\" sizes=\"(max-width: 1024px) 100vw, 1024px\" \/><\/a><\/figure><\/li><li class=\"blocks-gallery-item\"><figure><a href=\"https:\/\/www.montceautriathlon.com\/blog\/wp-content\/uploads\/2026\/03\/645740582_18334680529301262_939502882854679066_n-1024x1024.jpg\"><img data-attachment-id=\"8681\" data-permalink=\"https:\/\/www.montceautriathlon.com\/blog\/2026\/03\/17\/mois-de-fevrier-2026\/645740582_18334680529301262_939502882854679066_n\/\" data-orig-file=\"https:\/\/www.montceautriathlon.com\/blog\/wp-content\/uploads\/2026\/03\/645740582_18334680529301262_939502882854679066_n.jpg\" data-orig-size=\"1170,1170\" data-comments-opened=\"1\" data-image-meta=\"{&quot;aperture&quot;:&quot;0&quot;,&quot;credit&quot;:&quot;&quot;,&quot;camera&quot;:&quot;&quot;,&quot;caption&quot;:&quot;&quot;,&quot;created_timestamp&quot;:&quot;0&quot;,&quot;copyright&quot;:&quot;&quot;,&quot;focal_length&quot;:&quot;0&quot;,&quot;iso&quot;:&quot;0&quot;,&quot;shutter_speed&quot;:&quot;0&quot;,&quot;title&quot;:&quot;&quot;,&quot;orientation&quot;:&quot;0&quot;}\" data-image-title=\"645740582_18334680529301262_939502882854679066_n\" data-image-description=\"\" data-image-caption=\"\" data-medium-file=\"https:\/\/www.montceautriathlon.com\/blog\/wp-content\/uploads\/2026\/03\/645740582_18334680529301262_939502882854679066_n-300x300.jpg\" data-large-file=\"https:\/\/www.montceautriathlon.com\/blog\/wp-content\/uploads\/2026\/03\/645740582_18334680529301262_939502882854679066_n-1024x1024.jpg\" loading=\"lazy\" width=\"1024\" height=\"1024\" src=\"https:\/\/www.montceautriathlon.com\/blog\/wp-content\/uploads\/2026\/03\/645740582_18334680529301262_939502882854679066_n-1024x1024.jpg\" alt=\"\" data-id=\"8681\" data-link=\"https:\/\/www.montceautriathlon.com\/blog\/?attachment_id=8681\" class=\"wp-image-8681\" srcset=\"https:\/\/www.montceautriathlon.com\/blog\/wp-content\/uploads\/2026\/03\/645740582_18334680529301262_939502882854679066_n-1024x1024.jpg 1024w, https:\/\/www.montceautriathlon.com\/blog\/wp-content\/uploads\/2026\/03\/645740582_18334680529301262_939502882854679066_n-300x300.jpg 300w, https:\/\/www.montceautriathlon.com\/blog\/wp-content\/uploads\/2026\/03\/645740582_18334680529301262_939502882854679066_n-150x150.jpg 150w, https:\/\/www.montceautriathlon.com\/blog\/wp-content\/uploads\/2026\/03\/645740582_18334680529301262_939502882854679066_n-768x768.jpg 768w, https:\/\/www.montceautriathlon.com\/blog\/wp-content\/uploads\/2026\/03\/645740582_18334680529301262_939502882854679066_n.jpg 1170w\" sizes=\"(max-width: 1024px) 100vw, 1024px\" \/><\/a><\/figure><\/li><li class=\"blocks-gallery-item\"><figure><a href=\"https:\/\/www.montceautriathlon.com\/blog\/wp-content\/uploads\/2026\/03\/facebook_1773760748439_7439691802221078133-1024x769.jpg\"><img data-attachment-id=\"8682\" data-permalink=\"https:\/\/www.montceautriathlon.com\/blog\/2026\/03\/17\/mois-de-fevrier-2026\/facebook_1773760748439_7439691802221078133\/\" data-orig-file=\"https:\/\/www.montceautriathlon.com\/blog\/wp-content\/uploads\/2026\/03\/facebook_1773760748439_7439691802221078133.jpg\" data-orig-size=\"2048,1537\" data-comments-opened=\"1\" data-image-meta=\"{&quot;aperture&quot;:&quot;0&quot;,&quot;credit&quot;:&quot;&quot;,&quot;camera&quot;:&quot;&quot;,&quot;caption&quot;:&quot;&quot;,&quot;created_timestamp&quot;:&quot;0&quot;,&quot;copyright&quot;:&quot;&quot;,&quot;focal_length&quot;:&quot;0&quot;,&quot;iso&quot;:&quot;0&quot;,&quot;shutter_speed&quot;:&quot;0&quot;,&quot;title&quot;:&quot;&quot;,&quot;orientation&quot;:&quot;0&quot;}\" data-image-title=\"facebook_1773760748439_7439691802221078133\" data-image-description=\"\" data-image-caption=\"\" data-medium-file=\"https:\/\/www.montceautriathlon.com\/blog\/wp-content\/uploads\/2026\/03\/facebook_1773760748439_7439691802221078133-300x225.jpg\" data-large-file=\"https:\/\/www.montceautriathlon.com\/blog\/wp-content\/uploads\/2026\/03\/facebook_1773760748439_7439691802221078133-1024x769.jpg\" loading=\"lazy\" width=\"1024\" height=\"769\" src=\"https:\/\/www.montceautriathlon.com\/blog\/wp-content\/uploads\/2026\/03\/facebook_1773760748439_7439691802221078133-1024x769.jpg\" alt=\"\" data-id=\"8682\" data-link=\"https:\/\/www.montceautriathlon.com\/blog\/?attachment_id=8682\" class=\"wp-image-8682\" srcset=\"https:\/\/www.montceautriathlon.com\/blog\/wp-content\/uploads\/2026\/03\/facebook_1773760748439_7439691802221078133-1024x769.jpg 1024w, https:\/\/www.montceautriathlon.com\/blog\/wp-content\/uploads\/2026\/03\/facebook_1773760748439_7439691802221078133-300x225.jpg 300w, https:\/\/www.montceautriathlon.com\/blog\/wp-content\/uploads\/2026\/03\/facebook_1773760748439_7439691802221078133-768x576.jpg 768w, https:\/\/www.montceautriathlon.com\/blog\/wp-content\/uploads\/2026\/03\/facebook_1773760748439_7439691802221078133-1536x1153.jpg 1536w, https:\/\/www.montceautriathlon.com\/blog\/wp-content\/uploads\/2026\/03\/facebook_1773760748439_7439691802221078133.jpg 2048w\" sizes=\"(max-width: 1024px) 100vw, 1024px\" \/><\/a><\/figure><\/li><li class=\"blocks-gallery-item\"><figure><a href=\"https:\/\/www.montceautriathlon.com\/blog\/wp-content\/uploads\/2026\/03\/IMG-20260222-WA0002-1-768x1024.jpg\"><img data-attachment-id=\"8721\" data-permalink=\"https:\/\/www.montceautriathlon.com\/blog\/2026\/03\/17\/mois-de-fevrier-2026\/img-20260222-wa0002-1\/\" data-orig-file=\"https:\/\/www.montceautriathlon.com\/blog\/wp-content\/uploads\/2026\/03\/IMG-20260222-WA0002-1.jpg\" data-orig-size=\"1536,2048\" data-comments-opened=\"1\" data-image-meta=\"{&quot;aperture&quot;:&quot;0&quot;,&quot;credit&quot;:&quot;&quot;,&quot;camera&quot;:&quot;&quot;,&quot;caption&quot;:&quot;&quot;,&quot;created_timestamp&quot;:&quot;0&quot;,&quot;copyright&quot;:&quot;&quot;,&quot;focal_length&quot;:&quot;0&quot;,&quot;iso&quot;:&quot;0&quot;,&quot;shutter_speed&quot;:&quot;0&quot;,&quot;title&quot;:&quot;&quot;,&quot;orientation&quot;:&quot;0&quot;}\" data-image-title=\"IMG-20260222-WA0002-1\" data-image-description=\"\" data-image-caption=\"\" data-medium-file=\"https:\/\/www.montceautriathlon.com\/blog\/wp-content\/uploads\/2026\/03\/IMG-20260222-WA0002-1-225x300.jpg\" data-large-file=\"https:\/\/www.montceautriathlon.com\/blog\/wp-content\/uploads\/2026\/03\/IMG-20260222-WA0002-1-768x1024.jpg\" loading=\"lazy\" width=\"768\" height=\"1024\" src=\"https:\/\/www.montceautriathlon.com\/blog\/wp-content\/uploads\/2026\/03\/IMG-20260222-WA0002-1-768x1024.jpg\" alt=\"\" data-id=\"8721\" data-link=\"https:\/\/www.montceautriathlon.com\/blog\/2026\/03\/17\/mois-de-fevrier-2026\/img-20260222-wa0002-1\/\" class=\"wp-image-8721\" srcset=\"https:\/\/www.montceautriathlon.com\/blog\/wp-content\/uploads\/2026\/03\/IMG-20260222-WA0002-1-768x1024.jpg 768w, https:\/\/www.montceautriathlon.com\/blog\/wp-content\/uploads\/2026\/03\/IMG-20260222-WA0002-1-225x300.jpg 225w, https:\/\/www.montceautriathlon.com\/blog\/wp-content\/uploads\/2026\/03\/IMG-20260222-WA0002-1-1152x1536.jpg 1152w, https:\/\/www.montceautriathlon.com\/blog\/wp-content\/uploads\/2026\/03\/IMG-20260222-WA0002-1.jpg 1536w\" sizes=\"(max-width: 768px) 100vw, 768px\" \/><\/a><\/figure><\/li><li class=\"blocks-gallery-item\"><figure><a href=\"https:\/\/www.montceautriathlon.com\/blog\/wp-content\/uploads\/2026\/03\/IMG-20260222-WA0025-1.jpg\"><img data-attachment-id=\"8722\" data-permalink=\"https:\/\/www.montceautriathlon.com\/blog\/2026\/03\/17\/mois-de-fevrier-2026\/img-20260222-wa0025-1\/\" data-orig-file=\"https:\/\/www.montceautriathlon.com\/blog\/wp-content\/uploads\/2026\/03\/IMG-20260222-WA0025-1.jpg\" data-orig-size=\"1600,1066\" data-comments-opened=\"1\" data-image-meta=\"{&quot;aperture&quot;:&quot;0&quot;,&quot;credit&quot;:&quot;&quot;,&quot;camera&quot;:&quot;&quot;,&quot;caption&quot;:&quot;&quot;,&quot;created_timestamp&quot;:&quot;0&quot;,&quot;copyright&quot;:&quot;&quot;,&quot;focal_length&quot;:&quot;0&quot;,&quot;iso&quot;:&quot;0&quot;,&quot;shutter_speed&quot;:&quot;0&quot;,&quot;title&quot;:&quot;&quot;,&quot;orientation&quot;:&quot;0&quot;}\" data-image-title=\"IMG-20260222-WA0025-1\" data-image-description=\"\" data-image-caption=\"\" data-medium-file=\"https:\/\/www.montceautriathlon.com\/blog\/wp-content\/uploads\/2026\/03\/IMG-20260222-WA0025-1-300x200.jpg\" data-large-file=\"https:\/\/www.montceautriathlon.com\/blog\/wp-content\/uploads\/2026\/03\/IMG-20260222-WA0025-1-1024x682.jpg\" loading=\"lazy\" width=\"1024\" height=\"682\" src=\"https:\/\/www.montceautriathlon.com\/blog\/wp-content\/uploads\/2026\/03\/IMG-20260222-WA0025-1-1024x682.jpg\" alt=\"\" data-id=\"8722\" data-full-url=\"https:\/\/www.montceautriathlon.com\/blog\/wp-content\/uploads\/2026\/03\/IMG-20260222-WA0025-1.jpg\" data-link=\"https:\/\/www.montceautriathlon.com\/blog\/2026\/03\/17\/mois-de-fevrier-2026\/img-20260222-wa0025-1\/\" class=\"wp-image-8722\" srcset=\"https:\/\/www.montceautriathlon.com\/blog\/wp-content\/uploads\/2026\/03\/IMG-20260222-WA0025-1-1024x682.jpg 1024w, https:\/\/www.montceautriathlon.com\/blog\/wp-content\/uploads\/2026\/03\/IMG-20260222-WA0025-1-300x200.jpg 300w, https:\/\/www.montceautriathlon.com\/blog\/wp-content\/uploads\/2026\/03\/IMG-20260222-WA0025-1-768x512.jpg 768w, https:\/\/www.montceautriathlon.com\/blog\/wp-content\/uploads\/2026\/03\/IMG-20260222-WA0025-1-1536x1023.jpg 1536w, https:\/\/www.montceautriathlon.com\/blog\/wp-content\/uploads\/2026\/03\/IMG-20260222-WA0025-1.jpg 1600w\" sizes=\"(max-width: 1024px) 100vw, 1024px\" \/><\/a><\/figure><\/li><\/ul><\/figure>\n","protected":false},"excerpt":{"rendered":"<p>Tout au long du mois de f\u00e9vrier, plusieurs licenci\u00e9s se sont d\u00e9plac\u00e9s en Chartreuse, dans le Sud, \u00e0 Mornay, \u00e0 la Clayette. Le 1r f\u00e9vrier, Sammy Marc a pris le d\u00e9part du Half Winter Trail (15km) au d\u00e9part de saint Pierre de Chartreuse. Il boucle la distance en 2h01 (202e au scratch et 6e de [&hellip;]<\/p>\n","protected":false},"author":7,"featured_media":8680,"comment_status":"open","ping_status":"open","sticky":false,"template":"","format":"standard","meta":{"spay_email":"","jetpack_publicize_message":"","jetpack_is_tweetstorm":false},"categories":[1],"tags":[],"jetpack_featured_media_url":"https:\/\/www.montceautriathlon.com\/blog\/wp-content\/uploads\/2026\/03\/645722133_18334680517301262_8636482174715244398_n.jpg","jetpack_publicize_connections":[],"jetpack_sharing_enabled":true,"jetpack_shortlink":"https:\/\/wp.me\/p8bwIy-2fZ","jetpack-related-posts":[{"id":1098,"url":"https:\/\/www.montceautriathlon.com\/blog\/2017\/02\/28\/resultats-du-10km-de-mornay\/","url_meta":{"origin":8679,"position":0},"title":"R\u00e9sultats du 10km de Mornay (Dimanche 26 f\u00e9vrier 2017)","date":"28 f\u00e9vrier 2017","format":false,"excerpt":"Le groupe handisport du club, entra\u00een\u00e9 et coach\u00e9 par Salvator PINTUS, \u00a0a\u00a0choisi le 10km de Mornay pour leur premi\u00e8re comp\u00e9tition de l'ann\u00e9e 2017. Bravo \u00e0 vous\u00a0tous ! \u00a0 \u00a0 Tous les r\u00e9sultats: Julien JAMBON\/188\u00b0 scratch\/01:06:00 Jean-Louis DEAL\/202\u00b0\/01:14:09 Thierry BOURNEZ\/203\u00b0\/01:14:10 Aur\u00e9lien DESTRAIT\/206\u00b0\/01:17:12 St\u00e9phanie BODELIN\/208\u00b0\/01:21:25","rel":"","context":"Dans &quot;Non class\u00e9&quot;","img":{"alt_text":"","src":"https:\/\/i0.wp.com\/www.montceautriathlon.com\/blog\/wp-content\/uploads\/2017\/02\/Groupe-01.png?resize=350%2C200&ssl=1","width":350,"height":200},"classes":[]},{"id":7197,"url":"https:\/\/www.montceautriathlon.com\/blog\/2024\/12\/08\/corrida-de-chalon\/","url_meta":{"origin":8679,"position":1},"title":"Corrida de Chalon","date":"8 d\u00e9cembre 2024","format":false,"excerpt":"Le mois de d\u00e9cembre est arriv\u00e9 et comme chaque 1er week end de d\u00e9cembre le rdv \u00e9tait pris pour nos triathl\u00e8tes \u00e0 Chalon pour sa corrida organis\u00e9e par l\u2019ECA. Voici les r\u00e9sultats de nos comp\u00e8res : SUR LA COURSE MINIMES, Titouan Rondier , s\u2019offre une magnifique 3e place au scratch\u2026","rel":"","context":"Dans &quot;Non class\u00e9&quot;","img":{"alt_text":"","src":"https:\/\/i0.wp.com\/www.montceautriathlon.com\/blog\/wp-content\/uploads\/2024\/12\/corrida-chalon.jpg?resize=350%2C200&ssl=1","width":350,"height":200},"classes":[]},{"id":1770,"url":"https:\/\/www.montceautriathlon.com\/blog\/2018\/02\/28\/bike-run-migennes-18-fevrier-2018\/","url_meta":{"origin":8679,"position":2},"title":"Bike &#038;run Migennes 18 f\u00e9vrier 2018","date":"28 f\u00e9vrier 2018","format":false,"excerpt":"\u00a0Neuvi\u00e8me \u00e9tape du challenge de bike & run. Une seule \u00e9quipe du club en\u00a0 d\u00e9placement.\u00a0 Ludivine Lequin et Nicolas Galaratti se sont \u00e9lanc\u00e9s sur 3 boucles de 4,7 km. Ils finissent 3 \u00e8me mixtes et premiers de leur cat\u00e9gorie (13 \u00e8me scratch). Bravo ! D'autant plus qu'ils occupent provisoirement la\u2026","rel":"","context":"Dans &quot;Non class\u00e9&quot;","img":{"alt_text":"","src":"","width":0,"height":0},"classes":[]},{"id":7160,"url":"https:\/\/www.montceautriathlon.com\/blog\/2024\/12\/04\/les-triathletes-courent\/","url_meta":{"origin":8679,"position":3},"title":"Les triathl\u00e8tes courent&#8230;","date":"4 d\u00e9cembre 2024","format":false,"excerpt":"La saison des triathlons touche \u00e0 sa fin. Les triathl\u00e8tes montcelliens se retrouvent donc sur d'autres manifestations. Ils marchent...ils courent... En octobre et novembre, les montcelliens ont particip\u00e9s: Octobre Rose: des triathl\u00e8tes f\u00e9minines se sont retrouv\u00e9es \u00e0 Blanzy le 6 octobre pour participer \u00e0 la randonn\u00e9e propos\u00e9e par la ville\u2026","rel":"","context":"Dans &quot;Non class\u00e9&quot;","img":{"alt_text":"","src":"https:\/\/i0.wp.com\/www.montceautriathlon.com\/blog\/wp-content\/uploads\/2024\/12\/octobre-rose.jpg?resize=350%2C200&ssl=1","width":350,"height":200},"classes":[]},{"id":6892,"url":"https:\/\/www.montceautriathlon.com\/blog\/2024\/06\/11\/week-end-du-9-et-10-juin-montceau-triathlon-sur-tous-les-fronts\/","url_meta":{"origin":8679,"position":4},"title":"Week end du 9 et 10 juin: Montceau triathlon sur tous les fronts","date":"11 juin 2024","format":false,"excerpt":"Montceau Triathlon \u00e9tait ce week end sur tous les fronts......Les triathl\u00e8tes montcelliens ont fait briller les couleurs du club de Vichy \u00e0 Chalain en passanr par Tours. Triathlon de Vichy - Bellerive Cinq de nos licenci\u00e9s ont pris le d\u00e9part du championnat de France de longue distance. Laurent Magnien cloture\u2026","rel":"","context":"Dans &quot;Non class\u00e9&quot;","img":{"alt_text":"","src":"https:\/\/i2.wp.com\/www.montceautriathlon.com\/blog\/wp-content\/uploads\/2024\/06\/facebook_1718131385628_7206365343268083353.jpg?resize=350%2C200&ssl=1","width":350,"height":200},"classes":[]},{"id":7887,"url":"https:\/\/www.montceautriathlon.com\/blog\/2025\/07\/11\/dernier-week-end-de-juin-un-week-end-tres-riche-en-competitions-ultra-marin-vichy-macon-et-nice\/","url_meta":{"origin":8679,"position":5},"title":"Dernier week end de juin: un week end tr\u00e8s riche en comp\u00e9titions (Ultra Marin, Vichy, Macon et Nice)","date":"11 juillet 2025","format":false,"excerpt":"Fr\u00e9d\u00e9ric Ghesqui\u00e8re et Benoit Thierry ont ouvert le bal en prenant le d\u00e9part vendredi soir de l'Ultra Marin dans le golf du Morbihan. C'est un trail de 175km avec 1400m de d\u00e9nivel\u00e9 + pour effectu\u00e9 le tour complet du golfe du Morbihan. Nos deux comp\u00e8res ont fait, comme \u00e0 l\u2019entra\u00eenement,\u2026","rel":"","context":"Dans &quot;Non class\u00e9&quot;","img":{"alt_text":"","src":"https:\/\/i2.wp.com\/www.montceautriathlon.com\/blog\/wp-content\/uploads\/2025\/07\/IMG_4293-scaled.jpg?resize=350%2C200&ssl=1","width":350,"height":200},"classes":[]}],"_links":{"self":[{"href":"https:\/\/www.montceautriathlon.com\/blog\/wp-json\/wp\/v2\/posts\/8679"}],"collection":[{"href":"https:\/\/www.montceautriathlon.com\/blog\/wp-json\/wp\/v2\/posts"}],"about":[{"href":"https:\/\/www.montceautriathlon.com\/blog\/wp-json\/wp\/v2\/types\/post"}],"author":[{"embeddable":true,"href":"https:\/\/www.montceautriathlon.com\/blog\/wp-json\/wp\/v2\/users\/7"}],"replies":[{"embeddable":true,"href":"https:\/\/www.montceautriathlon.com\/blog\/wp-json\/wp\/v2\/comments?post=8679"}],"version-history":[{"count":5,"href":"https:\/\/www.montceautriathlon.com\/blog\/wp-json\/wp\/v2\/posts\/8679\/revisions"}],"predecessor-version":[{"id":8723,"href":"https:\/\/www.montceautriathlon.com\/blog\/wp-json\/wp\/v2\/posts\/8679\/revisions\/8723"}],"wp:featuredmedia":[{"embeddable":true,"href":"https:\/\/www.montceautriathlon.com\/blog\/wp-json\/wp\/v2\/media\/8680"}],"wp:attachment":[{"href":"https:\/\/www.montceautriathlon.com\/blog\/wp-json\/wp\/v2\/media?parent=8679"}],"wp:term":[{"taxonomy":"category","embeddable":true,"href":"https:\/\/www.montceautriathlon.com\/blog\/wp-json\/wp\/v2\/categories?post=8679"},{"taxonomy":"post_tag","embeddable":true,"href":"https:\/\/www.montceautriathlon.com\/blog\/wp-json\/wp\/v2\/tags?post=8679"}],"curies":[{"name":"wp","href":"https:\/\/api.w.org\/{rel}","templated":true}]}}