{"id":8675,"date":"2026-03-18T15:41:05","date_gmt":"2026-03-18T14:41:05","guid":{"rendered":"https:\/\/www.montceautriathlon.com\/blog\/?p=8675"},"modified":"2026-03-18T15:41:08","modified_gmt":"2026-03-18T14:41:08","slug":"7-et-8-mars-montceau-triathlon-sur-tous-les-fronts","status":"publish","type":"post","link":"https:\/\/www.montceautriathlon.com\/blog\/2026\/03\/18\/7-et-8-mars-montceau-triathlon-sur-tous-les-fronts\/","title":{"rendered":"7 et 8 mars: Montceau Triathlon sur tous les fronts"},"content":{"rendered":"\n<p>Ce week end de mars, les triathl\u00e8tes de Montceau \u00e9taient sur tous les fronts: le Trail des 3 Chateaux, le duathlon de Genlis et la Course des lacs de Sanvignes.<\/p>\n\n\n\n<p><\/p>\n\n\n\n<p>Le samedi 7, plusieurs triathl\u00e8tes se sont align\u00e9s sur les diff\u00e9rentes distances du Trail des 3 Chateaux.<\/p>\n\n\n\n<p>Sur le 15 km, Florent Delemarre boucle la distance en 1h23. Il est suivi par David Michel et Delphine Tonnin qui terminent en 1h52, et Aur\u00e9lie Agius et Evelin Delemarre qui passent la ligne en 2h02.<\/p>\n\n\n\n<p>Sur le 28 km, Pascal Vaury arrive en 2h41<\/p>\n\n\n\n<p>Sur le 61 km, Sylvain fort fini la course en 8h41.<\/p>\n\n\n\n<p><\/p>\n\n\n\n<p>Le dimanche 8 mars, la Course des lacs \u00e9taient organis\u00e9e \u00e0 Sanvignes.<\/p>\n\n\n\n<p>Sur le 13 km, Cl\u00e9ment Detrave est 4e de sa cat\u00e9gorie en 56min. Benoit Thierry est \u00e9galement 4e de sa cat\u00e9gorie en 1h00. Il est suivi par Fr\u00e9d\u00e9ric Perron (1r de sa cat\u00e9gorie) en 1h01, Manon Vaury (3e de sa cat\u00e9gorie) en 1h04, Sarah Emorine et Charline Berthier en 1h08, Marc Sammy en 1h15.<\/p>\n\n\n\n<p>Sur le 9 km, Martine Bonnardot est 1e de sa cat\u00e9gorie en 49min et Isabelle vaury, 2e de sa cat\u00e9gorie en 1h01.<\/p>\n\n\n\n<figure class=\"wp-block-gallery columns-3 is-cropped\"><ul data-carousel-extra='{\"blog_id\":1,\"permalink\":\"https:\\\/\\\/www.montceautriathlon.com\\\/blog\\\/2026\\\/03\\\/18\\\/7-et-8-mars-montceau-triathlon-sur-tous-les-fronts\\\/\"}' class=\"blocks-gallery-grid\"><li class=\"blocks-gallery-item\"><figure><a href=\"https:\/\/www.montceautriathlon.com\/blog\/wp-content\/uploads\/2026\/03\/650174176_18335741233301262_4526127160580596187_n.jpg\"><img data-attachment-id=\"8676\" data-permalink=\"https:\/\/www.montceautriathlon.com\/blog\/2026\/03\/18\/7-et-8-mars-montceau-triathlon-sur-tous-les-fronts\/650174176_18335741233301262_4526127160580596187_n\/\" data-orig-file=\"https:\/\/www.montceautriathlon.com\/blog\/wp-content\/uploads\/2026\/03\/650174176_18335741233301262_4526127160580596187_n.jpg\" data-orig-size=\"923,923\" data-comments-opened=\"1\" data-image-meta=\"{&quot;aperture&quot;:&quot;0&quot;,&quot;credit&quot;:&quot;&quot;,&quot;camera&quot;:&quot;&quot;,&quot;caption&quot;:&quot;&quot;,&quot;created_timestamp&quot;:&quot;0&quot;,&quot;copyright&quot;:&quot;&quot;,&quot;focal_length&quot;:&quot;0&quot;,&quot;iso&quot;:&quot;0&quot;,&quot;shutter_speed&quot;:&quot;0&quot;,&quot;title&quot;:&quot;&quot;,&quot;orientation&quot;:&quot;0&quot;}\" data-image-title=\"650174176_18335741233301262_4526127160580596187_n\" data-image-description=\"\" data-image-caption=\"\" data-medium-file=\"https:\/\/www.montceautriathlon.com\/blog\/wp-content\/uploads\/2026\/03\/650174176_18335741233301262_4526127160580596187_n-300x300.jpg\" data-large-file=\"https:\/\/www.montceautriathlon.com\/blog\/wp-content\/uploads\/2026\/03\/650174176_18335741233301262_4526127160580596187_n.jpg\" loading=\"lazy\" width=\"923\" height=\"923\" src=\"https:\/\/www.montceautriathlon.com\/blog\/wp-content\/uploads\/2026\/03\/650174176_18335741233301262_4526127160580596187_n.jpg\" alt=\"\" data-id=\"8676\" data-link=\"https:\/\/www.montceautriathlon.com\/blog\/?attachment_id=8676\" class=\"wp-image-8676\" srcset=\"https:\/\/www.montceautriathlon.com\/blog\/wp-content\/uploads\/2026\/03\/650174176_18335741233301262_4526127160580596187_n.jpg 923w, https:\/\/www.montceautriathlon.com\/blog\/wp-content\/uploads\/2026\/03\/650174176_18335741233301262_4526127160580596187_n-300x300.jpg 300w, https:\/\/www.montceautriathlon.com\/blog\/wp-content\/uploads\/2026\/03\/650174176_18335741233301262_4526127160580596187_n-150x150.jpg 150w, https:\/\/www.montceautriathlon.com\/blog\/wp-content\/uploads\/2026\/03\/650174176_18335741233301262_4526127160580596187_n-768x768.jpg 768w\" sizes=\"(max-width: 923px) 100vw, 923px\" \/><\/a><\/figure><\/li><li class=\"blocks-gallery-item\"><figure><a href=\"https:\/\/www.montceautriathlon.com\/blog\/wp-content\/uploads\/2026\/03\/649475710_18335741212301262_2741201008037167742_n-1024x1024.jpg\"><img data-attachment-id=\"8677\" data-permalink=\"https:\/\/www.montceautriathlon.com\/blog\/2026\/03\/18\/7-et-8-mars-montceau-triathlon-sur-tous-les-fronts\/649475710_18335741212301262_2741201008037167742_n\/\" data-orig-file=\"https:\/\/www.montceautriathlon.com\/blog\/wp-content\/uploads\/2026\/03\/649475710_18335741212301262_2741201008037167742_n.jpg\" data-orig-size=\"1218,1218\" data-comments-opened=\"1\" data-image-meta=\"{&quot;aperture&quot;:&quot;0&quot;,&quot;credit&quot;:&quot;&quot;,&quot;camera&quot;:&quot;&quot;,&quot;caption&quot;:&quot;&quot;,&quot;created_timestamp&quot;:&quot;0&quot;,&quot;copyright&quot;:&quot;&quot;,&quot;focal_length&quot;:&quot;0&quot;,&quot;iso&quot;:&quot;0&quot;,&quot;shutter_speed&quot;:&quot;0&quot;,&quot;title&quot;:&quot;&quot;,&quot;orientation&quot;:&quot;0&quot;}\" data-image-title=\"649475710_18335741212301262_2741201008037167742_n\" data-image-description=\"\" data-image-caption=\"\" data-medium-file=\"https:\/\/www.montceautriathlon.com\/blog\/wp-content\/uploads\/2026\/03\/649475710_18335741212301262_2741201008037167742_n-300x300.jpg\" data-large-file=\"https:\/\/www.montceautriathlon.com\/blog\/wp-content\/uploads\/2026\/03\/649475710_18335741212301262_2741201008037167742_n-1024x1024.jpg\" loading=\"lazy\" width=\"1024\" height=\"1024\" src=\"https:\/\/www.montceautriathlon.com\/blog\/wp-content\/uploads\/2026\/03\/649475710_18335741212301262_2741201008037167742_n-1024x1024.jpg\" alt=\"\" data-id=\"8677\" data-link=\"https:\/\/www.montceautriathlon.com\/blog\/?attachment_id=8677\" class=\"wp-image-8677\" srcset=\"https:\/\/www.montceautriathlon.com\/blog\/wp-content\/uploads\/2026\/03\/649475710_18335741212301262_2741201008037167742_n-1024x1024.jpg 1024w, https:\/\/www.montceautriathlon.com\/blog\/wp-content\/uploads\/2026\/03\/649475710_18335741212301262_2741201008037167742_n-300x300.jpg 300w, https:\/\/www.montceautriathlon.com\/blog\/wp-content\/uploads\/2026\/03\/649475710_18335741212301262_2741201008037167742_n-150x150.jpg 150w, https:\/\/www.montceautriathlon.com\/blog\/wp-content\/uploads\/2026\/03\/649475710_18335741212301262_2741201008037167742_n-768x768.jpg 768w, https:\/\/www.montceautriathlon.com\/blog\/wp-content\/uploads\/2026\/03\/649475710_18335741212301262_2741201008037167742_n.jpg 1218w\" sizes=\"(max-width: 1024px) 100vw, 1024px\" \/><\/a><\/figure><\/li><li class=\"blocks-gallery-item\"><figure><a href=\"https:\/\/www.montceautriathlon.com\/blog\/wp-content\/uploads\/2026\/03\/IMG-20260308-WA0002-461x1024.jpg\"><img data-attachment-id=\"8713\" data-permalink=\"https:\/\/www.montceautriathlon.com\/blog\/2026\/03\/18\/7-et-8-mars-montceau-triathlon-sur-tous-les-fronts\/img-20260308-wa0002\/\" data-orig-file=\"https:\/\/www.montceautriathlon.com\/blog\/wp-content\/uploads\/2026\/03\/IMG-20260308-WA0002.jpg\" data-orig-size=\"720,1600\" data-comments-opened=\"1\" data-image-meta=\"{&quot;aperture&quot;:&quot;0&quot;,&quot;credit&quot;:&quot;&quot;,&quot;camera&quot;:&quot;&quot;,&quot;caption&quot;:&quot;&quot;,&quot;created_timestamp&quot;:&quot;0&quot;,&quot;copyright&quot;:&quot;&quot;,&quot;focal_length&quot;:&quot;0&quot;,&quot;iso&quot;:&quot;0&quot;,&quot;shutter_speed&quot;:&quot;0&quot;,&quot;title&quot;:&quot;&quot;,&quot;orientation&quot;:&quot;0&quot;}\" data-image-title=\"IMG-20260308-WA0002\" data-image-description=\"\" data-image-caption=\"\" data-medium-file=\"https:\/\/www.montceautriathlon.com\/blog\/wp-content\/uploads\/2026\/03\/IMG-20260308-WA0002-135x300.jpg\" data-large-file=\"https:\/\/www.montceautriathlon.com\/blog\/wp-content\/uploads\/2026\/03\/IMG-20260308-WA0002-461x1024.jpg\" loading=\"lazy\" width=\"461\" height=\"1024\" src=\"https:\/\/www.montceautriathlon.com\/blog\/wp-content\/uploads\/2026\/03\/IMG-20260308-WA0002-461x1024.jpg\" alt=\"\" data-id=\"8713\" data-link=\"https:\/\/www.montceautriathlon.com\/blog\/?attachment_id=8713\" class=\"wp-image-8713\" srcset=\"https:\/\/www.montceautriathlon.com\/blog\/wp-content\/uploads\/2026\/03\/IMG-20260308-WA0002-461x1024.jpg 461w, https:\/\/www.montceautriathlon.com\/blog\/wp-content\/uploads\/2026\/03\/IMG-20260308-WA0002-135x300.jpg 135w, https:\/\/www.montceautriathlon.com\/blog\/wp-content\/uploads\/2026\/03\/IMG-20260308-WA0002-691x1536.jpg 691w, https:\/\/www.montceautriathlon.com\/blog\/wp-content\/uploads\/2026\/03\/IMG-20260308-WA0002.jpg 720w\" sizes=\"(max-width: 461px) 100vw, 461px\" \/><\/a><\/figure><\/li><li class=\"blocks-gallery-item\"><figure><a href=\"https:\/\/www.montceautriathlon.com\/blog\/wp-content\/uploads\/2026\/03\/IMG-20260308-WA0000.jpg\"><img data-attachment-id=\"8714\" data-permalink=\"https:\/\/www.montceautriathlon.com\/blog\/2026\/03\/18\/7-et-8-mars-montceau-triathlon-sur-tous-les-fronts\/img-20260308-wa0000\/\" data-orig-file=\"https:\/\/www.montceautriathlon.com\/blog\/wp-content\/uploads\/2026\/03\/IMG-20260308-WA0000.jpg\" data-orig-size=\"720,1600\" data-comments-opened=\"1\" data-image-meta=\"{&quot;aperture&quot;:&quot;0&quot;,&quot;credit&quot;:&quot;&quot;,&quot;camera&quot;:&quot;&quot;,&quot;caption&quot;:&quot;&quot;,&quot;created_timestamp&quot;:&quot;0&quot;,&quot;copyright&quot;:&quot;&quot;,&quot;focal_length&quot;:&quot;0&quot;,&quot;iso&quot;:&quot;0&quot;,&quot;shutter_speed&quot;:&quot;0&quot;,&quot;title&quot;:&quot;&quot;,&quot;orientation&quot;:&quot;0&quot;}\" data-image-title=\"IMG-20260308-WA0000\" data-image-description=\"\" data-image-caption=\"\" data-medium-file=\"https:\/\/www.montceautriathlon.com\/blog\/wp-content\/uploads\/2026\/03\/IMG-20260308-WA0000-135x300.jpg\" data-large-file=\"https:\/\/www.montceautriathlon.com\/blog\/wp-content\/uploads\/2026\/03\/IMG-20260308-WA0000-461x1024.jpg\" loading=\"lazy\" width=\"461\" height=\"1024\" src=\"https:\/\/www.montceautriathlon.com\/blog\/wp-content\/uploads\/2026\/03\/IMG-20260308-WA0000-461x1024.jpg\" alt=\"\" data-id=\"8714\" data-full-url=\"https:\/\/www.montceautriathlon.com\/blog\/wp-content\/uploads\/2026\/03\/IMG-20260308-WA0000.jpg\" data-link=\"https:\/\/www.montceautriathlon.com\/blog\/?attachment_id=8714\" class=\"wp-image-8714\" srcset=\"https:\/\/www.montceautriathlon.com\/blog\/wp-content\/uploads\/2026\/03\/IMG-20260308-WA0000-461x1024.jpg 461w, https:\/\/www.montceautriathlon.com\/blog\/wp-content\/uploads\/2026\/03\/IMG-20260308-WA0000-135x300.jpg 135w, https:\/\/www.montceautriathlon.com\/blog\/wp-content\/uploads\/2026\/03\/IMG-20260308-WA0000-691x1536.jpg 691w, https:\/\/www.montceautriathlon.com\/blog\/wp-content\/uploads\/2026\/03\/IMG-20260308-WA0000.jpg 720w\" sizes=\"(max-width: 461px) 100vw, 461px\" \/><\/a><\/figure><\/li><\/ul><\/figure>\n","protected":false},"excerpt":{"rendered":"<p>Ce week end de mars, les triathl\u00e8tes de Montceau \u00e9taient sur tous les fronts: le Trail des 3 Chateaux, le duathlon de Genlis et la Course des lacs de Sanvignes. Le samedi 7, plusieurs triathl\u00e8tes se sont align\u00e9s sur les diff\u00e9rentes distances du Trail des 3 Chateaux. Sur le 15 km, Florent Delemarre boucle la [&hellip;]<\/p>\n","protected":false},"author":7,"featured_media":8677,"comment_status":"open","ping_status":"open","sticky":false,"template":"","format":"standard","meta":{"spay_email":"","jetpack_publicize_message":"","jetpack_is_tweetstorm":false},"categories":[1],"tags":[],"jetpack_featured_media_url":"https:\/\/www.montceautriathlon.com\/blog\/wp-content\/uploads\/2026\/03\/649475710_18335741212301262_2741201008037167742_n.jpg","jetpack_publicize_connections":[],"jetpack_sharing_enabled":true,"jetpack_shortlink":"https:\/\/wp.me\/p8bwIy-2fV","jetpack-related-posts":[{"id":6612,"url":"https:\/\/www.montceautriathlon.com\/blog\/2024\/03\/19\/trail-des-3-chateaux-et-course-des-lacs\/","url_meta":{"origin":8675,"position":0},"title":"Trail des 3 ch\u00e2teaux et course des lacs","date":"19 mars 2024","format":false,"excerpt":"Samedi 9 mars 2024, certains de nos triathl\u00e8tes se sont attel\u00e9s \u00e0 la mythique course des 3 ch\u00e2teaux : Sur le 27km : Sandrine Marchand , avec un chrono de 3h19\u201951 prend une belle 134e place au scratch ce qui la place en 23e position f\u00e9minine , et a une\u2026","rel":"","context":"Dans &quot;Non class\u00e9&quot;","img":{"alt_text":"","src":"https:\/\/i0.wp.com\/www.montceautriathlon.com\/blog\/wp-content\/uploads\/2024\/03\/course-lac-9.jpg?resize=350%2C200&ssl=1","width":350,"height":200},"classes":[]},{"id":4902,"url":"https:\/\/www.montceautriathlon.com\/blog\/2022\/03\/22\/quelques-nouvelles-de-ces-derniers-w-e\/","url_meta":{"origin":8675,"position":1},"title":"quelques nouvelles de ces derniers W-E","date":"22 mars 2022","format":false,"excerpt":"C'est le printemps, les chaussures de running pi\u00e9tinent d'impatience, les semelles chatouillent. Enfin la douce odeur de transpiration, adieu la froideur des sentiers gel\u00e9s. C'est le printemps et les courses germent de toute part ! Elles vont lib\u00e9rer la foul\u00e9e ! Allez, assez de pau\u00e9sie, place aux r\u00e9sultats ! En\u2026","rel":"","context":"Dans &quot;Non class\u00e9&quot;","img":{"alt_text":"","src":"https:\/\/i0.wp.com\/www.montceautriathlon.com\/blog\/wp-content\/uploads\/2022\/03\/IMG-20220306-WA0004.jpg?resize=350%2C200&ssl=1","width":350,"height":200},"classes":[]},{"id":1843,"url":"https:\/\/www.montceautriathlon.com\/blog\/2018\/03\/26\/course-des-deux-lacs-25-03-2018-sanvignes\/","url_meta":{"origin":8675,"position":2},"title":"Course des deux lacs 25\/03\/2018 Sanvignes","date":"26 mars 2018","format":false,"excerpt":"Il ne fallait pas oublier de se lever\u00a0 ce dimanche matin, jour du changement d'heure, pour la traditionnelle course sanvignarde au coeur des d\u00e9couvertes. Dix-huit triathl\u00e8tes\u00a0\u00a0 du club n'ont donc pas oubli\u00e9 de r\u00e9gler montres et chronom\u00e8tres pour se lancer d\u00e8s 10h00 sur les 13km300 d'un beau parcours assez exigeant\u2026","rel":"","context":"Dans &quot;Non class\u00e9&quot;","img":{"alt_text":"","src":"https:\/\/i0.wp.com\/montceautriathlon.com\/blog\/wp-content\/uploads\/2018\/03\/le-vainqueur-de-la-course-benjamins-minimes-2-km-photo-estelle-pelletier-1522052537-300x211.jpg?resize=350%2C200","width":350,"height":200},"classes":[]},{"id":6251,"url":"https:\/\/www.montceautriathlon.com\/blog\/2023\/10\/02\/les-triathletes-montcelliens-sur-tous-les-fronts\/","url_meta":{"origin":8675,"position":3},"title":"Les triathl\u00e8tes montcelliens sur tous les fronts.","date":"2 octobre 2023","format":false,"excerpt":"Ce premier dimanche d'octobre, les triathl\u00e8tes ont particip\u00e9 \u00e0 diverses \u00e9preuves. Nous avons pu les retrouver \u00e0 Chen\u00f4ve pour le cross duathlon organis\u00e9 par le club de Chen\u00f4ve triathlon, aux Bizots pour le cyclathlon, \u00e0 Bourg en Bresse pour la cyclosportive La Bisou ou encore dans le Jura pour le\u2026","rel":"","context":"Dans &quot;Non class\u00e9&quot;","img":{"alt_text":"","src":"https:\/\/i0.wp.com\/www.montceautriathlon.com\/blog\/wp-content\/uploads\/2023\/10\/IMG_9010-scaled.jpeg?resize=350%2C200&ssl=1","width":350,"height":200},"classes":[]},{"id":8453,"url":"https:\/\/www.montceautriathlon.com\/blog\/2025\/11\/10\/trail-et-rando-decuisses\/","url_meta":{"origin":8675,"position":4},"title":"Trail et rando d&rsquo;Ecuisses","date":"10 novembre 2025","format":false,"excerpt":"Nos voisins d'Ecuisses organisaient comme \u00e0 leur habitude le trail des cuisses le semadi soir et la randonn\u00e9e le dimanche. Certains de nos athl\u00e8tes ont r\u00e9pondus pr\u00e9sent. Voici les r\u00e9sultats: Sur le 11 km: Nicolas Vinck signe une tr\u00e8s belle performance en prenant la 8e place au g\u00e9n\u00e9ral, 6min derri\u00e8re\u2026","rel":"","context":"Dans &quot;Non class\u00e9&quot;","img":{"alt_text":"","src":"https:\/\/i1.wp.com\/www.montceautriathlon.com\/blog\/wp-content\/uploads\/2025\/11\/578272508_1504898337217552_5994786389629819757_n.jpg?resize=350%2C200&ssl=1","width":350,"height":200},"classes":[]},{"id":8752,"url":"https:\/\/www.montceautriathlon.com\/blog\/2026\/03\/31\/28-mars-marathon-de-la-cote-chalonnaise-marathon-de-saint-tropez\/","url_meta":{"origin":8675,"position":5},"title":"28 mars: Marathon de la Cote Chalonnaise \/ marathon de Saint Tropez","date":"31 mars 2026","format":false,"excerpt":"Ce samedi, nos triathl\u00e8tes sont all\u00e9s courir de 8 \u00e0 42km au Marathon de la cote chalonnaise. Sur le 8 km, J\u00e9rome Dufour, engag\u00e9 avec sa fille, termine en 1h14. Sur le 12km, Pascal Vaury termine en 51min, Ir\u00e8ne Vulin en 1h25, Isabelle Vaury en 1h26, et Aur\u00e9lie Agius en\u2026","rel":"","context":"Dans &quot;Non class\u00e9&quot;","img":{"alt_text":"","src":"https:\/\/i2.wp.com\/www.montceautriathlon.com\/blog\/wp-content\/uploads\/2026\/03\/659592012_18339307804301262_1917017207952428162_n.jpg?resize=350%2C200&ssl=1","width":350,"height":200},"classes":[]}],"_links":{"self":[{"href":"https:\/\/www.montceautriathlon.com\/blog\/wp-json\/wp\/v2\/posts\/8675"}],"collection":[{"href":"https:\/\/www.montceautriathlon.com\/blog\/wp-json\/wp\/v2\/posts"}],"about":[{"href":"https:\/\/www.montceautriathlon.com\/blog\/wp-json\/wp\/v2\/types\/post"}],"author":[{"embeddable":true,"href":"https:\/\/www.montceautriathlon.com\/blog\/wp-json\/wp\/v2\/users\/7"}],"replies":[{"embeddable":true,"href":"https:\/\/www.montceautriathlon.com\/blog\/wp-json\/wp\/v2\/comments?post=8675"}],"version-history":[{"count":2,"href":"https:\/\/www.montceautriathlon.com\/blog\/wp-json\/wp\/v2\/posts\/8675\/revisions"}],"predecessor-version":[{"id":8715,"href":"https:\/\/www.montceautriathlon.com\/blog\/wp-json\/wp\/v2\/posts\/8675\/revisions\/8715"}],"wp:featuredmedia":[{"embeddable":true,"href":"https:\/\/www.montceautriathlon.com\/blog\/wp-json\/wp\/v2\/media\/8677"}],"wp:attachment":[{"href":"https:\/\/www.montceautriathlon.com\/blog\/wp-json\/wp\/v2\/media?parent=8675"}],"wp:term":[{"taxonomy":"category","embeddable":true,"href":"https:\/\/www.montceautriathlon.com\/blog\/wp-json\/wp\/v2\/categories?post=8675"},{"taxonomy":"post_tag","embeddable":true,"href":"https:\/\/www.montceautriathlon.com\/blog\/wp-json\/wp\/v2\/tags?post=8675"}],"curies":[{"name":"wp","href":"https:\/\/api.w.org\/{rel}","templated":true}]}}