{"id":8642,"date":"2026-03-18T15:41:43","date_gmt":"2026-03-18T14:41:43","guid":{"rendered":"https:\/\/www.montceautriathlon.com\/blog\/?p=8642"},"modified":"2026-03-18T15:41:47","modified_gmt":"2026-03-18T14:41:47","slug":"duathlon-de-genlis-8-mars-2026","status":"publish","type":"post","link":"https:\/\/www.montceautriathlon.com\/blog\/2026\/03\/18\/duathlon-de-genlis-8-mars-2026\/","title":{"rendered":"Duathlon de Genlis: 8 mars 2026"},"content":{"rendered":"\n<p>En ce dimanche ensoleill\u00e9, de nombreux montcelliens se sont retrouv\u00e9s \u00e0 Genlis pour la premi\u00e8re \u00e9preuve de duathlon  de la saison.<\/p>\n\n\n\n<p>Ce duathlon \u00e9tait s\u00e9lectif pour les championnats de France jeunes de duathlon.<\/p>\n\n\n\n<p>Sur la course 6\/9ans, Gaspard Pradier termine 11e PoH<\/p>\n\n\n\n<p>Sur la course 10\/13 ans, Jules Vinck termine  10e BeH, est suivi par son fr\u00e8re Louis Vinck (6e PuH), Jules Vendramini (22e BeH) et Come Pradier (15e PuH).<\/p>\n\n\n\n<p>Sur la course XS, Axelle Da Eira est 8e MiF. Elle est suivi par Frantsishak Anishchanka (36e MiH) et Elliot Jouve (39e MiH) qui r\u00e9alisait sa premi\u00e8re course.<\/p>\n\n\n\n<p>Sur le S, nous avions Titouan Rondier (15e CaH), Simon Devoille (17e Cah), Eliott Lhote (18e CaH), Alexandre Pradier (5e S4H), Nicolas Vinck (6e S4H), Cyrille B\u00e9rardan (8e V2H), Jeanne Rondier (6e JuF), Jarris Jury (8e S4H), Marine Da Eira (10e S1F) et El\u00e9a B\u00e9rardan (18e CaF).<\/p>\n\n\n\n<p>Un grand bravo \u00e0 nos adultes (Nicolas, Jarris) qui r\u00e9alisaient leur premier duathlon. <\/p>\n\n\n\n<p>Un grand merci au Triathlon Club Auxonnais pour l&rsquo;organisation.<\/p>\n\n\n\n<figure class=\"wp-block-gallery columns-3 is-cropped\"><ul data-carousel-extra='{\"blog_id\":1,\"permalink\":\"https:\\\/\\\/www.montceautriathlon.com\\\/blog\\\/2026\\\/03\\\/18\\\/duathlon-de-genlis-8-mars-2026\\\/\"}' class=\"blocks-gallery-grid\"><li class=\"blocks-gallery-item\"><figure><a href=\"https:\/\/www.montceautriathlon.com\/blog\/wp-content\/uploads\/2026\/03\/649010669_1598501034523948_5519882408198074674_n-683x1024.jpg\"><img data-attachment-id=\"8653\" data-permalink=\"https:\/\/www.montceautriathlon.com\/blog\/2026\/03\/18\/duathlon-de-genlis-8-mars-2026\/649010669_1598501034523948_5519882408198074674_n\/\" data-orig-file=\"https:\/\/www.montceautriathlon.com\/blog\/wp-content\/uploads\/2026\/03\/649010669_1598501034523948_5519882408198074674_n.jpg\" data-orig-size=\"1366,2048\" data-comments-opened=\"1\" data-image-meta=\"{&quot;aperture&quot;:&quot;0&quot;,&quot;credit&quot;:&quot;&quot;,&quot;camera&quot;:&quot;&quot;,&quot;caption&quot;:&quot;&quot;,&quot;created_timestamp&quot;:&quot;0&quot;,&quot;copyright&quot;:&quot;&quot;,&quot;focal_length&quot;:&quot;0&quot;,&quot;iso&quot;:&quot;0&quot;,&quot;shutter_speed&quot;:&quot;0&quot;,&quot;title&quot;:&quot;&quot;,&quot;orientation&quot;:&quot;0&quot;}\" data-image-title=\"649010669_1598501034523948_5519882408198074674_n\" data-image-description=\"\" data-image-caption=\"\" data-medium-file=\"https:\/\/www.montceautriathlon.com\/blog\/wp-content\/uploads\/2026\/03\/649010669_1598501034523948_5519882408198074674_n-200x300.jpg\" data-large-file=\"https:\/\/www.montceautriathlon.com\/blog\/wp-content\/uploads\/2026\/03\/649010669_1598501034523948_5519882408198074674_n-683x1024.jpg\" loading=\"lazy\" width=\"683\" height=\"1024\" src=\"https:\/\/www.montceautriathlon.com\/blog\/wp-content\/uploads\/2026\/03\/649010669_1598501034523948_5519882408198074674_n-683x1024.jpg\" alt=\"\" data-id=\"8653\" data-link=\"https:\/\/www.montceautriathlon.com\/blog\/?attachment_id=8653\" class=\"wp-image-8653\" srcset=\"https:\/\/www.montceautriathlon.com\/blog\/wp-content\/uploads\/2026\/03\/649010669_1598501034523948_5519882408198074674_n-683x1024.jpg 683w, https:\/\/www.montceautriathlon.com\/blog\/wp-content\/uploads\/2026\/03\/649010669_1598501034523948_5519882408198074674_n-200x300.jpg 200w, https:\/\/www.montceautriathlon.com\/blog\/wp-content\/uploads\/2026\/03\/649010669_1598501034523948_5519882408198074674_n-768x1151.jpg 768w, https:\/\/www.montceautriathlon.com\/blog\/wp-content\/uploads\/2026\/03\/649010669_1598501034523948_5519882408198074674_n-1025x1536.jpg 1025w, https:\/\/www.montceautriathlon.com\/blog\/wp-content\/uploads\/2026\/03\/649010669_1598501034523948_5519882408198074674_n.jpg 1366w\" sizes=\"(max-width: 683px) 100vw, 683px\" \/><\/a><\/figure><\/li><li class=\"blocks-gallery-item\"><figure><a href=\"https:\/\/www.montceautriathlon.com\/blog\/wp-content\/uploads\/2026\/03\/649840765_1598501187857266_1964742837183278072_n-683x1024.jpg\"><img data-attachment-id=\"8654\" data-permalink=\"https:\/\/www.montceautriathlon.com\/blog\/2026\/03\/18\/duathlon-de-genlis-8-mars-2026\/649840765_1598501187857266_1964742837183278072_n\/\" data-orig-file=\"https:\/\/www.montceautriathlon.com\/blog\/wp-content\/uploads\/2026\/03\/649840765_1598501187857266_1964742837183278072_n.jpg\" data-orig-size=\"1366,2048\" data-comments-opened=\"1\" data-image-meta=\"{&quot;aperture&quot;:&quot;0&quot;,&quot;credit&quot;:&quot;&quot;,&quot;camera&quot;:&quot;&quot;,&quot;caption&quot;:&quot;&quot;,&quot;created_timestamp&quot;:&quot;0&quot;,&quot;copyright&quot;:&quot;&quot;,&quot;focal_length&quot;:&quot;0&quot;,&quot;iso&quot;:&quot;0&quot;,&quot;shutter_speed&quot;:&quot;0&quot;,&quot;title&quot;:&quot;&quot;,&quot;orientation&quot;:&quot;0&quot;}\" data-image-title=\"649840765_1598501187857266_1964742837183278072_n\" data-image-description=\"\" data-image-caption=\"\" data-medium-file=\"https:\/\/www.montceautriathlon.com\/blog\/wp-content\/uploads\/2026\/03\/649840765_1598501187857266_1964742837183278072_n-200x300.jpg\" data-large-file=\"https:\/\/www.montceautriathlon.com\/blog\/wp-content\/uploads\/2026\/03\/649840765_1598501187857266_1964742837183278072_n-683x1024.jpg\" loading=\"lazy\" width=\"683\" height=\"1024\" src=\"https:\/\/www.montceautriathlon.com\/blog\/wp-content\/uploads\/2026\/03\/649840765_1598501187857266_1964742837183278072_n-683x1024.jpg\" alt=\"\" data-id=\"8654\" data-link=\"https:\/\/www.montceautriathlon.com\/blog\/?attachment_id=8654\" class=\"wp-image-8654\" srcset=\"https:\/\/www.montceautriathlon.com\/blog\/wp-content\/uploads\/2026\/03\/649840765_1598501187857266_1964742837183278072_n-683x1024.jpg 683w, https:\/\/www.montceautriathlon.com\/blog\/wp-content\/uploads\/2026\/03\/649840765_1598501187857266_1964742837183278072_n-200x300.jpg 200w, https:\/\/www.montceautriathlon.com\/blog\/wp-content\/uploads\/2026\/03\/649840765_1598501187857266_1964742837183278072_n-768x1151.jpg 768w, https:\/\/www.montceautriathlon.com\/blog\/wp-content\/uploads\/2026\/03\/649840765_1598501187857266_1964742837183278072_n-1025x1536.jpg 1025w, https:\/\/www.montceautriathlon.com\/blog\/wp-content\/uploads\/2026\/03\/649840765_1598501187857266_1964742837183278072_n.jpg 1366w\" sizes=\"(max-width: 683px) 100vw, 683px\" \/><\/a><\/figure><\/li><li class=\"blocks-gallery-item\"><figure><a href=\"https:\/\/www.montceautriathlon.com\/blog\/wp-content\/uploads\/2026\/03\/649105844_1598501307857254_6778275807863267553_n-683x1024.jpg\"><img data-attachment-id=\"8655\" data-permalink=\"https:\/\/www.montceautriathlon.com\/blog\/2026\/03\/18\/duathlon-de-genlis-8-mars-2026\/649105844_1598501307857254_6778275807863267553_n\/\" data-orig-file=\"https:\/\/www.montceautriathlon.com\/blog\/wp-content\/uploads\/2026\/03\/649105844_1598501307857254_6778275807863267553_n.jpg\" data-orig-size=\"1366,2048\" data-comments-opened=\"1\" data-image-meta=\"{&quot;aperture&quot;:&quot;0&quot;,&quot;credit&quot;:&quot;&quot;,&quot;camera&quot;:&quot;&quot;,&quot;caption&quot;:&quot;&quot;,&quot;created_timestamp&quot;:&quot;0&quot;,&quot;copyright&quot;:&quot;&quot;,&quot;focal_length&quot;:&quot;0&quot;,&quot;iso&quot;:&quot;0&quot;,&quot;shutter_speed&quot;:&quot;0&quot;,&quot;title&quot;:&quot;&quot;,&quot;orientation&quot;:&quot;0&quot;}\" data-image-title=\"649105844_1598501307857254_6778275807863267553_n\" data-image-description=\"\" data-image-caption=\"\" data-medium-file=\"https:\/\/www.montceautriathlon.com\/blog\/wp-content\/uploads\/2026\/03\/649105844_1598501307857254_6778275807863267553_n-200x300.jpg\" data-large-file=\"https:\/\/www.montceautriathlon.com\/blog\/wp-content\/uploads\/2026\/03\/649105844_1598501307857254_6778275807863267553_n-683x1024.jpg\" loading=\"lazy\" width=\"683\" height=\"1024\" src=\"https:\/\/www.montceautriathlon.com\/blog\/wp-content\/uploads\/2026\/03\/649105844_1598501307857254_6778275807863267553_n-683x1024.jpg\" alt=\"\" data-id=\"8655\" data-link=\"https:\/\/www.montceautriathlon.com\/blog\/?attachment_id=8655\" class=\"wp-image-8655\" srcset=\"https:\/\/www.montceautriathlon.com\/blog\/wp-content\/uploads\/2026\/03\/649105844_1598501307857254_6778275807863267553_n-683x1024.jpg 683w, https:\/\/www.montceautriathlon.com\/blog\/wp-content\/uploads\/2026\/03\/649105844_1598501307857254_6778275807863267553_n-200x300.jpg 200w, https:\/\/www.montceautriathlon.com\/blog\/wp-content\/uploads\/2026\/03\/649105844_1598501307857254_6778275807863267553_n-768x1151.jpg 768w, https:\/\/www.montceautriathlon.com\/blog\/wp-content\/uploads\/2026\/03\/649105844_1598501307857254_6778275807863267553_n-1025x1536.jpg 1025w, https:\/\/www.montceautriathlon.com\/blog\/wp-content\/uploads\/2026\/03\/649105844_1598501307857254_6778275807863267553_n.jpg 1366w\" sizes=\"(max-width: 683px) 100vw, 683px\" \/><\/a><\/figure><\/li><li class=\"blocks-gallery-item\"><figure><a href=\"https:\/\/www.montceautriathlon.com\/blog\/wp-content\/uploads\/2026\/03\/649302100_1598501007857284_1196936344375736570_n-1024x683.jpg\"><img data-attachment-id=\"8657\" data-permalink=\"https:\/\/www.montceautriathlon.com\/blog\/2026\/03\/18\/duathlon-de-genlis-8-mars-2026\/649302100_1598501007857284_1196936344375736570_n\/\" data-orig-file=\"https:\/\/www.montceautriathlon.com\/blog\/wp-content\/uploads\/2026\/03\/649302100_1598501007857284_1196936344375736570_n.jpg\" data-orig-size=\"2048,1366\" data-comments-opened=\"1\" data-image-meta=\"{&quot;aperture&quot;:&quot;0&quot;,&quot;credit&quot;:&quot;&quot;,&quot;camera&quot;:&quot;&quot;,&quot;caption&quot;:&quot;&quot;,&quot;created_timestamp&quot;:&quot;0&quot;,&quot;copyright&quot;:&quot;&quot;,&quot;focal_length&quot;:&quot;0&quot;,&quot;iso&quot;:&quot;0&quot;,&quot;shutter_speed&quot;:&quot;0&quot;,&quot;title&quot;:&quot;&quot;,&quot;orientation&quot;:&quot;0&quot;}\" data-image-title=\"649302100_1598501007857284_1196936344375736570_n\" data-image-description=\"\" data-image-caption=\"\" data-medium-file=\"https:\/\/www.montceautriathlon.com\/blog\/wp-content\/uploads\/2026\/03\/649302100_1598501007857284_1196936344375736570_n-300x200.jpg\" data-large-file=\"https:\/\/www.montceautriathlon.com\/blog\/wp-content\/uploads\/2026\/03\/649302100_1598501007857284_1196936344375736570_n-1024x683.jpg\" loading=\"lazy\" width=\"1024\" height=\"683\" src=\"https:\/\/www.montceautriathlon.com\/blog\/wp-content\/uploads\/2026\/03\/649302100_1598501007857284_1196936344375736570_n-1024x683.jpg\" alt=\"\" data-id=\"8657\" data-link=\"https:\/\/www.montceautriathlon.com\/blog\/?attachment_id=8657\" class=\"wp-image-8657\" srcset=\"https:\/\/www.montceautriathlon.com\/blog\/wp-content\/uploads\/2026\/03\/649302100_1598501007857284_1196936344375736570_n-1024x683.jpg 1024w, https:\/\/www.montceautriathlon.com\/blog\/wp-content\/uploads\/2026\/03\/649302100_1598501007857284_1196936344375736570_n-300x200.jpg 300w, https:\/\/www.montceautriathlon.com\/blog\/wp-content\/uploads\/2026\/03\/649302100_1598501007857284_1196936344375736570_n-768x512.jpg 768w, https:\/\/www.montceautriathlon.com\/blog\/wp-content\/uploads\/2026\/03\/649302100_1598501007857284_1196936344375736570_n-1536x1025.jpg 1536w, https:\/\/www.montceautriathlon.com\/blog\/wp-content\/uploads\/2026\/03\/649302100_1598501007857284_1196936344375736570_n.jpg 2048w\" sizes=\"(max-width: 1024px) 100vw, 1024px\" \/><\/a><\/figure><\/li><li class=\"blocks-gallery-item\"><figure><a href=\"https:\/\/www.montceautriathlon.com\/blog\/wp-content\/uploads\/2026\/03\/650003803_1598501514523900_5670901679721606352_n-683x1024.jpg\"><img data-attachment-id=\"8658\" data-permalink=\"https:\/\/www.montceautriathlon.com\/blog\/2026\/03\/18\/duathlon-de-genlis-8-mars-2026\/650003803_1598501514523900_5670901679721606352_n\/\" data-orig-file=\"https:\/\/www.montceautriathlon.com\/blog\/wp-content\/uploads\/2026\/03\/650003803_1598501514523900_5670901679721606352_n.jpg\" data-orig-size=\"1366,2048\" data-comments-opened=\"1\" data-image-meta=\"{&quot;aperture&quot;:&quot;0&quot;,&quot;credit&quot;:&quot;&quot;,&quot;camera&quot;:&quot;&quot;,&quot;caption&quot;:&quot;&quot;,&quot;created_timestamp&quot;:&quot;0&quot;,&quot;copyright&quot;:&quot;&quot;,&quot;focal_length&quot;:&quot;0&quot;,&quot;iso&quot;:&quot;0&quot;,&quot;shutter_speed&quot;:&quot;0&quot;,&quot;title&quot;:&quot;&quot;,&quot;orientation&quot;:&quot;0&quot;}\" data-image-title=\"650003803_1598501514523900_5670901679721606352_n\" data-image-description=\"\" data-image-caption=\"\" data-medium-file=\"https:\/\/www.montceautriathlon.com\/blog\/wp-content\/uploads\/2026\/03\/650003803_1598501514523900_5670901679721606352_n-200x300.jpg\" data-large-file=\"https:\/\/www.montceautriathlon.com\/blog\/wp-content\/uploads\/2026\/03\/650003803_1598501514523900_5670901679721606352_n-683x1024.jpg\" loading=\"lazy\" width=\"683\" height=\"1024\" src=\"https:\/\/www.montceautriathlon.com\/blog\/wp-content\/uploads\/2026\/03\/650003803_1598501514523900_5670901679721606352_n-683x1024.jpg\" alt=\"\" data-id=\"8658\" data-link=\"https:\/\/www.montceautriathlon.com\/blog\/?attachment_id=8658\" class=\"wp-image-8658\" srcset=\"https:\/\/www.montceautriathlon.com\/blog\/wp-content\/uploads\/2026\/03\/650003803_1598501514523900_5670901679721606352_n-683x1024.jpg 683w, https:\/\/www.montceautriathlon.com\/blog\/wp-content\/uploads\/2026\/03\/650003803_1598501514523900_5670901679721606352_n-200x300.jpg 200w, https:\/\/www.montceautriathlon.com\/blog\/wp-content\/uploads\/2026\/03\/650003803_1598501514523900_5670901679721606352_n-768x1151.jpg 768w, https:\/\/www.montceautriathlon.com\/blog\/wp-content\/uploads\/2026\/03\/650003803_1598501514523900_5670901679721606352_n-1025x1536.jpg 1025w, https:\/\/www.montceautriathlon.com\/blog\/wp-content\/uploads\/2026\/03\/650003803_1598501514523900_5670901679721606352_n.jpg 1366w\" sizes=\"(max-width: 683px) 100vw, 683px\" \/><\/a><\/figure><\/li><li class=\"blocks-gallery-item\"><figure><a href=\"https:\/\/www.montceautriathlon.com\/blog\/wp-content\/uploads\/2026\/03\/649207934_1598501394523912_5664143604296645556_n-1-683x1024.jpg\"><img data-attachment-id=\"8659\" data-permalink=\"https:\/\/www.montceautriathlon.com\/blog\/2026\/03\/18\/duathlon-de-genlis-8-mars-2026\/649207934_1598501394523912_5664143604296645556_n-1\/\" data-orig-file=\"https:\/\/www.montceautriathlon.com\/blog\/wp-content\/uploads\/2026\/03\/649207934_1598501394523912_5664143604296645556_n-1.jpg\" data-orig-size=\"1366,2048\" data-comments-opened=\"1\" data-image-meta=\"{&quot;aperture&quot;:&quot;0&quot;,&quot;credit&quot;:&quot;&quot;,&quot;camera&quot;:&quot;&quot;,&quot;caption&quot;:&quot;&quot;,&quot;created_timestamp&quot;:&quot;0&quot;,&quot;copyright&quot;:&quot;&quot;,&quot;focal_length&quot;:&quot;0&quot;,&quot;iso&quot;:&quot;0&quot;,&quot;shutter_speed&quot;:&quot;0&quot;,&quot;title&quot;:&quot;&quot;,&quot;orientation&quot;:&quot;0&quot;}\" data-image-title=\"649207934_1598501394523912_5664143604296645556_n-1\" data-image-description=\"\" data-image-caption=\"\" data-medium-file=\"https:\/\/www.montceautriathlon.com\/blog\/wp-content\/uploads\/2026\/03\/649207934_1598501394523912_5664143604296645556_n-1-200x300.jpg\" data-large-file=\"https:\/\/www.montceautriathlon.com\/blog\/wp-content\/uploads\/2026\/03\/649207934_1598501394523912_5664143604296645556_n-1-683x1024.jpg\" loading=\"lazy\" width=\"683\" height=\"1024\" src=\"https:\/\/www.montceautriathlon.com\/blog\/wp-content\/uploads\/2026\/03\/649207934_1598501394523912_5664143604296645556_n-1-683x1024.jpg\" alt=\"\" data-id=\"8659\" data-link=\"https:\/\/www.montceautriathlon.com\/blog\/?attachment_id=8659\" class=\"wp-image-8659\" srcset=\"https:\/\/www.montceautriathlon.com\/blog\/wp-content\/uploads\/2026\/03\/649207934_1598501394523912_5664143604296645556_n-1-683x1024.jpg 683w, https:\/\/www.montceautriathlon.com\/blog\/wp-content\/uploads\/2026\/03\/649207934_1598501394523912_5664143604296645556_n-1-200x300.jpg 200w, https:\/\/www.montceautriathlon.com\/blog\/wp-content\/uploads\/2026\/03\/649207934_1598501394523912_5664143604296645556_n-1-768x1151.jpg 768w, https:\/\/www.montceautriathlon.com\/blog\/wp-content\/uploads\/2026\/03\/649207934_1598501394523912_5664143604296645556_n-1-1025x1536.jpg 1025w, https:\/\/www.montceautriathlon.com\/blog\/wp-content\/uploads\/2026\/03\/649207934_1598501394523912_5664143604296645556_n-1.jpg 1366w\" sizes=\"(max-width: 683px) 100vw, 683px\" \/><\/a><\/figure><\/li><li class=\"blocks-gallery-item\"><figure><a href=\"https:\/\/www.montceautriathlon.com\/blog\/wp-content\/uploads\/2026\/03\/649261677_1598501097857275_1218614769159128358_n-683x1024.jpg\"><img data-attachment-id=\"8660\" data-permalink=\"https:\/\/www.montceautriathlon.com\/blog\/2026\/03\/18\/duathlon-de-genlis-8-mars-2026\/649261677_1598501097857275_1218614769159128358_n\/\" data-orig-file=\"https:\/\/www.montceautriathlon.com\/blog\/wp-content\/uploads\/2026\/03\/649261677_1598501097857275_1218614769159128358_n.jpg\" data-orig-size=\"1366,2048\" data-comments-opened=\"1\" data-image-meta=\"{&quot;aperture&quot;:&quot;0&quot;,&quot;credit&quot;:&quot;&quot;,&quot;camera&quot;:&quot;&quot;,&quot;caption&quot;:&quot;&quot;,&quot;created_timestamp&quot;:&quot;0&quot;,&quot;copyright&quot;:&quot;&quot;,&quot;focal_length&quot;:&quot;0&quot;,&quot;iso&quot;:&quot;0&quot;,&quot;shutter_speed&quot;:&quot;0&quot;,&quot;title&quot;:&quot;&quot;,&quot;orientation&quot;:&quot;0&quot;}\" data-image-title=\"649261677_1598501097857275_1218614769159128358_n\" data-image-description=\"\" data-image-caption=\"\" data-medium-file=\"https:\/\/www.montceautriathlon.com\/blog\/wp-content\/uploads\/2026\/03\/649261677_1598501097857275_1218614769159128358_n-200x300.jpg\" data-large-file=\"https:\/\/www.montceautriathlon.com\/blog\/wp-content\/uploads\/2026\/03\/649261677_1598501097857275_1218614769159128358_n-683x1024.jpg\" loading=\"lazy\" width=\"683\" height=\"1024\" src=\"https:\/\/www.montceautriathlon.com\/blog\/wp-content\/uploads\/2026\/03\/649261677_1598501097857275_1218614769159128358_n-683x1024.jpg\" alt=\"\" data-id=\"8660\" data-link=\"https:\/\/www.montceautriathlon.com\/blog\/?attachment_id=8660\" class=\"wp-image-8660\" srcset=\"https:\/\/www.montceautriathlon.com\/blog\/wp-content\/uploads\/2026\/03\/649261677_1598501097857275_1218614769159128358_n-683x1024.jpg 683w, https:\/\/www.montceautriathlon.com\/blog\/wp-content\/uploads\/2026\/03\/649261677_1598501097857275_1218614769159128358_n-200x300.jpg 200w, https:\/\/www.montceautriathlon.com\/blog\/wp-content\/uploads\/2026\/03\/649261677_1598501097857275_1218614769159128358_n-768x1151.jpg 768w, https:\/\/www.montceautriathlon.com\/blog\/wp-content\/uploads\/2026\/03\/649261677_1598501097857275_1218614769159128358_n-1025x1536.jpg 1025w, https:\/\/www.montceautriathlon.com\/blog\/wp-content\/uploads\/2026\/03\/649261677_1598501097857275_1218614769159128358_n.jpg 1366w\" sizes=\"(max-width: 683px) 100vw, 683px\" \/><\/a><\/figure><\/li><li class=\"blocks-gallery-item\"><figure><a href=\"https:\/\/www.montceautriathlon.com\/blog\/wp-content\/uploads\/2026\/03\/650181302_1598501534523898_2374872018225390045_n-1024x683.jpg\"><img data-attachment-id=\"8661\" data-permalink=\"https:\/\/www.montceautriathlon.com\/blog\/2026\/03\/18\/duathlon-de-genlis-8-mars-2026\/650181302_1598501534523898_2374872018225390045_n\/\" data-orig-file=\"https:\/\/www.montceautriathlon.com\/blog\/wp-content\/uploads\/2026\/03\/650181302_1598501534523898_2374872018225390045_n.jpg\" data-orig-size=\"2048,1366\" data-comments-opened=\"1\" data-image-meta=\"{&quot;aperture&quot;:&quot;0&quot;,&quot;credit&quot;:&quot;&quot;,&quot;camera&quot;:&quot;&quot;,&quot;caption&quot;:&quot;&quot;,&quot;created_timestamp&quot;:&quot;0&quot;,&quot;copyright&quot;:&quot;&quot;,&quot;focal_length&quot;:&quot;0&quot;,&quot;iso&quot;:&quot;0&quot;,&quot;shutter_speed&quot;:&quot;0&quot;,&quot;title&quot;:&quot;&quot;,&quot;orientation&quot;:&quot;0&quot;}\" data-image-title=\"650181302_1598501534523898_2374872018225390045_n\" data-image-description=\"\" data-image-caption=\"\" data-medium-file=\"https:\/\/www.montceautriathlon.com\/blog\/wp-content\/uploads\/2026\/03\/650181302_1598501534523898_2374872018225390045_n-300x200.jpg\" data-large-file=\"https:\/\/www.montceautriathlon.com\/blog\/wp-content\/uploads\/2026\/03\/650181302_1598501534523898_2374872018225390045_n-1024x683.jpg\" loading=\"lazy\" width=\"1024\" height=\"683\" src=\"https:\/\/www.montceautriathlon.com\/blog\/wp-content\/uploads\/2026\/03\/650181302_1598501534523898_2374872018225390045_n-1024x683.jpg\" alt=\"\" data-id=\"8661\" data-link=\"https:\/\/www.montceautriathlon.com\/blog\/?attachment_id=8661\" class=\"wp-image-8661\" srcset=\"https:\/\/www.montceautriathlon.com\/blog\/wp-content\/uploads\/2026\/03\/650181302_1598501534523898_2374872018225390045_n-1024x683.jpg 1024w, https:\/\/www.montceautriathlon.com\/blog\/wp-content\/uploads\/2026\/03\/650181302_1598501534523898_2374872018225390045_n-300x200.jpg 300w, https:\/\/www.montceautriathlon.com\/blog\/wp-content\/uploads\/2026\/03\/650181302_1598501534523898_2374872018225390045_n-768x512.jpg 768w, https:\/\/www.montceautriathlon.com\/blog\/wp-content\/uploads\/2026\/03\/650181302_1598501534523898_2374872018225390045_n-1536x1025.jpg 1536w, https:\/\/www.montceautriathlon.com\/blog\/wp-content\/uploads\/2026\/03\/650181302_1598501534523898_2374872018225390045_n.jpg 2048w\" sizes=\"(max-width: 1024px) 100vw, 1024px\" \/><\/a><\/figure><\/li><li class=\"blocks-gallery-item\"><figure><a href=\"https:\/\/www.montceautriathlon.com\/blog\/wp-content\/uploads\/2026\/03\/649179561_1598501404523911_4526556178052024618_n-1024x683.jpg\"><img data-attachment-id=\"8662\" data-permalink=\"https:\/\/www.montceautriathlon.com\/blog\/2026\/03\/18\/duathlon-de-genlis-8-mars-2026\/649179561_1598501404523911_4526556178052024618_n\/\" data-orig-file=\"https:\/\/www.montceautriathlon.com\/blog\/wp-content\/uploads\/2026\/03\/649179561_1598501404523911_4526556178052024618_n.jpg\" data-orig-size=\"2048,1366\" data-comments-opened=\"1\" data-image-meta=\"{&quot;aperture&quot;:&quot;0&quot;,&quot;credit&quot;:&quot;&quot;,&quot;camera&quot;:&quot;&quot;,&quot;caption&quot;:&quot;&quot;,&quot;created_timestamp&quot;:&quot;0&quot;,&quot;copyright&quot;:&quot;&quot;,&quot;focal_length&quot;:&quot;0&quot;,&quot;iso&quot;:&quot;0&quot;,&quot;shutter_speed&quot;:&quot;0&quot;,&quot;title&quot;:&quot;&quot;,&quot;orientation&quot;:&quot;0&quot;}\" data-image-title=\"649179561_1598501404523911_4526556178052024618_n\" data-image-description=\"\" data-image-caption=\"\" data-medium-file=\"https:\/\/www.montceautriathlon.com\/blog\/wp-content\/uploads\/2026\/03\/649179561_1598501404523911_4526556178052024618_n-300x200.jpg\" data-large-file=\"https:\/\/www.montceautriathlon.com\/blog\/wp-content\/uploads\/2026\/03\/649179561_1598501404523911_4526556178052024618_n-1024x683.jpg\" loading=\"lazy\" width=\"1024\" height=\"683\" src=\"https:\/\/www.montceautriathlon.com\/blog\/wp-content\/uploads\/2026\/03\/649179561_1598501404523911_4526556178052024618_n-1024x683.jpg\" alt=\"\" data-id=\"8662\" data-link=\"https:\/\/www.montceautriathlon.com\/blog\/?attachment_id=8662\" class=\"wp-image-8662\" srcset=\"https:\/\/www.montceautriathlon.com\/blog\/wp-content\/uploads\/2026\/03\/649179561_1598501404523911_4526556178052024618_n-1024x683.jpg 1024w, https:\/\/www.montceautriathlon.com\/blog\/wp-content\/uploads\/2026\/03\/649179561_1598501404523911_4526556178052024618_n-300x200.jpg 300w, https:\/\/www.montceautriathlon.com\/blog\/wp-content\/uploads\/2026\/03\/649179561_1598501404523911_4526556178052024618_n-768x512.jpg 768w, https:\/\/www.montceautriathlon.com\/blog\/wp-content\/uploads\/2026\/03\/649179561_1598501404523911_4526556178052024618_n-1536x1025.jpg 1536w, https:\/\/www.montceautriathlon.com\/blog\/wp-content\/uploads\/2026\/03\/649179561_1598501404523911_4526556178052024618_n.jpg 2048w\" sizes=\"(max-width: 1024px) 100vw, 1024px\" \/><\/a><\/figure><\/li><li class=\"blocks-gallery-item\"><figure><a href=\"https:\/\/www.montceautriathlon.com\/blog\/wp-content\/uploads\/2026\/03\/649175166_1598501231190595_1603740992282408981_n-683x1024.jpg\"><img data-attachment-id=\"8663\" data-permalink=\"https:\/\/www.montceautriathlon.com\/blog\/2026\/03\/18\/duathlon-de-genlis-8-mars-2026\/649175166_1598501231190595_1603740992282408981_n\/\" data-orig-file=\"https:\/\/www.montceautriathlon.com\/blog\/wp-content\/uploads\/2026\/03\/649175166_1598501231190595_1603740992282408981_n.jpg\" data-orig-size=\"1366,2048\" data-comments-opened=\"1\" data-image-meta=\"{&quot;aperture&quot;:&quot;0&quot;,&quot;credit&quot;:&quot;&quot;,&quot;camera&quot;:&quot;&quot;,&quot;caption&quot;:&quot;&quot;,&quot;created_timestamp&quot;:&quot;0&quot;,&quot;copyright&quot;:&quot;&quot;,&quot;focal_length&quot;:&quot;0&quot;,&quot;iso&quot;:&quot;0&quot;,&quot;shutter_speed&quot;:&quot;0&quot;,&quot;title&quot;:&quot;&quot;,&quot;orientation&quot;:&quot;0&quot;}\" data-image-title=\"649175166_1598501231190595_1603740992282408981_n\" data-image-description=\"\" data-image-caption=\"\" data-medium-file=\"https:\/\/www.montceautriathlon.com\/blog\/wp-content\/uploads\/2026\/03\/649175166_1598501231190595_1603740992282408981_n-200x300.jpg\" data-large-file=\"https:\/\/www.montceautriathlon.com\/blog\/wp-content\/uploads\/2026\/03\/649175166_1598501231190595_1603740992282408981_n-683x1024.jpg\" loading=\"lazy\" width=\"683\" height=\"1024\" src=\"https:\/\/www.montceautriathlon.com\/blog\/wp-content\/uploads\/2026\/03\/649175166_1598501231190595_1603740992282408981_n-683x1024.jpg\" alt=\"\" data-id=\"8663\" data-link=\"https:\/\/www.montceautriathlon.com\/blog\/?attachment_id=8663\" class=\"wp-image-8663\" srcset=\"https:\/\/www.montceautriathlon.com\/blog\/wp-content\/uploads\/2026\/03\/649175166_1598501231190595_1603740992282408981_n-683x1024.jpg 683w, https:\/\/www.montceautriathlon.com\/blog\/wp-content\/uploads\/2026\/03\/649175166_1598501231190595_1603740992282408981_n-200x300.jpg 200w, https:\/\/www.montceautriathlon.com\/blog\/wp-content\/uploads\/2026\/03\/649175166_1598501231190595_1603740992282408981_n-768x1151.jpg 768w, https:\/\/www.montceautriathlon.com\/blog\/wp-content\/uploads\/2026\/03\/649175166_1598501231190595_1603740992282408981_n-1025x1536.jpg 1025w, https:\/\/www.montceautriathlon.com\/blog\/wp-content\/uploads\/2026\/03\/649175166_1598501231190595_1603740992282408981_n.jpg 1366w\" sizes=\"(max-width: 683px) 100vw, 683px\" \/><\/a><\/figure><\/li><li class=\"blocks-gallery-item\"><figure><a href=\"https:\/\/www.montceautriathlon.com\/blog\/wp-content\/uploads\/2026\/03\/649345522_1598501484523903_8372799170320967202_n-683x1024.jpg\"><img data-attachment-id=\"8664\" data-permalink=\"https:\/\/www.montceautriathlon.com\/blog\/2026\/03\/18\/duathlon-de-genlis-8-mars-2026\/649345522_1598501484523903_8372799170320967202_n\/\" data-orig-file=\"https:\/\/www.montceautriathlon.com\/blog\/wp-content\/uploads\/2026\/03\/649345522_1598501484523903_8372799170320967202_n.jpg\" data-orig-size=\"1366,2048\" data-comments-opened=\"1\" data-image-meta=\"{&quot;aperture&quot;:&quot;0&quot;,&quot;credit&quot;:&quot;&quot;,&quot;camera&quot;:&quot;&quot;,&quot;caption&quot;:&quot;&quot;,&quot;created_timestamp&quot;:&quot;0&quot;,&quot;copyright&quot;:&quot;&quot;,&quot;focal_length&quot;:&quot;0&quot;,&quot;iso&quot;:&quot;0&quot;,&quot;shutter_speed&quot;:&quot;0&quot;,&quot;title&quot;:&quot;&quot;,&quot;orientation&quot;:&quot;0&quot;}\" data-image-title=\"649345522_1598501484523903_8372799170320967202_n\" data-image-description=\"\" data-image-caption=\"\" data-medium-file=\"https:\/\/www.montceautriathlon.com\/blog\/wp-content\/uploads\/2026\/03\/649345522_1598501484523903_8372799170320967202_n-200x300.jpg\" data-large-file=\"https:\/\/www.montceautriathlon.com\/blog\/wp-content\/uploads\/2026\/03\/649345522_1598501484523903_8372799170320967202_n-683x1024.jpg\" loading=\"lazy\" width=\"683\" height=\"1024\" src=\"https:\/\/www.montceautriathlon.com\/blog\/wp-content\/uploads\/2026\/03\/649345522_1598501484523903_8372799170320967202_n-683x1024.jpg\" alt=\"\" data-id=\"8664\" data-link=\"https:\/\/www.montceautriathlon.com\/blog\/?attachment_id=8664\" class=\"wp-image-8664\" srcset=\"https:\/\/www.montceautriathlon.com\/blog\/wp-content\/uploads\/2026\/03\/649345522_1598501484523903_8372799170320967202_n-683x1024.jpg 683w, https:\/\/www.montceautriathlon.com\/blog\/wp-content\/uploads\/2026\/03\/649345522_1598501484523903_8372799170320967202_n-200x300.jpg 200w, https:\/\/www.montceautriathlon.com\/blog\/wp-content\/uploads\/2026\/03\/649345522_1598501484523903_8372799170320967202_n-768x1151.jpg 768w, https:\/\/www.montceautriathlon.com\/blog\/wp-content\/uploads\/2026\/03\/649345522_1598501484523903_8372799170320967202_n-1025x1536.jpg 1025w, https:\/\/www.montceautriathlon.com\/blog\/wp-content\/uploads\/2026\/03\/649345522_1598501484523903_8372799170320967202_n.jpg 1366w\" sizes=\"(max-width: 683px) 100vw, 683px\" \/><\/a><\/figure><\/li><li class=\"blocks-gallery-item\"><figure><a href=\"https:\/\/www.montceautriathlon.com\/blog\/wp-content\/uploads\/2026\/03\/649277804_1598501151190603_55983673925685293_n-683x1024.jpg\"><img data-attachment-id=\"8665\" data-permalink=\"https:\/\/www.montceautriathlon.com\/blog\/2026\/03\/18\/duathlon-de-genlis-8-mars-2026\/649277804_1598501151190603_55983673925685293_n\/\" data-orig-file=\"https:\/\/www.montceautriathlon.com\/blog\/wp-content\/uploads\/2026\/03\/649277804_1598501151190603_55983673925685293_n.jpg\" data-orig-size=\"1366,2048\" data-comments-opened=\"1\" data-image-meta=\"{&quot;aperture&quot;:&quot;0&quot;,&quot;credit&quot;:&quot;&quot;,&quot;camera&quot;:&quot;&quot;,&quot;caption&quot;:&quot;&quot;,&quot;created_timestamp&quot;:&quot;0&quot;,&quot;copyright&quot;:&quot;&quot;,&quot;focal_length&quot;:&quot;0&quot;,&quot;iso&quot;:&quot;0&quot;,&quot;shutter_speed&quot;:&quot;0&quot;,&quot;title&quot;:&quot;&quot;,&quot;orientation&quot;:&quot;0&quot;}\" data-image-title=\"649277804_1598501151190603_55983673925685293_n\" data-image-description=\"\" data-image-caption=\"\" data-medium-file=\"https:\/\/www.montceautriathlon.com\/blog\/wp-content\/uploads\/2026\/03\/649277804_1598501151190603_55983673925685293_n-200x300.jpg\" data-large-file=\"https:\/\/www.montceautriathlon.com\/blog\/wp-content\/uploads\/2026\/03\/649277804_1598501151190603_55983673925685293_n-683x1024.jpg\" loading=\"lazy\" width=\"683\" height=\"1024\" src=\"https:\/\/www.montceautriathlon.com\/blog\/wp-content\/uploads\/2026\/03\/649277804_1598501151190603_55983673925685293_n-683x1024.jpg\" alt=\"\" data-id=\"8665\" data-link=\"https:\/\/www.montceautriathlon.com\/blog\/?attachment_id=8665\" class=\"wp-image-8665\" srcset=\"https:\/\/www.montceautriathlon.com\/blog\/wp-content\/uploads\/2026\/03\/649277804_1598501151190603_55983673925685293_n-683x1024.jpg 683w, https:\/\/www.montceautriathlon.com\/blog\/wp-content\/uploads\/2026\/03\/649277804_1598501151190603_55983673925685293_n-200x300.jpg 200w, https:\/\/www.montceautriathlon.com\/blog\/wp-content\/uploads\/2026\/03\/649277804_1598501151190603_55983673925685293_n-768x1151.jpg 768w, https:\/\/www.montceautriathlon.com\/blog\/wp-content\/uploads\/2026\/03\/649277804_1598501151190603_55983673925685293_n-1025x1536.jpg 1025w, https:\/\/www.montceautriathlon.com\/blog\/wp-content\/uploads\/2026\/03\/649277804_1598501151190603_55983673925685293_n.jpg 1366w\" sizes=\"(max-width: 683px) 100vw, 683px\" \/><\/a><\/figure><\/li><li class=\"blocks-gallery-item\"><figure><a href=\"https:\/\/www.montceautriathlon.com\/blog\/wp-content\/uploads\/2026\/03\/649083950_1598501114523940_6971780986629825116_n-683x1024.jpg\"><img data-attachment-id=\"8666\" data-permalink=\"https:\/\/www.montceautriathlon.com\/blog\/2026\/03\/18\/duathlon-de-genlis-8-mars-2026\/649083950_1598501114523940_6971780986629825116_n\/\" data-orig-file=\"https:\/\/www.montceautriathlon.com\/blog\/wp-content\/uploads\/2026\/03\/649083950_1598501114523940_6971780986629825116_n.jpg\" data-orig-size=\"1366,2048\" data-comments-opened=\"1\" data-image-meta=\"{&quot;aperture&quot;:&quot;0&quot;,&quot;credit&quot;:&quot;&quot;,&quot;camera&quot;:&quot;&quot;,&quot;caption&quot;:&quot;&quot;,&quot;created_timestamp&quot;:&quot;0&quot;,&quot;copyright&quot;:&quot;&quot;,&quot;focal_length&quot;:&quot;0&quot;,&quot;iso&quot;:&quot;0&quot;,&quot;shutter_speed&quot;:&quot;0&quot;,&quot;title&quot;:&quot;&quot;,&quot;orientation&quot;:&quot;0&quot;}\" data-image-title=\"649083950_1598501114523940_6971780986629825116_n\" data-image-description=\"\" data-image-caption=\"\" data-medium-file=\"https:\/\/www.montceautriathlon.com\/blog\/wp-content\/uploads\/2026\/03\/649083950_1598501114523940_6971780986629825116_n-200x300.jpg\" data-large-file=\"https:\/\/www.montceautriathlon.com\/blog\/wp-content\/uploads\/2026\/03\/649083950_1598501114523940_6971780986629825116_n-683x1024.jpg\" loading=\"lazy\" width=\"683\" height=\"1024\" src=\"https:\/\/www.montceautriathlon.com\/blog\/wp-content\/uploads\/2026\/03\/649083950_1598501114523940_6971780986629825116_n-683x1024.jpg\" alt=\"\" data-id=\"8666\" data-link=\"https:\/\/www.montceautriathlon.com\/blog\/?attachment_id=8666\" class=\"wp-image-8666\" srcset=\"https:\/\/www.montceautriathlon.com\/blog\/wp-content\/uploads\/2026\/03\/649083950_1598501114523940_6971780986629825116_n-683x1024.jpg 683w, https:\/\/www.montceautriathlon.com\/blog\/wp-content\/uploads\/2026\/03\/649083950_1598501114523940_6971780986629825116_n-200x300.jpg 200w, https:\/\/www.montceautriathlon.com\/blog\/wp-content\/uploads\/2026\/03\/649083950_1598501114523940_6971780986629825116_n-768x1151.jpg 768w, https:\/\/www.montceautriathlon.com\/blog\/wp-content\/uploads\/2026\/03\/649083950_1598501114523940_6971780986629825116_n-1025x1536.jpg 1025w, https:\/\/www.montceautriathlon.com\/blog\/wp-content\/uploads\/2026\/03\/649083950_1598501114523940_6971780986629825116_n.jpg 1366w\" sizes=\"(max-width: 683px) 100vw, 683px\" \/><\/a><\/figure><\/li><li class=\"blocks-gallery-item\"><figure><a href=\"https:\/\/www.montceautriathlon.com\/blog\/wp-content\/uploads\/2026\/03\/650183869_1598501331190585_1247551360624928600_n-683x1024.jpg\"><img data-attachment-id=\"8667\" data-permalink=\"https:\/\/www.montceautriathlon.com\/blog\/2026\/03\/18\/duathlon-de-genlis-8-mars-2026\/650183869_1598501331190585_1247551360624928600_n\/\" data-orig-file=\"https:\/\/www.montceautriathlon.com\/blog\/wp-content\/uploads\/2026\/03\/650183869_1598501331190585_1247551360624928600_n.jpg\" data-orig-size=\"1366,2048\" data-comments-opened=\"1\" data-image-meta=\"{&quot;aperture&quot;:&quot;0&quot;,&quot;credit&quot;:&quot;&quot;,&quot;camera&quot;:&quot;&quot;,&quot;caption&quot;:&quot;&quot;,&quot;created_timestamp&quot;:&quot;0&quot;,&quot;copyright&quot;:&quot;&quot;,&quot;focal_length&quot;:&quot;0&quot;,&quot;iso&quot;:&quot;0&quot;,&quot;shutter_speed&quot;:&quot;0&quot;,&quot;title&quot;:&quot;&quot;,&quot;orientation&quot;:&quot;0&quot;}\" data-image-title=\"650183869_1598501331190585_1247551360624928600_n\" data-image-description=\"\" data-image-caption=\"\" data-medium-file=\"https:\/\/www.montceautriathlon.com\/blog\/wp-content\/uploads\/2026\/03\/650183869_1598501331190585_1247551360624928600_n-200x300.jpg\" data-large-file=\"https:\/\/www.montceautriathlon.com\/blog\/wp-content\/uploads\/2026\/03\/650183869_1598501331190585_1247551360624928600_n-683x1024.jpg\" loading=\"lazy\" width=\"683\" height=\"1024\" src=\"https:\/\/www.montceautriathlon.com\/blog\/wp-content\/uploads\/2026\/03\/650183869_1598501331190585_1247551360624928600_n-683x1024.jpg\" alt=\"\" data-id=\"8667\" data-link=\"https:\/\/www.montceautriathlon.com\/blog\/?attachment_id=8667\" class=\"wp-image-8667\" srcset=\"https:\/\/www.montceautriathlon.com\/blog\/wp-content\/uploads\/2026\/03\/650183869_1598501331190585_1247551360624928600_n-683x1024.jpg 683w, https:\/\/www.montceautriathlon.com\/blog\/wp-content\/uploads\/2026\/03\/650183869_1598501331190585_1247551360624928600_n-200x300.jpg 200w, https:\/\/www.montceautriathlon.com\/blog\/wp-content\/uploads\/2026\/03\/650183869_1598501331190585_1247551360624928600_n-768x1151.jpg 768w, https:\/\/www.montceautriathlon.com\/blog\/wp-content\/uploads\/2026\/03\/650183869_1598501331190585_1247551360624928600_n-1025x1536.jpg 1025w, https:\/\/www.montceautriathlon.com\/blog\/wp-content\/uploads\/2026\/03\/650183869_1598501331190585_1247551360624928600_n.jpg 1366w\" sizes=\"(max-width: 683px) 100vw, 683px\" \/><\/a><\/figure><\/li><li class=\"blocks-gallery-item\"><figure><a href=\"https:\/\/www.montceautriathlon.com\/blog\/wp-content\/uploads\/2026\/03\/650216269_1598500977857287_8140638445784654669_n-683x1024.jpg\"><img data-attachment-id=\"8668\" data-permalink=\"https:\/\/www.montceautriathlon.com\/blog\/2026\/03\/18\/duathlon-de-genlis-8-mars-2026\/650216269_1598500977857287_8140638445784654669_n\/\" data-orig-file=\"https:\/\/www.montceautriathlon.com\/blog\/wp-content\/uploads\/2026\/03\/650216269_1598500977857287_8140638445784654669_n.jpg\" data-orig-size=\"1366,2048\" data-comments-opened=\"1\" data-image-meta=\"{&quot;aperture&quot;:&quot;0&quot;,&quot;credit&quot;:&quot;&quot;,&quot;camera&quot;:&quot;&quot;,&quot;caption&quot;:&quot;&quot;,&quot;created_timestamp&quot;:&quot;0&quot;,&quot;copyright&quot;:&quot;&quot;,&quot;focal_length&quot;:&quot;0&quot;,&quot;iso&quot;:&quot;0&quot;,&quot;shutter_speed&quot;:&quot;0&quot;,&quot;title&quot;:&quot;&quot;,&quot;orientation&quot;:&quot;0&quot;}\" data-image-title=\"650216269_1598500977857287_8140638445784654669_n\" data-image-description=\"\" data-image-caption=\"\" data-medium-file=\"https:\/\/www.montceautriathlon.com\/blog\/wp-content\/uploads\/2026\/03\/650216269_1598500977857287_8140638445784654669_n-200x300.jpg\" data-large-file=\"https:\/\/www.montceautriathlon.com\/blog\/wp-content\/uploads\/2026\/03\/650216269_1598500977857287_8140638445784654669_n-683x1024.jpg\" loading=\"lazy\" width=\"683\" height=\"1024\" src=\"https:\/\/www.montceautriathlon.com\/blog\/wp-content\/uploads\/2026\/03\/650216269_1598500977857287_8140638445784654669_n-683x1024.jpg\" alt=\"\" data-id=\"8668\" data-link=\"https:\/\/www.montceautriathlon.com\/blog\/?attachment_id=8668\" class=\"wp-image-8668\" srcset=\"https:\/\/www.montceautriathlon.com\/blog\/wp-content\/uploads\/2026\/03\/650216269_1598500977857287_8140638445784654669_n-683x1024.jpg 683w, https:\/\/www.montceautriathlon.com\/blog\/wp-content\/uploads\/2026\/03\/650216269_1598500977857287_8140638445784654669_n-200x300.jpg 200w, https:\/\/www.montceautriathlon.com\/blog\/wp-content\/uploads\/2026\/03\/650216269_1598500977857287_8140638445784654669_n-768x1151.jpg 768w, https:\/\/www.montceautriathlon.com\/blog\/wp-content\/uploads\/2026\/03\/650216269_1598500977857287_8140638445784654669_n-1025x1536.jpg 1025w, https:\/\/www.montceautriathlon.com\/blog\/wp-content\/uploads\/2026\/03\/650216269_1598500977857287_8140638445784654669_n.jpg 1366w\" sizes=\"(max-width: 683px) 100vw, 683px\" \/><\/a><\/figure><\/li><li class=\"blocks-gallery-item\"><figure><a href=\"https:\/\/www.montceautriathlon.com\/blog\/wp-content\/uploads\/2026\/03\/649757452_1598501541190564_6474949693313813008_n-683x1024.jpg\"><img data-attachment-id=\"8669\" data-permalink=\"https:\/\/www.montceautriathlon.com\/blog\/2026\/03\/18\/duathlon-de-genlis-8-mars-2026\/649757452_1598501541190564_6474949693313813008_n\/\" data-orig-file=\"https:\/\/www.montceautriathlon.com\/blog\/wp-content\/uploads\/2026\/03\/649757452_1598501541190564_6474949693313813008_n.jpg\" data-orig-size=\"1366,2048\" data-comments-opened=\"1\" data-image-meta=\"{&quot;aperture&quot;:&quot;0&quot;,&quot;credit&quot;:&quot;&quot;,&quot;camera&quot;:&quot;&quot;,&quot;caption&quot;:&quot;&quot;,&quot;created_timestamp&quot;:&quot;0&quot;,&quot;copyright&quot;:&quot;&quot;,&quot;focal_length&quot;:&quot;0&quot;,&quot;iso&quot;:&quot;0&quot;,&quot;shutter_speed&quot;:&quot;0&quot;,&quot;title&quot;:&quot;&quot;,&quot;orientation&quot;:&quot;0&quot;}\" data-image-title=\"649757452_1598501541190564_6474949693313813008_n\" data-image-description=\"\" data-image-caption=\"\" data-medium-file=\"https:\/\/www.montceautriathlon.com\/blog\/wp-content\/uploads\/2026\/03\/649757452_1598501541190564_6474949693313813008_n-200x300.jpg\" data-large-file=\"https:\/\/www.montceautriathlon.com\/blog\/wp-content\/uploads\/2026\/03\/649757452_1598501541190564_6474949693313813008_n-683x1024.jpg\" loading=\"lazy\" width=\"683\" height=\"1024\" src=\"https:\/\/www.montceautriathlon.com\/blog\/wp-content\/uploads\/2026\/03\/649757452_1598501541190564_6474949693313813008_n-683x1024.jpg\" alt=\"\" data-id=\"8669\" data-link=\"https:\/\/www.montceautriathlon.com\/blog\/?attachment_id=8669\" class=\"wp-image-8669\" srcset=\"https:\/\/www.montceautriathlon.com\/blog\/wp-content\/uploads\/2026\/03\/649757452_1598501541190564_6474949693313813008_n-683x1024.jpg 683w, https:\/\/www.montceautriathlon.com\/blog\/wp-content\/uploads\/2026\/03\/649757452_1598501541190564_6474949693313813008_n-200x300.jpg 200w, https:\/\/www.montceautriathlon.com\/blog\/wp-content\/uploads\/2026\/03\/649757452_1598501541190564_6474949693313813008_n-768x1151.jpg 768w, https:\/\/www.montceautriathlon.com\/blog\/wp-content\/uploads\/2026\/03\/649757452_1598501541190564_6474949693313813008_n-1025x1536.jpg 1025w, https:\/\/www.montceautriathlon.com\/blog\/wp-content\/uploads\/2026\/03\/649757452_1598501541190564_6474949693313813008_n.jpg 1366w\" sizes=\"(max-width: 683px) 100vw, 683px\" \/><\/a><\/figure><\/li><li class=\"blocks-gallery-item\"><figure><a href=\"https:\/\/www.montceautriathlon.com\/blog\/wp-content\/uploads\/2026\/03\/649948103_1598501454523906_7272166890049826752_n-1024x683.jpg\"><img data-attachment-id=\"8670\" data-permalink=\"https:\/\/www.montceautriathlon.com\/blog\/2026\/03\/18\/duathlon-de-genlis-8-mars-2026\/649948103_1598501454523906_7272166890049826752_n\/\" data-orig-file=\"https:\/\/www.montceautriathlon.com\/blog\/wp-content\/uploads\/2026\/03\/649948103_1598501454523906_7272166890049826752_n.jpg\" data-orig-size=\"2048,1366\" data-comments-opened=\"1\" data-image-meta=\"{&quot;aperture&quot;:&quot;0&quot;,&quot;credit&quot;:&quot;&quot;,&quot;camera&quot;:&quot;&quot;,&quot;caption&quot;:&quot;&quot;,&quot;created_timestamp&quot;:&quot;0&quot;,&quot;copyright&quot;:&quot;&quot;,&quot;focal_length&quot;:&quot;0&quot;,&quot;iso&quot;:&quot;0&quot;,&quot;shutter_speed&quot;:&quot;0&quot;,&quot;title&quot;:&quot;&quot;,&quot;orientation&quot;:&quot;0&quot;}\" data-image-title=\"649948103_1598501454523906_7272166890049826752_n\" data-image-description=\"\" data-image-caption=\"\" data-medium-file=\"https:\/\/www.montceautriathlon.com\/blog\/wp-content\/uploads\/2026\/03\/649948103_1598501454523906_7272166890049826752_n-300x200.jpg\" data-large-file=\"https:\/\/www.montceautriathlon.com\/blog\/wp-content\/uploads\/2026\/03\/649948103_1598501454523906_7272166890049826752_n-1024x683.jpg\" loading=\"lazy\" width=\"1024\" height=\"683\" src=\"https:\/\/www.montceautriathlon.com\/blog\/wp-content\/uploads\/2026\/03\/649948103_1598501454523906_7272166890049826752_n-1024x683.jpg\" alt=\"\" data-id=\"8670\" data-link=\"https:\/\/www.montceautriathlon.com\/blog\/?attachment_id=8670\" class=\"wp-image-8670\" srcset=\"https:\/\/www.montceautriathlon.com\/blog\/wp-content\/uploads\/2026\/03\/649948103_1598501454523906_7272166890049826752_n-1024x683.jpg 1024w, https:\/\/www.montceautriathlon.com\/blog\/wp-content\/uploads\/2026\/03\/649948103_1598501454523906_7272166890049826752_n-300x200.jpg 300w, https:\/\/www.montceautriathlon.com\/blog\/wp-content\/uploads\/2026\/03\/649948103_1598501454523906_7272166890049826752_n-768x512.jpg 768w, https:\/\/www.montceautriathlon.com\/blog\/wp-content\/uploads\/2026\/03\/649948103_1598501454523906_7272166890049826752_n-1536x1025.jpg 1536w, https:\/\/www.montceautriathlon.com\/blog\/wp-content\/uploads\/2026\/03\/649948103_1598501454523906_7272166890049826752_n.jpg 2048w\" sizes=\"(max-width: 1024px) 100vw, 1024px\" \/><\/a><\/figure><\/li><li class=\"blocks-gallery-item\"><figure><a href=\"https:\/\/www.montceautriathlon.com\/blog\/wp-content\/uploads\/2026\/03\/649963762_1598501167857268_316416712520411495_n-1024x683.jpg\"><img data-attachment-id=\"8671\" data-permalink=\"https:\/\/www.montceautriathlon.com\/blog\/2026\/03\/18\/duathlon-de-genlis-8-mars-2026\/649963762_1598501167857268_316416712520411495_n\/\" data-orig-file=\"https:\/\/www.montceautriathlon.com\/blog\/wp-content\/uploads\/2026\/03\/649963762_1598501167857268_316416712520411495_n.jpg\" data-orig-size=\"2048,1366\" data-comments-opened=\"1\" data-image-meta=\"{&quot;aperture&quot;:&quot;0&quot;,&quot;credit&quot;:&quot;&quot;,&quot;camera&quot;:&quot;&quot;,&quot;caption&quot;:&quot;&quot;,&quot;created_timestamp&quot;:&quot;0&quot;,&quot;copyright&quot;:&quot;&quot;,&quot;focal_length&quot;:&quot;0&quot;,&quot;iso&quot;:&quot;0&quot;,&quot;shutter_speed&quot;:&quot;0&quot;,&quot;title&quot;:&quot;&quot;,&quot;orientation&quot;:&quot;0&quot;}\" data-image-title=\"649963762_1598501167857268_316416712520411495_n\" data-image-description=\"\" data-image-caption=\"\" data-medium-file=\"https:\/\/www.montceautriathlon.com\/blog\/wp-content\/uploads\/2026\/03\/649963762_1598501167857268_316416712520411495_n-300x200.jpg\" data-large-file=\"https:\/\/www.montceautriathlon.com\/blog\/wp-content\/uploads\/2026\/03\/649963762_1598501167857268_316416712520411495_n-1024x683.jpg\" loading=\"lazy\" width=\"1024\" height=\"683\" src=\"https:\/\/www.montceautriathlon.com\/blog\/wp-content\/uploads\/2026\/03\/649963762_1598501167857268_316416712520411495_n-1024x683.jpg\" alt=\"\" data-id=\"8671\" data-link=\"https:\/\/www.montceautriathlon.com\/blog\/?attachment_id=8671\" class=\"wp-image-8671\" srcset=\"https:\/\/www.montceautriathlon.com\/blog\/wp-content\/uploads\/2026\/03\/649963762_1598501167857268_316416712520411495_n-1024x683.jpg 1024w, https:\/\/www.montceautriathlon.com\/blog\/wp-content\/uploads\/2026\/03\/649963762_1598501167857268_316416712520411495_n-300x200.jpg 300w, https:\/\/www.montceautriathlon.com\/blog\/wp-content\/uploads\/2026\/03\/649963762_1598501167857268_316416712520411495_n-768x512.jpg 768w, https:\/\/www.montceautriathlon.com\/blog\/wp-content\/uploads\/2026\/03\/649963762_1598501167857268_316416712520411495_n-1536x1025.jpg 1536w, https:\/\/www.montceautriathlon.com\/blog\/wp-content\/uploads\/2026\/03\/649963762_1598501167857268_316416712520411495_n.jpg 2048w\" sizes=\"(max-width: 1024px) 100vw, 1024px\" \/><\/a><\/figure><\/li><li class=\"blocks-gallery-item\"><figure><a href=\"https:\/\/www.montceautriathlon.com\/blog\/wp-content\/uploads\/2026\/03\/649661713_1598501444523907_5608879616578595480_n.jpg\"><img data-attachment-id=\"8672\" data-permalink=\"https:\/\/www.montceautriathlon.com\/blog\/2026\/03\/18\/duathlon-de-genlis-8-mars-2026\/649661713_1598501444523907_5608879616578595480_n\/\" data-orig-file=\"https:\/\/www.montceautriathlon.com\/blog\/wp-content\/uploads\/2026\/03\/649661713_1598501444523907_5608879616578595480_n.jpg\" data-orig-size=\"1366,2048\" data-comments-opened=\"1\" data-image-meta=\"{&quot;aperture&quot;:&quot;0&quot;,&quot;credit&quot;:&quot;&quot;,&quot;camera&quot;:&quot;&quot;,&quot;caption&quot;:&quot;&quot;,&quot;created_timestamp&quot;:&quot;0&quot;,&quot;copyright&quot;:&quot;&quot;,&quot;focal_length&quot;:&quot;0&quot;,&quot;iso&quot;:&quot;0&quot;,&quot;shutter_speed&quot;:&quot;0&quot;,&quot;title&quot;:&quot;&quot;,&quot;orientation&quot;:&quot;0&quot;}\" data-image-title=\"649661713_1598501444523907_5608879616578595480_n\" data-image-description=\"\" data-image-caption=\"\" data-medium-file=\"https:\/\/www.montceautriathlon.com\/blog\/wp-content\/uploads\/2026\/03\/649661713_1598501444523907_5608879616578595480_n-200x300.jpg\" data-large-file=\"https:\/\/www.montceautriathlon.com\/blog\/wp-content\/uploads\/2026\/03\/649661713_1598501444523907_5608879616578595480_n-683x1024.jpg\" loading=\"lazy\" width=\"683\" height=\"1024\" src=\"https:\/\/www.montceautriathlon.com\/blog\/wp-content\/uploads\/2026\/03\/649661713_1598501444523907_5608879616578595480_n-683x1024.jpg\" alt=\"\" data-id=\"8672\" data-full-url=\"https:\/\/www.montceautriathlon.com\/blog\/wp-content\/uploads\/2026\/03\/649661713_1598501444523907_5608879616578595480_n.jpg\" data-link=\"https:\/\/www.montceautriathlon.com\/blog\/?attachment_id=8672\" class=\"wp-image-8672\" srcset=\"https:\/\/www.montceautriathlon.com\/blog\/wp-content\/uploads\/2026\/03\/649661713_1598501444523907_5608879616578595480_n-683x1024.jpg 683w, https:\/\/www.montceautriathlon.com\/blog\/wp-content\/uploads\/2026\/03\/649661713_1598501444523907_5608879616578595480_n-200x300.jpg 200w, https:\/\/www.montceautriathlon.com\/blog\/wp-content\/uploads\/2026\/03\/649661713_1598501444523907_5608879616578595480_n-768x1151.jpg 768w, https:\/\/www.montceautriathlon.com\/blog\/wp-content\/uploads\/2026\/03\/649661713_1598501444523907_5608879616578595480_n-1025x1536.jpg 1025w, https:\/\/www.montceautriathlon.com\/blog\/wp-content\/uploads\/2026\/03\/649661713_1598501444523907_5608879616578595480_n.jpg 1366w\" sizes=\"(max-width: 683px) 100vw, 683px\" \/><\/a><\/figure><\/li><\/ul><\/figure>\n","protected":false},"excerpt":{"rendered":"<p>En ce dimanche ensoleill\u00e9, de nombreux montcelliens se sont retrouv\u00e9s \u00e0 Genlis pour la premi\u00e8re \u00e9preuve de duathlon de la saison. Ce duathlon \u00e9tait s\u00e9lectif pour les championnats de France jeunes de duathlon. Sur la course 6\/9ans, Gaspard Pradier termine 11e PoH Sur la course 10\/13 ans, Jules Vinck termine 10e BeH, est suivi par [&hellip;]<\/p>\n","protected":false},"author":7,"featured_media":8661,"comment_status":"open","ping_status":"open","sticky":false,"template":"","format":"standard","meta":{"spay_email":"","jetpack_publicize_message":"","jetpack_is_tweetstorm":false},"categories":[1],"tags":[],"jetpack_featured_media_url":"https:\/\/www.montceautriathlon.com\/blog\/wp-content\/uploads\/2026\/03\/650181302_1598501534523898_2374872018225390045_n.jpg","jetpack_publicize_connections":[],"jetpack_sharing_enabled":true,"jetpack_shortlink":"https:\/\/wp.me\/p8bwIy-2fo","jetpack-related-posts":[{"id":7386,"url":"https:\/\/www.montceautriathlon.com\/blog\/2025\/03\/20\/duathlon-dauxonne-2\/","url_meta":{"origin":8642,"position":0},"title":"Duathlon d&rsquo;Auxonne","date":"20 mars 2025","format":false,"excerpt":"Nos\u00a0triathl\u00e8tes \u00e9taient pr\u00e9sents en nombre au duathlon organis\u00e9 par Triathlon Club Auxonnais, et m\u00eame si les conditions m\u00e9t\u00e9o n\u2019\u00e9taient au d\u00e9part pas en leur faveur\u00a0les rayons de\u00a0soleil ont quand m\u00eame rendu la course agr\u00e9able pour tous. Voici les r\u00e9sultats de nos champions du WE : Course S : Laurent Magnien\u2026","rel":"","context":"Dans &quot;Non class\u00e9&quot;","img":{"alt_text":"","src":"https:\/\/i2.wp.com\/www.montceautriathlon.com\/blog\/wp-content\/uploads\/2025\/03\/IMG_2599.jpeg?resize=350%2C200&ssl=1","width":350,"height":200},"classes":[]},{"id":7143,"url":"https:\/\/www.montceautriathlon.com\/blog\/2024\/12\/01\/29-septembre-2024-cross-duathlon-de-chenove\/","url_meta":{"origin":8642,"position":1},"title":"29 septembre 2024: cross duathlon de Chenove","date":"1 d\u00e9cembre 2024","format":false,"excerpt":"C'est sous le soleil que quelques montcelliens ont fait le d\u00e9placement \u00e0 Chenove pour leur cross duathlon. Voici les r\u00e9sultats: course 6\/9 ans: Louis Vinck termine 5e poussin (5e scratch) suivi par les fr\u00e8res Pradier Come 9e poussin (14e au scratch) et Gaspard 7e mini poussin et 32e au scratch\u2026","rel":"","context":"Dans &quot;Non class\u00e9&quot;","img":{"alt_text":"","src":"https:\/\/i2.wp.com\/www.montceautriathlon.com\/blog\/wp-content\/uploads\/2024\/12\/chenove-3.jpg?resize=350%2C200&ssl=1","width":350,"height":200},"classes":[]},{"id":8325,"url":"https:\/\/www.montceautriathlon.com\/blog\/2025\/10\/20\/week-end-du-11-12-octobre-la-bourbonienne-octobre-rose-triathlon-de-louhans\/","url_meta":{"origin":8642,"position":2},"title":"Week end du 11\/12 octobre: la Bourbonienne, octobre rose, triathlon de Louhans","date":"20 octobre 2025","format":false,"excerpt":"Th\u00e9o Michon, Eric et Fabienne Vaudelin se sont lanc\u00e9s sur les parcours exigeants en nocturne de la Bourbonienne. Sur le 10km Eric termine 16e en 44min22, Th\u00e9o est 42e en 48min46. Fabienne termine les 5km en 29min, se classe 29e au scratch et 1e M5. En mode rando gourmande, Sandrine,\u2026","rel":"","context":"Dans &quot;Non class\u00e9&quot;","img":{"alt_text":"","src":"https:\/\/i1.wp.com\/www.montceautriathlon.com\/blog\/wp-content\/uploads\/2025\/10\/20251012_122053-scaled.jpg?resize=350%2C200&ssl=1","width":350,"height":200},"classes":[]},{"id":7368,"url":"https:\/\/www.montceautriathlon.com\/blog\/2025\/03\/12\/bike-and-run-auxonne-2\/","url_meta":{"origin":8642,"position":3},"title":"Bike and Run Auxonne","date":"12 mars 2025","format":false,"excerpt":"Ce dimanche avait lieu le Bike and Run organis\u00e9 par Triathlon Club Auxonnais. Sur un parcours plat mais boueux , de nombreuses \u00e9quipes de Montceau ont d\u00e9fendu nos couleurs\u00a0 \u00a0Voici leurs r\u00e9sultats :\u00a0 SUR LA COURSE J1 \u00a0Jules Vendramini et Jules Vinck 6e au scratch , 5e \u00e9quipe masculine en\u2026","rel":"","context":"Dans &quot;Non class\u00e9&quot;","img":{"alt_text":"","src":"","width":0,"height":0},"classes":[]},{"id":8765,"url":"https:\/\/www.montceautriathlon.com\/blog\/2026\/04\/01\/aquathlon-de-la-verrerie\/","url_meta":{"origin":8642,"position":4},"title":"Aquathlon de la Verrerie","date":"1 avril 2026","format":false,"excerpt":"Ce dimanche 29 mars, nos jeunes ont pris part au 1r aquathlon de la saison au Creusot avec des conditions m\u00e9t\u00e9o tr\u00e8s fraiche. Sur la course XS, Axelle Da Eira termine la course en 18min 05 (4e MIF). Jules Vinck le r\u00e9alise \u00e9galement en 18min 05 (4e BeH). Arrivent ensuite\u2026","rel":"","context":"Dans &quot;Non class\u00e9&quot;","img":{"alt_text":"","src":"https:\/\/i2.wp.com\/www.montceautriathlon.com\/blog\/wp-content\/uploads\/2026\/04\/IMG_0334.jpg?resize=350%2C200&ssl=1","width":350,"height":200},"classes":[]},{"id":7130,"url":"https:\/\/www.montceautriathlon.com\/blog\/2024\/12\/01\/triathlon-de-louhans-2\/","url_meta":{"origin":8642,"position":5},"title":"Triathlon de Louhans","date":"1 d\u00e9cembre 2024","format":false,"excerpt":"Les montcelliens ont fait le d\u00e9placement pour le dernier triathlon bourguignon de la saison \u00e0 Louhans. Voici les r\u00e9sultats de nos triathl\u00e8tes sur les diff\u00e9rentes courses : Sur le format S : en relais les \u00ab Run & Cycling 71 \u00bb avec Arnaud Rondier en nageur montent sur la plus\u2026","rel":"","context":"Dans &quot;Non class\u00e9&quot;","img":{"alt_text":"","src":"https:\/\/i2.wp.com\/www.montceautriathlon.com\/blog\/wp-content\/uploads\/2024\/11\/462960282_1213087916398597_6865351226409572743_n.jpg?resize=350%2C200&ssl=1","width":350,"height":200},"classes":[]}],"_links":{"self":[{"href":"https:\/\/www.montceautriathlon.com\/blog\/wp-json\/wp\/v2\/posts\/8642"}],"collection":[{"href":"https:\/\/www.montceautriathlon.com\/blog\/wp-json\/wp\/v2\/posts"}],"about":[{"href":"https:\/\/www.montceautriathlon.com\/blog\/wp-json\/wp\/v2\/types\/post"}],"author":[{"embeddable":true,"href":"https:\/\/www.montceautriathlon.com\/blog\/wp-json\/wp\/v2\/users\/7"}],"replies":[{"embeddable":true,"href":"https:\/\/www.montceautriathlon.com\/blog\/wp-json\/wp\/v2\/comments?post=8642"}],"version-history":[{"count":3,"href":"https:\/\/www.montceautriathlon.com\/blog\/wp-json\/wp\/v2\/posts\/8642\/revisions"}],"predecessor-version":[{"id":8674,"href":"https:\/\/www.montceautriathlon.com\/blog\/wp-json\/wp\/v2\/posts\/8642\/revisions\/8674"}],"wp:featuredmedia":[{"embeddable":true,"href":"https:\/\/www.montceautriathlon.com\/blog\/wp-json\/wp\/v2\/media\/8661"}],"wp:attachment":[{"href":"https:\/\/www.montceautriathlon.com\/blog\/wp-json\/wp\/v2\/media?parent=8642"}],"wp:term":[{"taxonomy":"category","embeddable":true,"href":"https:\/\/www.montceautriathlon.com\/blog\/wp-json\/wp\/v2\/categories?post=8642"},{"taxonomy":"post_tag","embeddable":true,"href":"https:\/\/www.montceautriathlon.com\/blog\/wp-json\/wp\/v2\/tags?post=8642"}],"curies":[{"name":"wp","href":"https:\/\/api.w.org\/{rel}","templated":true}]}}