{"id":8515,"date":"2025-12-05T17:48:29","date_gmt":"2025-12-05T16:48:29","guid":{"rendered":"https:\/\/www.montceautriathlon.com\/blog\/?p=8515"},"modified":"2025-12-05T17:49:35","modified_gmt":"2025-12-05T16:49:35","slug":"relevez-le-defi","status":"publish","type":"post","link":"https:\/\/www.montceautriathlon.com\/blog\/2025\/12\/05\/relevez-le-defi\/","title":{"rendered":"Relevez le d\u00e9fi!"},"content":{"rendered":"\n<p>Montceau Triathlon  vous lance un challenge : 24 heures de v\u00e9lo sur home-trainer, pour parcourir un maximum de kilom\u00e8tres au profit du T\u00e9l\u00e9thon !<\/p>\n\n\n\n<p>Que vous soyez licenci\u00e9 du club, passionn\u00e9 de sport, simple curieux ou juste quelqu\u2019un qui souhaite faire une bonne action, vous \u00eates les bienvenus!<\/p>\n\n\n\n<p>Pas besoin d\u2019\u00eatre un champion : chacun peut venir p\u00e9daler quelques minutes, une heure\u2026 ou plus si le c\u0153ur vous en dit ! Chaque coup de p\u00e9dale compte, chaque kilom\u00e8tre fera la diff\u00e9rence.<\/p>\n\n\n\n<p>Nous vous donnons rendez-vous : Du vendredi 5 d\u00e9cembre \u00e0 18h au samedi 6 d\u00e9cembre \u00e0 18h, place de l\u2019\u00c9glise \u00e0 Montceau-les-Mines<\/p>\n\n\n\n<p>Un grand \u00e9cran , des home-trainers connect\u00e9s , une ambiance chaleureuse , de la solidarit\u00e9 et un objectif commun : soutenir le T\u00e9l\u00e9thon et repousser ensemble nos limites<\/p>\n\n\n\n<p>Venez partager un moment convivial, sportif et solidaire.Ensemble, faisons tourner les jambes\u2026 et le compteur du T\u00e9l\u00e9thon !<\/p>\n\n\n\n<p>Nous en profitons pour remercier <a href=\"https:\/\/www.facebook.com\/profile.php?id=100068948383300&amp;__cft__[0]=AZVf0hCFSBW2mnvJoPoANrjG4o7U-_KtVLir6Z-b2oXNvHm9WEhIEFIP2GHjsHxAcqOL-v7K1e0w9ONlXAiB33qGLuJ6piFIjPzJ_uKhz4xAun_arm-FJoWRW_A3lqui2JdaOzZj7QDsIBGhzYGSbvJ6JTPk4KWlersXFA0KYLx0Wxv0VR9oZuLDY9w-3SWySAlSBQkklrpIH_5-9jHunKfyEkCH43uYJ6Ypbx8ovHkXhw&amp;__tn__=-]K-y-R\">L&rsquo;immobili\u00e8re Montceau<\/a> qui s\u2019associe \u00e0 nous dans ce projet <\/p>\n\n\n\n<p>On compte sur vous ! N\u2019h\u00e9sitez pas \u00e0 identifier vos partenaires : <a href=\"https:\/\/www.facebook.com\/profile.php?id=61555278741694&amp;__cft__[0]=AZVf0hCFSBW2mnvJoPoANrjG4o7U-_KtVLir6Z-b2oXNvHm9WEhIEFIP2GHjsHxAcqOL-v7K1e0w9ONlXAiB33qGLuJ6piFIjPzJ_uKhz4xAun_arm-FJoWRW_A3lqui2JdaOzZj7QDsIBGhzYGSbvJ6JTPk4KWlersXFA0KYLx0Wxv0VR9oZuLDY9w-3SWySAlSBQkklrpIH_5-9jHunKfyEkCH43uYJ6Ypbx8ovHkXhw&amp;__tn__=-]K-y-R\">Abeille Assurances Montceau les Mines<\/a><a href=\"https:\/\/www.facebook.com\/profile.php?id=61581697222463&amp;__cft__[0]=AZVf0hCFSBW2mnvJoPoANrjG4o7U-_KtVLir6Z-b2oXNvHm9WEhIEFIP2GHjsHxAcqOL-v7K1e0w9ONlXAiB33qGLuJ6piFIjPzJ_uKhz4xAun_arm-FJoWRW_A3lqui2JdaOzZj7QDsIBGhzYGSbvJ6JTPk4KWlersXFA0KYLx0Wxv0VR9oZuLDY9w-3SWySAlSBQkklrpIH_5-9jHunKfyEkCH43uYJ6Ypbx8ovHkXhw&amp;__tn__=-]K-y-R\">Montceau Trail<\/a><a href=\"https:\/\/www.facebook.com\/schmidtmontceaulesmines?__cft__[0]=AZVf0hCFSBW2mnvJoPoANrjG4o7U-_KtVLir6Z-b2oXNvHm9WEhIEFIP2GHjsHxAcqOL-v7K1e0w9ONlXAiB33qGLuJ6piFIjPzJ_uKhz4xAun_arm-FJoWRW_A3lqui2JdaOzZj7QDsIBGhzYGSbvJ6JTPk4KWlersXFA0KYLx0Wxv0VR9oZuLDY9w-3SWySAlSBQkklrpIH_5-9jHunKfyEkCH43uYJ6Ypbx8ovHkXhw&amp;__tn__=-]K-y-R\">Cuisines Schmidt Montceau Les Mines<\/a><a href=\"https:\/\/www.facebook.com\/VilleDeMontceau?__cft__[0]=AZVf0hCFSBW2mnvJoPoANrjG4o7U-_KtVLir6Z-b2oXNvHm9WEhIEFIP2GHjsHxAcqOL-v7K1e0w9ONlXAiB33qGLuJ6piFIjPzJ_uKhz4xAun_arm-FJoWRW_A3lqui2JdaOzZj7QDsIBGhzYGSbvJ6JTPk4KWlersXFA0KYLx0Wxv0VR9oZuLDY9w-3SWySAlSBQkklrpIH_5-9jHunKfyEkCH43uYJ6Ypbx8ovHkXhw&amp;__tn__=-]K-y-R\">Ville de Montceau les Mines<\/a><a href=\"https:\/\/www.facebook.com\/VandBMontceaulesMines?__cft__[0]=AZVf0hCFSBW2mnvJoPoANrjG4o7U-_KtVLir6Z-b2oXNvHm9WEhIEFIP2GHjsHxAcqOL-v7K1e0w9ONlXAiB33qGLuJ6piFIjPzJ_uKhz4xAun_arm-FJoWRW_A3lqui2JdaOzZj7QDsIBGhzYGSbvJ6JTPk4KWlersXFA0KYLx0Wxv0VR9oZuLDY9w-3SWySAlSBQkklrpIH_5-9jHunKfyEkCH43uYJ6Ypbx8ovHkXhw&amp;__tn__=-]K-y-R\">V and B Montceau-les-Mines<\/a><a href=\"https:\/\/www.facebook.com\/ligue.bourgogne.triathlon?__cft__[0]=AZVf0hCFSBW2mnvJoPoANrjG4o7U-_KtVLir6Z-b2oXNvHm9WEhIEFIP2GHjsHxAcqOL-v7K1e0w9ONlXAiB33qGLuJ6piFIjPzJ_uKhz4xAun_arm-FJoWRW_A3lqui2JdaOzZj7QDsIBGhzYGSbvJ6JTPk4KWlersXFA0KYLx0Wxv0VR9oZuLDY9w-3SWySAlSBQkklrpIH_5-9jHunKfyEkCH43uYJ6Ypbx8ovHkXhw&amp;__tn__=-]K-y-R\">Ligue Bourgogne-Franche-Comt\u00e9 de Triathlon<\/a><a href=\"https:\/\/www.facebook.com\/boyer.blanzy?__cft__[0]=AZVf0hCFSBW2mnvJoPoANrjG4o7U-_KtVLir6Z-b2oXNvHm9WEhIEFIP2GHjsHxAcqOL-v7K1e0w9ONlXAiB33qGLuJ6piFIjPzJ_uKhz4xAun_arm-FJoWRW_A3lqui2JdaOzZj7QDsIBGhzYGSbvJ6JTPk4KWlersXFA0KYLx0Wxv0VR9oZuLDY9w-3SWySAlSBQkklrpIH_5-9jHunKfyEkCH43uYJ6Ypbx8ovHkXhw&amp;__tn__=-]K-y-R\">Sophie Boyer<\/a><a href=\"https:\/\/www.facebook.com\/gauthierdemenagements?__cft__[0]=AZVf0hCFSBW2mnvJoPoANrjG4o7U-_KtVLir6Z-b2oXNvHm9WEhIEFIP2GHjsHxAcqOL-v7K1e0w9ONlXAiB33qGLuJ6piFIjPzJ_uKhz4xAun_arm-FJoWRW_A3lqui2JdaOzZj7QDsIBGhzYGSbvJ6JTPk4KWlersXFA0KYLx0Wxv0VR9oZuLDY9w-3SWySAlSBQkklrpIH_5-9jHunKfyEkCH43uYJ6Ypbx8ovHkXhw&amp;__tn__=-]K-y-R\">Gauthier D\u00e9m\u00e9nagements<\/a><a href=\"https:\/\/www.facebook.com\/profile.php?id=61569068692155&amp;__cft__[0]=AZVf0hCFSBW2mnvJoPoANrjG4o7U-_KtVLir6Z-b2oXNvHm9WEhIEFIP2GHjsHxAcqOL-v7K1e0w9ONlXAiB33qGLuJ6piFIjPzJ_uKhz4xAun_arm-FJoWRW_A3lqui2JdaOzZj7QDsIBGhzYGSbvJ6JTPk4KWlersXFA0KYLx0Wxv0VR9oZuLDY9w-3SWySAlSBQkklrpIH_5-9jHunKfyEkCH43uYJ6Ypbx8ovHkXhw&amp;__tn__=-]K-y-R\">Trail de la Berg\u00e8re<\/a><a href=\"https:\/\/www.facebook.com\/profile.php?id=100077509464212&amp;__cft__[0]=AZVf0hCFSBW2mnvJoPoANrjG4o7U-_KtVLir6Z-b2oXNvHm9WEhIEFIP2GHjsHxAcqOL-v7K1e0w9ONlXAiB33qGLuJ6piFIjPzJ_uKhz4xAun_arm-FJoWRW_A3lqui2JdaOzZj7QDsIBGhzYGSbvJ6JTPk4KWlersXFA0KYLx0Wxv0VR9oZuLDY9w-3SWySAlSBQkklrpIH_5-9jHunKfyEkCH43uYJ6Ypbx8ovHkXhw&amp;__tn__=-]K-y-R\">Corrida de Saint Gengoux le National 71 \/ Souvenir de KEN<\/a><a href=\"https:\/\/www.facebook.com\/profile.php?id=100057380112786&amp;__cft__[0]=AZVf0hCFSBW2mnvJoPoANrjG4o7U-_KtVLir6Z-b2oXNvHm9WEhIEFIP2GHjsHxAcqOL-v7K1e0w9ONlXAiB33qGLuJ6piFIjPzJ_uKhz4xAun_arm-FJoWRW_A3lqui2JdaOzZj7QDsIBGhzYGSbvJ6JTPk4KWlersXFA0KYLx0Wxv0VR9oZuLDY9w-3SWySAlSBQkklrpIH_5-9jHunKfyEkCH43uYJ6Ypbx8ovHkXhw&amp;__tn__=-]K-y-R\">Co.<\/a><a href=\"https:\/\/www.facebook.com\/EcuissesVSP?__cft__[0]=AZVf0hCFSBW2mnvJoPoANrjG4o7U-_KtVLir6Z-b2oXNvHm9WEhIEFIP2GHjsHxAcqOL-v7K1e0w9ONlXAiB33qGLuJ6piFIjPzJ_uKhz4xAun_arm-FJoWRW_A3lqui2JdaOzZj7QDsIBGhzYGSbvJ6JTPk4KWlersXFA0KYLx0Wxv0VR9oZuLDY9w-3SWySAlSBQkklrpIH_5-9jHunKfyEkCH43uYJ6Ypbx8ovHkXhw&amp;__tn__=-]K-y-R\">Ecuisses V\u00e9lo Sport Passion<\/a><a href=\"https:\/\/www.facebook.com\/TrailLaCharolaise71?__cft__[0]=AZVf0hCFSBW2mnvJoPoANrjG4o7U-_KtVLir6Z-b2oXNvHm9WEhIEFIP2GHjsHxAcqOL-v7K1e0w9ONlXAiB33qGLuJ6piFIjPzJ_uKhz4xAun_arm-FJoWRW_A3lqui2JdaOzZj7QDsIBGhzYGSbvJ6JTPk4KWlersXFA0KYLx0Wxv0VR9oZuLDY9w-3SWySAlSBQkklrpIH_5-9jHunKfyEkCH43uYJ6Ypbx8ovHkXhw&amp;__tn__=-]K-y-R\">Trail La Charolaise<\/a><a href=\"https:\/\/www.facebook.com\/profile.php?id=100044475945062&amp;__cft__[0]=AZVf0hCFSBW2mnvJoPoANrjG4o7U-_KtVLir6Z-b2oXNvHm9WEhIEFIP2GHjsHxAcqOL-v7K1e0w9ONlXAiB33qGLuJ6piFIjPzJ_uKhz4xAun_arm-FJoWRW_A3lqui2JdaOzZj7QDsIBGhzYGSbvJ6JTPk4KWlersXFA0KYLx0Wxv0VR9oZuLDY9w-3SWySAlSBQkklrpIH_5-9jHunKfyEkCH43uYJ6Ypbx8ovHkXhw&amp;__tn__=-]K-y-R\">CYCLES BOYER<\/a><a href=\"https:\/\/www.facebook.com\/profile.php?id=100064159802487&amp;__cft__[0]=AZVf0hCFSBW2mnvJoPoANrjG4o7U-_KtVLir6Z-b2oXNvHm9WEhIEFIP2GHjsHxAcqOL-v7K1e0w9ONlXAiB33qGLuJ6piFIjPzJ_uKhz4xAun_arm-FJoWRW_A3lqui2JdaOzZj7QDsIBGhzYGSbvJ6JTPk4KWlersXFA0KYLx0Wxv0VR9oZuLDY9w-3SWySAlSBQkklrpIH_5-9jHunKfyEkCH43uYJ6Ypbx8ovHkXhw&amp;__tn__=-]K-y-R\">INTERSPORT Montceau-les-Mines<\/a><a href=\"https:\/\/www.facebook.com\/krys.montceau?__cft__[0]=AZVf0hCFSBW2mnvJoPoANrjG4o7U-_KtVLir6Z-b2oXNvHm9WEhIEFIP2GHjsHxAcqOL-v7K1e0w9ONlXAiB33qGLuJ6piFIjPzJ_uKhz4xAun_arm-FJoWRW_A3lqui2JdaOzZj7QDsIBGhzYGSbvJ6JTPk4KWlersXFA0KYLx0Wxv0VR9oZuLDY9w-3SWySAlSBQkklrpIH_5-9jHunKfyEkCH43uYJ6Ypbx8ovHkXhw&amp;__tn__=-]K-y-R\">Krys Montceau les mines<\/a><a href=\"https:\/\/www.facebook.com\/thomas.okrzesikoritefalozenprokocita?__cft__[0]=AZVf0hCFSBW2mnvJoPoANrjG4o7U-_KtVLir6Z-b2oXNvHm9WEhIEFIP2GHjsHxAcqOL-v7K1e0w9ONlXAiB33qGLuJ6piFIjPzJ_uKhz4xAun_arm-FJoWRW_A3lqui2JdaOzZj7QDsIBGhzYGSbvJ6JTPk4KWlersXFA0KYLx0Wxv0VR9oZuLDY9w-3SWySAlSBQkklrpIH_5-9jHunKfyEkCH43uYJ6Ypbx8ovHkXhw&amp;__tn__=-]K-y-R\">Thomas Okrzesik<\/a><a href=\"https:\/\/www.facebook.com\/activexpertisemontceau?__cft__[0]=AZVf0hCFSBW2mnvJoPoANrjG4o7U-_KtVLir6Z-b2oXNvHm9WEhIEFIP2GHjsHxAcqOL-v7K1e0w9ONlXAiB33qGLuJ6piFIjPzJ_uKhz4xAun_arm-FJoWRW_A3lqui2JdaOzZj7QDsIBGhzYGSbvJ6JTPk4KWlersXFA0KYLx0Wxv0VR9oZuLDY9w-3SWySAlSBQkklrpIH_5-9jHunKfyEkCH43uYJ6Ypbx8ovHkXhw&amp;__tn__=-]K-y-R\">Activ&rsquo;Expertise Sa\u00f4ne-et-Loire<\/a><a href=\"https:\/\/www.facebook.com\/atolmontceau?__cft__[0]=AZVf0hCFSBW2mnvJoPoANrjG4o7U-_KtVLir6Z-b2oXNvHm9WEhIEFIP2GHjsHxAcqOL-v7K1e0w9ONlXAiB33qGLuJ6piFIjPzJ_uKhz4xAun_arm-FJoWRW_A3lqui2JdaOzZj7QDsIBGhzYGSbvJ6JTPk4KWlersXFA0KYLx0Wxv0VR9oZuLDY9w-3SWySAlSBQkklrpIH_5-9jHunKfyEkCH43uYJ6Ypbx8ovHkXhw&amp;__tn__=-]K-y-R\">ATOL Montceau-les-Mines<\/a><a href=\"https:\/\/www.facebook.com\/acimontceaulesmines?__cft__[0]=AZVf0hCFSBW2mnvJoPoANrjG4o7U-_KtVLir6Z-b2oXNvHm9WEhIEFIP2GHjsHxAcqOL-v7K1e0w9ONlXAiB33qGLuJ6piFIjPzJ_uKhz4xAun_arm-FJoWRW_A3lqui2JdaOzZj7QDsIBGhzYGSbvJ6JTPk4KWlersXFA0KYLx0Wxv0VR9oZuLDY9w-3SWySAlSBQkklrpIH_5-9jHunKfyEkCH43uYJ6Ypbx8ovHkXhw&amp;__tn__=-]K-y-R\">ACI<\/a><a href=\"https:\/\/www.facebook.com\/profile.php?id=100063560442668&amp;__cft__[0]=AZVf0hCFSBW2mnvJoPoANrjG4o7U-_KtVLir6Z-b2oXNvHm9WEhIEFIP2GHjsHxAcqOL-v7K1e0w9ONlXAiB33qGLuJ6piFIjPzJ_uKhz4xAun_arm-FJoWRW_A3lqui2JdaOzZj7QDsIBGhzYGSbvJ6JTPk4KWlersXFA0KYLx0Wxv0VR9oZuLDY9w-3SWySAlSBQkklrpIH_5-9jHunKfyEkCH43uYJ6Ypbx8ovHkXhw&amp;__tn__=-]K-y-R\">Cryo&rsquo;one VB<\/a>S.A Badet SCI L\u2019IMMOBILIERE<\/p>\n\n\n\n<p><\/p>\n\n\n\n<figure class=\"wp-block-image size-full\"><a href=\"https:\/\/www.montceautriathlon.com\/blog\/wp-content\/uploads\/2025\/12\/telethon.jpg\"><img data-attachment-id=\"8516\" data-permalink=\"https:\/\/www.montceautriathlon.com\/blog\/2025\/12\/05\/relevez-le-defi\/telethon\/\" data-orig-file=\"https:\/\/www.montceautriathlon.com\/blog\/wp-content\/uploads\/2025\/12\/telethon.jpg\" data-orig-size=\"560,791\" data-comments-opened=\"1\" data-image-meta=\"{&quot;aperture&quot;:&quot;0&quot;,&quot;credit&quot;:&quot;&quot;,&quot;camera&quot;:&quot;&quot;,&quot;caption&quot;:&quot;&quot;,&quot;created_timestamp&quot;:&quot;0&quot;,&quot;copyright&quot;:&quot;&quot;,&quot;focal_length&quot;:&quot;0&quot;,&quot;iso&quot;:&quot;0&quot;,&quot;shutter_speed&quot;:&quot;0&quot;,&quot;title&quot;:&quot;&quot;,&quot;orientation&quot;:&quot;0&quot;}\" data-image-title=\"telethon\" data-image-description=\"\" data-image-caption=\"\" data-medium-file=\"https:\/\/www.montceautriathlon.com\/blog\/wp-content\/uploads\/2025\/12\/telethon-212x300.jpg\" data-large-file=\"https:\/\/www.montceautriathlon.com\/blog\/wp-content\/uploads\/2025\/12\/telethon.jpg\" loading=\"lazy\" width=\"560\" height=\"791\" src=\"https:\/\/www.montceautriathlon.com\/blog\/wp-content\/uploads\/2025\/12\/telethon.jpg\" alt=\"\" class=\"wp-image-8516\" srcset=\"https:\/\/www.montceautriathlon.com\/blog\/wp-content\/uploads\/2025\/12\/telethon.jpg 560w, https:\/\/www.montceautriathlon.com\/blog\/wp-content\/uploads\/2025\/12\/telethon-212x300.jpg 212w\" sizes=\"(max-width: 560px) 100vw, 560px\" \/><\/a><\/figure>\n\n\n\n<p><\/p>\n","protected":false},"excerpt":{"rendered":"<p>Montceau Triathlon vous lance un challenge : 24 heures de v\u00e9lo sur home-trainer, pour parcourir un maximum de kilom\u00e8tres au profit du T\u00e9l\u00e9thon ! Que vous soyez licenci\u00e9 du club, passionn\u00e9 de sport, simple curieux ou juste quelqu\u2019un qui souhaite faire une bonne action, vous \u00eates les bienvenus! Pas besoin d\u2019\u00eatre un champion : chacun [&hellip;]<\/p>\n","protected":false},"author":7,"featured_media":8516,"comment_status":"open","ping_status":"open","sticky":false,"template":"","format":"standard","meta":{"spay_email":"","jetpack_publicize_message":"","jetpack_is_tweetstorm":false},"categories":[1],"tags":[],"jetpack_featured_media_url":"https:\/\/www.montceautriathlon.com\/blog\/wp-content\/uploads\/2025\/12\/telethon.jpg","jetpack_publicize_connections":[],"jetpack_sharing_enabled":true,"jetpack_shortlink":"https:\/\/wp.me\/p8bwIy-2dl","jetpack-related-posts":[{"id":8069,"url":"https:\/\/www.montceautriathlon.com\/blog\/2025\/08\/27\/montceau-triathlon-cest-la-rentree\/","url_meta":{"origin":8515,"position":0},"title":"Montceau triathlon: c&rsquo;est la rentr\u00e9e","date":"27 ao\u00fbt 2025","format":false,"excerpt":"Que vous soyez \u00e0 la recherche d'une activit\u00e9\u00a0ludique pour vos enfants, d'une pratique de loisir ou de comp\u00e9tition, notre club a une place pour chacun. Avec une seule licence, vous pouvez\u00a0pratiquer\u00a03 disciplines: la natation, le v\u00e9lo et la course\u00a0\u00e0 pied mais aussi le home trainer et le renforcement\u00a0musculaire. Les s\u00e9ances\u2026","rel":"","context":"Dans &quot;Non class\u00e9&quot;","img":{"alt_text":"","src":"https:\/\/i2.wp.com\/www.montceautriathlon.com\/blog\/wp-content\/uploads\/2025\/08\/20250826_171719-scaled.jpg?resize=350%2C200&ssl=1","width":350,"height":200},"classes":[]},{"id":3777,"url":"https:\/\/www.montceautriathlon.com\/blog\/2020\/09\/02\/reprise-des-entrainements-saison-2020-2021-a-partir-du-7-septembre\/","url_meta":{"origin":8515,"position":1},"title":"REPRISE DES ENTRAINEMENTS SAISON 2020\/2021 \u00e0 partir du 7 septembre","date":"2 septembre 2020","format":false,"excerpt":"Il faut bien reprendre !\u00a0 Avec les mesures sanitaires contre la Covid bien entendu ! Si vous \u00eates une personne int\u00e9ress\u00e9e et qui d\u00e9couvrez cette page, vous pouvez nous rejoindre aux horaires indiqu\u00e9s pour une prise de contact. Vous pouvez nous contacter \u00e9galement\u00a0 et nous apporter un pass club pour\u2026","rel":"","context":"Dans &quot;Non class\u00e9&quot;","img":{"alt_text":"","src":"","width":0,"height":0},"classes":[]},{"id":3856,"url":"https:\/\/www.montceautriathlon.com\/blog\/2020\/09\/21\/championnats-de-france-des-liens-des-photos-des-articles\/","url_meta":{"origin":8515,"position":2},"title":"Championnats de France : des liens, des photos, des articles !","date":"21 septembre 2020","format":false,"excerpt":"A vous tous triathl\u00e8tes venus de toute la France, jeunes et moins jeunes, champions ou anonymes, ces photos des diff\u00e9rentes courses du week-end vous sont d\u00e9di\u00e9es . Encore mille mercis pour la confiance que vous nous avez accord\u00e9e par votre venue \u00e0 Montceau en ces temps compliqu\u00e9s. Bravo \u00e0 tous\u2026","rel":"","context":"Dans &quot;Non class\u00e9&quot;","img":{"alt_text":"","src":"https:\/\/i1.wp.com\/www.montceautriathlon.com\/blog\/wp-content\/uploads\/2020\/09\/IMG_7280.jpg?resize=350%2C200&ssl=1","width":350,"height":200},"classes":[]},{"id":782,"url":"https:\/\/www.montceautriathlon.com\/blog\/2016\/09\/06\/cest-egalement-la-rentree-pour-le-club-de-montceau-triathlon\/","url_meta":{"origin":8515,"position":3},"title":"C&rsquo;est \u00e9galement la rentr\u00e9e pour le club de Montceau Triathlon","date":"6 septembre 2016","format":false,"excerpt":"Les entra\u00eenements pour les jeunes reprennent: CAP : mardi 06 septembre\u00a0 (d\u00e9but de l'entra\u00eenement \u00e0\u00a018h30 devant l'entr\u00e9e du stade c\u00f4t\u00e9 Lac) NATATION : mercredi 21 septembre\u00a0(RDVS 18h ou 19h selon les groupes d'\u00e2ge \u00e0 la piscine) VELO : samedi 10 septembre (RDVS 10h sur le parking de la piscine) Les\u2026","rel":"","context":"Dans &quot;Non class\u00e9&quot;","img":{"alt_text":"","src":"","width":0,"height":0},"classes":[]},{"id":7265,"url":"https:\/\/www.montceautriathlon.com\/blog\/2024\/12\/23\/assemblee-generale\/","url_meta":{"origin":8515,"position":4},"title":"Assembl\u00e9e G\u00e9n\u00e9rale","date":"23 d\u00e9cembre 2024","format":false,"excerpt":"Pour rappel, vendredi 13 d\u00e9cembre a eu lieu notre assembl\u00e9e g\u00e9n\u00e9rale. Voici les points importants qui ont \u00e9t\u00e9 \u00e9voqu\u00e9s durant ce rassemblement , une fois les rapports moraux , financiers \u2026 approuv\u00e9s 2024 a \u00e9t\u00e9 riche en projet notamment l\u2019achat de notre MINIBUS qui nous sert d\u00e9j\u00e0 \u00e0 emmener nos\u2026","rel":"","context":"Dans &quot;Non class\u00e9&quot;","img":{"alt_text":"","src":"https:\/\/i0.wp.com\/www.montceautriathlon.com\/blog\/wp-content\/uploads\/2024\/12\/470240773_1256744798699575_4421158001058668398_n.jpg?resize=350%2C200&ssl=1","width":350,"height":200},"classes":[]},{"id":6782,"url":"https:\/\/www.montceautriathlon.com\/blog\/2024\/05\/14\/belle-reussite-de-laquathlon-photos-et-resultats\/","url_meta":{"origin":8515,"position":5},"title":"Belle r\u00e9ussite de l&rsquo;aquathlon ! photos et r\u00e9sultats","date":"14 mai 2024","format":false,"excerpt":"Les clubs qui ont r\u00e9pondu pr\u00e9sent, la m\u00e9t\u00e9o inesp\u00e9r\u00e9e il y a encore dix jours, une eau pas trop fraiche, une organisation r\u00e9ussie , des partenaires et des b\u00e9n\u00e9voles au top ont fait de cet aquathlon une nouvelle et belle r\u00e9ussite. En attendant les photos du club (qu'il faut un\u2026","rel":"","context":"Dans &quot;Non class\u00e9&quot;","img":{"alt_text":"","src":"https:\/\/i1.wp.com\/www.montceautriathlon.com\/blog\/wp-content\/uploads\/2024\/05\/5969630170670648666.jpg?resize=350%2C200&ssl=1","width":350,"height":200},"classes":[]}],"_links":{"self":[{"href":"https:\/\/www.montceautriathlon.com\/blog\/wp-json\/wp\/v2\/posts\/8515"}],"collection":[{"href":"https:\/\/www.montceautriathlon.com\/blog\/wp-json\/wp\/v2\/posts"}],"about":[{"href":"https:\/\/www.montceautriathlon.com\/blog\/wp-json\/wp\/v2\/types\/post"}],"author":[{"embeddable":true,"href":"https:\/\/www.montceautriathlon.com\/blog\/wp-json\/wp\/v2\/users\/7"}],"replies":[{"embeddable":true,"href":"https:\/\/www.montceautriathlon.com\/blog\/wp-json\/wp\/v2\/comments?post=8515"}],"version-history":[{"count":1,"href":"https:\/\/www.montceautriathlon.com\/blog\/wp-json\/wp\/v2\/posts\/8515\/revisions"}],"predecessor-version":[{"id":8517,"href":"https:\/\/www.montceautriathlon.com\/blog\/wp-json\/wp\/v2\/posts\/8515\/revisions\/8517"}],"wp:featuredmedia":[{"embeddable":true,"href":"https:\/\/www.montceautriathlon.com\/blog\/wp-json\/wp\/v2\/media\/8516"}],"wp:attachment":[{"href":"https:\/\/www.montceautriathlon.com\/blog\/wp-json\/wp\/v2\/media?parent=8515"}],"wp:term":[{"taxonomy":"category","embeddable":true,"href":"https:\/\/www.montceautriathlon.com\/blog\/wp-json\/wp\/v2\/categories?post=8515"},{"taxonomy":"post_tag","embeddable":true,"href":"https:\/\/www.montceautriathlon.com\/blog\/wp-json\/wp\/v2\/tags?post=8515"}],"curies":[{"name":"wp","href":"https:\/\/api.w.org\/{rel}","templated":true}]}}