{"id":8342,"date":"2025-10-20T10:45:14","date_gmt":"2025-10-20T09:45:14","guid":{"rendered":"https:\/\/www.montceautriathlon.com\/blog\/?p=8342"},"modified":"2025-10-20T10:45:17","modified_gmt":"2025-10-20T09:45:17","slug":"trail-du-haut-clunysois-2","status":"publish","type":"post","link":"https:\/\/www.montceautriathlon.com\/blog\/2025\/10\/20\/trail-du-haut-clunysois-2\/","title":{"rendered":"Trail du Haut Clunysois"},"content":{"rendered":"\n<p>Tir group\u00e9 pour nos triathl\u00e8tes qui franchissent la ligne d&rsquo;arriv\u00e9e du 30km du Tail du haut Clunysois ce samedi 18 octobre , quasiment ensemble. <\/p>\n\n\n\n<p>Cl\u00e9ment Detrave finit son 1r 30km en 3h30&rsquo;47 (24e senior). ;Il est suivi de pr\u00e8s par Sandrine Marchand (1e M4 en 3h30&rsquo;58) et Sanfrine Ghesqui\u00e8re en 3h30&rsquo;58 \u00e9galement (3e M3)<\/p>\n\n\n\n<figure class=\"wp-block-image size-large\"><a href=\"https:\/\/www.montceautriathlon.com\/blog\/wp-content\/uploads\/2025\/10\/568220607_1486728149034571_189632370197441856_n.jpg\"><img data-attachment-id=\"8343\" data-permalink=\"https:\/\/www.montceautriathlon.com\/blog\/2025\/10\/20\/trail-du-haut-clunysois-2\/568220607_1486728149034571_189632370197441856_n\/\" data-orig-file=\"https:\/\/www.montceautriathlon.com\/blog\/wp-content\/uploads\/2025\/10\/568220607_1486728149034571_189632370197441856_n.jpg\" data-orig-size=\"2048,1599\" data-comments-opened=\"1\" data-image-meta=\"{&quot;aperture&quot;:&quot;0&quot;,&quot;credit&quot;:&quot;&quot;,&quot;camera&quot;:&quot;&quot;,&quot;caption&quot;:&quot;&quot;,&quot;created_timestamp&quot;:&quot;0&quot;,&quot;copyright&quot;:&quot;&quot;,&quot;focal_length&quot;:&quot;0&quot;,&quot;iso&quot;:&quot;0&quot;,&quot;shutter_speed&quot;:&quot;0&quot;,&quot;title&quot;:&quot;&quot;,&quot;orientation&quot;:&quot;0&quot;}\" data-image-title=\"568220607_1486728149034571_189632370197441856_n\" data-image-description=\"\" data-image-caption=\"\" data-medium-file=\"https:\/\/www.montceautriathlon.com\/blog\/wp-content\/uploads\/2025\/10\/568220607_1486728149034571_189632370197441856_n-300x234.jpg\" data-large-file=\"https:\/\/www.montceautriathlon.com\/blog\/wp-content\/uploads\/2025\/10\/568220607_1486728149034571_189632370197441856_n-1024x800.jpg\" loading=\"lazy\" width=\"1024\" height=\"800\" src=\"https:\/\/www.montceautriathlon.com\/blog\/wp-content\/uploads\/2025\/10\/568220607_1486728149034571_189632370197441856_n-1024x800.jpg\" alt=\"\" class=\"wp-image-8343\" srcset=\"https:\/\/www.montceautriathlon.com\/blog\/wp-content\/uploads\/2025\/10\/568220607_1486728149034571_189632370197441856_n-1024x800.jpg 1024w, https:\/\/www.montceautriathlon.com\/blog\/wp-content\/uploads\/2025\/10\/568220607_1486728149034571_189632370197441856_n-300x234.jpg 300w, https:\/\/www.montceautriathlon.com\/blog\/wp-content\/uploads\/2025\/10\/568220607_1486728149034571_189632370197441856_n-768x600.jpg 768w, https:\/\/www.montceautriathlon.com\/blog\/wp-content\/uploads\/2025\/10\/568220607_1486728149034571_189632370197441856_n-1536x1199.jpg 1536w, https:\/\/www.montceautriathlon.com\/blog\/wp-content\/uploads\/2025\/10\/568220607_1486728149034571_189632370197441856_n.jpg 2048w\" sizes=\"(max-width: 1024px) 100vw, 1024px\" \/><\/a><\/figure>\n","protected":false},"excerpt":{"rendered":"<p>Tir group\u00e9 pour nos triathl\u00e8tes qui franchissent la ligne d&rsquo;arriv\u00e9e du 30km du Tail du haut Clunysois ce samedi 18 octobre , quasiment ensemble. Cl\u00e9ment Detrave finit son 1r 30km en 3h30&rsquo;47 (24e senior). ;Il est suivi de pr\u00e8s par Sandrine Marchand (1e M4 en 3h30&rsquo;58) et Sanfrine Ghesqui\u00e8re en 3h30&rsquo;58 \u00e9galement (3e M3)<\/p>\n","protected":false},"author":7,"featured_media":8343,"comment_status":"open","ping_status":"open","sticky":false,"template":"","format":"standard","meta":{"spay_email":"","jetpack_publicize_message":"","jetpack_is_tweetstorm":false},"categories":[1],"tags":[],"jetpack_featured_media_url":"https:\/\/www.montceautriathlon.com\/blog\/wp-content\/uploads\/2025\/10\/568220607_1486728149034571_189632370197441856_n.jpg","jetpack_publicize_connections":[],"jetpack_sharing_enabled":true,"jetpack_shortlink":"https:\/\/wp.me\/p8bwIy-2ay","jetpack-related-posts":[{"id":1999,"url":"https:\/\/www.montceautriathlon.com\/blog\/2018\/06\/12\/triathlon-des-cadoles-brancion-2018\/","url_meta":{"origin":8342,"position":0},"title":"Trail des Cadoles Brancion 2018","date":"12 juin 2018","format":false,"excerpt":"Notre tr\u00e8s discret mais tr\u00e8s performant trailer Cyril B\u00e9rardan termine une nouvelle fois sur le podium du 30km avec arriv\u00e9e de nuit en 2h 52' 59\" et troisi\u00e8me SEM. Bravo \u00e0 toi\u00a0 champion ! \u00a0","rel":"","context":"Dans &quot;Non class\u00e9&quot;","img":{"alt_text":"","src":"","width":0,"height":0},"classes":[]},{"id":1773,"url":"https:\/\/www.montceautriathlon.com\/blog\/2018\/03\/05\/trail-des-trois-chateaux-le-creusot-3-et-4-mars-2018\/","url_meta":{"origin":8342,"position":1},"title":"Trail des trois Ch\u00e2teaux le Creusot 3 et 4 mars 2018","date":"5 mars 2018","format":false,"excerpt":"Belle participation du club aux diff\u00e9rentes \u00e9preuves de ce week-end Creusotin. Mention sp\u00e9ciale aux f\u00e9minines avec la 1\u00e8re place de Sandrine Ghesqui\u00e8re sur le combin\u00e9(18+30KM) et la seconde de Sandrine Marchand en V1 F. Belle premi\u00e8re place aussi pour Catherine Mauro en V1F sur la nocturne du 18km.(3\u00e8me f\u00e9minine) Podium\u2026","rel":"","context":"Dans &quot;Non class\u00e9&quot;","img":{"alt_text":"","src":"","width":0,"height":0},"classes":[]},{"id":1800,"url":"https:\/\/www.montceautriathlon.com\/blog\/2018\/03\/13\/stage-jeunes-du-cub-vacances-de-fevrier\/","url_meta":{"origin":8342,"position":2},"title":"stage jeunes du club vacances de f\u00e9vrier","date":"13 mars 2018","format":false,"excerpt":"Petit retour sur les vacances, Nos petits loulous ne se sont pas repos\u00e9s tous les jours durant leurs vacances puisque le vendredi 23 f\u00e9vrier et le samedi 24 f\u00e9vrier ils \u00e9taient convi\u00e9s \u00e0 passer leurs journ\u00e9es \u00e0 l'entra\u00eenement mais pas seulement...\u00a0 C'\u00e9tait aussi un moment pour se retrouver entre copains\u2026","rel":"","context":"Dans &quot;Non class\u00e9&quot;","img":{"alt_text":"","src":"","width":0,"height":0},"classes":[]},{"id":4637,"url":"https:\/\/www.montceautriathlon.com\/blog\/2021\/10\/18\/marathon-de-paris-laurent-magnien-sous-la-barre-des-trois-heures\/","url_meta":{"origin":8342,"position":3},"title":"Marathon de Paris : Laurent Magnien sous la barre des trois heures !","date":"18 octobre 2021","format":false,"excerpt":"Super belle performance de Laurent au marathon de Paris. Objectif atteint en 2h58'34, 4'14 au kilom\u00e8tre ! R\u00e9sultat d'une tr\u00e8s bonne pr\u00e9paration. Une belle course avec un semi \u00e0 belle allure et beaucoup d'abn\u00e9gation pour continuer apr\u00e8s le seuil fatidique et douloureux des 30km, mais un mental d'acier jusqu'\u00e0 la\u2026","rel":"","context":"Dans &quot;Non class\u00e9&quot;","img":{"alt_text":"","src":"https:\/\/i1.wp.com\/www.montceautriathlon.com\/blog\/wp-content\/uploads\/2021\/10\/Laurent-M-1.jpg?resize=350%2C200&ssl=1","width":350,"height":200},"classes":[]},{"id":1591,"url":"https:\/\/www.montceautriathlon.com\/blog\/2017\/10\/22\/trail-du-haut-clunysois\/","url_meta":{"origin":8342,"position":4},"title":"Trail du Haut Clunysois (Samedi 21 octobre 2017)","date":"22 octobre 2017","format":false,"excerpt":"5 courses \u00e9taient au programme de cette belle journ\u00e9e sportive et\u00a0dans cette magnifique r\u00e9gion du Haut Clunysois, en Bourgogne du sud. Quelques triathl\u00e8tes se sont lanc\u00e9s sur le parcours \"La 28 bornes\" avec comme son nom l'indique, 28 km de course \u00e0 pied\u00a0(844MD+) en pleine nature, sur des chemins de\u2026","rel":"","context":"Dans &quot;Non class\u00e9&quot;","img":{"alt_text":"","src":"","width":0,"height":0},"classes":[]},{"id":2996,"url":"https:\/\/www.montceautriathlon.com\/blog\/2019\/07\/01\/30-06-2019ironman-nice-too-nice\/","url_meta":{"origin":8342,"position":5},"title":"30\/06\/2019,IRONMAN Nice : Too nice  !!!","date":"1 juillet 2019","format":false,"excerpt":"Elle l'a fait Nadine\u00a0 ! En compagnie de Christophe qui signe l\u00e0 une nouvelle belle performance dans la continuit\u00e9 d'Embrun ! Vous \u00eates notre premier Ironcouple ! La chaleur de ce 30 juin\u00a0 renforce votre performance m\u00eame si les distances en v\u00e9lo et en natation ont \u00e9t\u00e9 l\u00e9g\u00e8rement diminu\u00e9es !\u2026","rel":"","context":"Dans &quot;Non class\u00e9&quot;","img":{"alt_text":"","src":"https:\/\/i2.wp.com\/montceautriathlon.com\/blog\/wp-content\/uploads\/2019\/07\/Resized_20190701_143401_2844-300x300.jpg?resize=350%2C200","width":350,"height":200},"classes":[]}],"_links":{"self":[{"href":"https:\/\/www.montceautriathlon.com\/blog\/wp-json\/wp\/v2\/posts\/8342"}],"collection":[{"href":"https:\/\/www.montceautriathlon.com\/blog\/wp-json\/wp\/v2\/posts"}],"about":[{"href":"https:\/\/www.montceautriathlon.com\/blog\/wp-json\/wp\/v2\/types\/post"}],"author":[{"embeddable":true,"href":"https:\/\/www.montceautriathlon.com\/blog\/wp-json\/wp\/v2\/users\/7"}],"replies":[{"embeddable":true,"href":"https:\/\/www.montceautriathlon.com\/blog\/wp-json\/wp\/v2\/comments?post=8342"}],"version-history":[{"count":1,"href":"https:\/\/www.montceautriathlon.com\/blog\/wp-json\/wp\/v2\/posts\/8342\/revisions"}],"predecessor-version":[{"id":8344,"href":"https:\/\/www.montceautriathlon.com\/blog\/wp-json\/wp\/v2\/posts\/8342\/revisions\/8344"}],"wp:featuredmedia":[{"embeddable":true,"href":"https:\/\/www.montceautriathlon.com\/blog\/wp-json\/wp\/v2\/media\/8343"}],"wp:attachment":[{"href":"https:\/\/www.montceautriathlon.com\/blog\/wp-json\/wp\/v2\/media?parent=8342"}],"wp:term":[{"taxonomy":"category","embeddable":true,"href":"https:\/\/www.montceautriathlon.com\/blog\/wp-json\/wp\/v2\/categories?post=8342"},{"taxonomy":"post_tag","embeddable":true,"href":"https:\/\/www.montceautriathlon.com\/blog\/wp-json\/wp\/v2\/tags?post=8342"}],"curies":[{"name":"wp","href":"https:\/\/api.w.org\/{rel}","templated":true}]}}