{"id":8303,"date":"2025-10-20T09:36:36","date_gmt":"2025-10-20T08:36:36","guid":{"rendered":"https:\/\/www.montceautriathlon.com\/blog\/?p=8303"},"modified":"2025-10-20T09:51:35","modified_gmt":"2025-10-20T08:51:35","slug":"premier-week-end-doctobre-utmj-run-in-lyon-triathlon-carqueiranne","status":"publish","type":"post","link":"https:\/\/www.montceautriathlon.com\/blog\/2025\/10\/20\/premier-week-end-doctobre-utmj-run-in-lyon-triathlon-carqueiranne\/","title":{"rendered":"Premier week end d&rsquo;Octobre: UTMJ, Run in Lyon, Triathlon Carqueiranne, cyclathlon des Bizots"},"content":{"rendered":"\n<p>Samedi 4 octobre, 2 triathl\u00e8tes montcelliens ont d\u00e9fi\u00e9 le mauvais temps dans les montagnes du Jura.<\/p>\n\n\n\n<p>Sandrine Ghesqui\u00e8re s&rsquo;est engag\u00e9e sur le 105km de l&rsquo;ultra trail des montagnes du Jura. Apr\u00e8s un changement de parcours \u00e0 la derni\u00e8re minute \u00e0 cause de conditions trop dangereuses, , Sandrine boucle les 90km et 4000m de D+ en 14h45. Apr\u00e8s un arbitraire calcul et des p\u00e9nalit\u00e9s de temps rajout\u00e9s \u00e0 ceux qui n&rsquo;ont pas fait la boucle dangereuse, Sandrine sera class\u00e9e 6e en M3.<\/p>\n\n\n\n<p>Sur le 75km, Nicolas Vinck a brav\u00e9 les m\u00eames conditions m\u00e9t\u00e9o, et malgr\u00e9 la difficult\u00e9 de l&rsquo;exercice, il est finisher en 11h33, lui offrant une 63e place de sa cat\u00e9gorie et 358e au g\u00e9n\u00e9ral.<\/p>\n\n\n\n<p>Dimanche 5 octobre, sous le soleil lyonnais et au terme d&rsquo;un aller retour le long du Rh\u00f4ne, S\u00e9bastien Toneatti termine le marathon de Lyon en 3h44.<\/p>\n\n\n\n<p>Ce m\u00eame jour, Claude Monnet a fait des km des trouver un peu de soleil et faire le triathlon M de Carqueiranne. Il franchit la ligne d&rsquo;arriv\u00e9e en 2h53, le classant 125e au scratch.<\/p>\n\n\n\n<p>A quelques km de la \u00ab\u00a0maison\u00a0\u00bb, des triathl\u00e8tes se sont retrouv\u00e9s aux Bizots pour le traditionnel cyclathlon , parcours de course \u00e0 pied exigeant de 9km suivi par 3 boucles de v\u00e9lo tout aussi difficiles de 26km au total.<\/p>\n\n\n\n<p> En individuel, Laurent Beausoleil est au pied du podium en 1h24. Alice Vaury remporte la m\u00e9daille d&rsquo;or en 1h43. Florentin Bonnetain, victime d&rsquo;une grosse entorse est contraint \u00e0 l&rsquo;abandon. En \u00e9quipes Laurent Boyer et pascal Denier sont 10e en 1h28. Charline Berthier et Alexis Bonnardot montent sur la 2e marche du podium en 1h22.<\/p>\n\n\n\n<p><\/p>\n\n\n\n<p><\/p>\n\n\n\n<figure class=\"wp-block-gallery columns-3 is-cropped\"><ul data-carousel-extra='{\"blog_id\":1,\"permalink\":\"https:\\\/\\\/www.montceautriathlon.com\\\/blog\\\/2025\\\/10\\\/20\\\/premier-week-end-doctobre-utmj-run-in-lyon-triathlon-carqueiranne\\\/\"}' class=\"blocks-gallery-grid\"><li class=\"blocks-gallery-item\"><figure><a href=\"https:\/\/www.montceautriathlon.com\/blog\/wp-content\/uploads\/2025\/10\/557631916_1475547130152673_3456787342652215925_n-790x1024.jpg\"><img data-attachment-id=\"8304\" data-permalink=\"https:\/\/www.montceautriathlon.com\/blog\/2025\/10\/20\/premier-week-end-doctobre-utmj-run-in-lyon-triathlon-carqueiranne\/557631916_1475547130152673_3456787342652215925_n\/\" data-orig-file=\"https:\/\/www.montceautriathlon.com\/blog\/wp-content\/uploads\/2025\/10\/557631916_1475547130152673_3456787342652215925_n.jpg\" data-orig-size=\"1145,1485\" data-comments-opened=\"1\" data-image-meta=\"{&quot;aperture&quot;:&quot;0&quot;,&quot;credit&quot;:&quot;&quot;,&quot;camera&quot;:&quot;&quot;,&quot;caption&quot;:&quot;&quot;,&quot;created_timestamp&quot;:&quot;0&quot;,&quot;copyright&quot;:&quot;&quot;,&quot;focal_length&quot;:&quot;0&quot;,&quot;iso&quot;:&quot;0&quot;,&quot;shutter_speed&quot;:&quot;0&quot;,&quot;title&quot;:&quot;&quot;,&quot;orientation&quot;:&quot;0&quot;}\" data-image-title=\"557631916_1475547130152673_3456787342652215925_n\" data-image-description=\"\" data-image-caption=\"\" data-medium-file=\"https:\/\/www.montceautriathlon.com\/blog\/wp-content\/uploads\/2025\/10\/557631916_1475547130152673_3456787342652215925_n-231x300.jpg\" data-large-file=\"https:\/\/www.montceautriathlon.com\/blog\/wp-content\/uploads\/2025\/10\/557631916_1475547130152673_3456787342652215925_n-790x1024.jpg\" loading=\"lazy\" width=\"790\" height=\"1024\" src=\"https:\/\/www.montceautriathlon.com\/blog\/wp-content\/uploads\/2025\/10\/557631916_1475547130152673_3456787342652215925_n-790x1024.jpg\" alt=\"\" data-id=\"8304\" data-link=\"https:\/\/www.montceautriathlon.com\/blog\/?attachment_id=8304\" class=\"wp-image-8304\" srcset=\"https:\/\/www.montceautriathlon.com\/blog\/wp-content\/uploads\/2025\/10\/557631916_1475547130152673_3456787342652215925_n-790x1024.jpg 790w, https:\/\/www.montceautriathlon.com\/blog\/wp-content\/uploads\/2025\/10\/557631916_1475547130152673_3456787342652215925_n-231x300.jpg 231w, https:\/\/www.montceautriathlon.com\/blog\/wp-content\/uploads\/2025\/10\/557631916_1475547130152673_3456787342652215925_n-768x996.jpg 768w, https:\/\/www.montceautriathlon.com\/blog\/wp-content\/uploads\/2025\/10\/557631916_1475547130152673_3456787342652215925_n.jpg 1145w\" sizes=\"(max-width: 790px) 100vw, 790px\" \/><\/a><\/figure><\/li><li class=\"blocks-gallery-item\"><figure><a href=\"https:\/\/www.montceautriathlon.com\/blog\/wp-content\/uploads\/2025\/10\/557627006_1475547036819349_1482768636330121517_n-768x1024.jpg\"><img data-attachment-id=\"8305\" data-permalink=\"https:\/\/www.montceautriathlon.com\/blog\/2025\/10\/20\/premier-week-end-doctobre-utmj-run-in-lyon-triathlon-carqueiranne\/557627006_1475547036819349_1482768636330121517_n\/\" data-orig-file=\"https:\/\/www.montceautriathlon.com\/blog\/wp-content\/uploads\/2025\/10\/557627006_1475547036819349_1482768636330121517_n.jpg\" data-orig-size=\"1200,1600\" data-comments-opened=\"1\" data-image-meta=\"{&quot;aperture&quot;:&quot;0&quot;,&quot;credit&quot;:&quot;&quot;,&quot;camera&quot;:&quot;&quot;,&quot;caption&quot;:&quot;&quot;,&quot;created_timestamp&quot;:&quot;0&quot;,&quot;copyright&quot;:&quot;&quot;,&quot;focal_length&quot;:&quot;0&quot;,&quot;iso&quot;:&quot;0&quot;,&quot;shutter_speed&quot;:&quot;0&quot;,&quot;title&quot;:&quot;&quot;,&quot;orientation&quot;:&quot;0&quot;}\" data-image-title=\"557627006_1475547036819349_1482768636330121517_n\" data-image-description=\"\" data-image-caption=\"\" data-medium-file=\"https:\/\/www.montceautriathlon.com\/blog\/wp-content\/uploads\/2025\/10\/557627006_1475547036819349_1482768636330121517_n-225x300.jpg\" data-large-file=\"https:\/\/www.montceautriathlon.com\/blog\/wp-content\/uploads\/2025\/10\/557627006_1475547036819349_1482768636330121517_n-768x1024.jpg\" loading=\"lazy\" width=\"768\" height=\"1024\" src=\"https:\/\/www.montceautriathlon.com\/blog\/wp-content\/uploads\/2025\/10\/557627006_1475547036819349_1482768636330121517_n-768x1024.jpg\" alt=\"\" data-id=\"8305\" data-link=\"https:\/\/www.montceautriathlon.com\/blog\/?attachment_id=8305\" class=\"wp-image-8305\" srcset=\"https:\/\/www.montceautriathlon.com\/blog\/wp-content\/uploads\/2025\/10\/557627006_1475547036819349_1482768636330121517_n-768x1024.jpg 768w, https:\/\/www.montceautriathlon.com\/blog\/wp-content\/uploads\/2025\/10\/557627006_1475547036819349_1482768636330121517_n-225x300.jpg 225w, https:\/\/www.montceautriathlon.com\/blog\/wp-content\/uploads\/2025\/10\/557627006_1475547036819349_1482768636330121517_n-1152x1536.jpg 1152w, https:\/\/www.montceautriathlon.com\/blog\/wp-content\/uploads\/2025\/10\/557627006_1475547036819349_1482768636330121517_n.jpg 1200w\" sizes=\"(max-width: 768px) 100vw, 768px\" \/><\/a><\/figure><\/li><li class=\"blocks-gallery-item\"><figure><a href=\"https:\/\/www.montceautriathlon.com\/blog\/wp-content\/uploads\/2025\/10\/557591444_1475547083486011_2678596588480164001_n-768x1024.jpg\"><img data-attachment-id=\"8306\" data-permalink=\"https:\/\/www.montceautriathlon.com\/blog\/2025\/10\/20\/premier-week-end-doctobre-utmj-run-in-lyon-triathlon-carqueiranne\/557591444_1475547083486011_2678596588480164001_n\/\" data-orig-file=\"https:\/\/www.montceautriathlon.com\/blog\/wp-content\/uploads\/2025\/10\/557591444_1475547083486011_2678596588480164001_n.jpg\" data-orig-size=\"1200,1600\" data-comments-opened=\"1\" data-image-meta=\"{&quot;aperture&quot;:&quot;0&quot;,&quot;credit&quot;:&quot;&quot;,&quot;camera&quot;:&quot;&quot;,&quot;caption&quot;:&quot;&quot;,&quot;created_timestamp&quot;:&quot;0&quot;,&quot;copyright&quot;:&quot;&quot;,&quot;focal_length&quot;:&quot;0&quot;,&quot;iso&quot;:&quot;0&quot;,&quot;shutter_speed&quot;:&quot;0&quot;,&quot;title&quot;:&quot;&quot;,&quot;orientation&quot;:&quot;0&quot;}\" data-image-title=\"557591444_1475547083486011_2678596588480164001_n\" data-image-description=\"\" data-image-caption=\"\" data-medium-file=\"https:\/\/www.montceautriathlon.com\/blog\/wp-content\/uploads\/2025\/10\/557591444_1475547083486011_2678596588480164001_n-225x300.jpg\" data-large-file=\"https:\/\/www.montceautriathlon.com\/blog\/wp-content\/uploads\/2025\/10\/557591444_1475547083486011_2678596588480164001_n-768x1024.jpg\" loading=\"lazy\" width=\"768\" height=\"1024\" src=\"https:\/\/www.montceautriathlon.com\/blog\/wp-content\/uploads\/2025\/10\/557591444_1475547083486011_2678596588480164001_n-768x1024.jpg\" alt=\"\" data-id=\"8306\" data-link=\"https:\/\/www.montceautriathlon.com\/blog\/?attachment_id=8306\" class=\"wp-image-8306\" srcset=\"https:\/\/www.montceautriathlon.com\/blog\/wp-content\/uploads\/2025\/10\/557591444_1475547083486011_2678596588480164001_n-768x1024.jpg 768w, https:\/\/www.montceautriathlon.com\/blog\/wp-content\/uploads\/2025\/10\/557591444_1475547083486011_2678596588480164001_n-225x300.jpg 225w, https:\/\/www.montceautriathlon.com\/blog\/wp-content\/uploads\/2025\/10\/557591444_1475547083486011_2678596588480164001_n-1152x1536.jpg 1152w, https:\/\/www.montceautriathlon.com\/blog\/wp-content\/uploads\/2025\/10\/557591444_1475547083486011_2678596588480164001_n.jpg 1200w\" sizes=\"(max-width: 768px) 100vw, 768px\" \/><\/a><\/figure><\/li><li class=\"blocks-gallery-item\"><figure><a href=\"https:\/\/www.montceautriathlon.com\/blog\/wp-content\/uploads\/2025\/10\/559005303_1475547100152676_5257433428016610401_n-1024x768.jpg\"><img data-attachment-id=\"8307\" data-permalink=\"https:\/\/www.montceautriathlon.com\/blog\/2025\/10\/20\/premier-week-end-doctobre-utmj-run-in-lyon-triathlon-carqueiranne\/559005303_1475547100152676_5257433428016610401_n\/\" data-orig-file=\"https:\/\/www.montceautriathlon.com\/blog\/wp-content\/uploads\/2025\/10\/559005303_1475547100152676_5257433428016610401_n.jpg\" data-orig-size=\"1600,1200\" data-comments-opened=\"1\" data-image-meta=\"{&quot;aperture&quot;:&quot;0&quot;,&quot;credit&quot;:&quot;&quot;,&quot;camera&quot;:&quot;&quot;,&quot;caption&quot;:&quot;&quot;,&quot;created_timestamp&quot;:&quot;0&quot;,&quot;copyright&quot;:&quot;&quot;,&quot;focal_length&quot;:&quot;0&quot;,&quot;iso&quot;:&quot;0&quot;,&quot;shutter_speed&quot;:&quot;0&quot;,&quot;title&quot;:&quot;&quot;,&quot;orientation&quot;:&quot;0&quot;}\" data-image-title=\"559005303_1475547100152676_5257433428016610401_n\" data-image-description=\"\" data-image-caption=\"\" data-medium-file=\"https:\/\/www.montceautriathlon.com\/blog\/wp-content\/uploads\/2025\/10\/559005303_1475547100152676_5257433428016610401_n-300x225.jpg\" data-large-file=\"https:\/\/www.montceautriathlon.com\/blog\/wp-content\/uploads\/2025\/10\/559005303_1475547100152676_5257433428016610401_n-1024x768.jpg\" loading=\"lazy\" width=\"1024\" height=\"768\" src=\"https:\/\/www.montceautriathlon.com\/blog\/wp-content\/uploads\/2025\/10\/559005303_1475547100152676_5257433428016610401_n-1024x768.jpg\" alt=\"\" data-id=\"8307\" data-link=\"https:\/\/www.montceautriathlon.com\/blog\/?attachment_id=8307\" class=\"wp-image-8307\" srcset=\"https:\/\/www.montceautriathlon.com\/blog\/wp-content\/uploads\/2025\/10\/559005303_1475547100152676_5257433428016610401_n-1024x768.jpg 1024w, https:\/\/www.montceautriathlon.com\/blog\/wp-content\/uploads\/2025\/10\/559005303_1475547100152676_5257433428016610401_n-300x225.jpg 300w, https:\/\/www.montceautriathlon.com\/blog\/wp-content\/uploads\/2025\/10\/559005303_1475547100152676_5257433428016610401_n-768x576.jpg 768w, https:\/\/www.montceautriathlon.com\/blog\/wp-content\/uploads\/2025\/10\/559005303_1475547100152676_5257433428016610401_n-1536x1152.jpg 1536w, https:\/\/www.montceautriathlon.com\/blog\/wp-content\/uploads\/2025\/10\/559005303_1475547100152676_5257433428016610401_n.jpg 1600w\" sizes=\"(max-width: 1024px) 100vw, 1024px\" \/><\/a><\/figure><\/li><li class=\"blocks-gallery-item\"><figure><a href=\"https:\/\/www.montceautriathlon.com\/blog\/wp-content\/uploads\/2025\/10\/557672469_1475547163486003_1022478186446264562_n-768x1024.jpg\"><img data-attachment-id=\"8308\" data-permalink=\"https:\/\/www.montceautriathlon.com\/blog\/2025\/10\/20\/premier-week-end-doctobre-utmj-run-in-lyon-triathlon-carqueiranne\/557672469_1475547163486003_1022478186446264562_n\/\" data-orig-file=\"https:\/\/www.montceautriathlon.com\/blog\/wp-content\/uploads\/2025\/10\/557672469_1475547163486003_1022478186446264562_n.jpg\" data-orig-size=\"1200,1600\" data-comments-opened=\"1\" data-image-meta=\"{&quot;aperture&quot;:&quot;0&quot;,&quot;credit&quot;:&quot;&quot;,&quot;camera&quot;:&quot;&quot;,&quot;caption&quot;:&quot;&quot;,&quot;created_timestamp&quot;:&quot;0&quot;,&quot;copyright&quot;:&quot;&quot;,&quot;focal_length&quot;:&quot;0&quot;,&quot;iso&quot;:&quot;0&quot;,&quot;shutter_speed&quot;:&quot;0&quot;,&quot;title&quot;:&quot;&quot;,&quot;orientation&quot;:&quot;0&quot;}\" data-image-title=\"557672469_1475547163486003_1022478186446264562_n\" data-image-description=\"\" data-image-caption=\"\" data-medium-file=\"https:\/\/www.montceautriathlon.com\/blog\/wp-content\/uploads\/2025\/10\/557672469_1475547163486003_1022478186446264562_n-225x300.jpg\" data-large-file=\"https:\/\/www.montceautriathlon.com\/blog\/wp-content\/uploads\/2025\/10\/557672469_1475547163486003_1022478186446264562_n-768x1024.jpg\" loading=\"lazy\" width=\"768\" height=\"1024\" src=\"https:\/\/www.montceautriathlon.com\/blog\/wp-content\/uploads\/2025\/10\/557672469_1475547163486003_1022478186446264562_n-768x1024.jpg\" alt=\"\" data-id=\"8308\" data-link=\"https:\/\/www.montceautriathlon.com\/blog\/?attachment_id=8308\" class=\"wp-image-8308\" srcset=\"https:\/\/www.montceautriathlon.com\/blog\/wp-content\/uploads\/2025\/10\/557672469_1475547163486003_1022478186446264562_n-768x1024.jpg 768w, https:\/\/www.montceautriathlon.com\/blog\/wp-content\/uploads\/2025\/10\/557672469_1475547163486003_1022478186446264562_n-225x300.jpg 225w, https:\/\/www.montceautriathlon.com\/blog\/wp-content\/uploads\/2025\/10\/557672469_1475547163486003_1022478186446264562_n-1152x1536.jpg 1152w, https:\/\/www.montceautriathlon.com\/blog\/wp-content\/uploads\/2025\/10\/557672469_1475547163486003_1022478186446264562_n.jpg 1200w\" sizes=\"(max-width: 768px) 100vw, 768px\" \/><\/a><\/figure><\/li><li class=\"blocks-gallery-item\"><figure><a href=\"https:\/\/www.montceautriathlon.com\/blog\/wp-content\/uploads\/2025\/10\/557628416_1475547053486014_3021869124093146613_n-1-768x1024.jpg\"><img data-attachment-id=\"8310\" data-permalink=\"https:\/\/www.montceautriathlon.com\/blog\/2025\/10\/20\/premier-week-end-doctobre-utmj-run-in-lyon-triathlon-carqueiranne\/557628416_1475547053486014_3021869124093146613_n-1\/\" data-orig-file=\"https:\/\/www.montceautriathlon.com\/blog\/wp-content\/uploads\/2025\/10\/557628416_1475547053486014_3021869124093146613_n-1.jpg\" data-orig-size=\"1200,1600\" data-comments-opened=\"1\" data-image-meta=\"{&quot;aperture&quot;:&quot;0&quot;,&quot;credit&quot;:&quot;&quot;,&quot;camera&quot;:&quot;&quot;,&quot;caption&quot;:&quot;&quot;,&quot;created_timestamp&quot;:&quot;0&quot;,&quot;copyright&quot;:&quot;&quot;,&quot;focal_length&quot;:&quot;0&quot;,&quot;iso&quot;:&quot;0&quot;,&quot;shutter_speed&quot;:&quot;0&quot;,&quot;title&quot;:&quot;&quot;,&quot;orientation&quot;:&quot;0&quot;}\" data-image-title=\"557628416_1475547053486014_3021869124093146613_n-1\" data-image-description=\"\" data-image-caption=\"\" data-medium-file=\"https:\/\/www.montceautriathlon.com\/blog\/wp-content\/uploads\/2025\/10\/557628416_1475547053486014_3021869124093146613_n-1-225x300.jpg\" data-large-file=\"https:\/\/www.montceautriathlon.com\/blog\/wp-content\/uploads\/2025\/10\/557628416_1475547053486014_3021869124093146613_n-1-768x1024.jpg\" loading=\"lazy\" width=\"768\" height=\"1024\" src=\"https:\/\/www.montceautriathlon.com\/blog\/wp-content\/uploads\/2025\/10\/557628416_1475547053486014_3021869124093146613_n-1-768x1024.jpg\" alt=\"\" data-id=\"8310\" data-link=\"https:\/\/www.montceautriathlon.com\/blog\/?attachment_id=8310\" class=\"wp-image-8310\" srcset=\"https:\/\/www.montceautriathlon.com\/blog\/wp-content\/uploads\/2025\/10\/557628416_1475547053486014_3021869124093146613_n-1-768x1024.jpg 768w, https:\/\/www.montceautriathlon.com\/blog\/wp-content\/uploads\/2025\/10\/557628416_1475547053486014_3021869124093146613_n-1-225x300.jpg 225w, https:\/\/www.montceautriathlon.com\/blog\/wp-content\/uploads\/2025\/10\/557628416_1475547053486014_3021869124093146613_n-1-1152x1536.jpg 1152w, https:\/\/www.montceautriathlon.com\/blog\/wp-content\/uploads\/2025\/10\/557628416_1475547053486014_3021869124093146613_n-1.jpg 1200w\" sizes=\"(max-width: 768px) 100vw, 768px\" \/><\/a><\/figure><\/li><li class=\"blocks-gallery-item\"><figure><a href=\"https:\/\/www.montceautriathlon.com\/blog\/wp-content\/uploads\/2025\/10\/557646269_1475558793484840_3954317400163364177_n-493x1024.jpg\"><img data-attachment-id=\"8311\" data-permalink=\"https:\/\/www.montceautriathlon.com\/blog\/2025\/10\/20\/premier-week-end-doctobre-utmj-run-in-lyon-triathlon-carqueiranne\/557646269_1475558793484840_3954317400163364177_n\/\" data-orig-file=\"https:\/\/www.montceautriathlon.com\/blog\/wp-content\/uploads\/2025\/10\/557646269_1475558793484840_3954317400163364177_n.jpg\" data-orig-size=\"673,1397\" data-comments-opened=\"1\" data-image-meta=\"{&quot;aperture&quot;:&quot;0&quot;,&quot;credit&quot;:&quot;&quot;,&quot;camera&quot;:&quot;&quot;,&quot;caption&quot;:&quot;&quot;,&quot;created_timestamp&quot;:&quot;0&quot;,&quot;copyright&quot;:&quot;&quot;,&quot;focal_length&quot;:&quot;0&quot;,&quot;iso&quot;:&quot;0&quot;,&quot;shutter_speed&quot;:&quot;0&quot;,&quot;title&quot;:&quot;&quot;,&quot;orientation&quot;:&quot;0&quot;}\" data-image-title=\"557646269_1475558793484840_3954317400163364177_n\" data-image-description=\"\" data-image-caption=\"\" data-medium-file=\"https:\/\/www.montceautriathlon.com\/blog\/wp-content\/uploads\/2025\/10\/557646269_1475558793484840_3954317400163364177_n-145x300.jpg\" data-large-file=\"https:\/\/www.montceautriathlon.com\/blog\/wp-content\/uploads\/2025\/10\/557646269_1475558793484840_3954317400163364177_n-493x1024.jpg\" loading=\"lazy\" width=\"493\" height=\"1024\" src=\"https:\/\/www.montceautriathlon.com\/blog\/wp-content\/uploads\/2025\/10\/557646269_1475558793484840_3954317400163364177_n-493x1024.jpg\" alt=\"\" data-id=\"8311\" data-link=\"https:\/\/www.montceautriathlon.com\/blog\/?attachment_id=8311\" class=\"wp-image-8311\" srcset=\"https:\/\/www.montceautriathlon.com\/blog\/wp-content\/uploads\/2025\/10\/557646269_1475558793484840_3954317400163364177_n-493x1024.jpg 493w, https:\/\/www.montceautriathlon.com\/blog\/wp-content\/uploads\/2025\/10\/557646269_1475558793484840_3954317400163364177_n-145x300.jpg 145w, https:\/\/www.montceautriathlon.com\/blog\/wp-content\/uploads\/2025\/10\/557646269_1475558793484840_3954317400163364177_n.jpg 673w\" sizes=\"(max-width: 493px) 100vw, 493px\" \/><\/a><\/figure><\/li><li class=\"blocks-gallery-item\"><figure><a href=\"https:\/\/www.montceautriathlon.com\/blog\/wp-content\/uploads\/2025\/10\/557642104_1475656513475068_5211544675592258598_n-768x1024.jpg\"><img data-attachment-id=\"8315\" data-permalink=\"https:\/\/www.montceautriathlon.com\/blog\/2025\/10\/20\/premier-week-end-doctobre-utmj-run-in-lyon-triathlon-carqueiranne\/557642104_1475656513475068_5211544675592258598_n\/\" data-orig-file=\"https:\/\/www.montceautriathlon.com\/blog\/wp-content\/uploads\/2025\/10\/557642104_1475656513475068_5211544675592258598_n.jpg\" data-orig-size=\"1200,1600\" data-comments-opened=\"1\" data-image-meta=\"{&quot;aperture&quot;:&quot;0&quot;,&quot;credit&quot;:&quot;&quot;,&quot;camera&quot;:&quot;&quot;,&quot;caption&quot;:&quot;&quot;,&quot;created_timestamp&quot;:&quot;0&quot;,&quot;copyright&quot;:&quot;&quot;,&quot;focal_length&quot;:&quot;0&quot;,&quot;iso&quot;:&quot;0&quot;,&quot;shutter_speed&quot;:&quot;0&quot;,&quot;title&quot;:&quot;&quot;,&quot;orientation&quot;:&quot;0&quot;}\" data-image-title=\"557642104_1475656513475068_5211544675592258598_n\" data-image-description=\"\" data-image-caption=\"\" data-medium-file=\"https:\/\/www.montceautriathlon.com\/blog\/wp-content\/uploads\/2025\/10\/557642104_1475656513475068_5211544675592258598_n-225x300.jpg\" data-large-file=\"https:\/\/www.montceautriathlon.com\/blog\/wp-content\/uploads\/2025\/10\/557642104_1475656513475068_5211544675592258598_n-768x1024.jpg\" loading=\"lazy\" width=\"768\" height=\"1024\" src=\"https:\/\/www.montceautriathlon.com\/blog\/wp-content\/uploads\/2025\/10\/557642104_1475656513475068_5211544675592258598_n-768x1024.jpg\" alt=\"\" data-id=\"8315\" data-link=\"https:\/\/www.montceautriathlon.com\/blog\/2025\/10\/20\/premier-week-end-doctobre-utmj-run-in-lyon-triathlon-carqueiranne\/557642104_1475656513475068_5211544675592258598_n\/\" class=\"wp-image-8315\" srcset=\"https:\/\/www.montceautriathlon.com\/blog\/wp-content\/uploads\/2025\/10\/557642104_1475656513475068_5211544675592258598_n-768x1024.jpg 768w, https:\/\/www.montceautriathlon.com\/blog\/wp-content\/uploads\/2025\/10\/557642104_1475656513475068_5211544675592258598_n-225x300.jpg 225w, https:\/\/www.montceautriathlon.com\/blog\/wp-content\/uploads\/2025\/10\/557642104_1475656513475068_5211544675592258598_n-1152x1536.jpg 1152w, https:\/\/www.montceautriathlon.com\/blog\/wp-content\/uploads\/2025\/10\/557642104_1475656513475068_5211544675592258598_n.jpg 1200w\" sizes=\"(max-width: 768px) 100vw, 768px\" \/><\/a><\/figure><\/li><li class=\"blocks-gallery-item\"><figure><a href=\"https:\/\/www.montceautriathlon.com\/blog\/wp-content\/uploads\/2025\/10\/560095508_1475656560141730_5851826218588905202_n-768x1024.jpg\"><img data-attachment-id=\"8316\" data-permalink=\"https:\/\/www.montceautriathlon.com\/blog\/2025\/10\/20\/premier-week-end-doctobre-utmj-run-in-lyon-triathlon-carqueiranne\/560095508_1475656560141730_5851826218588905202_n\/\" data-orig-file=\"https:\/\/www.montceautriathlon.com\/blog\/wp-content\/uploads\/2025\/10\/560095508_1475656560141730_5851826218588905202_n.jpg\" data-orig-size=\"1200,1600\" data-comments-opened=\"1\" data-image-meta=\"{&quot;aperture&quot;:&quot;0&quot;,&quot;credit&quot;:&quot;&quot;,&quot;camera&quot;:&quot;&quot;,&quot;caption&quot;:&quot;&quot;,&quot;created_timestamp&quot;:&quot;0&quot;,&quot;copyright&quot;:&quot;&quot;,&quot;focal_length&quot;:&quot;0&quot;,&quot;iso&quot;:&quot;0&quot;,&quot;shutter_speed&quot;:&quot;0&quot;,&quot;title&quot;:&quot;&quot;,&quot;orientation&quot;:&quot;0&quot;}\" data-image-title=\"560095508_1475656560141730_5851826218588905202_n\" data-image-description=\"\" data-image-caption=\"\" data-medium-file=\"https:\/\/www.montceautriathlon.com\/blog\/wp-content\/uploads\/2025\/10\/560095508_1475656560141730_5851826218588905202_n-225x300.jpg\" data-large-file=\"https:\/\/www.montceautriathlon.com\/blog\/wp-content\/uploads\/2025\/10\/560095508_1475656560141730_5851826218588905202_n-768x1024.jpg\" loading=\"lazy\" width=\"768\" height=\"1024\" src=\"https:\/\/www.montceautriathlon.com\/blog\/wp-content\/uploads\/2025\/10\/560095508_1475656560141730_5851826218588905202_n-768x1024.jpg\" alt=\"\" data-id=\"8316\" data-link=\"https:\/\/www.montceautriathlon.com\/blog\/2025\/10\/20\/premier-week-end-doctobre-utmj-run-in-lyon-triathlon-carqueiranne\/560095508_1475656560141730_5851826218588905202_n\/\" class=\"wp-image-8316\" srcset=\"https:\/\/www.montceautriathlon.com\/blog\/wp-content\/uploads\/2025\/10\/560095508_1475656560141730_5851826218588905202_n-768x1024.jpg 768w, https:\/\/www.montceautriathlon.com\/blog\/wp-content\/uploads\/2025\/10\/560095508_1475656560141730_5851826218588905202_n-225x300.jpg 225w, https:\/\/www.montceautriathlon.com\/blog\/wp-content\/uploads\/2025\/10\/560095508_1475656560141730_5851826218588905202_n-1152x1536.jpg 1152w, https:\/\/www.montceautriathlon.com\/blog\/wp-content\/uploads\/2025\/10\/560095508_1475656560141730_5851826218588905202_n.jpg 1200w\" sizes=\"(max-width: 768px) 100vw, 768px\" \/><\/a><\/figure><\/li><li class=\"blocks-gallery-item\"><figure><a href=\"https:\/\/www.montceautriathlon.com\/blog\/wp-content\/uploads\/2025\/10\/557634246_1475656593475060_7056271666525174455_n-768x1024.jpg\"><img data-attachment-id=\"8317\" data-permalink=\"https:\/\/www.montceautriathlon.com\/blog\/2025\/10\/20\/premier-week-end-doctobre-utmj-run-in-lyon-triathlon-carqueiranne\/557634246_1475656593475060_7056271666525174455_n\/\" data-orig-file=\"https:\/\/www.montceautriathlon.com\/blog\/wp-content\/uploads\/2025\/10\/557634246_1475656593475060_7056271666525174455_n.jpg\" data-orig-size=\"1200,1600\" data-comments-opened=\"1\" data-image-meta=\"{&quot;aperture&quot;:&quot;0&quot;,&quot;credit&quot;:&quot;&quot;,&quot;camera&quot;:&quot;&quot;,&quot;caption&quot;:&quot;&quot;,&quot;created_timestamp&quot;:&quot;0&quot;,&quot;copyright&quot;:&quot;&quot;,&quot;focal_length&quot;:&quot;0&quot;,&quot;iso&quot;:&quot;0&quot;,&quot;shutter_speed&quot;:&quot;0&quot;,&quot;title&quot;:&quot;&quot;,&quot;orientation&quot;:&quot;0&quot;}\" data-image-title=\"557634246_1475656593475060_7056271666525174455_n\" data-image-description=\"\" data-image-caption=\"\" data-medium-file=\"https:\/\/www.montceautriathlon.com\/blog\/wp-content\/uploads\/2025\/10\/557634246_1475656593475060_7056271666525174455_n-225x300.jpg\" data-large-file=\"https:\/\/www.montceautriathlon.com\/blog\/wp-content\/uploads\/2025\/10\/557634246_1475656593475060_7056271666525174455_n-768x1024.jpg\" loading=\"lazy\" width=\"768\" height=\"1024\" src=\"https:\/\/www.montceautriathlon.com\/blog\/wp-content\/uploads\/2025\/10\/557634246_1475656593475060_7056271666525174455_n-768x1024.jpg\" alt=\"\" data-id=\"8317\" data-link=\"https:\/\/www.montceautriathlon.com\/blog\/2025\/10\/20\/premier-week-end-doctobre-utmj-run-in-lyon-triathlon-carqueiranne\/557634246_1475656593475060_7056271666525174455_n\/\" class=\"wp-image-8317\" srcset=\"https:\/\/www.montceautriathlon.com\/blog\/wp-content\/uploads\/2025\/10\/557634246_1475656593475060_7056271666525174455_n-768x1024.jpg 768w, https:\/\/www.montceautriathlon.com\/blog\/wp-content\/uploads\/2025\/10\/557634246_1475656593475060_7056271666525174455_n-225x300.jpg 225w, https:\/\/www.montceautriathlon.com\/blog\/wp-content\/uploads\/2025\/10\/557634246_1475656593475060_7056271666525174455_n-1152x1536.jpg 1152w, https:\/\/www.montceautriathlon.com\/blog\/wp-content\/uploads\/2025\/10\/557634246_1475656593475060_7056271666525174455_n.jpg 1200w\" sizes=\"(max-width: 768px) 100vw, 768px\" \/><\/a><\/figure><\/li><li class=\"blocks-gallery-item\"><figure><a href=\"https:\/\/www.montceautriathlon.com\/blog\/wp-content\/uploads\/2025\/10\/560528294_1475656900141696_8479162459836045179_n-768x1024.jpg\"><img data-attachment-id=\"8318\" data-permalink=\"https:\/\/www.montceautriathlon.com\/blog\/2025\/10\/20\/premier-week-end-doctobre-utmj-run-in-lyon-triathlon-carqueiranne\/560528294_1475656900141696_8479162459836045179_n\/\" data-orig-file=\"https:\/\/www.montceautriathlon.com\/blog\/wp-content\/uploads\/2025\/10\/560528294_1475656900141696_8479162459836045179_n.jpg\" data-orig-size=\"1200,1600\" data-comments-opened=\"1\" data-image-meta=\"{&quot;aperture&quot;:&quot;0&quot;,&quot;credit&quot;:&quot;&quot;,&quot;camera&quot;:&quot;&quot;,&quot;caption&quot;:&quot;&quot;,&quot;created_timestamp&quot;:&quot;0&quot;,&quot;copyright&quot;:&quot;&quot;,&quot;focal_length&quot;:&quot;0&quot;,&quot;iso&quot;:&quot;0&quot;,&quot;shutter_speed&quot;:&quot;0&quot;,&quot;title&quot;:&quot;&quot;,&quot;orientation&quot;:&quot;0&quot;}\" data-image-title=\"560528294_1475656900141696_8479162459836045179_n\" data-image-description=\"\" data-image-caption=\"\" data-medium-file=\"https:\/\/www.montceautriathlon.com\/blog\/wp-content\/uploads\/2025\/10\/560528294_1475656900141696_8479162459836045179_n-225x300.jpg\" data-large-file=\"https:\/\/www.montceautriathlon.com\/blog\/wp-content\/uploads\/2025\/10\/560528294_1475656900141696_8479162459836045179_n-768x1024.jpg\" loading=\"lazy\" width=\"768\" height=\"1024\" src=\"https:\/\/www.montceautriathlon.com\/blog\/wp-content\/uploads\/2025\/10\/560528294_1475656900141696_8479162459836045179_n-768x1024.jpg\" alt=\"\" data-id=\"8318\" data-link=\"https:\/\/www.montceautriathlon.com\/blog\/2025\/10\/20\/premier-week-end-doctobre-utmj-run-in-lyon-triathlon-carqueiranne\/560528294_1475656900141696_8479162459836045179_n\/\" class=\"wp-image-8318\" srcset=\"https:\/\/www.montceautriathlon.com\/blog\/wp-content\/uploads\/2025\/10\/560528294_1475656900141696_8479162459836045179_n-768x1024.jpg 768w, https:\/\/www.montceautriathlon.com\/blog\/wp-content\/uploads\/2025\/10\/560528294_1475656900141696_8479162459836045179_n-225x300.jpg 225w, https:\/\/www.montceautriathlon.com\/blog\/wp-content\/uploads\/2025\/10\/560528294_1475656900141696_8479162459836045179_n-1152x1536.jpg 1152w, https:\/\/www.montceautriathlon.com\/blog\/wp-content\/uploads\/2025\/10\/560528294_1475656900141696_8479162459836045179_n.jpg 1200w\" sizes=\"(max-width: 768px) 100vw, 768px\" \/><\/a><\/figure><\/li><li class=\"blocks-gallery-item\"><figure><a href=\"https:\/\/www.montceautriathlon.com\/blog\/wp-content\/uploads\/2025\/10\/559929258_1475656710141715_3649898886554687087_n-768x1024.jpg\"><img data-attachment-id=\"8319\" data-permalink=\"https:\/\/www.montceautriathlon.com\/blog\/2025\/10\/20\/premier-week-end-doctobre-utmj-run-in-lyon-triathlon-carqueiranne\/559929258_1475656710141715_3649898886554687087_n\/\" data-orig-file=\"https:\/\/www.montceautriathlon.com\/blog\/wp-content\/uploads\/2025\/10\/559929258_1475656710141715_3649898886554687087_n.jpg\" data-orig-size=\"1200,1600\" data-comments-opened=\"1\" data-image-meta=\"{&quot;aperture&quot;:&quot;0&quot;,&quot;credit&quot;:&quot;&quot;,&quot;camera&quot;:&quot;&quot;,&quot;caption&quot;:&quot;&quot;,&quot;created_timestamp&quot;:&quot;0&quot;,&quot;copyright&quot;:&quot;&quot;,&quot;focal_length&quot;:&quot;0&quot;,&quot;iso&quot;:&quot;0&quot;,&quot;shutter_speed&quot;:&quot;0&quot;,&quot;title&quot;:&quot;&quot;,&quot;orientation&quot;:&quot;0&quot;}\" data-image-title=\"559929258_1475656710141715_3649898886554687087_n\" data-image-description=\"\" data-image-caption=\"\" data-medium-file=\"https:\/\/www.montceautriathlon.com\/blog\/wp-content\/uploads\/2025\/10\/559929258_1475656710141715_3649898886554687087_n-225x300.jpg\" data-large-file=\"https:\/\/www.montceautriathlon.com\/blog\/wp-content\/uploads\/2025\/10\/559929258_1475656710141715_3649898886554687087_n-768x1024.jpg\" loading=\"lazy\" width=\"768\" height=\"1024\" src=\"https:\/\/www.montceautriathlon.com\/blog\/wp-content\/uploads\/2025\/10\/559929258_1475656710141715_3649898886554687087_n-768x1024.jpg\" alt=\"\" data-id=\"8319\" data-link=\"https:\/\/www.montceautriathlon.com\/blog\/2025\/10\/20\/premier-week-end-doctobre-utmj-run-in-lyon-triathlon-carqueiranne\/559929258_1475656710141715_3649898886554687087_n\/\" class=\"wp-image-8319\" srcset=\"https:\/\/www.montceautriathlon.com\/blog\/wp-content\/uploads\/2025\/10\/559929258_1475656710141715_3649898886554687087_n-768x1024.jpg 768w, https:\/\/www.montceautriathlon.com\/blog\/wp-content\/uploads\/2025\/10\/559929258_1475656710141715_3649898886554687087_n-225x300.jpg 225w, https:\/\/www.montceautriathlon.com\/blog\/wp-content\/uploads\/2025\/10\/559929258_1475656710141715_3649898886554687087_n-1152x1536.jpg 1152w, https:\/\/www.montceautriathlon.com\/blog\/wp-content\/uploads\/2025\/10\/559929258_1475656710141715_3649898886554687087_n.jpg 1200w\" sizes=\"(max-width: 768px) 100vw, 768px\" \/><\/a><\/figure><\/li><li class=\"blocks-gallery-item\"><figure><a href=\"https:\/\/www.montceautriathlon.com\/blog\/wp-content\/uploads\/2025\/10\/557621195_1475656920141694_6868135201789506031_n-768x1024.jpg\"><img data-attachment-id=\"8320\" data-permalink=\"https:\/\/www.montceautriathlon.com\/blog\/2025\/10\/20\/premier-week-end-doctobre-utmj-run-in-lyon-triathlon-carqueiranne\/557621195_1475656920141694_6868135201789506031_n\/\" data-orig-file=\"https:\/\/www.montceautriathlon.com\/blog\/wp-content\/uploads\/2025\/10\/557621195_1475656920141694_6868135201789506031_n.jpg\" data-orig-size=\"1200,1600\" data-comments-opened=\"1\" data-image-meta=\"{&quot;aperture&quot;:&quot;0&quot;,&quot;credit&quot;:&quot;&quot;,&quot;camera&quot;:&quot;&quot;,&quot;caption&quot;:&quot;&quot;,&quot;created_timestamp&quot;:&quot;0&quot;,&quot;copyright&quot;:&quot;&quot;,&quot;focal_length&quot;:&quot;0&quot;,&quot;iso&quot;:&quot;0&quot;,&quot;shutter_speed&quot;:&quot;0&quot;,&quot;title&quot;:&quot;&quot;,&quot;orientation&quot;:&quot;0&quot;}\" data-image-title=\"557621195_1475656920141694_6868135201789506031_n\" data-image-description=\"\" data-image-caption=\"\" data-medium-file=\"https:\/\/www.montceautriathlon.com\/blog\/wp-content\/uploads\/2025\/10\/557621195_1475656920141694_6868135201789506031_n-225x300.jpg\" data-large-file=\"https:\/\/www.montceautriathlon.com\/blog\/wp-content\/uploads\/2025\/10\/557621195_1475656920141694_6868135201789506031_n-768x1024.jpg\" loading=\"lazy\" width=\"768\" height=\"1024\" src=\"https:\/\/www.montceautriathlon.com\/blog\/wp-content\/uploads\/2025\/10\/557621195_1475656920141694_6868135201789506031_n-768x1024.jpg\" alt=\"\" data-id=\"8320\" data-link=\"https:\/\/www.montceautriathlon.com\/blog\/2025\/10\/20\/premier-week-end-doctobre-utmj-run-in-lyon-triathlon-carqueiranne\/557621195_1475656920141694_6868135201789506031_n\/\" class=\"wp-image-8320\" srcset=\"https:\/\/www.montceautriathlon.com\/blog\/wp-content\/uploads\/2025\/10\/557621195_1475656920141694_6868135201789506031_n-768x1024.jpg 768w, https:\/\/www.montceautriathlon.com\/blog\/wp-content\/uploads\/2025\/10\/557621195_1475656920141694_6868135201789506031_n-225x300.jpg 225w, https:\/\/www.montceautriathlon.com\/blog\/wp-content\/uploads\/2025\/10\/557621195_1475656920141694_6868135201789506031_n-1152x1536.jpg 1152w, https:\/\/www.montceautriathlon.com\/blog\/wp-content\/uploads\/2025\/10\/557621195_1475656920141694_6868135201789506031_n.jpg 1200w\" sizes=\"(max-width: 768px) 100vw, 768px\" \/><\/a><\/figure><\/li><li class=\"blocks-gallery-item\"><figure><a href=\"https:\/\/www.montceautriathlon.com\/blog\/wp-content\/uploads\/2025\/10\/558136842_1475656680141718_5428653390328879301_n-768x1024.jpg\"><img data-attachment-id=\"8321\" data-permalink=\"https:\/\/www.montceautriathlon.com\/blog\/2025\/10\/20\/premier-week-end-doctobre-utmj-run-in-lyon-triathlon-carqueiranne\/558136842_1475656680141718_5428653390328879301_n\/\" data-orig-file=\"https:\/\/www.montceautriathlon.com\/blog\/wp-content\/uploads\/2025\/10\/558136842_1475656680141718_5428653390328879301_n.jpg\" data-orig-size=\"1200,1600\" data-comments-opened=\"1\" data-image-meta=\"{&quot;aperture&quot;:&quot;0&quot;,&quot;credit&quot;:&quot;&quot;,&quot;camera&quot;:&quot;&quot;,&quot;caption&quot;:&quot;&quot;,&quot;created_timestamp&quot;:&quot;0&quot;,&quot;copyright&quot;:&quot;&quot;,&quot;focal_length&quot;:&quot;0&quot;,&quot;iso&quot;:&quot;0&quot;,&quot;shutter_speed&quot;:&quot;0&quot;,&quot;title&quot;:&quot;&quot;,&quot;orientation&quot;:&quot;0&quot;}\" data-image-title=\"558136842_1475656680141718_5428653390328879301_n\" data-image-description=\"\" data-image-caption=\"\" data-medium-file=\"https:\/\/www.montceautriathlon.com\/blog\/wp-content\/uploads\/2025\/10\/558136842_1475656680141718_5428653390328879301_n-225x300.jpg\" data-large-file=\"https:\/\/www.montceautriathlon.com\/blog\/wp-content\/uploads\/2025\/10\/558136842_1475656680141718_5428653390328879301_n-768x1024.jpg\" loading=\"lazy\" width=\"768\" height=\"1024\" src=\"https:\/\/www.montceautriathlon.com\/blog\/wp-content\/uploads\/2025\/10\/558136842_1475656680141718_5428653390328879301_n-768x1024.jpg\" alt=\"\" data-id=\"8321\" data-link=\"https:\/\/www.montceautriathlon.com\/blog\/2025\/10\/20\/premier-week-end-doctobre-utmj-run-in-lyon-triathlon-carqueiranne\/558136842_1475656680141718_5428653390328879301_n\/\" class=\"wp-image-8321\" srcset=\"https:\/\/www.montceautriathlon.com\/blog\/wp-content\/uploads\/2025\/10\/558136842_1475656680141718_5428653390328879301_n-768x1024.jpg 768w, https:\/\/www.montceautriathlon.com\/blog\/wp-content\/uploads\/2025\/10\/558136842_1475656680141718_5428653390328879301_n-225x300.jpg 225w, https:\/\/www.montceautriathlon.com\/blog\/wp-content\/uploads\/2025\/10\/558136842_1475656680141718_5428653390328879301_n-1152x1536.jpg 1152w, https:\/\/www.montceautriathlon.com\/blog\/wp-content\/uploads\/2025\/10\/558136842_1475656680141718_5428653390328879301_n.jpg 1200w\" sizes=\"(max-width: 768px) 100vw, 768px\" \/><\/a><\/figure><\/li><li class=\"blocks-gallery-item\"><figure><a href=\"https:\/\/www.montceautriathlon.com\/blog\/wp-content\/uploads\/2025\/10\/557626830_1475656520141734_9135715208671488737_n-768x1024.jpg\"><img data-attachment-id=\"8322\" data-permalink=\"https:\/\/www.montceautriathlon.com\/blog\/2025\/10\/20\/premier-week-end-doctobre-utmj-run-in-lyon-triathlon-carqueiranne\/557626830_1475656520141734_9135715208671488737_n\/\" data-orig-file=\"https:\/\/www.montceautriathlon.com\/blog\/wp-content\/uploads\/2025\/10\/557626830_1475656520141734_9135715208671488737_n.jpg\" data-orig-size=\"1200,1600\" data-comments-opened=\"1\" data-image-meta=\"{&quot;aperture&quot;:&quot;0&quot;,&quot;credit&quot;:&quot;&quot;,&quot;camera&quot;:&quot;&quot;,&quot;caption&quot;:&quot;&quot;,&quot;created_timestamp&quot;:&quot;0&quot;,&quot;copyright&quot;:&quot;&quot;,&quot;focal_length&quot;:&quot;0&quot;,&quot;iso&quot;:&quot;0&quot;,&quot;shutter_speed&quot;:&quot;0&quot;,&quot;title&quot;:&quot;&quot;,&quot;orientation&quot;:&quot;0&quot;}\" data-image-title=\"557626830_1475656520141734_9135715208671488737_n\" data-image-description=\"\" data-image-caption=\"\" data-medium-file=\"https:\/\/www.montceautriathlon.com\/blog\/wp-content\/uploads\/2025\/10\/557626830_1475656520141734_9135715208671488737_n-225x300.jpg\" data-large-file=\"https:\/\/www.montceautriathlon.com\/blog\/wp-content\/uploads\/2025\/10\/557626830_1475656520141734_9135715208671488737_n-768x1024.jpg\" loading=\"lazy\" width=\"768\" height=\"1024\" src=\"https:\/\/www.montceautriathlon.com\/blog\/wp-content\/uploads\/2025\/10\/557626830_1475656520141734_9135715208671488737_n-768x1024.jpg\" alt=\"\" data-id=\"8322\" data-link=\"https:\/\/www.montceautriathlon.com\/blog\/2025\/10\/20\/premier-week-end-doctobre-utmj-run-in-lyon-triathlon-carqueiranne\/557626830_1475656520141734_9135715208671488737_n\/\" class=\"wp-image-8322\" srcset=\"https:\/\/www.montceautriathlon.com\/blog\/wp-content\/uploads\/2025\/10\/557626830_1475656520141734_9135715208671488737_n-768x1024.jpg 768w, https:\/\/www.montceautriathlon.com\/blog\/wp-content\/uploads\/2025\/10\/557626830_1475656520141734_9135715208671488737_n-225x300.jpg 225w, https:\/\/www.montceautriathlon.com\/blog\/wp-content\/uploads\/2025\/10\/557626830_1475656520141734_9135715208671488737_n-1152x1536.jpg 1152w, https:\/\/www.montceautriathlon.com\/blog\/wp-content\/uploads\/2025\/10\/557626830_1475656520141734_9135715208671488737_n.jpg 1200w\" sizes=\"(max-width: 768px) 100vw, 768px\" \/><\/a><\/figure><\/li><li class=\"blocks-gallery-item\"><figure><a href=\"https:\/\/www.montceautriathlon.com\/blog\/wp-content\/uploads\/2025\/10\/557636182_1475656760141710_8769263314702784464_n.jpg\"><img data-attachment-id=\"8323\" data-permalink=\"https:\/\/www.montceautriathlon.com\/blog\/2025\/10\/20\/premier-week-end-doctobre-utmj-run-in-lyon-triathlon-carqueiranne\/557636182_1475656760141710_8769263314702784464_n\/\" data-orig-file=\"https:\/\/www.montceautriathlon.com\/blog\/wp-content\/uploads\/2025\/10\/557636182_1475656760141710_8769263314702784464_n.jpg\" data-orig-size=\"1280,2048\" data-comments-opened=\"1\" data-image-meta=\"{&quot;aperture&quot;:&quot;0&quot;,&quot;credit&quot;:&quot;&quot;,&quot;camera&quot;:&quot;&quot;,&quot;caption&quot;:&quot;&quot;,&quot;created_timestamp&quot;:&quot;0&quot;,&quot;copyright&quot;:&quot;&quot;,&quot;focal_length&quot;:&quot;0&quot;,&quot;iso&quot;:&quot;0&quot;,&quot;shutter_speed&quot;:&quot;0&quot;,&quot;title&quot;:&quot;&quot;,&quot;orientation&quot;:&quot;0&quot;}\" data-image-title=\"557636182_1475656760141710_8769263314702784464_n\" data-image-description=\"\" data-image-caption=\"\" data-medium-file=\"https:\/\/www.montceautriathlon.com\/blog\/wp-content\/uploads\/2025\/10\/557636182_1475656760141710_8769263314702784464_n-188x300.jpg\" data-large-file=\"https:\/\/www.montceautriathlon.com\/blog\/wp-content\/uploads\/2025\/10\/557636182_1475656760141710_8769263314702784464_n-640x1024.jpg\" loading=\"lazy\" width=\"640\" height=\"1024\" src=\"https:\/\/www.montceautriathlon.com\/blog\/wp-content\/uploads\/2025\/10\/557636182_1475656760141710_8769263314702784464_n-640x1024.jpg\" alt=\"\" data-id=\"8323\" data-full-url=\"https:\/\/www.montceautriathlon.com\/blog\/wp-content\/uploads\/2025\/10\/557636182_1475656760141710_8769263314702784464_n.jpg\" data-link=\"https:\/\/www.montceautriathlon.com\/blog\/2025\/10\/20\/premier-week-end-doctobre-utmj-run-in-lyon-triathlon-carqueiranne\/557636182_1475656760141710_8769263314702784464_n\/\" class=\"wp-image-8323\" srcset=\"https:\/\/www.montceautriathlon.com\/blog\/wp-content\/uploads\/2025\/10\/557636182_1475656760141710_8769263314702784464_n-640x1024.jpg 640w, https:\/\/www.montceautriathlon.com\/blog\/wp-content\/uploads\/2025\/10\/557636182_1475656760141710_8769263314702784464_n-188x300.jpg 188w, https:\/\/www.montceautriathlon.com\/blog\/wp-content\/uploads\/2025\/10\/557636182_1475656760141710_8769263314702784464_n-768x1229.jpg 768w, https:\/\/www.montceautriathlon.com\/blog\/wp-content\/uploads\/2025\/10\/557636182_1475656760141710_8769263314702784464_n-960x1536.jpg 960w, https:\/\/www.montceautriathlon.com\/blog\/wp-content\/uploads\/2025\/10\/557636182_1475656760141710_8769263314702784464_n.jpg 1280w\" sizes=\"(max-width: 640px) 100vw, 640px\" \/><\/a><\/figure><\/li><\/ul><\/figure>\n","protected":false},"excerpt":{"rendered":"<p>Samedi 4 octobre, 2 triathl\u00e8tes montcelliens ont d\u00e9fi\u00e9 le mauvais temps dans les montagnes du Jura. Sandrine Ghesqui\u00e8re s&rsquo;est engag\u00e9e sur le 105km de l&rsquo;ultra trail des montagnes du Jura. Apr\u00e8s un changement de parcours \u00e0 la derni\u00e8re minute \u00e0 cause de conditions trop dangereuses, , Sandrine boucle les 90km et 4000m de D+ en [&hellip;]<\/p>\n","protected":false},"author":7,"featured_media":8315,"comment_status":"open","ping_status":"open","sticky":false,"template":"","format":"standard","meta":{"spay_email":"","jetpack_publicize_message":"","jetpack_is_tweetstorm":false},"categories":[1],"tags":[],"jetpack_featured_media_url":"https:\/\/www.montceautriathlon.com\/blog\/wp-content\/uploads\/2025\/10\/557642104_1475656513475068_5211544675592258598_n.jpg","jetpack_publicize_connections":[],"jetpack_sharing_enabled":true,"jetpack_shortlink":"https:\/\/wp.me\/p8bwIy-29V","jetpack-related-posts":[{"id":5383,"url":"https:\/\/www.montceautriathlon.com\/blog\/2022\/10\/14\/ultra-trail-des-grands-sentiers-dauvergne-coach-sandrine-au-sommet\/","url_meta":{"origin":8303,"position":0},"title":"Ultra trail des Grands Sentiers d&rsquo;Auvergne : Coach Sandrine au sommet !","date":"14 octobre 2022","format":false,"excerpt":"Ce samedi 8 octobre dernier, Vulcain accueillait notre diablesse de Sandrine dossard 666 qui s'alignait sur l'imposante distance de 78km (finalement 82 avec 3000D+)apr\u00e8s une longue et rigoureuse pr\u00e9paration. Et c'est en 12h24'28\" qu'elle franchissait en 98\u00e8me position la ligne d'arriv\u00e9e. 9\u00e8me f\u00e9minine et 3\u00e8me de sa cat\u00e9gorie. Une performance\u2026","rel":"","context":"Dans &quot;Non class\u00e9&quot;","img":{"alt_text":"","src":"https:\/\/i1.wp.com\/www.montceautriathlon.com\/blog\/wp-content\/uploads\/2022\/10\/IMG-20221008-WA0013.jpg?resize=350%2C200&ssl=1","width":350,"height":200},"classes":[]},{"id":2594,"url":"https:\/\/www.montceautriathlon.com\/blog\/2019\/01\/21\/19-01-2019-oxyrace-du-jura\/","url_meta":{"origin":8303,"position":1},"title":"19\/01\/2019 : OXYRACE du Jura \u00e0 Lamoura","date":"21 janvier 2019","format":false,"excerpt":"Pas grand chose \u00e0 se mettre sous la langue ces derniers temps si ce n'est une marche des soupes il y a une semaine du c\u00f4t\u00e9 de Marigny o\u00f9 quelques membres du club avaient fait le d\u00e9placement. Mais fin de la disette, les comp\u00e9titions reprennent avec notamment cet Oxyrace du\u2026","rel":"","context":"Dans &quot;Non class\u00e9&quot;","img":{"alt_text":"","src":"https:\/\/i2.wp.com\/montceautriathlon.com\/blog\/wp-content\/uploads\/2019\/01\/oxyrace-2019-300x300.jpg?resize=350%2C200","width":350,"height":200},"classes":[]},{"id":7463,"url":"https:\/\/www.montceautriathlon.com\/blog\/2025\/05\/04\/les-triathletes-courent-2\/","url_meta":{"origin":8303,"position":2},"title":"Les triathl\u00e8tes courent&#8230;.","date":"4 mai 2025","format":false,"excerpt":"Plusieurs triathl\u00e8tes montcelliens se sont retrouv\u00e9s sur les diff\u00e9rentes \u00e9preuves du Marathon des Vins de la C\u00f4te Chalonnaise. Sur le marathon, Cyrille B\u00e9rardan fini cette course en 3h14'01 en 41e position du g\u00e9n\u00e9ral et 5e\/133 Master 2. Jean Christophe Bernigaud le suit en 3h22'10 (70e et top 10 des master1).\u2026","rel":"","context":"Dans &quot;Non class\u00e9&quot;","img":{"alt_text":"","src":"https:\/\/i0.wp.com\/www.montceautriathlon.com\/blog\/wp-content\/uploads\/2025\/05\/marathon-vins.jpg?resize=350%2C200&ssl=1","width":350,"height":200},"classes":[]},{"id":2635,"url":"https:\/\/www.montceautriathlon.com\/blog\/2019\/03\/11\/9-et-10-03-19-trail-des-trois-chateaux-ce-netait-pas-du-gateau\/","url_meta":{"origin":8303,"position":3},"title":"9 et 10\/03\/19, Trail des trois Ch\u00e2teaux : ce n&rsquo;\u00e9tait pas du g\u00e2teau !","date":"11 mars 2019","format":false,"excerpt":"Apr\u00e8s le caviar de Montbeliard, le g\u00e2teau des Trois Ch\u00e2teaux ! Et l\u00e0 aussi, le vent en rafales et la pluie ont oblig\u00e9 les quelques trailers du clubs \u00e0 sortir les biscotos pour un effort pas si mod\u00e9rato que \u00e7\u00e0 ! Bref une nouvelle fois une mention particuli\u00e8re \u00e0 Cyrille\u2026","rel":"","context":"Dans &quot;Non class\u00e9&quot;","img":{"alt_text":"","src":"","width":0,"height":0},"classes":[]},{"id":6251,"url":"https:\/\/www.montceautriathlon.com\/blog\/2023\/10\/02\/les-triathletes-montcelliens-sur-tous-les-fronts\/","url_meta":{"origin":8303,"position":4},"title":"Les triathl\u00e8tes montcelliens sur tous les fronts.","date":"2 octobre 2023","format":false,"excerpt":"Ce premier dimanche d'octobre, les triathl\u00e8tes ont particip\u00e9 \u00e0 diverses \u00e9preuves. Nous avons pu les retrouver \u00e0 Chen\u00f4ve pour le cross duathlon organis\u00e9 par le club de Chen\u00f4ve triathlon, aux Bizots pour le cyclathlon, \u00e0 Bourg en Bresse pour la cyclosportive La Bisou ou encore dans le Jura pour le\u2026","rel":"","context":"Dans &quot;Non class\u00e9&quot;","img":{"alt_text":"","src":"https:\/\/i0.wp.com\/www.montceautriathlon.com\/blog\/wp-content\/uploads\/2023\/10\/IMG_9010-scaled.jpeg?resize=350%2C200&ssl=1","width":350,"height":200},"classes":[]},{"id":7768,"url":"https:\/\/www.montceautriathlon.com\/blog\/2025\/05\/31\/24-25-mai-les-triathletes-montcelliens-sur-tous-les-fronts-2-2\/","url_meta":{"origin":8303,"position":5},"title":"24\/25 mai: les triathl\u00e8tes montcelliens sur tous les fronts (2\/2)","date":"31 mai 2025","format":false,"excerpt":"Du cot\u00e9 de Rully, un trail en duo a eu lieu et 2 couples montcelliens ont franchi la ligne sous le soleil des vignes apr\u00e8s 9km d'effort. Simon Mazeron et Alice Benoit finissent 3e en 53'33. Alice Vaury et Thomas Okrzesik terminent 5e en 55'44. De nombreux licenci\u00e9s ont fait\u2026","rel":"","context":"Dans &quot;Non class\u00e9&quot;","img":{"alt_text":"","src":"https:\/\/i2.wp.com\/www.montceautriathlon.com\/blog\/wp-content\/uploads\/2025\/05\/bt.jpg?resize=350%2C200&ssl=1","width":350,"height":200},"classes":[]}],"_links":{"self":[{"href":"https:\/\/www.montceautriathlon.com\/blog\/wp-json\/wp\/v2\/posts\/8303"}],"collection":[{"href":"https:\/\/www.montceautriathlon.com\/blog\/wp-json\/wp\/v2\/posts"}],"about":[{"href":"https:\/\/www.montceautriathlon.com\/blog\/wp-json\/wp\/v2\/types\/post"}],"author":[{"embeddable":true,"href":"https:\/\/www.montceautriathlon.com\/blog\/wp-json\/wp\/v2\/users\/7"}],"replies":[{"embeddable":true,"href":"https:\/\/www.montceautriathlon.com\/blog\/wp-json\/wp\/v2\/comments?post=8303"}],"version-history":[{"count":3,"href":"https:\/\/www.montceautriathlon.com\/blog\/wp-json\/wp\/v2\/posts\/8303\/revisions"}],"predecessor-version":[{"id":8324,"href":"https:\/\/www.montceautriathlon.com\/blog\/wp-json\/wp\/v2\/posts\/8303\/revisions\/8324"}],"wp:featuredmedia":[{"embeddable":true,"href":"https:\/\/www.montceautriathlon.com\/blog\/wp-json\/wp\/v2\/media\/8315"}],"wp:attachment":[{"href":"https:\/\/www.montceautriathlon.com\/blog\/wp-json\/wp\/v2\/media?parent=8303"}],"wp:term":[{"taxonomy":"category","embeddable":true,"href":"https:\/\/www.montceautriathlon.com\/blog\/wp-json\/wp\/v2\/categories?post=8303"},{"taxonomy":"post_tag","embeddable":true,"href":"https:\/\/www.montceautriathlon.com\/blog\/wp-json\/wp\/v2\/tags?post=8303"}],"curies":[{"name":"wp","href":"https:\/\/api.w.org\/{rel}","templated":true}]}}