{"id":8216,"date":"2025-09-28T19:17:36","date_gmt":"2025-09-28T18:17:36","guid":{"rendered":"https:\/\/www.montceautriathlon.com\/blog\/?p=8216"},"modified":"2025-09-28T19:17:38","modified_gmt":"2025-09-28T18:17:38","slug":"dimanche-28-septembre-les-triathletes-courent-en-saone-et-loire-et-en-cote-dor","status":"publish","type":"post","link":"https:\/\/www.montceautriathlon.com\/blog\/2025\/09\/28\/dimanche-28-septembre-les-triathletes-courent-en-saone-et-loire-et-en-cote-dor\/","title":{"rendered":"Dimanche 28 septembre: les triathl\u00e8tes courent en Sa\u00f4ne et Loire et en Cote d&rsquo;Or"},"content":{"rendered":"\n<p>Ce dimanche avait lieu le cross duathlon de Chen\u00f4ve. Seuls 2 jeunes ont fait le d\u00e9placement et ont pu courir sous le soleil. Jules Vendramini termine 34e au scratch de la course 10\/13 ans et se classe 9e pupille. Simon Devoille monte sur la 3e marche du podium sur la course S en cadet. Il se classe 17e au scratch.<\/p>\n\n\n\n<p>Du c\u00f4t\u00e9 du Creusot, Laurent Beausoleil termine 69e au scratch (2e M4) des 10 km du Creusot. <\/p>\n\n\n\n<p>A Gueugnon, Sandrine Marchand et Joel Fran\u00e7ois ont fait en course \u00e0 pied les 20km de la randonn\u00e9e des citrouilles.<\/p>\n\n\n\n<p><\/p>\n\n\n\n<figure class=\"wp-block-gallery columns-3 is-cropped\"><ul data-carousel-extra='{\"blog_id\":1,\"permalink\":\"https:\\\/\\\/www.montceautriathlon.com\\\/blog\\\/2025\\\/09\\\/28\\\/dimanche-28-septembre-les-triathletes-courent-en-saone-et-loire-et-en-cote-dor\\\/\"}' class=\"blocks-gallery-grid\"><li class=\"blocks-gallery-item\"><figure><a href=\"https:\/\/www.montceautriathlon.com\/blog\/wp-content\/uploads\/2025\/09\/IMG-20250928-WA0051-768x1024.jpg\"><img data-attachment-id=\"8217\" data-permalink=\"https:\/\/www.montceautriathlon.com\/blog\/2025\/09\/28\/dimanche-28-septembre-les-triathletes-courent-en-saone-et-loire-et-en-cote-dor\/img-20250928-wa0051\/\" data-orig-file=\"https:\/\/www.montceautriathlon.com\/blog\/wp-content\/uploads\/2025\/09\/IMG-20250928-WA0051.jpg\" data-orig-size=\"1536,2048\" data-comments-opened=\"1\" data-image-meta=\"{&quot;aperture&quot;:&quot;0&quot;,&quot;credit&quot;:&quot;&quot;,&quot;camera&quot;:&quot;&quot;,&quot;caption&quot;:&quot;&quot;,&quot;created_timestamp&quot;:&quot;0&quot;,&quot;copyright&quot;:&quot;&quot;,&quot;focal_length&quot;:&quot;0&quot;,&quot;iso&quot;:&quot;0&quot;,&quot;shutter_speed&quot;:&quot;0&quot;,&quot;title&quot;:&quot;&quot;,&quot;orientation&quot;:&quot;0&quot;}\" data-image-title=\"IMG-20250928-WA0051\" data-image-description=\"\" data-image-caption=\"\" data-medium-file=\"https:\/\/www.montceautriathlon.com\/blog\/wp-content\/uploads\/2025\/09\/IMG-20250928-WA0051-225x300.jpg\" data-large-file=\"https:\/\/www.montceautriathlon.com\/blog\/wp-content\/uploads\/2025\/09\/IMG-20250928-WA0051-768x1024.jpg\" loading=\"lazy\" width=\"768\" height=\"1024\" src=\"https:\/\/www.montceautriathlon.com\/blog\/wp-content\/uploads\/2025\/09\/IMG-20250928-WA0051-768x1024.jpg\" alt=\"\" data-id=\"8217\" data-link=\"https:\/\/www.montceautriathlon.com\/blog\/?attachment_id=8217\" class=\"wp-image-8217\" srcset=\"https:\/\/www.montceautriathlon.com\/blog\/wp-content\/uploads\/2025\/09\/IMG-20250928-WA0051-768x1024.jpg 768w, https:\/\/www.montceautriathlon.com\/blog\/wp-content\/uploads\/2025\/09\/IMG-20250928-WA0051-225x300.jpg 225w, https:\/\/www.montceautriathlon.com\/blog\/wp-content\/uploads\/2025\/09\/IMG-20250928-WA0051-1152x1536.jpg 1152w, https:\/\/www.montceautriathlon.com\/blog\/wp-content\/uploads\/2025\/09\/IMG-20250928-WA0051.jpg 1536w\" sizes=\"(max-width: 768px) 100vw, 768px\" \/><\/a><\/figure><\/li><li class=\"blocks-gallery-item\"><figure><a href=\"https:\/\/www.montceautriathlon.com\/blog\/wp-content\/uploads\/2025\/09\/IMG-20250928-WA0044-1024x1024.jpg\"><img data-attachment-id=\"8218\" data-permalink=\"https:\/\/www.montceautriathlon.com\/blog\/2025\/09\/28\/dimanche-28-septembre-les-triathletes-courent-en-saone-et-loire-et-en-cote-dor\/img-20250928-wa0044\/\" data-orig-file=\"https:\/\/www.montceautriathlon.com\/blog\/wp-content\/uploads\/2025\/09\/IMG-20250928-WA0044.jpg\" data-orig-size=\"2048,2048\" data-comments-opened=\"1\" data-image-meta=\"{&quot;aperture&quot;:&quot;0&quot;,&quot;credit&quot;:&quot;&quot;,&quot;camera&quot;:&quot;&quot;,&quot;caption&quot;:&quot;&quot;,&quot;created_timestamp&quot;:&quot;0&quot;,&quot;copyright&quot;:&quot;&quot;,&quot;focal_length&quot;:&quot;0&quot;,&quot;iso&quot;:&quot;0&quot;,&quot;shutter_speed&quot;:&quot;0&quot;,&quot;title&quot;:&quot;&quot;,&quot;orientation&quot;:&quot;0&quot;}\" data-image-title=\"IMG-20250928-WA0044\" data-image-description=\"\" data-image-caption=\"\" data-medium-file=\"https:\/\/www.montceautriathlon.com\/blog\/wp-content\/uploads\/2025\/09\/IMG-20250928-WA0044-300x300.jpg\" data-large-file=\"https:\/\/www.montceautriathlon.com\/blog\/wp-content\/uploads\/2025\/09\/IMG-20250928-WA0044-1024x1024.jpg\" loading=\"lazy\" width=\"1024\" height=\"1024\" src=\"https:\/\/www.montceautriathlon.com\/blog\/wp-content\/uploads\/2025\/09\/IMG-20250928-WA0044-1024x1024.jpg\" alt=\"\" data-id=\"8218\" data-link=\"https:\/\/www.montceautriathlon.com\/blog\/?attachment_id=8218\" class=\"wp-image-8218\" srcset=\"https:\/\/www.montceautriathlon.com\/blog\/wp-content\/uploads\/2025\/09\/IMG-20250928-WA0044-1024x1024.jpg 1024w, https:\/\/www.montceautriathlon.com\/blog\/wp-content\/uploads\/2025\/09\/IMG-20250928-WA0044-300x300.jpg 300w, https:\/\/www.montceautriathlon.com\/blog\/wp-content\/uploads\/2025\/09\/IMG-20250928-WA0044-150x150.jpg 150w, https:\/\/www.montceautriathlon.com\/blog\/wp-content\/uploads\/2025\/09\/IMG-20250928-WA0044-768x768.jpg 768w, https:\/\/www.montceautriathlon.com\/blog\/wp-content\/uploads\/2025\/09\/IMG-20250928-WA0044-1536x1536.jpg 1536w, https:\/\/www.montceautriathlon.com\/blog\/wp-content\/uploads\/2025\/09\/IMG-20250928-WA0044.jpg 2048w\" sizes=\"(max-width: 1024px) 100vw, 1024px\" \/><\/a><\/figure><\/li><li class=\"blocks-gallery-item\"><figure><a href=\"https:\/\/www.montceautriathlon.com\/blog\/wp-content\/uploads\/2025\/09\/IMG-20250928-WA0045-768x1024.jpg\"><img data-attachment-id=\"8219\" data-permalink=\"https:\/\/www.montceautriathlon.com\/blog\/2025\/09\/28\/dimanche-28-septembre-les-triathletes-courent-en-saone-et-loire-et-en-cote-dor\/img-20250928-wa0045\/\" data-orig-file=\"https:\/\/www.montceautriathlon.com\/blog\/wp-content\/uploads\/2025\/09\/IMG-20250928-WA0045.jpg\" data-orig-size=\"1536,2048\" data-comments-opened=\"1\" data-image-meta=\"{&quot;aperture&quot;:&quot;0&quot;,&quot;credit&quot;:&quot;&quot;,&quot;camera&quot;:&quot;&quot;,&quot;caption&quot;:&quot;&quot;,&quot;created_timestamp&quot;:&quot;0&quot;,&quot;copyright&quot;:&quot;&quot;,&quot;focal_length&quot;:&quot;0&quot;,&quot;iso&quot;:&quot;0&quot;,&quot;shutter_speed&quot;:&quot;0&quot;,&quot;title&quot;:&quot;&quot;,&quot;orientation&quot;:&quot;0&quot;}\" data-image-title=\"IMG-20250928-WA0045\" data-image-description=\"\" data-image-caption=\"\" data-medium-file=\"https:\/\/www.montceautriathlon.com\/blog\/wp-content\/uploads\/2025\/09\/IMG-20250928-WA0045-225x300.jpg\" data-large-file=\"https:\/\/www.montceautriathlon.com\/blog\/wp-content\/uploads\/2025\/09\/IMG-20250928-WA0045-768x1024.jpg\" loading=\"lazy\" width=\"768\" height=\"1024\" src=\"https:\/\/www.montceautriathlon.com\/blog\/wp-content\/uploads\/2025\/09\/IMG-20250928-WA0045-768x1024.jpg\" alt=\"\" data-id=\"8219\" data-link=\"https:\/\/www.montceautriathlon.com\/blog\/?attachment_id=8219\" class=\"wp-image-8219\" srcset=\"https:\/\/www.montceautriathlon.com\/blog\/wp-content\/uploads\/2025\/09\/IMG-20250928-WA0045-768x1024.jpg 768w, https:\/\/www.montceautriathlon.com\/blog\/wp-content\/uploads\/2025\/09\/IMG-20250928-WA0045-225x300.jpg 225w, https:\/\/www.montceautriathlon.com\/blog\/wp-content\/uploads\/2025\/09\/IMG-20250928-WA0045-1152x1536.jpg 1152w, https:\/\/www.montceautriathlon.com\/blog\/wp-content\/uploads\/2025\/09\/IMG-20250928-WA0045.jpg 1536w\" sizes=\"(max-width: 768px) 100vw, 768px\" \/><\/a><\/figure><\/li><li class=\"blocks-gallery-item\"><figure><a href=\"https:\/\/www.montceautriathlon.com\/blog\/wp-content\/uploads\/2025\/09\/7478946659318170698.jpg\"><img data-attachment-id=\"8220\" data-permalink=\"https:\/\/www.montceautriathlon.com\/blog\/2025\/09\/28\/dimanche-28-septembre-les-triathletes-courent-en-saone-et-loire-et-en-cote-dor\/attachment\/7478946659318170698\/\" data-orig-file=\"https:\/\/www.montceautriathlon.com\/blog\/wp-content\/uploads\/2025\/09\/7478946659318170698.jpg\" data-orig-size=\"467,800\" data-comments-opened=\"1\" data-image-meta=\"{&quot;aperture&quot;:&quot;0&quot;,&quot;credit&quot;:&quot;&quot;,&quot;camera&quot;:&quot;&quot;,&quot;caption&quot;:&quot;&quot;,&quot;created_timestamp&quot;:&quot;0&quot;,&quot;copyright&quot;:&quot;&quot;,&quot;focal_length&quot;:&quot;0&quot;,&quot;iso&quot;:&quot;0&quot;,&quot;shutter_speed&quot;:&quot;0&quot;,&quot;title&quot;:&quot;&quot;,&quot;orientation&quot;:&quot;0&quot;}\" data-image-title=\"7478946659318170698\" data-image-description=\"\" data-image-caption=\"\" data-medium-file=\"https:\/\/www.montceautriathlon.com\/blog\/wp-content\/uploads\/2025\/09\/7478946659318170698-175x300.jpg\" data-large-file=\"https:\/\/www.montceautriathlon.com\/blog\/wp-content\/uploads\/2025\/09\/7478946659318170698.jpg\" loading=\"lazy\" width=\"467\" height=\"800\" src=\"https:\/\/www.montceautriathlon.com\/blog\/wp-content\/uploads\/2025\/09\/7478946659318170698.jpg\" alt=\"\" data-id=\"8220\" data-link=\"https:\/\/www.montceautriathlon.com\/blog\/?attachment_id=8220\" class=\"wp-image-8220\" srcset=\"https:\/\/www.montceautriathlon.com\/blog\/wp-content\/uploads\/2025\/09\/7478946659318170698.jpg 467w, https:\/\/www.montceautriathlon.com\/blog\/wp-content\/uploads\/2025\/09\/7478946659318170698-175x300.jpg 175w\" sizes=\"(max-width: 467px) 100vw, 467px\" \/><\/a><\/figure><\/li><li class=\"blocks-gallery-item\"><figure><a href=\"https:\/\/www.montceautriathlon.com\/blog\/wp-content\/uploads\/2025\/09\/6088957165907299978.jpg\"><img data-attachment-id=\"8221\" data-permalink=\"https:\/\/www.montceautriathlon.com\/blog\/2025\/09\/28\/dimanche-28-septembre-les-triathletes-courent-en-saone-et-loire-et-en-cote-dor\/attachment\/6088957165907299978\/\" data-orig-file=\"https:\/\/www.montceautriathlon.com\/blog\/wp-content\/uploads\/2025\/09\/6088957165907299978.jpg\" data-orig-size=\"1024,910\" data-comments-opened=\"1\" data-image-meta=\"{&quot;aperture&quot;:&quot;0&quot;,&quot;credit&quot;:&quot;&quot;,&quot;camera&quot;:&quot;&quot;,&quot;caption&quot;:&quot;&quot;,&quot;created_timestamp&quot;:&quot;0&quot;,&quot;copyright&quot;:&quot;&quot;,&quot;focal_length&quot;:&quot;0&quot;,&quot;iso&quot;:&quot;0&quot;,&quot;shutter_speed&quot;:&quot;0&quot;,&quot;title&quot;:&quot;&quot;,&quot;orientation&quot;:&quot;0&quot;}\" data-image-title=\"6088957165907299978\" data-image-description=\"\" data-image-caption=\"\" data-medium-file=\"https:\/\/www.montceautriathlon.com\/blog\/wp-content\/uploads\/2025\/09\/6088957165907299978-300x267.jpg\" data-large-file=\"https:\/\/www.montceautriathlon.com\/blog\/wp-content\/uploads\/2025\/09\/6088957165907299978.jpg\" loading=\"lazy\" width=\"1024\" height=\"910\" src=\"https:\/\/www.montceautriathlon.com\/blog\/wp-content\/uploads\/2025\/09\/6088957165907299978.jpg\" alt=\"\" data-id=\"8221\" data-link=\"https:\/\/www.montceautriathlon.com\/blog\/?attachment_id=8221\" class=\"wp-image-8221\" srcset=\"https:\/\/www.montceautriathlon.com\/blog\/wp-content\/uploads\/2025\/09\/6088957165907299978.jpg 1024w, https:\/\/www.montceautriathlon.com\/blog\/wp-content\/uploads\/2025\/09\/6088957165907299978-300x267.jpg 300w, https:\/\/www.montceautriathlon.com\/blog\/wp-content\/uploads\/2025\/09\/6088957165907299978-768x683.jpg 768w, https:\/\/www.montceautriathlon.com\/blog\/wp-content\/uploads\/2025\/09\/6088957165907299978-180x160.jpg 180w\" sizes=\"(max-width: 1024px) 100vw, 1024px\" \/><\/a><\/figure><\/li><li class=\"blocks-gallery-item\"><figure><a href=\"https:\/\/www.montceautriathlon.com\/blog\/wp-content\/uploads\/2025\/09\/4292723221356935217.jpg\"><img data-attachment-id=\"8222\" data-permalink=\"https:\/\/www.montceautriathlon.com\/blog\/2025\/09\/28\/dimanche-28-septembre-les-triathletes-courent-en-saone-et-loire-et-en-cote-dor\/attachment\/4292723221356935217\/\" data-orig-file=\"https:\/\/www.montceautriathlon.com\/blog\/wp-content\/uploads\/2025\/09\/4292723221356935217.jpg\" data-orig-size=\"600,800\" data-comments-opened=\"1\" data-image-meta=\"{&quot;aperture&quot;:&quot;0&quot;,&quot;credit&quot;:&quot;&quot;,&quot;camera&quot;:&quot;&quot;,&quot;caption&quot;:&quot;&quot;,&quot;created_timestamp&quot;:&quot;0&quot;,&quot;copyright&quot;:&quot;&quot;,&quot;focal_length&quot;:&quot;0&quot;,&quot;iso&quot;:&quot;0&quot;,&quot;shutter_speed&quot;:&quot;0&quot;,&quot;title&quot;:&quot;&quot;,&quot;orientation&quot;:&quot;0&quot;}\" data-image-title=\"4292723221356935217\" data-image-description=\"\" data-image-caption=\"\" data-medium-file=\"https:\/\/www.montceautriathlon.com\/blog\/wp-content\/uploads\/2025\/09\/4292723221356935217-225x300.jpg\" data-large-file=\"https:\/\/www.montceautriathlon.com\/blog\/wp-content\/uploads\/2025\/09\/4292723221356935217.jpg\" loading=\"lazy\" width=\"600\" height=\"800\" src=\"https:\/\/www.montceautriathlon.com\/blog\/wp-content\/uploads\/2025\/09\/4292723221356935217.jpg\" alt=\"\" data-id=\"8222\" data-link=\"https:\/\/www.montceautriathlon.com\/blog\/?attachment_id=8222\" class=\"wp-image-8222\" srcset=\"https:\/\/www.montceautriathlon.com\/blog\/wp-content\/uploads\/2025\/09\/4292723221356935217.jpg 600w, https:\/\/www.montceautriathlon.com\/blog\/wp-content\/uploads\/2025\/09\/4292723221356935217-225x300.jpg 225w\" sizes=\"(max-width: 600px) 100vw, 600px\" \/><\/a><\/figure><\/li><li class=\"blocks-gallery-item\"><figure><a href=\"https:\/\/www.montceautriathlon.com\/blog\/wp-content\/uploads\/2025\/09\/11934087754496634.jpg\"><img data-attachment-id=\"8223\" data-permalink=\"https:\/\/www.montceautriathlon.com\/blog\/2025\/09\/28\/dimanche-28-septembre-les-triathletes-courent-en-saone-et-loire-et-en-cote-dor\/attachment\/11934087754496634\/\" data-orig-file=\"https:\/\/www.montceautriathlon.com\/blog\/wp-content\/uploads\/2025\/09\/11934087754496634.jpg\" data-orig-size=\"1024,918\" data-comments-opened=\"1\" data-image-meta=\"{&quot;aperture&quot;:&quot;0&quot;,&quot;credit&quot;:&quot;&quot;,&quot;camera&quot;:&quot;&quot;,&quot;caption&quot;:&quot;&quot;,&quot;created_timestamp&quot;:&quot;0&quot;,&quot;copyright&quot;:&quot;&quot;,&quot;focal_length&quot;:&quot;0&quot;,&quot;iso&quot;:&quot;0&quot;,&quot;shutter_speed&quot;:&quot;0&quot;,&quot;title&quot;:&quot;&quot;,&quot;orientation&quot;:&quot;0&quot;}\" data-image-title=\"11934087754496634\" data-image-description=\"\" data-image-caption=\"\" data-medium-file=\"https:\/\/www.montceautriathlon.com\/blog\/wp-content\/uploads\/2025\/09\/11934087754496634-300x269.jpg\" data-large-file=\"https:\/\/www.montceautriathlon.com\/blog\/wp-content\/uploads\/2025\/09\/11934087754496634.jpg\" loading=\"lazy\" width=\"1024\" height=\"918\" src=\"https:\/\/www.montceautriathlon.com\/blog\/wp-content\/uploads\/2025\/09\/11934087754496634.jpg\" alt=\"\" data-id=\"8223\" data-link=\"https:\/\/www.montceautriathlon.com\/blog\/?attachment_id=8223\" class=\"wp-image-8223\" srcset=\"https:\/\/www.montceautriathlon.com\/blog\/wp-content\/uploads\/2025\/09\/11934087754496634.jpg 1024w, https:\/\/www.montceautriathlon.com\/blog\/wp-content\/uploads\/2025\/09\/11934087754496634-300x269.jpg 300w, https:\/\/www.montceautriathlon.com\/blog\/wp-content\/uploads\/2025\/09\/11934087754496634-768x689.jpg 768w, https:\/\/www.montceautriathlon.com\/blog\/wp-content\/uploads\/2025\/09\/11934087754496634-180x160.jpg 180w\" sizes=\"(max-width: 1024px) 100vw, 1024px\" \/><\/a><\/figure><\/li><li class=\"blocks-gallery-item\"><figure><a href=\"https:\/\/www.montceautriathlon.com\/blog\/wp-content\/uploads\/2025\/09\/557436145_1468874900819896_8468490406456775815_n.jpg\"><img data-attachment-id=\"8224\" data-permalink=\"https:\/\/www.montceautriathlon.com\/blog\/2025\/09\/28\/dimanche-28-septembre-les-triathletes-courent-en-saone-et-loire-et-en-cote-dor\/557436145_1468874900819896_8468490406456775815_n\/\" data-orig-file=\"https:\/\/www.montceautriathlon.com\/blog\/wp-content\/uploads\/2025\/09\/557436145_1468874900819896_8468490406456775815_n.jpg\" data-orig-size=\"1179,1200\" data-comments-opened=\"1\" data-image-meta=\"{&quot;aperture&quot;:&quot;0&quot;,&quot;credit&quot;:&quot;&quot;,&quot;camera&quot;:&quot;&quot;,&quot;caption&quot;:&quot;&quot;,&quot;created_timestamp&quot;:&quot;0&quot;,&quot;copyright&quot;:&quot;&quot;,&quot;focal_length&quot;:&quot;0&quot;,&quot;iso&quot;:&quot;0&quot;,&quot;shutter_speed&quot;:&quot;0&quot;,&quot;title&quot;:&quot;&quot;,&quot;orientation&quot;:&quot;0&quot;}\" data-image-title=\"557436145_1468874900819896_8468490406456775815_n\" data-image-description=\"\" data-image-caption=\"\" data-medium-file=\"https:\/\/www.montceautriathlon.com\/blog\/wp-content\/uploads\/2025\/09\/557436145_1468874900819896_8468490406456775815_n-295x300.jpg\" data-large-file=\"https:\/\/www.montceautriathlon.com\/blog\/wp-content\/uploads\/2025\/09\/557436145_1468874900819896_8468490406456775815_n-1006x1024.jpg\" loading=\"lazy\" width=\"1006\" height=\"1024\" src=\"https:\/\/www.montceautriathlon.com\/blog\/wp-content\/uploads\/2025\/09\/557436145_1468874900819896_8468490406456775815_n-1006x1024.jpg\" alt=\"\" data-id=\"8224\" data-full-url=\"https:\/\/www.montceautriathlon.com\/blog\/wp-content\/uploads\/2025\/09\/557436145_1468874900819896_8468490406456775815_n.jpg\" data-link=\"https:\/\/www.montceautriathlon.com\/blog\/?attachment_id=8224\" class=\"wp-image-8224\" srcset=\"https:\/\/www.montceautriathlon.com\/blog\/wp-content\/uploads\/2025\/09\/557436145_1468874900819896_8468490406456775815_n-1006x1024.jpg 1006w, https:\/\/www.montceautriathlon.com\/blog\/wp-content\/uploads\/2025\/09\/557436145_1468874900819896_8468490406456775815_n-295x300.jpg 295w, https:\/\/www.montceautriathlon.com\/blog\/wp-content\/uploads\/2025\/09\/557436145_1468874900819896_8468490406456775815_n-768x782.jpg 768w, https:\/\/www.montceautriathlon.com\/blog\/wp-content\/uploads\/2025\/09\/557436145_1468874900819896_8468490406456775815_n.jpg 1179w\" sizes=\"(max-width: 1006px) 100vw, 1006px\" \/><\/a><\/figure><\/li><\/ul><\/figure>\n","protected":false},"excerpt":{"rendered":"<p>Ce dimanche avait lieu le cross duathlon de Chen\u00f4ve. Seuls 2 jeunes ont fait le d\u00e9placement et ont pu courir sous le soleil. Jules Vendramini termine 34e au scratch de la course 10\/13 ans et se classe 9e pupille. Simon Devoille monte sur la 3e marche du podium sur la course S en cadet. Il [&hellip;]<\/p>\n","protected":false},"author":7,"featured_media":8220,"comment_status":"open","ping_status":"open","sticky":false,"template":"","format":"standard","meta":{"spay_email":"","jetpack_publicize_message":"","jetpack_is_tweetstorm":false},"categories":[1],"tags":[],"jetpack_featured_media_url":"https:\/\/www.montceautriathlon.com\/blog\/wp-content\/uploads\/2025\/09\/7478946659318170698.jpg","jetpack_publicize_connections":[],"jetpack_sharing_enabled":true,"jetpack_shortlink":"https:\/\/wp.me\/p8bwIy-28w","jetpack-related-posts":[{"id":6227,"url":"https:\/\/www.montceautriathlon.com\/blog\/2023\/09\/27\/le-creusot-10-km-du-coeur-de-ville\/","url_meta":{"origin":8216,"position":0},"title":"Le Creusot, 10 km du coeur de Ville","date":"27 septembre 2023","format":false,"excerpt":"Alors qu'une importante d\u00e9l\u00e9gation de triathl\u00e8tes montcelliens \u00e9tait \u00e0 Paladru, certains se sont retrouv\u00e9s au Creusot pour les 10 km du coeur de Ville. Chez les jeunes, Jules Vendramini et Jules Vinck ont couru dans le Parc de La Verrerie. Sur le 5km, Joshua termine 5e de la course en\u2026","rel":"","context":"Dans &quot;Non class\u00e9&quot;","img":{"alt_text":"","src":"https:\/\/i1.wp.com\/www.montceautriathlon.com\/blog\/wp-content\/uploads\/2023\/09\/Screenshot_2023-09-24-10-34-17-465_com.miui_.gallery.jpg?resize=350%2C200&ssl=1","width":350,"height":200},"classes":[]},{"id":6663,"url":"https:\/\/www.montceautriathlon.com\/blog\/2024\/03\/25\/aquathlon-du-creusot-2\/","url_meta":{"origin":8216,"position":1},"title":"Aquathlon du Creusot","date":"25 mars 2024","format":false,"excerpt":"Ce WE nos voisins du Creusot triathlon organisait leur Aquathlon, Montceau Triathlon y a donc fait le d\u00e9placement. C\u2019est dans une ambiance conviviale que nos triathl\u00e8tes ont fait de belles performances ce dimanche Sur la Course 8\/.9 ans (100m \/ 1km ) Come Pradier 11e au scratch 4e poussin Tiana\u2026","rel":"","context":"Dans &quot;Non class\u00e9&quot;","img":{"alt_text":"","src":"https:\/\/i1.wp.com\/www.montceautriathlon.com\/blog\/wp-content\/uploads\/2024\/03\/aqua.jpg?resize=350%2C200&ssl=1","width":350,"height":200},"classes":[]},{"id":5721,"url":"https:\/\/www.montceautriathlon.com\/blog\/2023\/04\/05\/aquathlon-du-creusot\/","url_meta":{"origin":8216,"position":2},"title":"Aquathlon du Creusot","date":"5 avril 2023","format":false,"excerpt":"Le club \u00e9tait repr\u00e9sent\u00e9 sur l'aquathlon de la Verrerie ce dimanche 2 avril. De nombreux licenci\u00e9s \u00e9taient pr\u00e9sents avec de beaux r\u00e9sultats \u00e0 la clef ! 8\/9ans : Jules Vendramini\u00a0 4e au scratch et 4e poussin \/ Candice Herrero 10e au scratch et 5e poussine \/ Come Dessagne 13e au\u2026","rel":"","context":"Dans &quot;Non class\u00e9&quot;","img":{"alt_text":"","src":"https:\/\/i2.wp.com\/www.montceautriathlon.com\/blog\/wp-content\/uploads\/2023\/04\/image_6487327-15.jpg?resize=350%2C200&ssl=1","width":350,"height":200},"classes":[]},{"id":7701,"url":"https:\/\/www.montceautriathlon.com\/blog\/2025\/05\/25\/triathlon-du-pilon-18-mai-2025\/","url_meta":{"origin":8216,"position":3},"title":"Triathlon du Pilon: 18 mai 2025","date":"25 mai 2025","format":false,"excerpt":"Ce dimanche, le cluib Creusot Triathlon organisait le triathlon s\u00e9lectif pour les jeunes aux championnats de France de triathlon. Voici les r\u00e9sultats: Sur la course XS, en minime, Titouan Rondier termine 53e en 39'10. Chez les filles, Axelle Da Eira est 32e en 42'34 et Sarah Thierry est 44e en\u2026","rel":"","context":"Dans &quot;Non class\u00e9&quot;","img":{"alt_text":"","src":"https:\/\/i0.wp.com\/www.montceautriathlon.com\/blog\/wp-content\/uploads\/2025\/05\/IMG-20250518-WA0243.jpg?resize=350%2C200&ssl=1","width":350,"height":200},"classes":[]},{"id":5410,"url":"https:\/\/www.montceautriathlon.com\/blog\/2022\/10\/27\/au-meeting-du-comite-departemental-de-triathlon-au-creusot-trois-equipes-du-club-ont-participe-championnat-departemental-de-triathlon-aristide-jeanne-et-titouan-champions-de-saone-et-loire\/","url_meta":{"origin":8216,"position":4},"title":"Au meeting du Comit\u00e9 D\u00e9partemental de Triathlon au Creusot : Trois \u00e9quipes du club ont particip\u00e9. Championnat D\u00e9partemental de Triathlon :   Aristide, Jeanne et Titouan  champions de Sa\u00f4ne et Loire !","date":"27 octobre 2022","format":false,"excerpt":"Ce dimanche 23 octobre, c'\u00e9tait la deuxi\u00e8me \u00e9dition de ce meeting apr\u00e8s Montceau l'an pass\u00e9. Le club du Creusot en charge de cette rencontre a parfaitement r\u00e9ussi cette journ\u00e9e conviviale,interg\u00e9n\u00e9rationnelle, dans la bonne humeur avec la participation de l'ensemble des clubs du d\u00e9partement. Les 27 licenci\u00e9s montcelliens , jeunes, moins\u2026","rel":"","context":"Dans &quot;Non class\u00e9&quot;","img":{"alt_text":"","src":"https:\/\/i2.wp.com\/www.montceautriathlon.com\/blog\/wp-content\/uploads\/2022\/10\/IMG-20221027-WA0003.jpg?resize=350%2C200&ssl=1","width":350,"height":200},"classes":[]},{"id":8765,"url":"https:\/\/www.montceautriathlon.com\/blog\/2026\/04\/01\/aquathlon-de-la-verrerie\/","url_meta":{"origin":8216,"position":5},"title":"Aquathlon de la Verrerie","date":"1 avril 2026","format":false,"excerpt":"Ce dimanche 29 mars, nos jeunes ont pris part au 1r aquathlon de la saison au Creusot avec des conditions m\u00e9t\u00e9o tr\u00e8s fraiche. Sur la course XS, Axelle Da Eira termine la course en 18min 05 (4e MIF). Jules Vinck le r\u00e9alise \u00e9galement en 18min 05 (4e BeH). Arrivent ensuite\u2026","rel":"","context":"Dans &quot;Non class\u00e9&quot;","img":{"alt_text":"","src":"https:\/\/i2.wp.com\/www.montceautriathlon.com\/blog\/wp-content\/uploads\/2026\/04\/IMG_0334.jpg?resize=350%2C200&ssl=1","width":350,"height":200},"classes":[]}],"_links":{"self":[{"href":"https:\/\/www.montceautriathlon.com\/blog\/wp-json\/wp\/v2\/posts\/8216"}],"collection":[{"href":"https:\/\/www.montceautriathlon.com\/blog\/wp-json\/wp\/v2\/posts"}],"about":[{"href":"https:\/\/www.montceautriathlon.com\/blog\/wp-json\/wp\/v2\/types\/post"}],"author":[{"embeddable":true,"href":"https:\/\/www.montceautriathlon.com\/blog\/wp-json\/wp\/v2\/users\/7"}],"replies":[{"embeddable":true,"href":"https:\/\/www.montceautriathlon.com\/blog\/wp-json\/wp\/v2\/comments?post=8216"}],"version-history":[{"count":1,"href":"https:\/\/www.montceautriathlon.com\/blog\/wp-json\/wp\/v2\/posts\/8216\/revisions"}],"predecessor-version":[{"id":8225,"href":"https:\/\/www.montceautriathlon.com\/blog\/wp-json\/wp\/v2\/posts\/8216\/revisions\/8225"}],"wp:featuredmedia":[{"embeddable":true,"href":"https:\/\/www.montceautriathlon.com\/blog\/wp-json\/wp\/v2\/media\/8220"}],"wp:attachment":[{"href":"https:\/\/www.montceautriathlon.com\/blog\/wp-json\/wp\/v2\/media?parent=8216"}],"wp:term":[{"taxonomy":"category","embeddable":true,"href":"https:\/\/www.montceautriathlon.com\/blog\/wp-json\/wp\/v2\/categories?post=8216"},{"taxonomy":"post_tag","embeddable":true,"href":"https:\/\/www.montceautriathlon.com\/blog\/wp-json\/wp\/v2\/tags?post=8216"}],"curies":[{"name":"wp","href":"https:\/\/api.w.org\/{rel}","templated":true}]}}