{"id":8207,"date":"2025-09-28T18:12:14","date_gmt":"2025-09-28T17:12:14","guid":{"rendered":"https:\/\/www.montceautriathlon.com\/blog\/?p=8207"},"modified":"2025-09-28T18:12:17","modified_gmt":"2025-09-28T17:12:17","slug":"20-septembre-10-km-de-digoin-et-triathlon-de-paladru","status":"publish","type":"post","link":"https:\/\/www.montceautriathlon.com\/blog\/2025\/09\/28\/20-septembre-10-km-de-digoin-et-triathlon-de-paladru\/","title":{"rendered":"20 Septembre: 10 km de Digoin et triathlon de Paladru"},"content":{"rendered":"\n<p>Ce samedi 20 septembre avait lieu les 10km de Digoin en soir\u00e9e et le triathlon par \u00e9quipe de Paladru.<\/p>\n\n\n\n<p>Nos athl\u00e8tes Montcelliens Laurent, Alice et Manon ont eu chaud \u00e0 Digoin. Laurent Magnien franchit la ligne apr\u00e8s 47\u201944 d\u2019effort le classant 49e au scratch et 5e M2. Manon Vaury termine 8e et 3e seniore en 53\u2019<\/p>\n\n\n\n<p>Du cot\u00e9 de l&rsquo;Is\u00e8re, 4 comp\u00e8res se sont engag\u00e9s sur le triathlon L de Paladru. L&rsquo;\u00e9quipe &lsquo;la Belle et les B\u00eates\u00a0\u00bb compos\u00e9e de Sandrine Marchand, Sammy Marc, Philippe BoOngrand et Arnaud Rondier termine \u00e0 la 92e place de ce triathlon..<\/p>\n\n\n\n<figure class=\"wp-block-gallery columns-3 is-cropped\"><ul data-carousel-extra='{\"blog_id\":1,\"permalink\":\"https:\\\/\\\/www.montceautriathlon.com\\\/blog\\\/2025\\\/09\\\/28\\\/20-septembre-10-km-de-digoin-et-triathlon-de-paladru\\\/\"}' class=\"blocks-gallery-grid\"><li class=\"blocks-gallery-item\"><figure><a href=\"https:\/\/www.montceautriathlon.com\/blog\/wp-content\/uploads\/2025\/09\/549991327_1462731721434214_3485638623045811736_n-472x1024.jpg\"><img data-attachment-id=\"8209\" data-permalink=\"https:\/\/www.montceautriathlon.com\/blog\/2025\/09\/28\/20-septembre-10-km-de-digoin-et-triathlon-de-paladru\/549991327_1462731721434214_3485638623045811736_n\/\" data-orig-file=\"https:\/\/www.montceautriathlon.com\/blog\/wp-content\/uploads\/2025\/09\/549991327_1462731721434214_3485638623045811736_n.jpg\" data-orig-size=\"922,2000\" data-comments-opened=\"1\" data-image-meta=\"{&quot;aperture&quot;:&quot;0&quot;,&quot;credit&quot;:&quot;&quot;,&quot;camera&quot;:&quot;&quot;,&quot;caption&quot;:&quot;&quot;,&quot;created_timestamp&quot;:&quot;0&quot;,&quot;copyright&quot;:&quot;&quot;,&quot;focal_length&quot;:&quot;0&quot;,&quot;iso&quot;:&quot;0&quot;,&quot;shutter_speed&quot;:&quot;0&quot;,&quot;title&quot;:&quot;&quot;,&quot;orientation&quot;:&quot;0&quot;}\" data-image-title=\"549991327_1462731721434214_3485638623045811736_n\" data-image-description=\"\" data-image-caption=\"\" data-medium-file=\"https:\/\/www.montceautriathlon.com\/blog\/wp-content\/uploads\/2025\/09\/549991327_1462731721434214_3485638623045811736_n-138x300.jpg\" data-large-file=\"https:\/\/www.montceautriathlon.com\/blog\/wp-content\/uploads\/2025\/09\/549991327_1462731721434214_3485638623045811736_n-472x1024.jpg\" loading=\"lazy\" width=\"472\" height=\"1024\" src=\"https:\/\/www.montceautriathlon.com\/blog\/wp-content\/uploads\/2025\/09\/549991327_1462731721434214_3485638623045811736_n-472x1024.jpg\" alt=\"\" data-id=\"8209\" data-link=\"https:\/\/www.montceautriathlon.com\/blog\/?attachment_id=8209\" class=\"wp-image-8209\" srcset=\"https:\/\/www.montceautriathlon.com\/blog\/wp-content\/uploads\/2025\/09\/549991327_1462731721434214_3485638623045811736_n-472x1024.jpg 472w, https:\/\/www.montceautriathlon.com\/blog\/wp-content\/uploads\/2025\/09\/549991327_1462731721434214_3485638623045811736_n-138x300.jpg 138w, https:\/\/www.montceautriathlon.com\/blog\/wp-content\/uploads\/2025\/09\/549991327_1462731721434214_3485638623045811736_n-768x1666.jpg 768w, https:\/\/www.montceautriathlon.com\/blog\/wp-content\/uploads\/2025\/09\/549991327_1462731721434214_3485638623045811736_n-708x1536.jpg 708w, https:\/\/www.montceautriathlon.com\/blog\/wp-content\/uploads\/2025\/09\/549991327_1462731721434214_3485638623045811736_n.jpg 922w\" sizes=\"(max-width: 472px) 100vw, 472px\" \/><\/a><\/figure><\/li><li class=\"blocks-gallery-item\"><figure><a href=\"https:\/\/www.montceautriathlon.com\/blog\/wp-content\/uploads\/2025\/09\/552432174_1462731701434216_562238734708483060_n-472x1024.jpg\"><img data-attachment-id=\"8210\" data-permalink=\"https:\/\/www.montceautriathlon.com\/blog\/2025\/09\/28\/20-septembre-10-km-de-digoin-et-triathlon-de-paladru\/552432174_1462731701434216_562238734708483060_n\/\" data-orig-file=\"https:\/\/www.montceautriathlon.com\/blog\/wp-content\/uploads\/2025\/09\/552432174_1462731701434216_562238734708483060_n.jpg\" data-orig-size=\"922,2000\" data-comments-opened=\"1\" data-image-meta=\"{&quot;aperture&quot;:&quot;0&quot;,&quot;credit&quot;:&quot;&quot;,&quot;camera&quot;:&quot;&quot;,&quot;caption&quot;:&quot;&quot;,&quot;created_timestamp&quot;:&quot;0&quot;,&quot;copyright&quot;:&quot;&quot;,&quot;focal_length&quot;:&quot;0&quot;,&quot;iso&quot;:&quot;0&quot;,&quot;shutter_speed&quot;:&quot;0&quot;,&quot;title&quot;:&quot;&quot;,&quot;orientation&quot;:&quot;0&quot;}\" data-image-title=\"552432174_1462731701434216_562238734708483060_n\" data-image-description=\"\" data-image-caption=\"\" data-medium-file=\"https:\/\/www.montceautriathlon.com\/blog\/wp-content\/uploads\/2025\/09\/552432174_1462731701434216_562238734708483060_n-138x300.jpg\" data-large-file=\"https:\/\/www.montceautriathlon.com\/blog\/wp-content\/uploads\/2025\/09\/552432174_1462731701434216_562238734708483060_n-472x1024.jpg\" loading=\"lazy\" width=\"472\" height=\"1024\" src=\"https:\/\/www.montceautriathlon.com\/blog\/wp-content\/uploads\/2025\/09\/552432174_1462731701434216_562238734708483060_n-472x1024.jpg\" alt=\"\" data-id=\"8210\" data-link=\"https:\/\/www.montceautriathlon.com\/blog\/?attachment_id=8210\" class=\"wp-image-8210\" srcset=\"https:\/\/www.montceautriathlon.com\/blog\/wp-content\/uploads\/2025\/09\/552432174_1462731701434216_562238734708483060_n-472x1024.jpg 472w, https:\/\/www.montceautriathlon.com\/blog\/wp-content\/uploads\/2025\/09\/552432174_1462731701434216_562238734708483060_n-138x300.jpg 138w, https:\/\/www.montceautriathlon.com\/blog\/wp-content\/uploads\/2025\/09\/552432174_1462731701434216_562238734708483060_n-768x1666.jpg 768w, https:\/\/www.montceautriathlon.com\/blog\/wp-content\/uploads\/2025\/09\/552432174_1462731701434216_562238734708483060_n-708x1536.jpg 708w, https:\/\/www.montceautriathlon.com\/blog\/wp-content\/uploads\/2025\/09\/552432174_1462731701434216_562238734708483060_n.jpg 922w\" sizes=\"(max-width: 472px) 100vw, 472px\" \/><\/a><\/figure><\/li><li class=\"blocks-gallery-item\"><figure><a href=\"https:\/\/www.montceautriathlon.com\/blog\/wp-content\/uploads\/2025\/09\/550480483_1462731661434220_2171407264446590784_n-472x1024.jpg\"><img data-attachment-id=\"8211\" data-permalink=\"https:\/\/www.montceautriathlon.com\/blog\/2025\/09\/28\/20-septembre-10-km-de-digoin-et-triathlon-de-paladru\/550480483_1462731661434220_2171407264446590784_n\/\" data-orig-file=\"https:\/\/www.montceautriathlon.com\/blog\/wp-content\/uploads\/2025\/09\/550480483_1462731661434220_2171407264446590784_n.jpg\" data-orig-size=\"922,2000\" data-comments-opened=\"1\" data-image-meta=\"{&quot;aperture&quot;:&quot;0&quot;,&quot;credit&quot;:&quot;&quot;,&quot;camera&quot;:&quot;&quot;,&quot;caption&quot;:&quot;&quot;,&quot;created_timestamp&quot;:&quot;0&quot;,&quot;copyright&quot;:&quot;&quot;,&quot;focal_length&quot;:&quot;0&quot;,&quot;iso&quot;:&quot;0&quot;,&quot;shutter_speed&quot;:&quot;0&quot;,&quot;title&quot;:&quot;&quot;,&quot;orientation&quot;:&quot;0&quot;}\" data-image-title=\"550480483_1462731661434220_2171407264446590784_n\" data-image-description=\"\" data-image-caption=\"\" data-medium-file=\"https:\/\/www.montceautriathlon.com\/blog\/wp-content\/uploads\/2025\/09\/550480483_1462731661434220_2171407264446590784_n-138x300.jpg\" data-large-file=\"https:\/\/www.montceautriathlon.com\/blog\/wp-content\/uploads\/2025\/09\/550480483_1462731661434220_2171407264446590784_n-472x1024.jpg\" loading=\"lazy\" width=\"472\" height=\"1024\" src=\"https:\/\/www.montceautriathlon.com\/blog\/wp-content\/uploads\/2025\/09\/550480483_1462731661434220_2171407264446590784_n-472x1024.jpg\" alt=\"\" data-id=\"8211\" data-link=\"https:\/\/www.montceautriathlon.com\/blog\/?attachment_id=8211\" class=\"wp-image-8211\" srcset=\"https:\/\/www.montceautriathlon.com\/blog\/wp-content\/uploads\/2025\/09\/550480483_1462731661434220_2171407264446590784_n-472x1024.jpg 472w, https:\/\/www.montceautriathlon.com\/blog\/wp-content\/uploads\/2025\/09\/550480483_1462731661434220_2171407264446590784_n-138x300.jpg 138w, https:\/\/www.montceautriathlon.com\/blog\/wp-content\/uploads\/2025\/09\/550480483_1462731661434220_2171407264446590784_n-768x1666.jpg 768w, https:\/\/www.montceautriathlon.com\/blog\/wp-content\/uploads\/2025\/09\/550480483_1462731661434220_2171407264446590784_n-708x1536.jpg 708w, https:\/\/www.montceautriathlon.com\/blog\/wp-content\/uploads\/2025\/09\/550480483_1462731661434220_2171407264446590784_n.jpg 922w\" sizes=\"(max-width: 472px) 100vw, 472px\" \/><\/a><\/figure><\/li><li class=\"blocks-gallery-item\"><figure><a href=\"https:\/\/www.montceautriathlon.com\/blog\/wp-content\/uploads\/2025\/09\/550376118_1462731651434221_491952830554182131_n-1024x472.jpg\"><img data-attachment-id=\"8212\" data-permalink=\"https:\/\/www.montceautriathlon.com\/blog\/2025\/09\/28\/20-septembre-10-km-de-digoin-et-triathlon-de-paladru\/550376118_1462731651434221_491952830554182131_n\/\" data-orig-file=\"https:\/\/www.montceautriathlon.com\/blog\/wp-content\/uploads\/2025\/09\/550376118_1462731651434221_491952830554182131_n.jpg\" data-orig-size=\"2000,922\" data-comments-opened=\"1\" data-image-meta=\"{&quot;aperture&quot;:&quot;0&quot;,&quot;credit&quot;:&quot;&quot;,&quot;camera&quot;:&quot;&quot;,&quot;caption&quot;:&quot;&quot;,&quot;created_timestamp&quot;:&quot;0&quot;,&quot;copyright&quot;:&quot;&quot;,&quot;focal_length&quot;:&quot;0&quot;,&quot;iso&quot;:&quot;0&quot;,&quot;shutter_speed&quot;:&quot;0&quot;,&quot;title&quot;:&quot;&quot;,&quot;orientation&quot;:&quot;0&quot;}\" data-image-title=\"550376118_1462731651434221_491952830554182131_n\" data-image-description=\"\" data-image-caption=\"\" data-medium-file=\"https:\/\/www.montceautriathlon.com\/blog\/wp-content\/uploads\/2025\/09\/550376118_1462731651434221_491952830554182131_n-300x138.jpg\" data-large-file=\"https:\/\/www.montceautriathlon.com\/blog\/wp-content\/uploads\/2025\/09\/550376118_1462731651434221_491952830554182131_n-1024x472.jpg\" loading=\"lazy\" width=\"1024\" height=\"472\" src=\"https:\/\/www.montceautriathlon.com\/blog\/wp-content\/uploads\/2025\/09\/550376118_1462731651434221_491952830554182131_n-1024x472.jpg\" alt=\"\" data-id=\"8212\" data-link=\"https:\/\/www.montceautriathlon.com\/blog\/?attachment_id=8212\" class=\"wp-image-8212\" srcset=\"https:\/\/www.montceautriathlon.com\/blog\/wp-content\/uploads\/2025\/09\/550376118_1462731651434221_491952830554182131_n-1024x472.jpg 1024w, https:\/\/www.montceautriathlon.com\/blog\/wp-content\/uploads\/2025\/09\/550376118_1462731651434221_491952830554182131_n-300x138.jpg 300w, https:\/\/www.montceautriathlon.com\/blog\/wp-content\/uploads\/2025\/09\/550376118_1462731651434221_491952830554182131_n-768x354.jpg 768w, https:\/\/www.montceautriathlon.com\/blog\/wp-content\/uploads\/2025\/09\/550376118_1462731651434221_491952830554182131_n-1536x708.jpg 1536w, https:\/\/www.montceautriathlon.com\/blog\/wp-content\/uploads\/2025\/09\/550376118_1462731651434221_491952830554182131_n.jpg 2000w\" sizes=\"(max-width: 1024px) 100vw, 1024px\" \/><\/a><\/figure><\/li><li class=\"blocks-gallery-item\"><figure><a href=\"https:\/\/www.montceautriathlon.com\/blog\/wp-content\/uploads\/2025\/09\/550467519_1462736171433769_8389959657045431709_n-1-1024x768.jpg\"><img data-attachment-id=\"8213\" data-permalink=\"https:\/\/www.montceautriathlon.com\/blog\/2025\/09\/28\/20-septembre-10-km-de-digoin-et-triathlon-de-paladru\/550467519_1462736171433769_8389959657045431709_n-1\/\" data-orig-file=\"https:\/\/www.montceautriathlon.com\/blog\/wp-content\/uploads\/2025\/09\/550467519_1462736171433769_8389959657045431709_n-1.jpg\" data-orig-size=\"1600,1200\" data-comments-opened=\"1\" data-image-meta=\"{&quot;aperture&quot;:&quot;0&quot;,&quot;credit&quot;:&quot;&quot;,&quot;camera&quot;:&quot;&quot;,&quot;caption&quot;:&quot;&quot;,&quot;created_timestamp&quot;:&quot;0&quot;,&quot;copyright&quot;:&quot;&quot;,&quot;focal_length&quot;:&quot;0&quot;,&quot;iso&quot;:&quot;0&quot;,&quot;shutter_speed&quot;:&quot;0&quot;,&quot;title&quot;:&quot;&quot;,&quot;orientation&quot;:&quot;0&quot;}\" data-image-title=\"550467519_1462736171433769_8389959657045431709_n-1\" data-image-description=\"\" data-image-caption=\"\" data-medium-file=\"https:\/\/www.montceautriathlon.com\/blog\/wp-content\/uploads\/2025\/09\/550467519_1462736171433769_8389959657045431709_n-1-300x225.jpg\" data-large-file=\"https:\/\/www.montceautriathlon.com\/blog\/wp-content\/uploads\/2025\/09\/550467519_1462736171433769_8389959657045431709_n-1-1024x768.jpg\" loading=\"lazy\" width=\"1024\" height=\"768\" src=\"https:\/\/www.montceautriathlon.com\/blog\/wp-content\/uploads\/2025\/09\/550467519_1462736171433769_8389959657045431709_n-1-1024x768.jpg\" alt=\"\" data-id=\"8213\" data-link=\"https:\/\/www.montceautriathlon.com\/blog\/?attachment_id=8213\" class=\"wp-image-8213\" srcset=\"https:\/\/www.montceautriathlon.com\/blog\/wp-content\/uploads\/2025\/09\/550467519_1462736171433769_8389959657045431709_n-1-1024x768.jpg 1024w, https:\/\/www.montceautriathlon.com\/blog\/wp-content\/uploads\/2025\/09\/550467519_1462736171433769_8389959657045431709_n-1-300x225.jpg 300w, https:\/\/www.montceautriathlon.com\/blog\/wp-content\/uploads\/2025\/09\/550467519_1462736171433769_8389959657045431709_n-1-768x576.jpg 768w, https:\/\/www.montceautriathlon.com\/blog\/wp-content\/uploads\/2025\/09\/550467519_1462736171433769_8389959657045431709_n-1-1536x1152.jpg 1536w, https:\/\/www.montceautriathlon.com\/blog\/wp-content\/uploads\/2025\/09\/550467519_1462736171433769_8389959657045431709_n-1.jpg 1600w\" sizes=\"(max-width: 1024px) 100vw, 1024px\" \/><\/a><\/figure><\/li><li class=\"blocks-gallery-item\"><figure><a href=\"https:\/\/www.montceautriathlon.com\/blog\/wp-content\/uploads\/2025\/09\/552373338_1462736178100435_5327505072818221935_n.jpg\"><img data-attachment-id=\"8214\" data-permalink=\"https:\/\/www.montceautriathlon.com\/blog\/2025\/09\/28\/20-septembre-10-km-de-digoin-et-triathlon-de-paladru\/552373338_1462736178100435_5327505072818221935_n\/\" data-orig-file=\"https:\/\/www.montceautriathlon.com\/blog\/wp-content\/uploads\/2025\/09\/552373338_1462736178100435_5327505072818221935_n.jpg\" data-orig-size=\"1600,1200\" data-comments-opened=\"1\" data-image-meta=\"{&quot;aperture&quot;:&quot;0&quot;,&quot;credit&quot;:&quot;&quot;,&quot;camera&quot;:&quot;&quot;,&quot;caption&quot;:&quot;&quot;,&quot;created_timestamp&quot;:&quot;0&quot;,&quot;copyright&quot;:&quot;&quot;,&quot;focal_length&quot;:&quot;0&quot;,&quot;iso&quot;:&quot;0&quot;,&quot;shutter_speed&quot;:&quot;0&quot;,&quot;title&quot;:&quot;&quot;,&quot;orientation&quot;:&quot;0&quot;}\" data-image-title=\"552373338_1462736178100435_5327505072818221935_n\" data-image-description=\"\" data-image-caption=\"\" data-medium-file=\"https:\/\/www.montceautriathlon.com\/blog\/wp-content\/uploads\/2025\/09\/552373338_1462736178100435_5327505072818221935_n-300x225.jpg\" data-large-file=\"https:\/\/www.montceautriathlon.com\/blog\/wp-content\/uploads\/2025\/09\/552373338_1462736178100435_5327505072818221935_n-1024x768.jpg\" loading=\"lazy\" width=\"1024\" height=\"768\" src=\"https:\/\/www.montceautriathlon.com\/blog\/wp-content\/uploads\/2025\/09\/552373338_1462736178100435_5327505072818221935_n-1024x768.jpg\" alt=\"\" data-id=\"8214\" data-full-url=\"https:\/\/www.montceautriathlon.com\/blog\/wp-content\/uploads\/2025\/09\/552373338_1462736178100435_5327505072818221935_n.jpg\" data-link=\"https:\/\/www.montceautriathlon.com\/blog\/?attachment_id=8214\" class=\"wp-image-8214\" srcset=\"https:\/\/www.montceautriathlon.com\/blog\/wp-content\/uploads\/2025\/09\/552373338_1462736178100435_5327505072818221935_n-1024x768.jpg 1024w, https:\/\/www.montceautriathlon.com\/blog\/wp-content\/uploads\/2025\/09\/552373338_1462736178100435_5327505072818221935_n-300x225.jpg 300w, https:\/\/www.montceautriathlon.com\/blog\/wp-content\/uploads\/2025\/09\/552373338_1462736178100435_5327505072818221935_n-768x576.jpg 768w, https:\/\/www.montceautriathlon.com\/blog\/wp-content\/uploads\/2025\/09\/552373338_1462736178100435_5327505072818221935_n-1536x1152.jpg 1536w, https:\/\/www.montceautriathlon.com\/blog\/wp-content\/uploads\/2025\/09\/552373338_1462736178100435_5327505072818221935_n.jpg 1600w\" sizes=\"(max-width: 1024px) 100vw, 1024px\" \/><\/a><\/figure><\/li><\/ul><\/figure>\n","protected":false},"excerpt":{"rendered":"<p>Ce samedi 20 septembre avait lieu les 10km de Digoin en soir\u00e9e et le triathlon par \u00e9quipe de Paladru. Nos athl\u00e8tes Montcelliens Laurent, Alice et Manon ont eu chaud \u00e0 Digoin. Laurent Magnien franchit la ligne apr\u00e8s 47\u201944 d\u2019effort le classant 49e au scratch et 5e M2. Manon Vaury termine 8e et 3e seniore en [&hellip;]<\/p>\n","protected":false},"author":7,"featured_media":8214,"comment_status":"open","ping_status":"open","sticky":false,"template":"","format":"standard","meta":{"spay_email":"","jetpack_publicize_message":"","jetpack_is_tweetstorm":false},"categories":[1],"tags":[],"jetpack_featured_media_url":"https:\/\/www.montceautriathlon.com\/blog\/wp-content\/uploads\/2025\/09\/552373338_1462736178100435_5327505072818221935_n.jpg","jetpack_publicize_connections":[],"jetpack_sharing_enabled":true,"jetpack_shortlink":"https:\/\/wp.me\/p8bwIy-28n","jetpack-related-posts":[{"id":7138,"url":"https:\/\/www.montceautriathlon.com\/blog\/2024\/12\/01\/triathlon-de-paladru-21-septembre-2024\/","url_meta":{"origin":8207,"position":0},"title":"Triathlon de Paladru (21 septembre 2024)","date":"1 d\u00e9cembre 2024","format":false,"excerpt":"Deux \u00e9quipes de Montceay ont fait le d\u00e9placement \u00e0 Paladru pour le triathlon L par \u00e9quipes. La Belle et les b\u00eates ( Sandrine Marchand, Arnaud Rondier, Sammy Marc, Frederic Ghesquiere et Philippe Bongrand) termine en 5h33 (99e au scratch et 33e \u00e9quipe mixte) Les Piplettes du Montceau ( Sophie Boyer,\u2026","rel":"","context":"Dans &quot;Non class\u00e9&quot;","img":{"alt_text":"","src":"https:\/\/i1.wp.com\/www.montceautriathlon.com\/blog\/wp-content\/uploads\/2024\/12\/paladru-3.jpg?resize=350%2C200&ssl=1","width":350,"height":200},"classes":[]},{"id":6192,"url":"https:\/\/www.montceautriathlon.com\/blog\/2023\/09\/27\/triathlon-de-paladru\/","url_meta":{"origin":8207,"position":1},"title":"Triathlon de Paladru","date":"27 septembre 2023","format":false,"excerpt":"Une importante d\u00e9l\u00e9gation de Montceau Triathlon s'est retrouv\u00e9e \u00e0 Paladru (Is\u00e8re) pour le triathlon en \u00e9quipe. Les 32 triathl\u00e8tes, composant 7 \u00e9quipes, se sont engag\u00e9es sur un triathlon distance L. Avec une m\u00e9t\u00e9o favorable, tous et toutes ont aval\u00e9s les 1700m de natation, 80 km de v\u00e9lo et 17km de\u2026","rel":"","context":"Dans &quot;Non class\u00e9&quot;","img":{"alt_text":"","src":"https:\/\/i2.wp.com\/www.montceautriathlon.com\/blog\/wp-content\/uploads\/2023\/09\/IMG-20230923-WA00021-1.jpg?resize=350%2C200&ssl=1","width":350,"height":200},"classes":[]},{"id":1541,"url":"https:\/\/www.montceautriathlon.com\/blog\/2017\/09\/24\/triathlon-de-paladru-samedi-23-septembre-2017\/","url_meta":{"origin":8207,"position":2},"title":"Triathlon de Paladru (Samedi 23 septembre 2017)","date":"24 septembre 2017","format":false,"excerpt":"Avec 4 \u00e9quipes propos\u00e9es sur 150 \u00e9quipes engag\u00e9es, notre club a une nouvelle fois particip\u00e9 en nombre au Triathlon de Paladru\u00a0qui, pour ceux qui ne se situent pas, est entre Bourgoin-Jailleu et Voiron, proche\u00a0de Grenoble. Le soleil \u00e9tait une nouvelle fois au rendez-vous ainsi que la joie et la bonne\u2026","rel":"","context":"Dans &quot;Non class\u00e9&quot;","img":{"alt_text":"","src":"","width":0,"height":0},"classes":[]},{"id":863,"url":"https:\/\/www.montceautriathlon.com\/blog\/2016\/09\/27\/resultat-du-triathlon-de-paladru-par-equipe-24-septembre-2016\/","url_meta":{"origin":8207,"position":3},"title":"R\u00e9sultat du triathlon de Paladru par \u00e9quipe (24 septembre 2016)","date":"27 septembre 2016","format":false,"excerpt":"Une tr\u00e8s belle fin de saison pour \u00ab\u00a0Montceau Triathlon\u00a0\u00bb puisque 25 triathl\u00e8tes se sont retrouv\u00e9s ce dimanche, dans l\u2019Is\u00e8re, au Lac de Paladru\u00a0! Un encha\u00eenement de 1700m de natation, 72 kms de v\u00e9lo et 17kms de course \u00e0 pied avec en fin de parcours une partie trail, particuli\u00e8rement \u00e9prouvante, attendaient\u2026","rel":"","context":"Dans &quot;slide show&quot;","img":{"alt_text":"","src":"https:\/\/i0.wp.com\/www.montceautriathlon.com\/blog\/wp-content\/uploads\/2016\/09\/Triathlon_Paladru_2016.jpg?resize=350%2C200&ssl=1","width":350,"height":200},"classes":[]},{"id":3206,"url":"https:\/\/www.montceautriathlon.com\/blog\/2019\/09\/24\/21-09-19-triathlon-de-paladru-jamais-decus-encore-convaincus\/","url_meta":{"origin":8207,"position":4},"title":"21\/09\/ 19, Triathlon de Paladru : Jamais d\u00e9\u00e7us, encore convaincus !","date":"24 septembre 2019","format":false,"excerpt":"Paladru a encore convaincu ! Si certains ne comptent plus leur nombre de participation \u00e0 ce magnifique triathlon L par \u00e9quipe, les nouvelles recrues qui pour certains gouttaient \u00e0 leur premier longue distance, ne sont pas repartis d\u00e9\u00e7us. Joli parcours, lac avec une eau limpide, m\u00e9t\u00e9o nickel, convivialit\u00e9 et super\u2026","rel":"","context":"Dans &quot;Non class\u00e9&quot;","img":{"alt_text":"","src":"","width":0,"height":0},"classes":[]},{"id":2309,"url":"https:\/\/www.montceautriathlon.com\/blog\/2018\/10\/06\/emmene-moi-au-pays-paladru-22-09-18\/","url_meta":{"origin":8207,"position":5},"title":"Emm\u00e8ne- moi au pays&#8230; Paladru 22\/09\/18","date":"6 octobre 2018","format":false,"excerpt":"\"Viens je t'emm\u00e8ne\" .... \u00e0 Paladru!\u00a0 (Merci Isabelle !) Cette ann\u00e9e, une seule \u00e9quipe montcelienne compos\u00e9e de Charline, Sophie, Pierre, Cyril et Isabelle prenait le d\u00e9part de ce sympathique triathlon de fin de saison. Le cadre magnifique, l' organisation, les b\u00e9n\u00e9voles toujours au top et des parcours superbes...voil\u00e0 des ingr\u00e9dients\u2026","rel":"","context":"Dans &quot;Non class\u00e9&quot;","img":{"alt_text":"","src":"https:\/\/i2.wp.com\/montceautriathlon.com\/blog\/wp-content\/uploads\/2018\/10\/Paladru-300x225.jpg?resize=350%2C200","width":350,"height":200},"classes":[]}],"_links":{"self":[{"href":"https:\/\/www.montceautriathlon.com\/blog\/wp-json\/wp\/v2\/posts\/8207"}],"collection":[{"href":"https:\/\/www.montceautriathlon.com\/blog\/wp-json\/wp\/v2\/posts"}],"about":[{"href":"https:\/\/www.montceautriathlon.com\/blog\/wp-json\/wp\/v2\/types\/post"}],"author":[{"embeddable":true,"href":"https:\/\/www.montceautriathlon.com\/blog\/wp-json\/wp\/v2\/users\/7"}],"replies":[{"embeddable":true,"href":"https:\/\/www.montceautriathlon.com\/blog\/wp-json\/wp\/v2\/comments?post=8207"}],"version-history":[{"count":1,"href":"https:\/\/www.montceautriathlon.com\/blog\/wp-json\/wp\/v2\/posts\/8207\/revisions"}],"predecessor-version":[{"id":8215,"href":"https:\/\/www.montceautriathlon.com\/blog\/wp-json\/wp\/v2\/posts\/8207\/revisions\/8215"}],"wp:featuredmedia":[{"embeddable":true,"href":"https:\/\/www.montceautriathlon.com\/blog\/wp-json\/wp\/v2\/media\/8214"}],"wp:attachment":[{"href":"https:\/\/www.montceautriathlon.com\/blog\/wp-json\/wp\/v2\/media?parent=8207"}],"wp:term":[{"taxonomy":"category","embeddable":true,"href":"https:\/\/www.montceautriathlon.com\/blog\/wp-json\/wp\/v2\/categories?post=8207"},{"taxonomy":"post_tag","embeddable":true,"href":"https:\/\/www.montceautriathlon.com\/blog\/wp-json\/wp\/v2\/tags?post=8207"}],"curies":[{"name":"wp","href":"https:\/\/api.w.org\/{rel}","templated":true}]}}