{"id":8194,"date":"2025-09-28T17:27:22","date_gmt":"2025-09-28T16:27:22","guid":{"rendered":"https:\/\/www.montceautriathlon.com\/blog\/?p=8194"},"modified":"2025-09-28T17:27:25","modified_gmt":"2025-09-28T16:27:25","slug":"21-septembre-triathlon-de-seurre","status":"publish","type":"post","link":"https:\/\/www.montceautriathlon.com\/blog\/2025\/09\/28\/21-septembre-triathlon-de-seurre\/","title":{"rendered":"21 septembre: Triathlon de Seurre"},"content":{"rendered":"\n<p id=\"block-efbdd970-6fcc-47fc-963f-f828c2258420\">Seuls 2 courageux, les deux fr\u00e8res Vinck, ont brav\u00e9 la pluie et se sont rendus en Cote d&rsquo;Or pour participer au triathlon de Seurre.<\/p>\n\n\n\n<p id=\"block-65db9745-0094-44b9-a805-bf901aa74172\">Sur la course 10\/13 ans, Jules Vinck termine 14e au scratch et 4e pupille. Son fr\u00e8re Louis, sur la course 8\/11 ans, termine 3e au scratch et 1r en poussin.<\/p>\n\n\n\n<p id=\"block-6272c3fd-315b-48d1-a942-b29563af1133\">F\u00e9licitations \u00e0 eux car le temps n&rsquo;\u00e9tait vraiment pas de la partie.<\/p>\n\n\n\n<figure class=\"wp-block-gallery columns-3 is-cropped\"><ul data-carousel-extra='{\"blog_id\":1,\"permalink\":\"https:\\\/\\\/www.montceautriathlon.com\\\/blog\\\/2025\\\/09\\\/28\\\/21-septembre-triathlon-de-seurre\\\/\"}' class=\"blocks-gallery-grid\"><li class=\"blocks-gallery-item\"><figure><a href=\"https:\/\/www.montceautriathlon.com\/blog\/wp-content\/uploads\/2025\/09\/IMG-20250921-WA0004-1-768x1024.jpg\"><img data-attachment-id=\"8195\" data-permalink=\"https:\/\/www.montceautriathlon.com\/blog\/2025\/09\/28\/21-septembre-triathlon-de-seurre\/img-20250921-wa0004-1\/\" data-orig-file=\"https:\/\/www.montceautriathlon.com\/blog\/wp-content\/uploads\/2025\/09\/IMG-20250921-WA0004-1.jpg\" data-orig-size=\"1500,2000\" data-comments-opened=\"1\" data-image-meta=\"{&quot;aperture&quot;:&quot;0&quot;,&quot;credit&quot;:&quot;&quot;,&quot;camera&quot;:&quot;&quot;,&quot;caption&quot;:&quot;&quot;,&quot;created_timestamp&quot;:&quot;0&quot;,&quot;copyright&quot;:&quot;&quot;,&quot;focal_length&quot;:&quot;0&quot;,&quot;iso&quot;:&quot;0&quot;,&quot;shutter_speed&quot;:&quot;0&quot;,&quot;title&quot;:&quot;&quot;,&quot;orientation&quot;:&quot;0&quot;}\" data-image-title=\"IMG-20250921-WA0004-1\" data-image-description=\"\" data-image-caption=\"\" data-medium-file=\"https:\/\/www.montceautriathlon.com\/blog\/wp-content\/uploads\/2025\/09\/IMG-20250921-WA0004-1-225x300.jpg\" data-large-file=\"https:\/\/www.montceautriathlon.com\/blog\/wp-content\/uploads\/2025\/09\/IMG-20250921-WA0004-1-768x1024.jpg\" loading=\"lazy\" width=\"768\" height=\"1024\" src=\"https:\/\/www.montceautriathlon.com\/blog\/wp-content\/uploads\/2025\/09\/IMG-20250921-WA0004-1-768x1024.jpg\" alt=\"\" data-id=\"8195\" data-link=\"https:\/\/www.montceautriathlon.com\/blog\/?attachment_id=8195\" class=\"wp-image-8195\" srcset=\"https:\/\/www.montceautriathlon.com\/blog\/wp-content\/uploads\/2025\/09\/IMG-20250921-WA0004-1-768x1024.jpg 768w, https:\/\/www.montceautriathlon.com\/blog\/wp-content\/uploads\/2025\/09\/IMG-20250921-WA0004-1-225x300.jpg 225w, https:\/\/www.montceautriathlon.com\/blog\/wp-content\/uploads\/2025\/09\/IMG-20250921-WA0004-1-1152x1536.jpg 1152w, https:\/\/www.montceautriathlon.com\/blog\/wp-content\/uploads\/2025\/09\/IMG-20250921-WA0004-1.jpg 1500w\" sizes=\"(max-width: 768px) 100vw, 768px\" \/><\/a><\/figure><\/li><li class=\"blocks-gallery-item\"><figure><a href=\"https:\/\/www.montceautriathlon.com\/blog\/wp-content\/uploads\/2025\/09\/IMG-20250921-WA0006-768x1024.jpg\"><img data-attachment-id=\"8196\" data-permalink=\"https:\/\/www.montceautriathlon.com\/blog\/2025\/09\/28\/21-septembre-triathlon-de-seurre\/img-20250921-wa0006\/\" data-orig-file=\"https:\/\/www.montceautriathlon.com\/blog\/wp-content\/uploads\/2025\/09\/IMG-20250921-WA0006.jpg\" data-orig-size=\"1500,2000\" data-comments-opened=\"1\" data-image-meta=\"{&quot;aperture&quot;:&quot;0&quot;,&quot;credit&quot;:&quot;&quot;,&quot;camera&quot;:&quot;&quot;,&quot;caption&quot;:&quot;&quot;,&quot;created_timestamp&quot;:&quot;0&quot;,&quot;copyright&quot;:&quot;&quot;,&quot;focal_length&quot;:&quot;0&quot;,&quot;iso&quot;:&quot;0&quot;,&quot;shutter_speed&quot;:&quot;0&quot;,&quot;title&quot;:&quot;&quot;,&quot;orientation&quot;:&quot;0&quot;}\" data-image-title=\"IMG-20250921-WA0006\" data-image-description=\"\" data-image-caption=\"\" data-medium-file=\"https:\/\/www.montceautriathlon.com\/blog\/wp-content\/uploads\/2025\/09\/IMG-20250921-WA0006-225x300.jpg\" data-large-file=\"https:\/\/www.montceautriathlon.com\/blog\/wp-content\/uploads\/2025\/09\/IMG-20250921-WA0006-768x1024.jpg\" loading=\"lazy\" width=\"768\" height=\"1024\" src=\"https:\/\/www.montceautriathlon.com\/blog\/wp-content\/uploads\/2025\/09\/IMG-20250921-WA0006-768x1024.jpg\" alt=\"\" data-id=\"8196\" data-link=\"https:\/\/www.montceautriathlon.com\/blog\/?attachment_id=8196\" class=\"wp-image-8196\" srcset=\"https:\/\/www.montceautriathlon.com\/blog\/wp-content\/uploads\/2025\/09\/IMG-20250921-WA0006-768x1024.jpg 768w, https:\/\/www.montceautriathlon.com\/blog\/wp-content\/uploads\/2025\/09\/IMG-20250921-WA0006-225x300.jpg 225w, https:\/\/www.montceautriathlon.com\/blog\/wp-content\/uploads\/2025\/09\/IMG-20250921-WA0006-1152x1536.jpg 1152w, https:\/\/www.montceautriathlon.com\/blog\/wp-content\/uploads\/2025\/09\/IMG-20250921-WA0006.jpg 1500w\" sizes=\"(max-width: 768px) 100vw, 768px\" \/><\/a><\/figure><\/li><li class=\"blocks-gallery-item\"><figure><a href=\"https:\/\/www.montceautriathlon.com\/blog\/wp-content\/uploads\/2025\/09\/IMG-20250921-WA0003-768x1024.jpg\"><img data-attachment-id=\"8197\" data-permalink=\"https:\/\/www.montceautriathlon.com\/blog\/2025\/09\/28\/21-septembre-triathlon-de-seurre\/img-20250921-wa0003\/\" data-orig-file=\"https:\/\/www.montceautriathlon.com\/blog\/wp-content\/uploads\/2025\/09\/IMG-20250921-WA0003.jpg\" data-orig-size=\"1500,2000\" data-comments-opened=\"1\" data-image-meta=\"{&quot;aperture&quot;:&quot;0&quot;,&quot;credit&quot;:&quot;&quot;,&quot;camera&quot;:&quot;&quot;,&quot;caption&quot;:&quot;&quot;,&quot;created_timestamp&quot;:&quot;0&quot;,&quot;copyright&quot;:&quot;&quot;,&quot;focal_length&quot;:&quot;0&quot;,&quot;iso&quot;:&quot;0&quot;,&quot;shutter_speed&quot;:&quot;0&quot;,&quot;title&quot;:&quot;&quot;,&quot;orientation&quot;:&quot;0&quot;}\" data-image-title=\"IMG-20250921-WA0003\" data-image-description=\"\" data-image-caption=\"\" data-medium-file=\"https:\/\/www.montceautriathlon.com\/blog\/wp-content\/uploads\/2025\/09\/IMG-20250921-WA0003-225x300.jpg\" data-large-file=\"https:\/\/www.montceautriathlon.com\/blog\/wp-content\/uploads\/2025\/09\/IMG-20250921-WA0003-768x1024.jpg\" loading=\"lazy\" width=\"768\" height=\"1024\" src=\"https:\/\/www.montceautriathlon.com\/blog\/wp-content\/uploads\/2025\/09\/IMG-20250921-WA0003-768x1024.jpg\" alt=\"\" data-id=\"8197\" data-link=\"https:\/\/www.montceautriathlon.com\/blog\/?attachment_id=8197\" class=\"wp-image-8197\" srcset=\"https:\/\/www.montceautriathlon.com\/blog\/wp-content\/uploads\/2025\/09\/IMG-20250921-WA0003-768x1024.jpg 768w, https:\/\/www.montceautriathlon.com\/blog\/wp-content\/uploads\/2025\/09\/IMG-20250921-WA0003-225x300.jpg 225w, https:\/\/www.montceautriathlon.com\/blog\/wp-content\/uploads\/2025\/09\/IMG-20250921-WA0003-1152x1536.jpg 1152w, https:\/\/www.montceautriathlon.com\/blog\/wp-content\/uploads\/2025\/09\/IMG-20250921-WA0003.jpg 1500w\" sizes=\"(max-width: 768px) 100vw, 768px\" \/><\/a><\/figure><\/li><li class=\"blocks-gallery-item\"><figure><a href=\"https:\/\/www.montceautriathlon.com\/blog\/wp-content\/uploads\/2025\/09\/IMG-20250921-WA0002-768x1024.jpg\"><img data-attachment-id=\"8198\" data-permalink=\"https:\/\/www.montceautriathlon.com\/blog\/2025\/09\/28\/21-septembre-triathlon-de-seurre\/img-20250921-wa0002\/\" data-orig-file=\"https:\/\/www.montceautriathlon.com\/blog\/wp-content\/uploads\/2025\/09\/IMG-20250921-WA0002.jpg\" data-orig-size=\"1500,2000\" data-comments-opened=\"1\" data-image-meta=\"{&quot;aperture&quot;:&quot;0&quot;,&quot;credit&quot;:&quot;&quot;,&quot;camera&quot;:&quot;&quot;,&quot;caption&quot;:&quot;&quot;,&quot;created_timestamp&quot;:&quot;0&quot;,&quot;copyright&quot;:&quot;&quot;,&quot;focal_length&quot;:&quot;0&quot;,&quot;iso&quot;:&quot;0&quot;,&quot;shutter_speed&quot;:&quot;0&quot;,&quot;title&quot;:&quot;&quot;,&quot;orientation&quot;:&quot;0&quot;}\" data-image-title=\"IMG-20250921-WA0002\" data-image-description=\"\" data-image-caption=\"\" data-medium-file=\"https:\/\/www.montceautriathlon.com\/blog\/wp-content\/uploads\/2025\/09\/IMG-20250921-WA0002-225x300.jpg\" data-large-file=\"https:\/\/www.montceautriathlon.com\/blog\/wp-content\/uploads\/2025\/09\/IMG-20250921-WA0002-768x1024.jpg\" loading=\"lazy\" width=\"768\" height=\"1024\" src=\"https:\/\/www.montceautriathlon.com\/blog\/wp-content\/uploads\/2025\/09\/IMG-20250921-WA0002-768x1024.jpg\" alt=\"\" data-id=\"8198\" data-link=\"https:\/\/www.montceautriathlon.com\/blog\/?attachment_id=8198\" class=\"wp-image-8198\" srcset=\"https:\/\/www.montceautriathlon.com\/blog\/wp-content\/uploads\/2025\/09\/IMG-20250921-WA0002-768x1024.jpg 768w, https:\/\/www.montceautriathlon.com\/blog\/wp-content\/uploads\/2025\/09\/IMG-20250921-WA0002-225x300.jpg 225w, https:\/\/www.montceautriathlon.com\/blog\/wp-content\/uploads\/2025\/09\/IMG-20250921-WA0002-1152x1536.jpg 1152w, https:\/\/www.montceautriathlon.com\/blog\/wp-content\/uploads\/2025\/09\/IMG-20250921-WA0002.jpg 1500w\" sizes=\"(max-width: 768px) 100vw, 768px\" \/><\/a><\/figure><\/li><li class=\"blocks-gallery-item\"><figure><a href=\"https:\/\/www.montceautriathlon.com\/blog\/wp-content\/uploads\/2025\/09\/IMG-20250921-WA0011-768x1024.jpg\"><img data-attachment-id=\"8199\" data-permalink=\"https:\/\/www.montceautriathlon.com\/blog\/2025\/09\/28\/21-septembre-triathlon-de-seurre\/img-20250921-wa0011\/\" data-orig-file=\"https:\/\/www.montceautriathlon.com\/blog\/wp-content\/uploads\/2025\/09\/IMG-20250921-WA0011.jpg\" data-orig-size=\"1500,2000\" data-comments-opened=\"1\" data-image-meta=\"{&quot;aperture&quot;:&quot;0&quot;,&quot;credit&quot;:&quot;&quot;,&quot;camera&quot;:&quot;&quot;,&quot;caption&quot;:&quot;&quot;,&quot;created_timestamp&quot;:&quot;0&quot;,&quot;copyright&quot;:&quot;&quot;,&quot;focal_length&quot;:&quot;0&quot;,&quot;iso&quot;:&quot;0&quot;,&quot;shutter_speed&quot;:&quot;0&quot;,&quot;title&quot;:&quot;&quot;,&quot;orientation&quot;:&quot;0&quot;}\" data-image-title=\"IMG-20250921-WA0011\" data-image-description=\"\" data-image-caption=\"\" data-medium-file=\"https:\/\/www.montceautriathlon.com\/blog\/wp-content\/uploads\/2025\/09\/IMG-20250921-WA0011-225x300.jpg\" data-large-file=\"https:\/\/www.montceautriathlon.com\/blog\/wp-content\/uploads\/2025\/09\/IMG-20250921-WA0011-768x1024.jpg\" loading=\"lazy\" width=\"768\" height=\"1024\" src=\"https:\/\/www.montceautriathlon.com\/blog\/wp-content\/uploads\/2025\/09\/IMG-20250921-WA0011-768x1024.jpg\" alt=\"\" data-id=\"8199\" data-link=\"https:\/\/www.montceautriathlon.com\/blog\/?attachment_id=8199\" class=\"wp-image-8199\" srcset=\"https:\/\/www.montceautriathlon.com\/blog\/wp-content\/uploads\/2025\/09\/IMG-20250921-WA0011-768x1024.jpg 768w, https:\/\/www.montceautriathlon.com\/blog\/wp-content\/uploads\/2025\/09\/IMG-20250921-WA0011-225x300.jpg 225w, https:\/\/www.montceautriathlon.com\/blog\/wp-content\/uploads\/2025\/09\/IMG-20250921-WA0011-1152x1536.jpg 1152w, https:\/\/www.montceautriathlon.com\/blog\/wp-content\/uploads\/2025\/09\/IMG-20250921-WA0011.jpg 1500w\" sizes=\"(max-width: 768px) 100vw, 768px\" \/><\/a><\/figure><\/li><li class=\"blocks-gallery-item\"><figure><a href=\"https:\/\/www.montceautriathlon.com\/blog\/wp-content\/uploads\/2025\/09\/IMG-20250921-WA0016-768x1024.jpg\"><img data-attachment-id=\"8200\" data-permalink=\"https:\/\/www.montceautriathlon.com\/blog\/2025\/09\/28\/21-septembre-triathlon-de-seurre\/img-20250921-wa0016\/\" data-orig-file=\"https:\/\/www.montceautriathlon.com\/blog\/wp-content\/uploads\/2025\/09\/IMG-20250921-WA0016.jpg\" data-orig-size=\"1200,1600\" data-comments-opened=\"1\" data-image-meta=\"{&quot;aperture&quot;:&quot;0&quot;,&quot;credit&quot;:&quot;&quot;,&quot;camera&quot;:&quot;&quot;,&quot;caption&quot;:&quot;&quot;,&quot;created_timestamp&quot;:&quot;0&quot;,&quot;copyright&quot;:&quot;&quot;,&quot;focal_length&quot;:&quot;0&quot;,&quot;iso&quot;:&quot;0&quot;,&quot;shutter_speed&quot;:&quot;0&quot;,&quot;title&quot;:&quot;&quot;,&quot;orientation&quot;:&quot;0&quot;}\" data-image-title=\"IMG-20250921-WA0016\" data-image-description=\"\" data-image-caption=\"\" data-medium-file=\"https:\/\/www.montceautriathlon.com\/blog\/wp-content\/uploads\/2025\/09\/IMG-20250921-WA0016-225x300.jpg\" data-large-file=\"https:\/\/www.montceautriathlon.com\/blog\/wp-content\/uploads\/2025\/09\/IMG-20250921-WA0016-768x1024.jpg\" loading=\"lazy\" width=\"768\" height=\"1024\" src=\"https:\/\/www.montceautriathlon.com\/blog\/wp-content\/uploads\/2025\/09\/IMG-20250921-WA0016-768x1024.jpg\" alt=\"\" data-id=\"8200\" data-link=\"https:\/\/www.montceautriathlon.com\/blog\/?attachment_id=8200\" class=\"wp-image-8200\" srcset=\"https:\/\/www.montceautriathlon.com\/blog\/wp-content\/uploads\/2025\/09\/IMG-20250921-WA0016-768x1024.jpg 768w, https:\/\/www.montceautriathlon.com\/blog\/wp-content\/uploads\/2025\/09\/IMG-20250921-WA0016-225x300.jpg 225w, https:\/\/www.montceautriathlon.com\/blog\/wp-content\/uploads\/2025\/09\/IMG-20250921-WA0016-1152x1536.jpg 1152w, https:\/\/www.montceautriathlon.com\/blog\/wp-content\/uploads\/2025\/09\/IMG-20250921-WA0016.jpg 1200w\" sizes=\"(max-width: 768px) 100vw, 768px\" \/><\/a><\/figure><\/li><li class=\"blocks-gallery-item\"><figure><a href=\"https:\/\/www.montceautriathlon.com\/blog\/wp-content\/uploads\/2025\/09\/IMG-20250921-WA0014-768x1024.jpg\"><img data-attachment-id=\"8201\" data-permalink=\"https:\/\/www.montceautriathlon.com\/blog\/2025\/09\/28\/21-septembre-triathlon-de-seurre\/img-20250921-wa0014\/\" data-orig-file=\"https:\/\/www.montceautriathlon.com\/blog\/wp-content\/uploads\/2025\/09\/IMG-20250921-WA0014.jpg\" data-orig-size=\"1200,1600\" data-comments-opened=\"1\" data-image-meta=\"{&quot;aperture&quot;:&quot;0&quot;,&quot;credit&quot;:&quot;&quot;,&quot;camera&quot;:&quot;&quot;,&quot;caption&quot;:&quot;&quot;,&quot;created_timestamp&quot;:&quot;0&quot;,&quot;copyright&quot;:&quot;&quot;,&quot;focal_length&quot;:&quot;0&quot;,&quot;iso&quot;:&quot;0&quot;,&quot;shutter_speed&quot;:&quot;0&quot;,&quot;title&quot;:&quot;&quot;,&quot;orientation&quot;:&quot;0&quot;}\" data-image-title=\"IMG-20250921-WA0014\" data-image-description=\"\" data-image-caption=\"\" data-medium-file=\"https:\/\/www.montceautriathlon.com\/blog\/wp-content\/uploads\/2025\/09\/IMG-20250921-WA0014-225x300.jpg\" data-large-file=\"https:\/\/www.montceautriathlon.com\/blog\/wp-content\/uploads\/2025\/09\/IMG-20250921-WA0014-768x1024.jpg\" loading=\"lazy\" width=\"768\" height=\"1024\" src=\"https:\/\/www.montceautriathlon.com\/blog\/wp-content\/uploads\/2025\/09\/IMG-20250921-WA0014-768x1024.jpg\" alt=\"\" data-id=\"8201\" data-link=\"https:\/\/www.montceautriathlon.com\/blog\/?attachment_id=8201\" class=\"wp-image-8201\" srcset=\"https:\/\/www.montceautriathlon.com\/blog\/wp-content\/uploads\/2025\/09\/IMG-20250921-WA0014-768x1024.jpg 768w, https:\/\/www.montceautriathlon.com\/blog\/wp-content\/uploads\/2025\/09\/IMG-20250921-WA0014-225x300.jpg 225w, https:\/\/www.montceautriathlon.com\/blog\/wp-content\/uploads\/2025\/09\/IMG-20250921-WA0014-1152x1536.jpg 1152w, https:\/\/www.montceautriathlon.com\/blog\/wp-content\/uploads\/2025\/09\/IMG-20250921-WA0014.jpg 1200w\" sizes=\"(max-width: 768px) 100vw, 768px\" \/><\/a><\/figure><\/li><li class=\"blocks-gallery-item\"><figure><a href=\"https:\/\/www.montceautriathlon.com\/blog\/wp-content\/uploads\/2025\/09\/IMG-20250921-WA0015-768x1024.jpg\"><img data-attachment-id=\"8202\" data-permalink=\"https:\/\/www.montceautriathlon.com\/blog\/2025\/09\/28\/21-septembre-triathlon-de-seurre\/img-20250921-wa0015\/\" data-orig-file=\"https:\/\/www.montceautriathlon.com\/blog\/wp-content\/uploads\/2025\/09\/IMG-20250921-WA0015.jpg\" data-orig-size=\"1200,1600\" data-comments-opened=\"1\" data-image-meta=\"{&quot;aperture&quot;:&quot;0&quot;,&quot;credit&quot;:&quot;&quot;,&quot;camera&quot;:&quot;&quot;,&quot;caption&quot;:&quot;&quot;,&quot;created_timestamp&quot;:&quot;0&quot;,&quot;copyright&quot;:&quot;&quot;,&quot;focal_length&quot;:&quot;0&quot;,&quot;iso&quot;:&quot;0&quot;,&quot;shutter_speed&quot;:&quot;0&quot;,&quot;title&quot;:&quot;&quot;,&quot;orientation&quot;:&quot;0&quot;}\" data-image-title=\"IMG-20250921-WA0015\" data-image-description=\"\" data-image-caption=\"\" data-medium-file=\"https:\/\/www.montceautriathlon.com\/blog\/wp-content\/uploads\/2025\/09\/IMG-20250921-WA0015-225x300.jpg\" data-large-file=\"https:\/\/www.montceautriathlon.com\/blog\/wp-content\/uploads\/2025\/09\/IMG-20250921-WA0015-768x1024.jpg\" loading=\"lazy\" width=\"768\" height=\"1024\" src=\"https:\/\/www.montceautriathlon.com\/blog\/wp-content\/uploads\/2025\/09\/IMG-20250921-WA0015-768x1024.jpg\" alt=\"\" data-id=\"8202\" data-link=\"https:\/\/www.montceautriathlon.com\/blog\/?attachment_id=8202\" class=\"wp-image-8202\" srcset=\"https:\/\/www.montceautriathlon.com\/blog\/wp-content\/uploads\/2025\/09\/IMG-20250921-WA0015-768x1024.jpg 768w, https:\/\/www.montceautriathlon.com\/blog\/wp-content\/uploads\/2025\/09\/IMG-20250921-WA0015-225x300.jpg 225w, https:\/\/www.montceautriathlon.com\/blog\/wp-content\/uploads\/2025\/09\/IMG-20250921-WA0015-1152x1536.jpg 1152w, https:\/\/www.montceautriathlon.com\/blog\/wp-content\/uploads\/2025\/09\/IMG-20250921-WA0015.jpg 1200w\" sizes=\"(max-width: 768px) 100vw, 768px\" \/><\/a><\/figure><\/li><li class=\"blocks-gallery-item\"><figure><a href=\"https:\/\/www.montceautriathlon.com\/blog\/wp-content\/uploads\/2025\/09\/IMG-20250921-WA0013-768x1024.jpg\"><img data-attachment-id=\"8203\" data-permalink=\"https:\/\/www.montceautriathlon.com\/blog\/2025\/09\/28\/21-septembre-triathlon-de-seurre\/img-20250921-wa0013\/\" data-orig-file=\"https:\/\/www.montceautriathlon.com\/blog\/wp-content\/uploads\/2025\/09\/IMG-20250921-WA0013.jpg\" data-orig-size=\"1200,1600\" data-comments-opened=\"1\" data-image-meta=\"{&quot;aperture&quot;:&quot;0&quot;,&quot;credit&quot;:&quot;&quot;,&quot;camera&quot;:&quot;&quot;,&quot;caption&quot;:&quot;&quot;,&quot;created_timestamp&quot;:&quot;0&quot;,&quot;copyright&quot;:&quot;&quot;,&quot;focal_length&quot;:&quot;0&quot;,&quot;iso&quot;:&quot;0&quot;,&quot;shutter_speed&quot;:&quot;0&quot;,&quot;title&quot;:&quot;&quot;,&quot;orientation&quot;:&quot;0&quot;}\" data-image-title=\"IMG-20250921-WA0013\" data-image-description=\"\" data-image-caption=\"\" data-medium-file=\"https:\/\/www.montceautriathlon.com\/blog\/wp-content\/uploads\/2025\/09\/IMG-20250921-WA0013-225x300.jpg\" data-large-file=\"https:\/\/www.montceautriathlon.com\/blog\/wp-content\/uploads\/2025\/09\/IMG-20250921-WA0013-768x1024.jpg\" loading=\"lazy\" width=\"768\" height=\"1024\" src=\"https:\/\/www.montceautriathlon.com\/blog\/wp-content\/uploads\/2025\/09\/IMG-20250921-WA0013-768x1024.jpg\" alt=\"\" data-id=\"8203\" data-link=\"https:\/\/www.montceautriathlon.com\/blog\/?attachment_id=8203\" class=\"wp-image-8203\" srcset=\"https:\/\/www.montceautriathlon.com\/blog\/wp-content\/uploads\/2025\/09\/IMG-20250921-WA0013-768x1024.jpg 768w, https:\/\/www.montceautriathlon.com\/blog\/wp-content\/uploads\/2025\/09\/IMG-20250921-WA0013-225x300.jpg 225w, https:\/\/www.montceautriathlon.com\/blog\/wp-content\/uploads\/2025\/09\/IMG-20250921-WA0013-1152x1536.jpg 1152w, https:\/\/www.montceautriathlon.com\/blog\/wp-content\/uploads\/2025\/09\/IMG-20250921-WA0013.jpg 1200w\" sizes=\"(max-width: 768px) 100vw, 768px\" \/><\/a><\/figure><\/li><li class=\"blocks-gallery-item\"><figure><a href=\"https:\/\/www.montceautriathlon.com\/blog\/wp-content\/uploads\/2025\/09\/IMG-20250921-WA0012-768x1024.jpg\"><img data-attachment-id=\"8204\" data-permalink=\"https:\/\/www.montceautriathlon.com\/blog\/2025\/09\/28\/21-septembre-triathlon-de-seurre\/img-20250921-wa0012\/\" data-orig-file=\"https:\/\/www.montceautriathlon.com\/blog\/wp-content\/uploads\/2025\/09\/IMG-20250921-WA0012.jpg\" data-orig-size=\"1200,1600\" data-comments-opened=\"1\" data-image-meta=\"{&quot;aperture&quot;:&quot;0&quot;,&quot;credit&quot;:&quot;&quot;,&quot;camera&quot;:&quot;&quot;,&quot;caption&quot;:&quot;&quot;,&quot;created_timestamp&quot;:&quot;0&quot;,&quot;copyright&quot;:&quot;&quot;,&quot;focal_length&quot;:&quot;0&quot;,&quot;iso&quot;:&quot;0&quot;,&quot;shutter_speed&quot;:&quot;0&quot;,&quot;title&quot;:&quot;&quot;,&quot;orientation&quot;:&quot;0&quot;}\" data-image-title=\"IMG-20250921-WA0012\" data-image-description=\"\" data-image-caption=\"\" data-medium-file=\"https:\/\/www.montceautriathlon.com\/blog\/wp-content\/uploads\/2025\/09\/IMG-20250921-WA0012-225x300.jpg\" data-large-file=\"https:\/\/www.montceautriathlon.com\/blog\/wp-content\/uploads\/2025\/09\/IMG-20250921-WA0012-768x1024.jpg\" loading=\"lazy\" width=\"768\" height=\"1024\" src=\"https:\/\/www.montceautriathlon.com\/blog\/wp-content\/uploads\/2025\/09\/IMG-20250921-WA0012-768x1024.jpg\" alt=\"\" data-id=\"8204\" data-link=\"https:\/\/www.montceautriathlon.com\/blog\/?attachment_id=8204\" class=\"wp-image-8204\" srcset=\"https:\/\/www.montceautriathlon.com\/blog\/wp-content\/uploads\/2025\/09\/IMG-20250921-WA0012-768x1024.jpg 768w, https:\/\/www.montceautriathlon.com\/blog\/wp-content\/uploads\/2025\/09\/IMG-20250921-WA0012-225x300.jpg 225w, https:\/\/www.montceautriathlon.com\/blog\/wp-content\/uploads\/2025\/09\/IMG-20250921-WA0012-1152x1536.jpg 1152w, https:\/\/www.montceautriathlon.com\/blog\/wp-content\/uploads\/2025\/09\/IMG-20250921-WA0012.jpg 1200w\" sizes=\"(max-width: 768px) 100vw, 768px\" \/><\/a><\/figure><\/li><li class=\"blocks-gallery-item\"><figure><a href=\"https:\/\/www.montceautriathlon.com\/blog\/wp-content\/uploads\/2025\/09\/IMG-20250921-WA0020.jpg\"><img data-attachment-id=\"8205\" data-permalink=\"https:\/\/www.montceautriathlon.com\/blog\/2025\/09\/28\/21-septembre-triathlon-de-seurre\/img-20250921-wa0020\/\" data-orig-file=\"https:\/\/www.montceautriathlon.com\/blog\/wp-content\/uploads\/2025\/09\/IMG-20250921-WA0020.jpg\" data-orig-size=\"1200,1600\" data-comments-opened=\"1\" data-image-meta=\"{&quot;aperture&quot;:&quot;0&quot;,&quot;credit&quot;:&quot;&quot;,&quot;camera&quot;:&quot;&quot;,&quot;caption&quot;:&quot;&quot;,&quot;created_timestamp&quot;:&quot;0&quot;,&quot;copyright&quot;:&quot;&quot;,&quot;focal_length&quot;:&quot;0&quot;,&quot;iso&quot;:&quot;0&quot;,&quot;shutter_speed&quot;:&quot;0&quot;,&quot;title&quot;:&quot;&quot;,&quot;orientation&quot;:&quot;0&quot;}\" data-image-title=\"IMG-20250921-WA0020\" data-image-description=\"\" data-image-caption=\"\" data-medium-file=\"https:\/\/www.montceautriathlon.com\/blog\/wp-content\/uploads\/2025\/09\/IMG-20250921-WA0020-225x300.jpg\" data-large-file=\"https:\/\/www.montceautriathlon.com\/blog\/wp-content\/uploads\/2025\/09\/IMG-20250921-WA0020-768x1024.jpg\" loading=\"lazy\" width=\"768\" height=\"1024\" src=\"https:\/\/www.montceautriathlon.com\/blog\/wp-content\/uploads\/2025\/09\/IMG-20250921-WA0020-768x1024.jpg\" alt=\"\" data-id=\"8205\" data-full-url=\"https:\/\/www.montceautriathlon.com\/blog\/wp-content\/uploads\/2025\/09\/IMG-20250921-WA0020.jpg\" data-link=\"https:\/\/www.montceautriathlon.com\/blog\/?attachment_id=8205\" class=\"wp-image-8205\" srcset=\"https:\/\/www.montceautriathlon.com\/blog\/wp-content\/uploads\/2025\/09\/IMG-20250921-WA0020-768x1024.jpg 768w, https:\/\/www.montceautriathlon.com\/blog\/wp-content\/uploads\/2025\/09\/IMG-20250921-WA0020-225x300.jpg 225w, https:\/\/www.montceautriathlon.com\/blog\/wp-content\/uploads\/2025\/09\/IMG-20250921-WA0020-1152x1536.jpg 1152w, https:\/\/www.montceautriathlon.com\/blog\/wp-content\/uploads\/2025\/09\/IMG-20250921-WA0020.jpg 1200w\" sizes=\"(max-width: 768px) 100vw, 768px\" \/><\/a><\/figure><\/li><\/ul><\/figure>\n","protected":false},"excerpt":{"rendered":"<p>Seuls 2 courageux, les deux fr\u00e8res Vinck, ont brav\u00e9 la pluie et se sont rendus en Cote d&rsquo;Or pour participer au triathlon de Seurre. Sur la course 10\/13 ans, Jules Vinck termine 14e au scratch et 4e pupille. Son fr\u00e8re Louis, sur la course 8\/11 ans, termine 3e au scratch et 1r en poussin. F\u00e9licitations [&hellip;]<\/p>\n","protected":false},"author":7,"featured_media":8204,"comment_status":"open","ping_status":"open","sticky":false,"template":"","format":"standard","meta":{"spay_email":"","jetpack_publicize_message":"","jetpack_is_tweetstorm":false},"categories":[1],"tags":[],"jetpack_featured_media_url":"https:\/\/www.montceautriathlon.com\/blog\/wp-content\/uploads\/2025\/09\/IMG-20250921-WA0012.jpg","jetpack_publicize_connections":[],"jetpack_sharing_enabled":true,"jetpack_shortlink":"https:\/\/wp.me\/p8bwIy-28a","jetpack-related-posts":[{"id":7039,"url":"https:\/\/www.montceautriathlon.com\/blog\/2024\/09\/17\/triathlon-de-seurre-2\/","url_meta":{"origin":8194,"position":0},"title":"Triathlon de Seurre","date":"17 septembre 2024","format":false,"excerpt":"SUR LE S CLM l\u2019\u00e9quipe compos\u00e9 de L\u00e9o\/ Didier et Joshua Vandaele terme au scratch avec un magnifique et honorable temps de 1h09 Laurent Beausoleil , termine 38e au scratch , 13e V en 1h14\u201951 , et signe le 21e temps sur un parcours plus que venteux Charline Berthier ,\u2026","rel":"","context":"Dans &quot;Non class\u00e9&quot;","img":{"alt_text":"","src":"https:\/\/i1.wp.com\/www.montceautriathlon.com\/blog\/wp-content\/uploads\/2024\/09\/460202053_1192594335114622_5144053632154188360_n.jpg?resize=350%2C200&ssl=1","width":350,"height":200},"classes":[]},{"id":6173,"url":"https:\/\/www.montceautriathlon.com\/blog\/2023\/09\/26\/triathlon-de-seurre\/","url_meta":{"origin":8194,"position":1},"title":"Triathlon de Seurre","date":"26 septembre 2023","format":false,"excerpt":"Un seul jeune a fait le d\u00e9placement \u00e0 Seurre le dimanche 17 septembre pour le triathlon. Joshua Vandaele a pris le d\u00e9part du triathlon XS. Malgr\u00e9 une erreur de parcours et une chute sans gravit\u00e9 sur le parcours v\u00e9lo, il termine 7e au scratch et 6e minime.","rel":"","context":"Dans &quot;Non class\u00e9&quot;","img":{"alt_text":"","src":"https:\/\/i1.wp.com\/www.montceautriathlon.com\/blog\/wp-content\/uploads\/2023\/09\/1694944580494.jpg?resize=350%2C200&ssl=1","width":350,"height":200},"classes":[]},{"id":8033,"url":"https:\/\/www.montceautriathlon.com\/blog\/2025\/08\/16\/triathlon-de-nevers-10-aout-2025\/","url_meta":{"origin":8194,"position":2},"title":"Triathlon de Nevers: 10 ao\u00fbt 2025","date":"16 ao\u00fbt 2025","format":false,"excerpt":"C est sous des temp\u00e9ratures caniculaires que 2 familles de Montceau Triathlon se sont retrouv\u00e9es \u00e0 Nevers pour leur triathlon. Aur\u00e9lie Agius en compagnie de Nicolas Vinck et d'un copain (non licenci\u00e9s) ont pris le d\u00e9part de la distance M sur de nouveaux parcours en raison de travaux. Ils terminent\u2026","rel":"","context":"Dans &quot;Non class\u00e9&quot;","img":{"alt_text":"","src":"https:\/\/i1.wp.com\/www.montceautriathlon.com\/blog\/wp-content\/uploads\/2025\/08\/IMG-20250811-WA0092.jpg?resize=350%2C200&ssl=1","width":350,"height":200},"classes":[]},{"id":8014,"url":"https:\/\/www.montceautriathlon.com\/blog\/2025\/07\/31\/20-juillet-triathlon-de-dole\/","url_meta":{"origin":8194,"position":3},"title":"20 juillet: triathlon de Dole","date":"31 juillet 2025","format":false,"excerpt":"Le triathlon S de Dole, habituellement en format contre la montre, s'est transform\u00e9 en format mass start en raison des conditions m\u00e9t\u00e9o. Les jeunes ont pu faire les \u00e9preuves normalement le matin. Voici les r\u00e9sultats: Sur la course 6\/9 ans (duathlon), Louis Vinck monte sur la plus haute marche du\u2026","rel":"","context":"Dans &quot;Non class\u00e9&quot;","img":{"alt_text":"","src":"https:\/\/i2.wp.com\/www.montceautriathlon.com\/blog\/wp-content\/uploads\/2025\/07\/20250720_092926-scaled.jpg?resize=350%2C200&ssl=1","width":350,"height":200},"classes":[]},{"id":8119,"url":"https:\/\/www.montceautriathlon.com\/blog\/2025\/09\/14\/7-septembre-triathlon-de-chalon-sur-saone\/","url_meta":{"origin":8194,"position":4},"title":"7 Septembre: Triathlon de Chalon sur Sa\u00f4ne","date":"14 septembre 2025","format":false,"excerpt":"Une d\u00e9l\u00e9gation montcellienne s'est retrouv\u00e9e chez nos voisins chalonnais pour leur traditionnel triathlon. Les 2 courses jeunes et le XS se faisaient en piscine. La natation du triathlon S contre la montre \u00e9tait dans la Sa\u00f4ne. Chez les plus jeunes, Louis Vinck termine 1r de la course. Gaspard Pradier est\u2026","rel":"","context":"Dans &quot;Non class\u00e9&quot;","img":{"alt_text":"","src":"https:\/\/i2.wp.com\/www.montceautriathlon.com\/blog\/wp-content\/uploads\/2025\/09\/IMG_5930.jpg?resize=350%2C200&ssl=1","width":350,"height":200},"classes":[]},{"id":8107,"url":"https:\/\/www.montceautriathlon.com\/blog\/2025\/09\/14\/31-aout-triathlon-des-settons\/","url_meta":{"origin":8194,"position":5},"title":"31 aout: triathlon des Settons","date":"14 septembre 2025","format":false,"excerpt":"Quelques licenci\u00e9s se sont d\u00e9plac\u00e9s dans le Morvan pour faire les \u00e9preuves du lac des Settons. C 'est sous la pluie que Paul Fragnaud a pris le d\u00e9part de son premier triathlon sur la distance S. Il termine l'\u00e9preuve en 1h45 et se classe 121e sur 210 participants. Delphine Tonnin\u2026","rel":"","context":"Dans &quot;Non class\u00e9&quot;","img":{"alt_text":"","src":"https:\/\/i1.wp.com\/www.montceautriathlon.com\/blog\/wp-content\/uploads\/2025\/09\/IMG-20250831-WA0001.jpg?resize=350%2C200&ssl=1","width":350,"height":200},"classes":[]}],"_links":{"self":[{"href":"https:\/\/www.montceautriathlon.com\/blog\/wp-json\/wp\/v2\/posts\/8194"}],"collection":[{"href":"https:\/\/www.montceautriathlon.com\/blog\/wp-json\/wp\/v2\/posts"}],"about":[{"href":"https:\/\/www.montceautriathlon.com\/blog\/wp-json\/wp\/v2\/types\/post"}],"author":[{"embeddable":true,"href":"https:\/\/www.montceautriathlon.com\/blog\/wp-json\/wp\/v2\/users\/7"}],"replies":[{"embeddable":true,"href":"https:\/\/www.montceautriathlon.com\/blog\/wp-json\/wp\/v2\/comments?post=8194"}],"version-history":[{"count":1,"href":"https:\/\/www.montceautriathlon.com\/blog\/wp-json\/wp\/v2\/posts\/8194\/revisions"}],"predecessor-version":[{"id":8206,"href":"https:\/\/www.montceautriathlon.com\/blog\/wp-json\/wp\/v2\/posts\/8194\/revisions\/8206"}],"wp:featuredmedia":[{"embeddable":true,"href":"https:\/\/www.montceautriathlon.com\/blog\/wp-json\/wp\/v2\/media\/8204"}],"wp:attachment":[{"href":"https:\/\/www.montceautriathlon.com\/blog\/wp-json\/wp\/v2\/media?parent=8194"}],"wp:term":[{"taxonomy":"category","embeddable":true,"href":"https:\/\/www.montceautriathlon.com\/blog\/wp-json\/wp\/v2\/categories?post=8194"},{"taxonomy":"post_tag","embeddable":true,"href":"https:\/\/www.montceautriathlon.com\/blog\/wp-json\/wp\/v2\/tags?post=8194"}],"curies":[{"name":"wp","href":"https:\/\/api.w.org\/{rel}","templated":true}]}}