{"id":8185,"date":"2025-09-28T16:58:53","date_gmt":"2025-09-28T15:58:53","guid":{"rendered":"https:\/\/www.montceautriathlon.com\/blog\/?p=8185"},"modified":"2025-09-28T17:07:06","modified_gmt":"2025-09-28T16:07:06","slug":"__trashed","status":"publish","type":"post","link":"https:\/\/www.montceautriathlon.com\/blog\/2025\/09\/28\/__trashed\/","title":{"rendered":"Formation secourisme"},"content":{"rendered":"\n<p>Conscient de l&rsquo;importance du secourisme dans le domaine sportif et plus largement dans la vie quotidienne, Montceau Triathlon a propos\u00e9 une formation PSC (Premiers Secours Citoyens) \u00e0 ses licenci\u00e9s.<\/p>\n\n\n\n<p>Cette formation permet \u00e0 toute personne form\u00e9e d&rsquo;acqu\u00e9rir les comp\u00e9tences n\u00e9cessaires \u00e0 l&rsquo;ex\u00e9cution d&rsquo;une action citoyenne d&rsquo;assistance \u00e0 personne en r\u00e9alisant les gestes \u00e9l\u00e9mentaires de secours.<\/p>\n\n\n\n<p>Une premi\u00e8re session a eu lieu samedi 20 septembre au stade Jean Bouveri pour 8 personnes, sous la direction d&rsquo;Ang\u00e9lique, licenci\u00e9e au club, et surtout pompier professionnel, monitrice de secourisme et avec l&rsquo;aide de J\u00e9rome.<\/p>\n\n\n\n<p>Nicole, H\u00e9l\u00e8ne, Eric, Nadine, Anne Laure, Elodie,, Evelin, et Catherine ont altern\u00e9 les temps th\u00e9oriques et les mises en situation pratique sur toute la journ\u00e9e.<\/p>\n\n\n\n<p>Deux autres sessions sont pr\u00e9vues en octobre pour les adultes et les jeunes du club.<\/p>\n\n\n\n<figure class=\"wp-block-gallery columns-3 is-cropped\"><ul data-carousel-extra='{\"blog_id\":1,\"permalink\":\"https:\\\/\\\/www.montceautriathlon.com\\\/blog\\\/2025\\\/09\\\/28\\\/__trashed\\\/\"}' class=\"blocks-gallery-grid\"><li class=\"blocks-gallery-item\"><figure><a href=\"https:\/\/www.montceautriathlon.com\/blog\/wp-content\/uploads\/2025\/09\/2468253065516037898-1024x768.jpg\"><img data-attachment-id=\"8186\" data-permalink=\"https:\/\/www.montceautriathlon.com\/blog\/2025\/09\/28\/__trashed\/attachment\/2468253065516037898\/\" data-orig-file=\"https:\/\/www.montceautriathlon.com\/blog\/wp-content\/uploads\/2025\/09\/2468253065516037898.jpg\" data-orig-size=\"1600,1200\" data-comments-opened=\"1\" data-image-meta=\"{&quot;aperture&quot;:&quot;0&quot;,&quot;credit&quot;:&quot;&quot;,&quot;camera&quot;:&quot;&quot;,&quot;caption&quot;:&quot;&quot;,&quot;created_timestamp&quot;:&quot;0&quot;,&quot;copyright&quot;:&quot;&quot;,&quot;focal_length&quot;:&quot;0&quot;,&quot;iso&quot;:&quot;0&quot;,&quot;shutter_speed&quot;:&quot;0&quot;,&quot;title&quot;:&quot;&quot;,&quot;orientation&quot;:&quot;0&quot;}\" data-image-title=\"2468253065516037898\" data-image-description=\"\" data-image-caption=\"\" data-medium-file=\"https:\/\/www.montceautriathlon.com\/blog\/wp-content\/uploads\/2025\/09\/2468253065516037898-300x225.jpg\" data-large-file=\"https:\/\/www.montceautriathlon.com\/blog\/wp-content\/uploads\/2025\/09\/2468253065516037898-1024x768.jpg\" loading=\"lazy\" width=\"1024\" height=\"768\" src=\"https:\/\/www.montceautriathlon.com\/blog\/wp-content\/uploads\/2025\/09\/2468253065516037898-1024x768.jpg\" alt=\"\" data-id=\"8186\" data-link=\"https:\/\/www.montceautriathlon.com\/blog\/?attachment_id=8186\" class=\"wp-image-8186\" srcset=\"https:\/\/www.montceautriathlon.com\/blog\/wp-content\/uploads\/2025\/09\/2468253065516037898-1024x768.jpg 1024w, https:\/\/www.montceautriathlon.com\/blog\/wp-content\/uploads\/2025\/09\/2468253065516037898-300x225.jpg 300w, https:\/\/www.montceautriathlon.com\/blog\/wp-content\/uploads\/2025\/09\/2468253065516037898-768x576.jpg 768w, https:\/\/www.montceautriathlon.com\/blog\/wp-content\/uploads\/2025\/09\/2468253065516037898-1536x1152.jpg 1536w, https:\/\/www.montceautriathlon.com\/blog\/wp-content\/uploads\/2025\/09\/2468253065516037898.jpg 1600w\" sizes=\"(max-width: 1024px) 100vw, 1024px\" \/><\/a><\/figure><\/li><li class=\"blocks-gallery-item\"><figure><a href=\"https:\/\/www.montceautriathlon.com\/blog\/wp-content\/uploads\/2025\/09\/9045357498909931348-1024x768.jpg\"><img data-attachment-id=\"8187\" data-permalink=\"https:\/\/www.montceautriathlon.com\/blog\/2025\/09\/28\/__trashed\/attachment\/9045357498909931348\/\" data-orig-file=\"https:\/\/www.montceautriathlon.com\/blog\/wp-content\/uploads\/2025\/09\/9045357498909931348.jpg\" data-orig-size=\"1600,1200\" data-comments-opened=\"1\" data-image-meta=\"{&quot;aperture&quot;:&quot;0&quot;,&quot;credit&quot;:&quot;&quot;,&quot;camera&quot;:&quot;&quot;,&quot;caption&quot;:&quot;&quot;,&quot;created_timestamp&quot;:&quot;0&quot;,&quot;copyright&quot;:&quot;&quot;,&quot;focal_length&quot;:&quot;0&quot;,&quot;iso&quot;:&quot;0&quot;,&quot;shutter_speed&quot;:&quot;0&quot;,&quot;title&quot;:&quot;&quot;,&quot;orientation&quot;:&quot;0&quot;}\" data-image-title=\"9045357498909931348\" data-image-description=\"\" data-image-caption=\"\" data-medium-file=\"https:\/\/www.montceautriathlon.com\/blog\/wp-content\/uploads\/2025\/09\/9045357498909931348-300x225.jpg\" data-large-file=\"https:\/\/www.montceautriathlon.com\/blog\/wp-content\/uploads\/2025\/09\/9045357498909931348-1024x768.jpg\" loading=\"lazy\" width=\"1024\" height=\"768\" src=\"https:\/\/www.montceautriathlon.com\/blog\/wp-content\/uploads\/2025\/09\/9045357498909931348-1024x768.jpg\" alt=\"\" data-id=\"8187\" data-link=\"https:\/\/www.montceautriathlon.com\/blog\/?attachment_id=8187\" class=\"wp-image-8187\" srcset=\"https:\/\/www.montceautriathlon.com\/blog\/wp-content\/uploads\/2025\/09\/9045357498909931348-1024x768.jpg 1024w, https:\/\/www.montceautriathlon.com\/blog\/wp-content\/uploads\/2025\/09\/9045357498909931348-300x225.jpg 300w, https:\/\/www.montceautriathlon.com\/blog\/wp-content\/uploads\/2025\/09\/9045357498909931348-768x576.jpg 768w, https:\/\/www.montceautriathlon.com\/blog\/wp-content\/uploads\/2025\/09\/9045357498909931348-1536x1152.jpg 1536w, https:\/\/www.montceautriathlon.com\/blog\/wp-content\/uploads\/2025\/09\/9045357498909931348.jpg 1600w\" sizes=\"(max-width: 1024px) 100vw, 1024px\" \/><\/a><\/figure><\/li><li class=\"blocks-gallery-item\"><figure><a href=\"https:\/\/www.montceautriathlon.com\/blog\/wp-content\/uploads\/2025\/09\/3396026918841322073.jpg\"><img data-attachment-id=\"8188\" data-permalink=\"https:\/\/www.montceautriathlon.com\/blog\/2025\/09\/28\/__trashed\/attachment\/3396026918841322073\/\" data-orig-file=\"https:\/\/www.montceautriathlon.com\/blog\/wp-content\/uploads\/2025\/09\/3396026918841322073.jpg\" data-orig-size=\"1600,1200\" data-comments-opened=\"1\" data-image-meta=\"{&quot;aperture&quot;:&quot;0&quot;,&quot;credit&quot;:&quot;&quot;,&quot;camera&quot;:&quot;&quot;,&quot;caption&quot;:&quot;&quot;,&quot;created_timestamp&quot;:&quot;0&quot;,&quot;copyright&quot;:&quot;&quot;,&quot;focal_length&quot;:&quot;0&quot;,&quot;iso&quot;:&quot;0&quot;,&quot;shutter_speed&quot;:&quot;0&quot;,&quot;title&quot;:&quot;&quot;,&quot;orientation&quot;:&quot;0&quot;}\" data-image-title=\"3396026918841322073\" data-image-description=\"\" data-image-caption=\"\" data-medium-file=\"https:\/\/www.montceautriathlon.com\/blog\/wp-content\/uploads\/2025\/09\/3396026918841322073-300x225.jpg\" data-large-file=\"https:\/\/www.montceautriathlon.com\/blog\/wp-content\/uploads\/2025\/09\/3396026918841322073-1024x768.jpg\" loading=\"lazy\" width=\"1024\" height=\"768\" src=\"https:\/\/www.montceautriathlon.com\/blog\/wp-content\/uploads\/2025\/09\/3396026918841322073-1024x768.jpg\" alt=\"\" data-id=\"8188\" data-full-url=\"https:\/\/www.montceautriathlon.com\/blog\/wp-content\/uploads\/2025\/09\/3396026918841322073.jpg\" data-link=\"https:\/\/www.montceautriathlon.com\/blog\/?attachment_id=8188\" class=\"wp-image-8188\" srcset=\"https:\/\/www.montceautriathlon.com\/blog\/wp-content\/uploads\/2025\/09\/3396026918841322073-1024x768.jpg 1024w, https:\/\/www.montceautriathlon.com\/blog\/wp-content\/uploads\/2025\/09\/3396026918841322073-300x225.jpg 300w, https:\/\/www.montceautriathlon.com\/blog\/wp-content\/uploads\/2025\/09\/3396026918841322073-768x576.jpg 768w, https:\/\/www.montceautriathlon.com\/blog\/wp-content\/uploads\/2025\/09\/3396026918841322073-1536x1152.jpg 1536w, https:\/\/www.montceautriathlon.com\/blog\/wp-content\/uploads\/2025\/09\/3396026918841322073.jpg 1600w\" sizes=\"(max-width: 1024px) 100vw, 1024px\" \/><\/a><\/figure><\/li><\/ul><\/figure>\n\n\n\n<p><\/p>\n","protected":false},"excerpt":{"rendered":"<p>Conscient de l&rsquo;importance du secourisme dans le domaine sportif et plus largement dans la vie quotidienne, Montceau Triathlon a propos\u00e9 une formation PSC (Premiers Secours Citoyens) \u00e0 ses licenci\u00e9s. Cette formation permet \u00e0 toute personne form\u00e9e d&rsquo;acqu\u00e9rir les comp\u00e9tences n\u00e9cessaires \u00e0 l&rsquo;ex\u00e9cution d&rsquo;une action citoyenne d&rsquo;assistance \u00e0 personne en r\u00e9alisant les gestes \u00e9l\u00e9mentaires de secours. [&hellip;]<\/p>\n","protected":false},"author":7,"featured_media":8187,"comment_status":"open","ping_status":"open","sticky":false,"template":"","format":"standard","meta":{"spay_email":"","jetpack_publicize_message":"","jetpack_is_tweetstorm":false},"categories":[1],"tags":[],"jetpack_featured_media_url":"https:\/\/www.montceautriathlon.com\/blog\/wp-content\/uploads\/2025\/09\/9045357498909931348.jpg","jetpack_publicize_connections":[],"jetpack_sharing_enabled":true,"jetpack_shortlink":"https:\/\/wp.me\/p8bwIy-281","jetpack-related-posts":[{"id":8436,"url":"https:\/\/www.montceautriathlon.com\/blog\/2025\/11\/01\/formation-secourisme\/","url_meta":{"origin":8185,"position":0},"title":"Formations secourisme","date":"1 novembre 2025","format":false,"excerpt":"Deux autres sessions de secourisme ont eu lieu pendant les vacances de la Toussaint. Le mercredi 29 octobre, la formation s'est adress\u00e9e \u00e0 un groupe de 8 adultes. Florent, Irene, Anne, Joel, Michel, V\u00e9ronique, Marie Agn\u00e8s, Kamel, se sont initi\u00e9s aux gestes des premiers secours. La formation du vendredi 31\u2026","rel":"","context":"Dans &quot;Non class\u00e9&quot;","img":{"alt_text":"","src":"https:\/\/i1.wp.com\/www.montceautriathlon.com\/blog\/wp-content\/uploads\/2025\/11\/20251031_133940-scaled.jpg?resize=350%2C200&ssl=1","width":350,"height":200},"classes":[]},{"id":4435,"url":"https:\/\/www.montceautriathlon.com\/blog\/2021\/09\/06\/rentree-bougez\/","url_meta":{"origin":8185,"position":1},"title":"Rentr\u00e9e, Bougez !","date":"6 septembre 2021","format":false,"excerpt":"La F\u00e9d\u00e9ration Fran\u00e7aise de Triathlon propose 10 s\u00e9ances de remise en forme pour les personnes qui souhaitent reprendre une activit\u00e9 physique pour la modique somme de 2\u20ac la s\u00e9ance. Il ne s\u2019agit pas d\u2019entra\u00eenement mais d\u2019une reprise en douceur du sport en toute s\u00e9r\u00e9nit\u00e9 gr\u00e2ce \u00e0 des s\u00e9ances adapt\u00e9es. Le\u2026","rel":"","context":"Dans &quot;Non class\u00e9&quot;","img":{"alt_text":"","src":"https:\/\/i2.wp.com\/www.montceautriathlon.com\/blog\/wp-content\/uploads\/2021\/09\/rentree-bougez-site.jpg?resize=350%2C200&ssl=1","width":350,"height":200},"classes":[]},{"id":7777,"url":"https:\/\/www.montceautriathlon.com\/blog\/2025\/05\/31\/testing-sante\/","url_meta":{"origin":8185,"position":2},"title":"Testing sant\u00e9","date":"31 mai 2025","format":false,"excerpt":"Un testing sant\u00e9 a \u00e9t\u00e9 propos\u00e9 ce samedi 31 mai au stade Jean Bouveri avec une chaleur tr\u00e8s estivale. Il a \u00e9t\u00e9 conduit par Alexandre Pradier, dans le cadre de sa formation BF2. Ce testing sant\u00e9 comprend des exercices de condition physique dans les domaines suivants: coordination, vitesse, endurance, force\u2026","rel":"","context":"Dans &quot;Non class\u00e9&quot;","img":{"alt_text":"","src":"https:\/\/i0.wp.com\/www.montceautriathlon.com\/blog\/wp-content\/uploads\/2025\/05\/IMG-20250531-WA0007.jpg?resize=350%2C200&ssl=1","width":350,"height":200},"classes":[]},{"id":4837,"url":"https:\/\/www.montceautriathlon.com\/blog\/2022\/02\/05\/le-15-mai-prochain-ce-sera-laquathlon-de-montceau-bien-cocher-cette-date-sur-lagenda\/","url_meta":{"origin":8185,"position":3},"title":"Le 15 mai prochain, ce sera l&rsquo;AQUATHLON de Montceau. Bien cocher cette date sur l&rsquo;agenda !","date":"5 f\u00e9vrier 2022","format":false,"excerpt":"Comme annonc\u00e9 \u00e0 sa derni\u00e8re Assembl\u00e9e G\u00e9n\u00e9rale, le club organisera son aquathlon le 15 mai prochain. Premi\u00e8re course \u00e0 11h00 avec un XS open et relais. Suivront des courses J1 et J2 en piscine, puis un XS s\u00e9lectif championnats de France pour les benjamin(e)s et les minimes et une distance\u2026","rel":"","context":"Dans &quot;Non class\u00e9&quot;","img":{"alt_text":"","src":"https:\/\/i1.wp.com\/www.montceautriathlon.com\/blog\/wp-content\/uploads\/2022\/02\/affiche-aquathlon-2022POUR-SITE.jpg?resize=350%2C200&ssl=1","width":350,"height":200},"classes":[]},{"id":3192,"url":"https:\/\/www.montceautriathlon.com\/blog\/2019\/09\/18\/cross-triathlon-jeunes-autun-en-toute-simplicite\/","url_meta":{"origin":8185,"position":4},"title":"Cross Triathlon jeunes AUTUN  : en toute simplicit\u00e9","date":"18 septembre 2019","format":false,"excerpt":"Des jeunes de trois clubs du d\u00e9partement ont fait le d\u00e9placement \u00e0 Autun ce dimanche matin pour participer \u00e0 des crosstriathlons. Une course J1, une course J2 et un animathlon au programme. Petite participation avec 26 jeunes sur les deux courses, une jolie d\u00e9l\u00e9gation de Montceau avec de\u00a0 bons r\u00e9sultats.\u2026","rel":"","context":"Dans &quot;Non class\u00e9&quot;","img":{"alt_text":"","src":"","width":0,"height":0},"classes":[]},{"id":2119,"url":"https:\/\/www.montceautriathlon.com\/blog\/2018\/08\/31\/triathlon-du-levezou-ca-vaut-le-coup\/","url_meta":{"origin":8185,"position":5},"title":"Triathlon du L\u00e9v\u00e9zou \u00e7a vaut le coup !","date":"31 ao\u00fbt 2018","format":false,"excerpt":"Une fois n'est pas coutume et pour relancer les publications, un petit r\u00e9cit sur mon premier L en solo ! C Poutissou Triathlon du L\u00e9v\u00e9zou 26\/08\/18. Petit r\u00e9cit d\u2019une premi\u00e8re... Le L\u00e9v\u00e9zou, voil\u00e0 bien un dr\u00f4le de nom mais qui sonne bien\u00a0! Et qui rime avec Poutissou\u00a0! Mais c\u2019est o\u00f9\u2026","rel":"","context":"Dans &quot;Non class\u00e9&quot;","img":{"alt_text":"","src":"https:\/\/i2.wp.com\/montceautriathlon.com\/blog\/wp-content\/uploads\/2018\/08\/20180826_151628-225x300.jpg?resize=350%2C200","width":350,"height":200},"classes":[]}],"_links":{"self":[{"href":"https:\/\/www.montceautriathlon.com\/blog\/wp-json\/wp\/v2\/posts\/8185"}],"collection":[{"href":"https:\/\/www.montceautriathlon.com\/blog\/wp-json\/wp\/v2\/posts"}],"about":[{"href":"https:\/\/www.montceautriathlon.com\/blog\/wp-json\/wp\/v2\/types\/post"}],"author":[{"embeddable":true,"href":"https:\/\/www.montceautriathlon.com\/blog\/wp-json\/wp\/v2\/users\/7"}],"replies":[{"embeddable":true,"href":"https:\/\/www.montceautriathlon.com\/blog\/wp-json\/wp\/v2\/comments?post=8185"}],"version-history":[{"count":3,"href":"https:\/\/www.montceautriathlon.com\/blog\/wp-json\/wp\/v2\/posts\/8185\/revisions"}],"predecessor-version":[{"id":8191,"href":"https:\/\/www.montceautriathlon.com\/blog\/wp-json\/wp\/v2\/posts\/8185\/revisions\/8191"}],"wp:featuredmedia":[{"embeddable":true,"href":"https:\/\/www.montceautriathlon.com\/blog\/wp-json\/wp\/v2\/media\/8187"}],"wp:attachment":[{"href":"https:\/\/www.montceautriathlon.com\/blog\/wp-json\/wp\/v2\/media?parent=8185"}],"wp:term":[{"taxonomy":"category","embeddable":true,"href":"https:\/\/www.montceautriathlon.com\/blog\/wp-json\/wp\/v2\/categories?post=8185"},{"taxonomy":"post_tag","embeddable":true,"href":"https:\/\/www.montceautriathlon.com\/blog\/wp-json\/wp\/v2\/tags?post=8185"}],"curies":[{"name":"wp","href":"https:\/\/api.w.org\/{rel}","templated":true}]}}