{"id":818,"date":"2016-09-09T12:33:55","date_gmt":"2016-09-09T11:33:55","guid":{"rendered":"http:\/\/montceautriathlon.com\/blog\/?p=818"},"modified":"2016-09-09T12:33:55","modified_gmt":"2016-09-09T11:33:55","slug":"resultats-du-triathlon-de-gerardmer-34-septembre-2016","status":"publish","type":"post","link":"https:\/\/www.montceautriathlon.com\/blog\/2016\/09\/09\/resultats-du-triathlon-de-gerardmer-34-septembre-2016\/","title":{"rendered":"R\u00e9sultats du triathlon de G\u00e9rardmer (3&#038;4 septembre 2016)"},"content":{"rendered":"<p>Nous part\u00eemes 13 triathl\u00e8tes de la Team Montceau triathlon et par un prompt renfort de supporters nous nous v\u00eemes une arm\u00e9e&#8230;<\/p>\n<p>En effet, le <a href=\"http:\/\/montceautriathlon.com\/blog\/wp-content\/uploads\/2016\/09\/gerardmer21.jpg\" target=\"_blank\"><img data-attachment-id=\"819\" data-permalink=\"https:\/\/www.montceautriathlon.com\/blog\/2016\/09\/09\/resultats-du-triathlon-de-gerardmer-34-septembre-2016\/gerardmer21\/\" data-orig-file=\"https:\/\/www.montceautriathlon.com\/blog\/wp-content\/uploads\/2016\/09\/gerardmer21.jpg\" data-orig-size=\"960,720\" data-comments-opened=\"1\" data-image-meta=\"{&quot;aperture&quot;:&quot;0&quot;,&quot;credit&quot;:&quot;&quot;,&quot;camera&quot;:&quot;&quot;,&quot;caption&quot;:&quot;&quot;,&quot;created_timestamp&quot;:&quot;0&quot;,&quot;copyright&quot;:&quot;&quot;,&quot;focal_length&quot;:&quot;0&quot;,&quot;iso&quot;:&quot;0&quot;,&quot;shutter_speed&quot;:&quot;0&quot;,&quot;title&quot;:&quot;&quot;,&quot;orientation&quot;:&quot;0&quot;}\" data-image-title=\"gerardmer21\" data-image-description=\"\" data-image-caption=\"\" data-medium-file=\"https:\/\/www.montceautriathlon.com\/blog\/wp-content\/uploads\/2016\/09\/gerardmer21-300x225.jpg\" data-large-file=\"https:\/\/www.montceautriathlon.com\/blog\/wp-content\/uploads\/2016\/09\/gerardmer21.jpg\" loading=\"lazy\" class=\"alignleft wp-image-819 size-thumbnail\" src=\"http:\/\/montceautriathlon.com\/blog\/wp-content\/uploads\/2016\/09\/gerardmer21-150x150.jpg\" alt=\"gerardmer21\" width=\"150\" height=\"150\" \/><\/a>jour J, 7 triathl\u00e8tes f\u00e9minines et 6 masculins ont pris le d\u00e9part du triathlon XL de G\u00e9rardmer.<\/p>\n<p>Pour certains et certaines, c&rsquo;\u00e9tait le 1er triathlon longue distance, m\u00eame si les objectifs diff\u00e9raient, tous \u00e9taient toutefois soutenus par les familles pr\u00e9sentes sur le site.<\/p>\n<p>Nous avions n\u00e9anmoins en commun de longs mois de pr\u00e9paration, avec de nombreux sacrifices : \u00ab\u00a0plus d&rsquo;ap\u00e9ritifs,plus de g\u00e2teaux sal\u00e9s, sucr\u00e9s\u00a0\u00bb (Ok pas pour tout le monde\u00a0?)<\/p>\n<p>Nous commencerons par le plus jeune concurrent de cette \u00e9dition 2016 qui est Montcellien Corentin GUEUGNON, qui boucle son 1er long en 6h20, avec une super natation, un excellent v\u00e9lo et une fin de course \u00e0 pied un peu chaotique (il est sensible Coco), Marion RACLOT qui effectue une tr\u00e8s belle prestation pour son 1er long en 6h40, Aude DEMORTIERE qui am\u00e9liore son temps de pr\u00e8s d&rsquo;un quart d&rsquo;heure en 6h21 et termine sur les talons de Coco. Nicolas FICHET et Laurent DE SOUSA qui le coiffe sur la ligne d&rsquo;arriv\u00e9e terminent en 6h. Baptiste GUEUGNEAU et Christophe DELBLOUWE cassent la barre des 6h avec 5h57 pour Le Gros et 5h40 pour Baptiste.<\/p>\n<p>Enfin, pour le reste des f\u00e9minines, 2 d&rsquo;entre vivaient une seconde ou troisi\u00e8me \u00e9dition. Nadine DELBLOUWE qui r\u00e9alise sa meilleure performance en 7h26 et C\u00e9line DE SOUSA qui effectue aussi une tr\u00e8s bonne natation et un excellent v\u00e9lo, mais victime d&rsquo;un petit soucis en course \u00e0 pied termine en 7h22.<\/p>\n<p>Enfin, 3 d\u00e9butantes pour qui l&rsquo;objectif \u00e9tait avant tout de terminer dans les d\u00e9lais impartis, soit 8h30. Nadine DORME en termine avec son \u00e9preuve en 8h15, Isabelle VAURY auteur d&rsquo;une bonne natation, et d&rsquo;un bon v\u00e9lo, victime de crampes en course \u00e0 pied elle termine courageusement en 7h55 remettant ensuite ses crampes entre les mains experte d&rsquo;un masseur\u00a0? et moi Laure ROCHAIX, pleinement satisfaite de ma performance bien au-del\u00e0 de mes esp\u00e9rances je termine en 7h21.<\/p>\n<p>Enfin, un petit mot pour Fernand BERENGUER qui nous quitte apr\u00e8s le v\u00e9lo victime d&rsquo;une crise gastrique, pr\u00e9f\u00e9rant se r\u00e9hydrater avec un smecta ti\u00e8dasse. (il faudrait d&rsquo;ailleurs contacter smecta pour un sponsoring\u00a0?)<\/p>\n<p><a href=\"http:\/\/montceautriathlon.com\/blog\/wp-content\/uploads\/2016\/09\/gerardmer25.jpg\" target=\"_blank\"><img data-attachment-id=\"820\" data-permalink=\"https:\/\/www.montceautriathlon.com\/blog\/2016\/09\/09\/resultats-du-triathlon-de-gerardmer-34-septembre-2016\/gerardmer25\/\" data-orig-file=\"https:\/\/www.montceautriathlon.com\/blog\/wp-content\/uploads\/2016\/09\/gerardmer25.jpg\" data-orig-size=\"960,862\" data-comments-opened=\"1\" data-image-meta=\"{&quot;aperture&quot;:&quot;0&quot;,&quot;credit&quot;:&quot;&quot;,&quot;camera&quot;:&quot;&quot;,&quot;caption&quot;:&quot;&quot;,&quot;created_timestamp&quot;:&quot;0&quot;,&quot;copyright&quot;:&quot;&quot;,&quot;focal_length&quot;:&quot;0&quot;,&quot;iso&quot;:&quot;0&quot;,&quot;shutter_speed&quot;:&quot;0&quot;,&quot;title&quot;:&quot;&quot;,&quot;orientation&quot;:&quot;0&quot;}\" data-image-title=\"gerardmer25\" data-image-description=\"\" data-image-caption=\"\" data-medium-file=\"https:\/\/www.montceautriathlon.com\/blog\/wp-content\/uploads\/2016\/09\/gerardmer25-300x269.jpg\" data-large-file=\"https:\/\/www.montceautriathlon.com\/blog\/wp-content\/uploads\/2016\/09\/gerardmer25.jpg\" loading=\"lazy\" class=\"alignleft wp-image-820 size-thumbnail\" src=\"http:\/\/montceautriathlon.com\/blog\/wp-content\/uploads\/2016\/09\/gerardmer25-150x150.jpg\" alt=\"gerardmer25\" width=\"150\" height=\"150\" \/><\/a>Pour achever cette journ\u00e9e, nous nous sommes sustenter dans un bon petit resto et suite aux nombreux sacrifices de ces derniers mois, nous avons fini cette soir\u00e9e \u00e0 la rhumerie locale pour appr\u00e9cier un ou plusieurs mojitos.<\/p>\n<p>Le lendemain, participaient aux diff\u00e9rentes \u00e9preuves Laurie et William DELBLOUWE, Maryl\u00e8ne, Ludivine et Denis LEQUIN ainsi qu&rsquo;Emmanuel PAWESKA.<\/p>\n<p style=\"text-align: right;\">Laure R.<\/p>\n","protected":false},"excerpt":{"rendered":"<p>Nous part\u00eemes 13 triathl\u00e8tes de la Team Montceau triathlon et par un prompt renfort de supporters nous nous v\u00eemes une arm\u00e9e&#8230; En effet, le jour J, 7 triathl\u00e8tes f\u00e9minines et 6 masculins ont pris le d\u00e9part du triathlon XL de G\u00e9rardmer. Pour certains et certaines, c&rsquo;\u00e9tait le 1er triathlon longue distance, m\u00eame si les objectifs [&hellip;]<\/p>\n","protected":false},"author":1,"featured_media":0,"comment_status":"open","ping_status":"open","sticky":false,"template":"","format":"standard","meta":{"spay_email":"","jetpack_publicize_message":"","jetpack_is_tweetstorm":false},"categories":[1],"tags":[],"jetpack_featured_media_url":"","jetpack_publicize_connections":[],"jetpack_sharing_enabled":true,"jetpack_shortlink":"https:\/\/wp.me\/p8bwIy-dc","jetpack-related-posts":[{"id":2141,"url":"https:\/\/www.montceautriathlon.com\/blog\/2018\/09\/05\/triathlon-xl-de-gerardmer-1er-septembre-2018\/","url_meta":{"origin":818,"position":0},"title":"Triathlon XL de GERARDMER 1er septembre 2018","date":"5 septembre 2018","format":false,"excerpt":"1600 engag\u00e9s sur cette \u00e9preuve fascinante dont nos deux repr\u00e9sentants Olivier Grivault et Baptiste Gueugneau. Deux belles performances \u00e0 la cl\u00e9. M\u00eame si Olivier se dit d\u00e9\u00e7u de sa performance :\u00a0 \u00ab Ils ont modifi\u00e9 le parcours natation, mauvaise id\u00e9e, tr\u00e8s compliqu\u00e9 de n\u00e9gocier le passage de la premi\u00e8re bou\u00e9e,\u2026","rel":"","context":"Dans &quot;Non class\u00e9&quot;","img":{"alt_text":"","src":"https:\/\/i0.wp.com\/montceautriathlon.com\/blog\/wp-content\/uploads\/2018\/09\/baptiste-1-225x300.jpeg?resize=350%2C200","width":350,"height":200},"classes":[]},{"id":746,"url":"https:\/\/www.montceautriathlon.com\/blog\/2016\/07\/11\/resultats-du-triathlon-321-de-st-martin-du-puy-10-juillet-2016\/","url_meta":{"origin":818,"position":1},"title":"R\u00e9sultats du Triathlon 321 de St Martin du Puy (10 juillet 2016)","date":"11 juillet 2016","format":false,"excerpt":"La 1ier \u00e9dition du triathlon 321 de Saint Martin du Puy (Morvan) a rassembl\u00e9 170 participants (avec une vingtaine de relais) pour affronter les 3km de nage, 100km de v\u00e9lo avec 2000m de d\u00e9nivel\u00e9 et 21km de course \u00e0 pied (320M). Avec une eau \u00e0 23\u00b0C, qui veut dire combinaison\u2026","rel":"","context":"Dans &quot;slide show&quot;","img":{"alt_text":"","src":"https:\/\/i1.wp.com\/www.montceautriathlon.com\/blog\/wp-content\/uploads\/2016\/07\/FB_IMG_1468228384978.jpg?resize=350%2C200&ssl=1","width":350,"height":200},"classes":[]},{"id":1298,"url":"https:\/\/www.montceautriathlon.com\/blog\/2017\/06\/07\/finale-du-championnat-de-france-jeunes-de-triathlon-samedi-03-juin-2017\/","url_meta":{"origin":818,"position":2},"title":"Finale du championnat de France Jeunes de Triathlon (Samedi 03 juin 2017)","date":"7 juin 2017","format":false,"excerpt":"Ce week-end avait lieu les\u00a0championnats de France Jeunes de Triathlon qui se d\u00e9roulaient \u00e0 Pierrelatte et organis\u00e9s par\u00a0le Tricastin Triathlon Club. Nous avions 3 jeunes triathl\u00e8tes qui ont repr\u00e9sent\u00e9 brillamment les couleurs de notre\u00a0club et\u00a0bravo \u00e0 eux ! Tous les r\u00e9sultats: Ludivine LEQUIN : 51\u00b0 \/ CAF \/ 01:10:10 Maryl\u00e8ne\u2026","rel":"","context":"Dans &quot;Non class\u00e9&quot;","img":{"alt_text":"","src":"","width":0,"height":0},"classes":[]},{"id":7265,"url":"https:\/\/www.montceautriathlon.com\/blog\/2024\/12\/23\/assemblee-generale\/","url_meta":{"origin":818,"position":3},"title":"Assembl\u00e9e G\u00e9n\u00e9rale","date":"23 d\u00e9cembre 2024","format":false,"excerpt":"Pour rappel, vendredi 13 d\u00e9cembre a eu lieu notre assembl\u00e9e g\u00e9n\u00e9rale. Voici les points importants qui ont \u00e9t\u00e9 \u00e9voqu\u00e9s durant ce rassemblement , une fois les rapports moraux , financiers \u2026 approuv\u00e9s 2024 a \u00e9t\u00e9 riche en projet notamment l\u2019achat de notre MINIBUS qui nous sert d\u00e9j\u00e0 \u00e0 emmener nos\u2026","rel":"","context":"Dans &quot;Non class\u00e9&quot;","img":{"alt_text":"","src":"https:\/\/i0.wp.com\/www.montceautriathlon.com\/blog\/wp-content\/uploads\/2024\/12\/470240773_1256744798699575_4421158001058668398_n.jpg?resize=350%2C200&ssl=1","width":350,"height":200},"classes":[]},{"id":863,"url":"https:\/\/www.montceautriathlon.com\/blog\/2016\/09\/27\/resultat-du-triathlon-de-paladru-par-equipe-24-septembre-2016\/","url_meta":{"origin":818,"position":4},"title":"R\u00e9sultat du triathlon de Paladru par \u00e9quipe (24 septembre 2016)","date":"27 septembre 2016","format":false,"excerpt":"Une tr\u00e8s belle fin de saison pour \u00ab\u00a0Montceau Triathlon\u00a0\u00bb puisque 25 triathl\u00e8tes se sont retrouv\u00e9s ce dimanche, dans l\u2019Is\u00e8re, au Lac de Paladru\u00a0! Un encha\u00eenement de 1700m de natation, 72 kms de v\u00e9lo et 17kms de course \u00e0 pied avec en fin de parcours une partie trail, particuli\u00e8rement \u00e9prouvante, attendaient\u2026","rel":"","context":"Dans &quot;slide show&quot;","img":{"alt_text":"","src":"https:\/\/i0.wp.com\/www.montceautriathlon.com\/blog\/wp-content\/uploads\/2016\/09\/Triathlon_Paladru_2016.jpg?resize=350%2C200&ssl=1","width":350,"height":200},"classes":[]},{"id":1489,"url":"https:\/\/www.montceautriathlon.com\/blog\/2017\/09\/11\/tous-les-resultats-pendant-les-vacances-dete\/","url_meta":{"origin":818,"position":5},"title":"Tous les r\u00e9sultats pendant les vacances d&rsquo;\u00e9t\u00e9","date":"11 septembre 2017","format":false,"excerpt":"Triathlon de la Madeleine (le 26 ao\u00fbt 2017) Le plus dur triathlon S de France ! 1200m de d\u00e9nivel\u00e9 sur 20km ! Et oui , Ludivine LEQUIN a os\u00e9 s'y attaquer . Ce jour, 26 ao\u00fbt sous une forte chaleur, plus de 150 triathl\u00e8tes se sont rendus au lac bleu\u2026","rel":"","context":"Dans &quot;Non class\u00e9&quot;","img":{"alt_text":"","src":"","width":0,"height":0},"classes":[]}],"_links":{"self":[{"href":"https:\/\/www.montceautriathlon.com\/blog\/wp-json\/wp\/v2\/posts\/818"}],"collection":[{"href":"https:\/\/www.montceautriathlon.com\/blog\/wp-json\/wp\/v2\/posts"}],"about":[{"href":"https:\/\/www.montceautriathlon.com\/blog\/wp-json\/wp\/v2\/types\/post"}],"author":[{"embeddable":true,"href":"https:\/\/www.montceautriathlon.com\/blog\/wp-json\/wp\/v2\/users\/1"}],"replies":[{"embeddable":true,"href":"https:\/\/www.montceautriathlon.com\/blog\/wp-json\/wp\/v2\/comments?post=818"}],"version-history":[{"count":1,"href":"https:\/\/www.montceautriathlon.com\/blog\/wp-json\/wp\/v2\/posts\/818\/revisions"}],"predecessor-version":[{"id":822,"href":"https:\/\/www.montceautriathlon.com\/blog\/wp-json\/wp\/v2\/posts\/818\/revisions\/822"}],"wp:attachment":[{"href":"https:\/\/www.montceautriathlon.com\/blog\/wp-json\/wp\/v2\/media?parent=818"}],"wp:term":[{"taxonomy":"category","embeddable":true,"href":"https:\/\/www.montceautriathlon.com\/blog\/wp-json\/wp\/v2\/categories?post=818"},{"taxonomy":"post_tag","embeddable":true,"href":"https:\/\/www.montceautriathlon.com\/blog\/wp-json\/wp\/v2\/tags?post=818"}],"curies":[{"name":"wp","href":"https:\/\/api.w.org\/{rel}","templated":true}]}}