{"id":8069,"date":"2025-08-27T15:11:53","date_gmt":"2025-08-27T14:11:53","guid":{"rendered":"https:\/\/www.montceautriathlon.com\/blog\/?p=8069"},"modified":"2025-08-27T15:31:14","modified_gmt":"2025-08-27T14:31:14","slug":"montceau-triathlon-cest-la-rentree","status":"publish","type":"post","link":"https:\/\/www.montceautriathlon.com\/blog\/2025\/08\/27\/montceau-triathlon-cest-la-rentree\/","title":{"rendered":"Montceau triathlon: c&rsquo;est la rentr\u00e9e"},"content":{"rendered":"\n<p>Que vous soyez \u00e0 la recherche d&rsquo;une activit\u00e9&nbsp;ludique pour vos enfants, d&rsquo;une pratique de loisir ou de comp\u00e9tition, notre club a une place pour chacun.<\/p>\n\n\n\n<p><br>Avec une seule licence, vous pouvez&nbsp;pratiquer&nbsp;3 disciplines: la natation, le v\u00e9lo et la course&nbsp;\u00e0 pied mais aussi le home trainer et le renforcement&nbsp;musculaire. Les s\u00e9ances propos\u00e9es varient selon les niveaux de pratique.<\/p>\n\n\n\n<p><br>La reprise de l&rsquo;entra\u00eenement\u00a0course \u00e0 pied est le mardi 2 septembre pour toutes les cat\u00e9gories au stade Jean Bouveri.<\/p>\n\n\n\n<p>Le premier entra\u00eenement&nbsp;natation est le mercredi 3 septembre au centre nautique.<\/p>\n\n\n\n<p>Les entra\u00eenements v\u00e9lo d\u00e9buteront&nbsp;le dimanche 7 septembre (rdv parking de la piscine)<\/p>\n\n\n\n<p><br>Pour l&rsquo;\u00e9cole de triathlon les entra\u00eenements d\u00e9butent \u00e9galement le mardi 2 septembre..<\/p>\n\n\n\n<p>Les entra\u00eenements le mardi de 18h30 \u00e0 19h30 (course \u00e0 pied) et le mercredi de 18h \u00e0 19h (natation) sont ouverts aux familles.<\/p>\n\n\n\n<p><br>En prenant le pass club, vous pouvez essayer gratuitement les diff\u00e9rents entra\u00eenements pendant 1 mois.<\/p>\n\n\n\n<p><br>Pour tout renseignement vous pourrez nous retrouver au Forum des associations de Montceau les Mines le 6 septembre ou nous contacter par mail <a rel=\"noreferrer noopener\" href=\"mailto:rtc.montceautriathlon@gmail.com\" target=\"_blank\">rtc.montceautriathlon@gmail.com<\/a><\/p>\n\n\n\n<p>Nous ferons \u00e9galement une d\u00e9couverte de la Tri Immersive Room pour la F\u00eate du Sport qui aura lieu le samedi 13 septembre \u00e0 partir de 10h au stade Jean Bouveri<\/p>\n\n\n\n<figure class=\"wp-block-gallery columns-3 is-cropped\"><ul data-carousel-extra='{\"blog_id\":1,\"permalink\":\"https:\\\/\\\/www.montceautriathlon.com\\\/blog\\\/2025\\\/08\\\/27\\\/montceau-triathlon-cest-la-rentree\\\/\"}' class=\"blocks-gallery-grid\"><li class=\"blocks-gallery-item\"><figure><a href=\"https:\/\/www.montceautriathlon.com\/blog\/wp-content\/uploads\/2025\/08\/20250826_171719-768x1024.jpg\"><img data-attachment-id=\"8070\" data-permalink=\"https:\/\/www.montceautriathlon.com\/blog\/2025\/08\/27\/montceau-triathlon-cest-la-rentree\/20250826_171719\/\" data-orig-file=\"https:\/\/www.montceautriathlon.com\/blog\/wp-content\/uploads\/2025\/08\/20250826_171719-scaled.jpg\" data-orig-size=\"1920,2560\" data-comments-opened=\"1\" data-image-meta=\"{&quot;aperture&quot;:&quot;1.8&quot;,&quot;credit&quot;:&quot;&quot;,&quot;camera&quot;:&quot;SM-A145R&quot;,&quot;caption&quot;:&quot;&quot;,&quot;created_timestamp&quot;:&quot;1756228639&quot;,&quot;copyright&quot;:&quot;&quot;,&quot;focal_length&quot;:&quot;3.98&quot;,&quot;iso&quot;:&quot;1000&quot;,&quot;shutter_speed&quot;:&quot;0.049&quot;,&quot;title&quot;:&quot;&quot;,&quot;orientation&quot;:&quot;1&quot;}\" data-image-title=\"20250826_171719\" data-image-description=\"\" data-image-caption=\"\" data-medium-file=\"https:\/\/www.montceautriathlon.com\/blog\/wp-content\/uploads\/2025\/08\/20250826_171719-225x300.jpg\" data-large-file=\"https:\/\/www.montceautriathlon.com\/blog\/wp-content\/uploads\/2025\/08\/20250826_171719-768x1024.jpg\" loading=\"lazy\" width=\"768\" height=\"1024\" src=\"https:\/\/www.montceautriathlon.com\/blog\/wp-content\/uploads\/2025\/08\/20250826_171719-768x1024.jpg\" alt=\"\" data-id=\"8070\" data-link=\"https:\/\/www.montceautriathlon.com\/blog\/?attachment_id=8070\" class=\"wp-image-8070\" srcset=\"https:\/\/www.montceautriathlon.com\/blog\/wp-content\/uploads\/2025\/08\/20250826_171719-768x1024.jpg 768w, https:\/\/www.montceautriathlon.com\/blog\/wp-content\/uploads\/2025\/08\/20250826_171719-225x300.jpg 225w, https:\/\/www.montceautriathlon.com\/blog\/wp-content\/uploads\/2025\/08\/20250826_171719-1152x1536.jpg 1152w, https:\/\/www.montceautriathlon.com\/blog\/wp-content\/uploads\/2025\/08\/20250826_171719-1536x2048.jpg 1536w, https:\/\/www.montceautriathlon.com\/blog\/wp-content\/uploads\/2025\/08\/20250826_171719-scaled.jpg 1920w\" sizes=\"(max-width: 768px) 100vw, 768px\" \/><\/a><\/figure><\/li><li class=\"blocks-gallery-item\"><figure><a href=\"https:\/\/www.montceautriathlon.com\/blog\/wp-content\/uploads\/2025\/08\/IMG-20250524-WA0030-1024x768.jpg\"><img data-attachment-id=\"8075\" data-permalink=\"https:\/\/www.montceautriathlon.com\/blog\/2025\/08\/27\/montceau-triathlon-cest-la-rentree\/img-20250524-wa0030\/\" data-orig-file=\"https:\/\/www.montceautriathlon.com\/blog\/wp-content\/uploads\/2025\/08\/IMG-20250524-WA0030.jpg\" data-orig-size=\"1600,1200\" data-comments-opened=\"1\" data-image-meta=\"{&quot;aperture&quot;:&quot;0&quot;,&quot;credit&quot;:&quot;&quot;,&quot;camera&quot;:&quot;&quot;,&quot;caption&quot;:&quot;&quot;,&quot;created_timestamp&quot;:&quot;0&quot;,&quot;copyright&quot;:&quot;&quot;,&quot;focal_length&quot;:&quot;0&quot;,&quot;iso&quot;:&quot;0&quot;,&quot;shutter_speed&quot;:&quot;0&quot;,&quot;title&quot;:&quot;&quot;,&quot;orientation&quot;:&quot;0&quot;}\" data-image-title=\"IMG-20250524-WA0030\" data-image-description=\"\" data-image-caption=\"\" data-medium-file=\"https:\/\/www.montceautriathlon.com\/blog\/wp-content\/uploads\/2025\/08\/IMG-20250524-WA0030-300x225.jpg\" data-large-file=\"https:\/\/www.montceautriathlon.com\/blog\/wp-content\/uploads\/2025\/08\/IMG-20250524-WA0030-1024x768.jpg\" loading=\"lazy\" width=\"1024\" height=\"768\" src=\"https:\/\/www.montceautriathlon.com\/blog\/wp-content\/uploads\/2025\/08\/IMG-20250524-WA0030-1024x768.jpg\" alt=\"\" data-id=\"8075\" data-link=\"https:\/\/www.montceautriathlon.com\/blog\/?attachment_id=8075\" class=\"wp-image-8075\" srcset=\"https:\/\/www.montceautriathlon.com\/blog\/wp-content\/uploads\/2025\/08\/IMG-20250524-WA0030-1024x768.jpg 1024w, https:\/\/www.montceautriathlon.com\/blog\/wp-content\/uploads\/2025\/08\/IMG-20250524-WA0030-300x225.jpg 300w, https:\/\/www.montceautriathlon.com\/blog\/wp-content\/uploads\/2025\/08\/IMG-20250524-WA0030-768x576.jpg 768w, https:\/\/www.montceautriathlon.com\/blog\/wp-content\/uploads\/2025\/08\/IMG-20250524-WA0030-1536x1152.jpg 1536w, https:\/\/www.montceautriathlon.com\/blog\/wp-content\/uploads\/2025\/08\/IMG-20250524-WA0030.jpg 1600w\" sizes=\"(max-width: 1024px) 100vw, 1024px\" \/><\/a><\/figure><\/li><li class=\"blocks-gallery-item\"><figure><a href=\"https:\/\/www.montceautriathlon.com\/blog\/wp-content\/uploads\/2025\/08\/IMG-20250511-WA0012-1024x755.jpg\"><img data-attachment-id=\"8076\" data-permalink=\"https:\/\/www.montceautriathlon.com\/blog\/2025\/08\/27\/montceau-triathlon-cest-la-rentree\/img-20250511-wa0012\/\" data-orig-file=\"https:\/\/www.montceautriathlon.com\/blog\/wp-content\/uploads\/2025\/08\/IMG-20250511-WA0012.jpg\" data-orig-size=\"2048,1510\" data-comments-opened=\"1\" data-image-meta=\"{&quot;aperture&quot;:&quot;0&quot;,&quot;credit&quot;:&quot;&quot;,&quot;camera&quot;:&quot;&quot;,&quot;caption&quot;:&quot;&quot;,&quot;created_timestamp&quot;:&quot;0&quot;,&quot;copyright&quot;:&quot;&quot;,&quot;focal_length&quot;:&quot;0&quot;,&quot;iso&quot;:&quot;0&quot;,&quot;shutter_speed&quot;:&quot;0&quot;,&quot;title&quot;:&quot;&quot;,&quot;orientation&quot;:&quot;0&quot;}\" data-image-title=\"IMG-20250511-WA0012\" data-image-description=\"\" data-image-caption=\"\" data-medium-file=\"https:\/\/www.montceautriathlon.com\/blog\/wp-content\/uploads\/2025\/08\/IMG-20250511-WA0012-300x221.jpg\" data-large-file=\"https:\/\/www.montceautriathlon.com\/blog\/wp-content\/uploads\/2025\/08\/IMG-20250511-WA0012-1024x755.jpg\" loading=\"lazy\" width=\"1024\" height=\"755\" src=\"https:\/\/www.montceautriathlon.com\/blog\/wp-content\/uploads\/2025\/08\/IMG-20250511-WA0012-1024x755.jpg\" alt=\"\" data-id=\"8076\" data-link=\"https:\/\/www.montceautriathlon.com\/blog\/?attachment_id=8076\" class=\"wp-image-8076\" srcset=\"https:\/\/www.montceautriathlon.com\/blog\/wp-content\/uploads\/2025\/08\/IMG-20250511-WA0012-1024x755.jpg 1024w, https:\/\/www.montceautriathlon.com\/blog\/wp-content\/uploads\/2025\/08\/IMG-20250511-WA0012-300x221.jpg 300w, https:\/\/www.montceautriathlon.com\/blog\/wp-content\/uploads\/2025\/08\/IMG-20250511-WA0012-768x566.jpg 768w, https:\/\/www.montceautriathlon.com\/blog\/wp-content\/uploads\/2025\/08\/IMG-20250511-WA0012-1536x1133.jpg 1536w, https:\/\/www.montceautriathlon.com\/blog\/wp-content\/uploads\/2025\/08\/IMG-20250511-WA0012.jpg 2048w\" sizes=\"(max-width: 1024px) 100vw, 1024px\" \/><\/a><\/figure><\/li><li class=\"blocks-gallery-item\"><figure><a href=\"https:\/\/www.montceautriathlon.com\/blog\/wp-content\/uploads\/2025\/08\/IMG-20250501-WA0021-1024x768.jpg\"><img data-attachment-id=\"8077\" data-permalink=\"https:\/\/www.montceautriathlon.com\/blog\/2025\/08\/27\/montceau-triathlon-cest-la-rentree\/img-20250501-wa0021\/\" data-orig-file=\"https:\/\/www.montceautriathlon.com\/blog\/wp-content\/uploads\/2025\/08\/IMG-20250501-WA0021.jpg\" data-orig-size=\"2048,1536\" data-comments-opened=\"1\" data-image-meta=\"{&quot;aperture&quot;:&quot;0&quot;,&quot;credit&quot;:&quot;&quot;,&quot;camera&quot;:&quot;&quot;,&quot;caption&quot;:&quot;&quot;,&quot;created_timestamp&quot;:&quot;0&quot;,&quot;copyright&quot;:&quot;&quot;,&quot;focal_length&quot;:&quot;0&quot;,&quot;iso&quot;:&quot;0&quot;,&quot;shutter_speed&quot;:&quot;0&quot;,&quot;title&quot;:&quot;&quot;,&quot;orientation&quot;:&quot;0&quot;}\" data-image-title=\"IMG-20250501-WA0021\" data-image-description=\"\" data-image-caption=\"\" data-medium-file=\"https:\/\/www.montceautriathlon.com\/blog\/wp-content\/uploads\/2025\/08\/IMG-20250501-WA0021-300x225.jpg\" data-large-file=\"https:\/\/www.montceautriathlon.com\/blog\/wp-content\/uploads\/2025\/08\/IMG-20250501-WA0021-1024x768.jpg\" loading=\"lazy\" width=\"1024\" height=\"768\" src=\"https:\/\/www.montceautriathlon.com\/blog\/wp-content\/uploads\/2025\/08\/IMG-20250501-WA0021-1024x768.jpg\" alt=\"\" data-id=\"8077\" data-link=\"https:\/\/www.montceautriathlon.com\/blog\/?attachment_id=8077\" class=\"wp-image-8077\" srcset=\"https:\/\/www.montceautriathlon.com\/blog\/wp-content\/uploads\/2025\/08\/IMG-20250501-WA0021-1024x768.jpg 1024w, https:\/\/www.montceautriathlon.com\/blog\/wp-content\/uploads\/2025\/08\/IMG-20250501-WA0021-300x225.jpg 300w, https:\/\/www.montceautriathlon.com\/blog\/wp-content\/uploads\/2025\/08\/IMG-20250501-WA0021-768x576.jpg 768w, https:\/\/www.montceautriathlon.com\/blog\/wp-content\/uploads\/2025\/08\/IMG-20250501-WA0021-1536x1152.jpg 1536w, https:\/\/www.montceautriathlon.com\/blog\/wp-content\/uploads\/2025\/08\/IMG-20250501-WA0021.jpg 2048w\" sizes=\"(max-width: 1024px) 100vw, 1024px\" \/><\/a><\/figure><\/li><li class=\"blocks-gallery-item\"><figure><a href=\"https:\/\/www.montceautriathlon.com\/blog\/wp-content\/uploads\/2025\/08\/20250429_1427111-768x1024.jpg\"><img data-attachment-id=\"8078\" data-permalink=\"https:\/\/www.montceautriathlon.com\/blog\/2025\/08\/27\/montceau-triathlon-cest-la-rentree\/20250429_1427111\/\" data-orig-file=\"https:\/\/www.montceautriathlon.com\/blog\/wp-content\/uploads\/2025\/08\/20250429_1427111-scaled.jpg\" data-orig-size=\"1920,2560\" data-comments-opened=\"1\" data-image-meta=\"{&quot;aperture&quot;:&quot;1.8&quot;,&quot;credit&quot;:&quot;&quot;,&quot;camera&quot;:&quot;SM-A145R&quot;,&quot;caption&quot;:&quot;&quot;,&quot;created_timestamp&quot;:&quot;1745936831&quot;,&quot;copyright&quot;:&quot;&quot;,&quot;focal_length&quot;:&quot;3.98&quot;,&quot;iso&quot;:&quot;125&quot;,&quot;shutter_speed&quot;:&quot;0.002&quot;,&quot;title&quot;:&quot;&quot;,&quot;orientation&quot;:&quot;1&quot;}\" data-image-title=\"20250429_1427111\" data-image-description=\"\" data-image-caption=\"\" data-medium-file=\"https:\/\/www.montceautriathlon.com\/blog\/wp-content\/uploads\/2025\/08\/20250429_1427111-225x300.jpg\" data-large-file=\"https:\/\/www.montceautriathlon.com\/blog\/wp-content\/uploads\/2025\/08\/20250429_1427111-768x1024.jpg\" loading=\"lazy\" width=\"768\" height=\"1024\" src=\"https:\/\/www.montceautriathlon.com\/blog\/wp-content\/uploads\/2025\/08\/20250429_1427111-768x1024.jpg\" alt=\"\" data-id=\"8078\" data-link=\"https:\/\/www.montceautriathlon.com\/blog\/?attachment_id=8078\" class=\"wp-image-8078\" srcset=\"https:\/\/www.montceautriathlon.com\/blog\/wp-content\/uploads\/2025\/08\/20250429_1427111-768x1024.jpg 768w, https:\/\/www.montceautriathlon.com\/blog\/wp-content\/uploads\/2025\/08\/20250429_1427111-225x300.jpg 225w, https:\/\/www.montceautriathlon.com\/blog\/wp-content\/uploads\/2025\/08\/20250429_1427111-1152x1536.jpg 1152w, https:\/\/www.montceautriathlon.com\/blog\/wp-content\/uploads\/2025\/08\/20250429_1427111-1536x2048.jpg 1536w, https:\/\/www.montceautriathlon.com\/blog\/wp-content\/uploads\/2025\/08\/20250429_1427111-scaled.jpg 1920w\" sizes=\"(max-width: 768px) 100vw, 768px\" \/><\/a><\/figure><\/li><li class=\"blocks-gallery-item\"><figure><a href=\"https:\/\/www.montceautriathlon.com\/blog\/wp-content\/uploads\/2025\/08\/IMG-20250412-WA0011-768x1024.jpg\"><img data-attachment-id=\"8079\" data-permalink=\"https:\/\/www.montceautriathlon.com\/blog\/2025\/08\/27\/montceau-triathlon-cest-la-rentree\/img-20250412-wa0011\/\" data-orig-file=\"https:\/\/www.montceautriathlon.com\/blog\/wp-content\/uploads\/2025\/08\/IMG-20250412-WA0011.jpg\" data-orig-size=\"1200,1600\" data-comments-opened=\"1\" data-image-meta=\"{&quot;aperture&quot;:&quot;0&quot;,&quot;credit&quot;:&quot;&quot;,&quot;camera&quot;:&quot;&quot;,&quot;caption&quot;:&quot;&quot;,&quot;created_timestamp&quot;:&quot;0&quot;,&quot;copyright&quot;:&quot;&quot;,&quot;focal_length&quot;:&quot;0&quot;,&quot;iso&quot;:&quot;0&quot;,&quot;shutter_speed&quot;:&quot;0&quot;,&quot;title&quot;:&quot;&quot;,&quot;orientation&quot;:&quot;0&quot;}\" data-image-title=\"IMG-20250412-WA0011\" data-image-description=\"\" data-image-caption=\"\" data-medium-file=\"https:\/\/www.montceautriathlon.com\/blog\/wp-content\/uploads\/2025\/08\/IMG-20250412-WA0011-225x300.jpg\" data-large-file=\"https:\/\/www.montceautriathlon.com\/blog\/wp-content\/uploads\/2025\/08\/IMG-20250412-WA0011-768x1024.jpg\" loading=\"lazy\" width=\"768\" height=\"1024\" src=\"https:\/\/www.montceautriathlon.com\/blog\/wp-content\/uploads\/2025\/08\/IMG-20250412-WA0011-768x1024.jpg\" alt=\"\" data-id=\"8079\" data-link=\"https:\/\/www.montceautriathlon.com\/blog\/?attachment_id=8079\" class=\"wp-image-8079\" srcset=\"https:\/\/www.montceautriathlon.com\/blog\/wp-content\/uploads\/2025\/08\/IMG-20250412-WA0011-768x1024.jpg 768w, https:\/\/www.montceautriathlon.com\/blog\/wp-content\/uploads\/2025\/08\/IMG-20250412-WA0011-225x300.jpg 225w, https:\/\/www.montceautriathlon.com\/blog\/wp-content\/uploads\/2025\/08\/IMG-20250412-WA0011-1152x1536.jpg 1152w, https:\/\/www.montceautriathlon.com\/blog\/wp-content\/uploads\/2025\/08\/IMG-20250412-WA0011.jpg 1200w\" sizes=\"(max-width: 768px) 100vw, 768px\" \/><\/a><\/figure><\/li><li class=\"blocks-gallery-item\"><figure><a href=\"https:\/\/www.montceautriathlon.com\/blog\/wp-content\/uploads\/2025\/08\/20241110_163110-1024x768.jpg\"><img data-attachment-id=\"8080\" data-permalink=\"https:\/\/www.montceautriathlon.com\/blog\/2025\/08\/27\/montceau-triathlon-cest-la-rentree\/20241110_163110\/\" data-orig-file=\"https:\/\/www.montceautriathlon.com\/blog\/wp-content\/uploads\/2025\/08\/20241110_163110-scaled.jpg\" data-orig-size=\"2560,1920\" data-comments-opened=\"1\" data-image-meta=\"{&quot;aperture&quot;:&quot;1.8&quot;,&quot;credit&quot;:&quot;&quot;,&quot;camera&quot;:&quot;SM-A145R&quot;,&quot;caption&quot;:&quot;&quot;,&quot;created_timestamp&quot;:&quot;1731256270&quot;,&quot;copyright&quot;:&quot;&quot;,&quot;focal_length&quot;:&quot;3.98&quot;,&quot;iso&quot;:&quot;400&quot;,&quot;shutter_speed&quot;:&quot;0.04&quot;,&quot;title&quot;:&quot;&quot;,&quot;orientation&quot;:&quot;1&quot;}\" data-image-title=\"20241110_163110\" data-image-description=\"\" data-image-caption=\"\" data-medium-file=\"https:\/\/www.montceautriathlon.com\/blog\/wp-content\/uploads\/2025\/08\/20241110_163110-300x225.jpg\" data-large-file=\"https:\/\/www.montceautriathlon.com\/blog\/wp-content\/uploads\/2025\/08\/20241110_163110-1024x768.jpg\" loading=\"lazy\" width=\"1024\" height=\"768\" src=\"https:\/\/www.montceautriathlon.com\/blog\/wp-content\/uploads\/2025\/08\/20241110_163110-1024x768.jpg\" alt=\"\" data-id=\"8080\" data-link=\"https:\/\/www.montceautriathlon.com\/blog\/?attachment_id=8080\" class=\"wp-image-8080\" srcset=\"https:\/\/www.montceautriathlon.com\/blog\/wp-content\/uploads\/2025\/08\/20241110_163110-1024x768.jpg 1024w, https:\/\/www.montceautriathlon.com\/blog\/wp-content\/uploads\/2025\/08\/20241110_163110-300x225.jpg 300w, https:\/\/www.montceautriathlon.com\/blog\/wp-content\/uploads\/2025\/08\/20241110_163110-768x576.jpg 768w, https:\/\/www.montceautriathlon.com\/blog\/wp-content\/uploads\/2025\/08\/20241110_163110-1536x1152.jpg 1536w, https:\/\/www.montceautriathlon.com\/blog\/wp-content\/uploads\/2025\/08\/20241110_163110-2048x1536.jpg 2048w\" sizes=\"(max-width: 1024px) 100vw, 1024px\" \/><\/a><\/figure><\/li><li class=\"blocks-gallery-item\"><figure><a href=\"https:\/\/www.montceautriathlon.com\/blog\/wp-content\/uploads\/2025\/08\/20241031_132716-1024x768.jpg\"><img data-attachment-id=\"8081\" data-permalink=\"https:\/\/www.montceautriathlon.com\/blog\/2025\/08\/27\/montceau-triathlon-cest-la-rentree\/20241031_132716\/\" data-orig-file=\"https:\/\/www.montceautriathlon.com\/blog\/wp-content\/uploads\/2025\/08\/20241031_132716-scaled.jpg\" data-orig-size=\"2560,1920\" data-comments-opened=\"1\" data-image-meta=\"{&quot;aperture&quot;:&quot;1.8&quot;,&quot;credit&quot;:&quot;&quot;,&quot;camera&quot;:&quot;SM-A145R&quot;,&quot;caption&quot;:&quot;&quot;,&quot;created_timestamp&quot;:&quot;1730381236&quot;,&quot;copyright&quot;:&quot;&quot;,&quot;focal_length&quot;:&quot;3.98&quot;,&quot;iso&quot;:&quot;100&quot;,&quot;shutter_speed&quot;:&quot;0.005&quot;,&quot;title&quot;:&quot;&quot;,&quot;orientation&quot;:&quot;1&quot;}\" data-image-title=\"20241031_132716\" data-image-description=\"\" data-image-caption=\"\" data-medium-file=\"https:\/\/www.montceautriathlon.com\/blog\/wp-content\/uploads\/2025\/08\/20241031_132716-300x225.jpg\" data-large-file=\"https:\/\/www.montceautriathlon.com\/blog\/wp-content\/uploads\/2025\/08\/20241031_132716-1024x768.jpg\" loading=\"lazy\" width=\"1024\" height=\"768\" src=\"https:\/\/www.montceautriathlon.com\/blog\/wp-content\/uploads\/2025\/08\/20241031_132716-1024x768.jpg\" alt=\"\" data-id=\"8081\" data-link=\"https:\/\/www.montceautriathlon.com\/blog\/?attachment_id=8081\" class=\"wp-image-8081\" srcset=\"https:\/\/www.montceautriathlon.com\/blog\/wp-content\/uploads\/2025\/08\/20241031_132716-1024x768.jpg 1024w, https:\/\/www.montceautriathlon.com\/blog\/wp-content\/uploads\/2025\/08\/20241031_132716-300x225.jpg 300w, https:\/\/www.montceautriathlon.com\/blog\/wp-content\/uploads\/2025\/08\/20241031_132716-768x576.jpg 768w, https:\/\/www.montceautriathlon.com\/blog\/wp-content\/uploads\/2025\/08\/20241031_132716-1536x1152.jpg 1536w, https:\/\/www.montceautriathlon.com\/blog\/wp-content\/uploads\/2025\/08\/20241031_132716-2048x1536.jpg 2048w\" sizes=\"(max-width: 1024px) 100vw, 1024px\" \/><\/a><\/figure><\/li><\/ul><\/figure>\n","protected":false},"excerpt":{"rendered":"<p>Que vous soyez \u00e0 la recherche d&rsquo;une activit\u00e9&nbsp;ludique pour vos enfants, d&rsquo;une pratique de loisir ou de comp\u00e9tition, notre club a une place pour chacun. Avec une seule licence, vous pouvez&nbsp;pratiquer&nbsp;3 disciplines: la natation, le v\u00e9lo et la course&nbsp;\u00e0 pied mais aussi le home trainer et le renforcement&nbsp;musculaire. Les s\u00e9ances propos\u00e9es varient selon les niveaux [&hellip;]<\/p>\n","protected":false},"author":7,"featured_media":8070,"comment_status":"open","ping_status":"open","sticky":false,"template":"","format":"standard","meta":{"spay_email":"","jetpack_publicize_message":"","jetpack_is_tweetstorm":false},"categories":[1],"tags":[],"jetpack_featured_media_url":"https:\/\/www.montceautriathlon.com\/blog\/wp-content\/uploads\/2025\/08\/20250826_171719-scaled.jpg","jetpack_publicize_connections":[],"jetpack_sharing_enabled":true,"jetpack_shortlink":"https:\/\/wp.me\/p8bwIy-269","jetpack-related-posts":[{"id":3777,"url":"https:\/\/www.montceautriathlon.com\/blog\/2020\/09\/02\/reprise-des-entrainements-saison-2020-2021-a-partir-du-7-septembre\/","url_meta":{"origin":8069,"position":0},"title":"REPRISE DES ENTRAINEMENTS SAISON 2020\/2021 \u00e0 partir du 7 septembre","date":"2 septembre 2020","format":false,"excerpt":"Il faut bien reprendre !\u00a0 Avec les mesures sanitaires contre la Covid bien entendu ! Si vous \u00eates une personne int\u00e9ress\u00e9e et qui d\u00e9couvrez cette page, vous pouvez nous rejoindre aux horaires indiqu\u00e9s pour une prise de contact. Vous pouvez nous contacter \u00e9galement\u00a0 et nous apporter un pass club pour\u2026","rel":"","context":"Dans &quot;Non class\u00e9&quot;","img":{"alt_text":"","src":"","width":0,"height":0},"classes":[]},{"id":1508,"url":"https:\/\/www.montceautriathlon.com\/blog\/2017\/09\/11\/cest-egalement-la-rentree-pour-montceau-triathlon\/","url_meta":{"origin":8069,"position":1},"title":"C&rsquo;est \u00e9galement la rentr\u00e9e pour Montceau Triathlon !","date":"11 septembre 2017","format":false,"excerpt":"Horaires d'entrainement pour la rentr\u00e9e 2017-2018 : Pour les jeunes (mini poussins \u00e0 benjamins) : Course \u00e0 pied: tous les mardi de 18h30 \u00e0 19h30, au stade Jean Bouveri\u00a0(\u00e0 partir du 19 septembre) Natation: mercredi de 18h \u00e0 19h au centre nautique (\u00e0 partir du 27 septembre) V\u00e9lo: samedi de\u2026","rel":"","context":"Dans &quot;Non class\u00e9&quot;","img":{"alt_text":"","src":"","width":0,"height":0},"classes":[]},{"id":782,"url":"https:\/\/www.montceautriathlon.com\/blog\/2016\/09\/06\/cest-egalement-la-rentree-pour-le-club-de-montceau-triathlon\/","url_meta":{"origin":8069,"position":2},"title":"C&rsquo;est \u00e9galement la rentr\u00e9e pour le club de Montceau Triathlon","date":"6 septembre 2016","format":false,"excerpt":"Les entra\u00eenements pour les jeunes reprennent: CAP : mardi 06 septembre\u00a0 (d\u00e9but de l'entra\u00eenement \u00e0\u00a018h30 devant l'entr\u00e9e du stade c\u00f4t\u00e9 Lac) NATATION : mercredi 21 septembre\u00a0(RDVS 18h ou 19h selon les groupes d'\u00e2ge \u00e0 la piscine) VELO : samedi 10 septembre (RDVS 10h sur le parking de la piscine) Les\u2026","rel":"","context":"Dans &quot;Non class\u00e9&quot;","img":{"alt_text":"","src":"","width":0,"height":0},"classes":[]},{"id":5221,"url":"https:\/\/www.montceautriathlon.com\/blog\/2022\/09\/05\/cest-la-rentree-reprise-des-entrainements\/","url_meta":{"origin":8069,"position":3},"title":"C&rsquo;est la rentr\u00e9e !                                              reprise des entrainements !","date":"5 septembre 2022","format":false,"excerpt":"Reprise des entrainements CAP ce mardi 6 septembre \u00e0 18h30(horaire habituel) devant l'entr\u00e9e du stade Jean Bouveri c\u00f4t\u00e9 lac. Comme d'hab ! s'encha\u00eeneront v\u00e9lo et VTT ensuite en fin de semaine (voir ci-dessous) Pour les personnes int\u00e9ress\u00e9es par le triathlon et ses disciplines encha\u00een\u00e9es, c'est l'occasion de prendre contact avec\u2026","rel":"","context":"Dans &quot;Non class\u00e9&quot;","img":{"alt_text":"","src":"https:\/\/i1.wp.com\/www.montceautriathlon.com\/blog\/wp-content\/uploads\/2022\/09\/IMG-20220903-WA0002.jpg?resize=350%2C200&ssl=1","width":350,"height":200},"classes":[]},{"id":818,"url":"https:\/\/www.montceautriathlon.com\/blog\/2016\/09\/09\/resultats-du-triathlon-de-gerardmer-34-septembre-2016\/","url_meta":{"origin":8069,"position":4},"title":"R\u00e9sultats du triathlon de G\u00e9rardmer (3&#038;4 septembre 2016)","date":"9 septembre 2016","format":false,"excerpt":"Nous part\u00eemes 13 triathl\u00e8tes de la Team Montceau triathlon et par un prompt renfort de supporters nous nous v\u00eemes une arm\u00e9e... En effet, le jour J, 7 triathl\u00e8tes f\u00e9minines et 6 masculins ont pris le d\u00e9part du triathlon XL de G\u00e9rardmer. Pour certains et certaines, c'\u00e9tait le 1er triathlon longue\u2026","rel":"","context":"Dans &quot;Non class\u00e9&quot;","img":{"alt_text":"","src":"","width":0,"height":0},"classes":[]},{"id":2141,"url":"https:\/\/www.montceautriathlon.com\/blog\/2018\/09\/05\/triathlon-xl-de-gerardmer-1er-septembre-2018\/","url_meta":{"origin":8069,"position":5},"title":"Triathlon XL de GERARDMER 1er septembre 2018","date":"5 septembre 2018","format":false,"excerpt":"1600 engag\u00e9s sur cette \u00e9preuve fascinante dont nos deux repr\u00e9sentants Olivier Grivault et Baptiste Gueugneau. Deux belles performances \u00e0 la cl\u00e9. M\u00eame si Olivier se dit d\u00e9\u00e7u de sa performance :\u00a0 \u00ab Ils ont modifi\u00e9 le parcours natation, mauvaise id\u00e9e, tr\u00e8s compliqu\u00e9 de n\u00e9gocier le passage de la premi\u00e8re bou\u00e9e,\u2026","rel":"","context":"Dans &quot;Non class\u00e9&quot;","img":{"alt_text":"","src":"https:\/\/i0.wp.com\/montceautriathlon.com\/blog\/wp-content\/uploads\/2018\/09\/baptiste-1-225x300.jpeg?resize=350%2C200","width":350,"height":200},"classes":[]}],"_links":{"self":[{"href":"https:\/\/www.montceautriathlon.com\/blog\/wp-json\/wp\/v2\/posts\/8069"}],"collection":[{"href":"https:\/\/www.montceautriathlon.com\/blog\/wp-json\/wp\/v2\/posts"}],"about":[{"href":"https:\/\/www.montceautriathlon.com\/blog\/wp-json\/wp\/v2\/types\/post"}],"author":[{"embeddable":true,"href":"https:\/\/www.montceautriathlon.com\/blog\/wp-json\/wp\/v2\/users\/7"}],"replies":[{"embeddable":true,"href":"https:\/\/www.montceautriathlon.com\/blog\/wp-json\/wp\/v2\/comments?post=8069"}],"version-history":[{"count":3,"href":"https:\/\/www.montceautriathlon.com\/blog\/wp-json\/wp\/v2\/posts\/8069\/revisions"}],"predecessor-version":[{"id":8086,"href":"https:\/\/www.montceautriathlon.com\/blog\/wp-json\/wp\/v2\/posts\/8069\/revisions\/8086"}],"wp:featuredmedia":[{"embeddable":true,"href":"https:\/\/www.montceautriathlon.com\/blog\/wp-json\/wp\/v2\/media\/8070"}],"wp:attachment":[{"href":"https:\/\/www.montceautriathlon.com\/blog\/wp-json\/wp\/v2\/media?parent=8069"}],"wp:term":[{"taxonomy":"category","embeddable":true,"href":"https:\/\/www.montceautriathlon.com\/blog\/wp-json\/wp\/v2\/categories?post=8069"},{"taxonomy":"post_tag","embeddable":true,"href":"https:\/\/www.montceautriathlon.com\/blog\/wp-json\/wp\/v2\/tags?post=8069"}],"curies":[{"name":"wp","href":"https:\/\/api.w.org\/{rel}","templated":true}]}}