{"id":8056,"date":"2025-08-16T19:02:35","date_gmt":"2025-08-16T18:02:35","guid":{"rendered":"https:\/\/www.montceautriathlon.com\/blog\/?p=8056"},"modified":"2025-08-16T19:02:37","modified_gmt":"2025-08-16T18:02:37","slug":"week-end-du-15-aout-traversee-du-lac-dannecy-et-triathlon-de-vouglans","status":"publish","type":"post","link":"https:\/\/www.montceautriathlon.com\/blog\/2025\/08\/16\/week-end-du-15-aout-traversee-du-lac-dannecy-et-triathlon-de-vouglans\/","title":{"rendered":"Week end du 15 ao\u00fbt: travers\u00e9e du lac d&rsquo;Annecy et triathlon de Vouglans"},"content":{"rendered":"\n<p>Aur\u00e9lie Agius a fait le d\u00e9placement en Haute Savoie pour participer \u00e0 l&rsquo;une des plus importante \u00e9preuve de natation en eau libre de France, \u00e0 savoir  la travers\u00e9e du Lac D&rsquo;Annecy. Engag\u00e9e sur l&rsquo;\u00e9preuve du 5 km, le d\u00e9part \u00e9tait sur la plage de la Brume \u00e0 Veyrier du Lac et l&rsquo;arriv\u00e9e au Jardin de l&rsquo;Europe. Aur\u00e9lie boucle les 5km en 1h53 et se classe 241e sur 466 participants. (74e seniore)<\/p>\n\n\n\n<p>Le l&rsquo;en demain une petite d\u00e9l\u00e9gation de Montceau triathlon s&rsquo;est retrouv\u00e9e dans le Jura pour participer au triathlon de Vouglans.<\/p>\n\n\n\n<p>Ur la distance S, Catherine Piter termine 2e V3 en 1:56 (268e au scratch sur 418). Elle \u00e9tait accompagn\u00e9e par sa fille Elise qui termine en 1:55. Notre \u00e9quipe \u00ab\u00a0En derni\u00e8re minute\u00a0\u00bb compos\u00e9e de&rsquo;Isabelle (en natation et V\u00e9lo) et Pascal Vaury en cap termine l&rsquo;\u00e9preuve en 1h52 (14e \u00e9quipe mixte sur un total de 50 \u00e9quipes).<\/p>\n\n\n\n<p>Bonne r\u00e9cup\u00e9ration \u00e0 tous<\/p>\n\n\n\n<figure class=\"wp-block-gallery columns-3 is-cropped\"><ul data-carousel-extra='{\"blog_id\":1,\"permalink\":\"https:\\\/\\\/www.montceautriathlon.com\\\/blog\\\/2025\\\/08\\\/16\\\/week-end-du-15-aout-traversee-du-lac-dannecy-et-triathlon-de-vouglans\\\/\"}' class=\"blocks-gallery-grid\"><li class=\"blocks-gallery-item\"><figure><a href=\"https:\/\/www.montceautriathlon.com\/blog\/wp-content\/uploads\/2025\/08\/IMG-20250816-WA0013-768x1024.jpg\"><img data-attachment-id=\"8057\" data-permalink=\"https:\/\/www.montceautriathlon.com\/blog\/2025\/08\/16\/week-end-du-15-aout-traversee-du-lac-dannecy-et-triathlon-de-vouglans\/img-20250816-wa0013\/\" data-orig-file=\"https:\/\/www.montceautriathlon.com\/blog\/wp-content\/uploads\/2025\/08\/IMG-20250816-WA0013.jpg\" data-orig-size=\"1200,1600\" data-comments-opened=\"1\" data-image-meta=\"{&quot;aperture&quot;:&quot;0&quot;,&quot;credit&quot;:&quot;&quot;,&quot;camera&quot;:&quot;&quot;,&quot;caption&quot;:&quot;&quot;,&quot;created_timestamp&quot;:&quot;0&quot;,&quot;copyright&quot;:&quot;&quot;,&quot;focal_length&quot;:&quot;0&quot;,&quot;iso&quot;:&quot;0&quot;,&quot;shutter_speed&quot;:&quot;0&quot;,&quot;title&quot;:&quot;&quot;,&quot;orientation&quot;:&quot;0&quot;}\" data-image-title=\"IMG-20250816-WA0013\" data-image-description=\"\" data-image-caption=\"\" data-medium-file=\"https:\/\/www.montceautriathlon.com\/blog\/wp-content\/uploads\/2025\/08\/IMG-20250816-WA0013-225x300.jpg\" data-large-file=\"https:\/\/www.montceautriathlon.com\/blog\/wp-content\/uploads\/2025\/08\/IMG-20250816-WA0013-768x1024.jpg\" loading=\"lazy\" width=\"768\" height=\"1024\" src=\"https:\/\/www.montceautriathlon.com\/blog\/wp-content\/uploads\/2025\/08\/IMG-20250816-WA0013-768x1024.jpg\" alt=\"\" data-id=\"8057\" data-link=\"https:\/\/www.montceautriathlon.com\/blog\/?attachment_id=8057\" class=\"wp-image-8057\" srcset=\"https:\/\/www.montceautriathlon.com\/blog\/wp-content\/uploads\/2025\/08\/IMG-20250816-WA0013-768x1024.jpg 768w, https:\/\/www.montceautriathlon.com\/blog\/wp-content\/uploads\/2025\/08\/IMG-20250816-WA0013-225x300.jpg 225w, https:\/\/www.montceautriathlon.com\/blog\/wp-content\/uploads\/2025\/08\/IMG-20250816-WA0013-1152x1536.jpg 1152w, https:\/\/www.montceautriathlon.com\/blog\/wp-content\/uploads\/2025\/08\/IMG-20250816-WA0013.jpg 1200w\" sizes=\"(max-width: 768px) 100vw, 768px\" \/><\/a><\/figure><\/li><li class=\"blocks-gallery-item\"><figure><a href=\"https:\/\/www.montceautriathlon.com\/blog\/wp-content\/uploads\/2025\/08\/IMG-20250816-WA0014-1024x768.jpg\"><img data-attachment-id=\"8058\" data-permalink=\"https:\/\/www.montceautriathlon.com\/blog\/2025\/08\/16\/week-end-du-15-aout-traversee-du-lac-dannecy-et-triathlon-de-vouglans\/img-20250816-wa0014\/\" data-orig-file=\"https:\/\/www.montceautriathlon.com\/blog\/wp-content\/uploads\/2025\/08\/IMG-20250816-WA0014.jpg\" data-orig-size=\"1600,1200\" data-comments-opened=\"1\" data-image-meta=\"{&quot;aperture&quot;:&quot;0&quot;,&quot;credit&quot;:&quot;&quot;,&quot;camera&quot;:&quot;&quot;,&quot;caption&quot;:&quot;&quot;,&quot;created_timestamp&quot;:&quot;0&quot;,&quot;copyright&quot;:&quot;&quot;,&quot;focal_length&quot;:&quot;0&quot;,&quot;iso&quot;:&quot;0&quot;,&quot;shutter_speed&quot;:&quot;0&quot;,&quot;title&quot;:&quot;&quot;,&quot;orientation&quot;:&quot;0&quot;}\" data-image-title=\"IMG-20250816-WA0014\" data-image-description=\"\" data-image-caption=\"\" data-medium-file=\"https:\/\/www.montceautriathlon.com\/blog\/wp-content\/uploads\/2025\/08\/IMG-20250816-WA0014-300x225.jpg\" data-large-file=\"https:\/\/www.montceautriathlon.com\/blog\/wp-content\/uploads\/2025\/08\/IMG-20250816-WA0014-1024x768.jpg\" loading=\"lazy\" width=\"1024\" height=\"768\" src=\"https:\/\/www.montceautriathlon.com\/blog\/wp-content\/uploads\/2025\/08\/IMG-20250816-WA0014-1024x768.jpg\" alt=\"\" data-id=\"8058\" data-link=\"https:\/\/www.montceautriathlon.com\/blog\/?attachment_id=8058\" class=\"wp-image-8058\" srcset=\"https:\/\/www.montceautriathlon.com\/blog\/wp-content\/uploads\/2025\/08\/IMG-20250816-WA0014-1024x768.jpg 1024w, https:\/\/www.montceautriathlon.com\/blog\/wp-content\/uploads\/2025\/08\/IMG-20250816-WA0014-300x225.jpg 300w, https:\/\/www.montceautriathlon.com\/blog\/wp-content\/uploads\/2025\/08\/IMG-20250816-WA0014-768x576.jpg 768w, https:\/\/www.montceautriathlon.com\/blog\/wp-content\/uploads\/2025\/08\/IMG-20250816-WA0014-1536x1152.jpg 1536w, https:\/\/www.montceautriathlon.com\/blog\/wp-content\/uploads\/2025\/08\/IMG-20250816-WA0014.jpg 1600w\" sizes=\"(max-width: 1024px) 100vw, 1024px\" \/><\/a><\/figure><\/li><li class=\"blocks-gallery-item\"><figure><a href=\"https:\/\/www.montceautriathlon.com\/blog\/wp-content\/uploads\/2025\/08\/IMG-20250816-WA0017-1024x768.jpg\"><img data-attachment-id=\"8059\" data-permalink=\"https:\/\/www.montceautriathlon.com\/blog\/2025\/08\/16\/week-end-du-15-aout-traversee-du-lac-dannecy-et-triathlon-de-vouglans\/img-20250816-wa0017\/\" data-orig-file=\"https:\/\/www.montceautriathlon.com\/blog\/wp-content\/uploads\/2025\/08\/IMG-20250816-WA0017.jpg\" data-orig-size=\"1600,1200\" data-comments-opened=\"1\" data-image-meta=\"{&quot;aperture&quot;:&quot;0&quot;,&quot;credit&quot;:&quot;&quot;,&quot;camera&quot;:&quot;&quot;,&quot;caption&quot;:&quot;&quot;,&quot;created_timestamp&quot;:&quot;0&quot;,&quot;copyright&quot;:&quot;&quot;,&quot;focal_length&quot;:&quot;0&quot;,&quot;iso&quot;:&quot;0&quot;,&quot;shutter_speed&quot;:&quot;0&quot;,&quot;title&quot;:&quot;&quot;,&quot;orientation&quot;:&quot;0&quot;}\" data-image-title=\"IMG-20250816-WA0017\" data-image-description=\"\" data-image-caption=\"\" data-medium-file=\"https:\/\/www.montceautriathlon.com\/blog\/wp-content\/uploads\/2025\/08\/IMG-20250816-WA0017-300x225.jpg\" data-large-file=\"https:\/\/www.montceautriathlon.com\/blog\/wp-content\/uploads\/2025\/08\/IMG-20250816-WA0017-1024x768.jpg\" loading=\"lazy\" width=\"1024\" height=\"768\" src=\"https:\/\/www.montceautriathlon.com\/blog\/wp-content\/uploads\/2025\/08\/IMG-20250816-WA0017-1024x768.jpg\" alt=\"\" data-id=\"8059\" data-link=\"https:\/\/www.montceautriathlon.com\/blog\/?attachment_id=8059\" class=\"wp-image-8059\" srcset=\"https:\/\/www.montceautriathlon.com\/blog\/wp-content\/uploads\/2025\/08\/IMG-20250816-WA0017-1024x768.jpg 1024w, https:\/\/www.montceautriathlon.com\/blog\/wp-content\/uploads\/2025\/08\/IMG-20250816-WA0017-300x225.jpg 300w, https:\/\/www.montceautriathlon.com\/blog\/wp-content\/uploads\/2025\/08\/IMG-20250816-WA0017-768x576.jpg 768w, https:\/\/www.montceautriathlon.com\/blog\/wp-content\/uploads\/2025\/08\/IMG-20250816-WA0017-1536x1152.jpg 1536w, https:\/\/www.montceautriathlon.com\/blog\/wp-content\/uploads\/2025\/08\/IMG-20250816-WA0017.jpg 1600w\" sizes=\"(max-width: 1024px) 100vw, 1024px\" \/><\/a><\/figure><\/li><li class=\"blocks-gallery-item\"><figure><a href=\"https:\/\/www.montceautriathlon.com\/blog\/wp-content\/uploads\/2025\/08\/IMG-20250816-WA0016-1024x768.jpg\"><img data-attachment-id=\"8060\" data-permalink=\"https:\/\/www.montceautriathlon.com\/blog\/2025\/08\/16\/week-end-du-15-aout-traversee-du-lac-dannecy-et-triathlon-de-vouglans\/img-20250816-wa0016\/\" data-orig-file=\"https:\/\/www.montceautriathlon.com\/blog\/wp-content\/uploads\/2025\/08\/IMG-20250816-WA0016.jpg\" data-orig-size=\"1600,1200\" data-comments-opened=\"1\" data-image-meta=\"{&quot;aperture&quot;:&quot;0&quot;,&quot;credit&quot;:&quot;&quot;,&quot;camera&quot;:&quot;&quot;,&quot;caption&quot;:&quot;&quot;,&quot;created_timestamp&quot;:&quot;0&quot;,&quot;copyright&quot;:&quot;&quot;,&quot;focal_length&quot;:&quot;0&quot;,&quot;iso&quot;:&quot;0&quot;,&quot;shutter_speed&quot;:&quot;0&quot;,&quot;title&quot;:&quot;&quot;,&quot;orientation&quot;:&quot;0&quot;}\" data-image-title=\"IMG-20250816-WA0016\" data-image-description=\"\" data-image-caption=\"\" data-medium-file=\"https:\/\/www.montceautriathlon.com\/blog\/wp-content\/uploads\/2025\/08\/IMG-20250816-WA0016-300x225.jpg\" data-large-file=\"https:\/\/www.montceautriathlon.com\/blog\/wp-content\/uploads\/2025\/08\/IMG-20250816-WA0016-1024x768.jpg\" loading=\"lazy\" width=\"1024\" height=\"768\" src=\"https:\/\/www.montceautriathlon.com\/blog\/wp-content\/uploads\/2025\/08\/IMG-20250816-WA0016-1024x768.jpg\" alt=\"\" data-id=\"8060\" data-link=\"https:\/\/www.montceautriathlon.com\/blog\/?attachment_id=8060\" class=\"wp-image-8060\" srcset=\"https:\/\/www.montceautriathlon.com\/blog\/wp-content\/uploads\/2025\/08\/IMG-20250816-WA0016-1024x768.jpg 1024w, https:\/\/www.montceautriathlon.com\/blog\/wp-content\/uploads\/2025\/08\/IMG-20250816-WA0016-300x225.jpg 300w, https:\/\/www.montceautriathlon.com\/blog\/wp-content\/uploads\/2025\/08\/IMG-20250816-WA0016-768x576.jpg 768w, https:\/\/www.montceautriathlon.com\/blog\/wp-content\/uploads\/2025\/08\/IMG-20250816-WA0016-1536x1152.jpg 1536w, https:\/\/www.montceautriathlon.com\/blog\/wp-content\/uploads\/2025\/08\/IMG-20250816-WA0016.jpg 1600w\" sizes=\"(max-width: 1024px) 100vw, 1024px\" \/><\/a><\/figure><\/li><li class=\"blocks-gallery-item\"><figure><a href=\"https:\/\/www.montceautriathlon.com\/blog\/wp-content\/uploads\/2025\/08\/IMG-20250816-WA0018-768x1024.jpg\"><img data-attachment-id=\"8061\" data-permalink=\"https:\/\/www.montceautriathlon.com\/blog\/2025\/08\/16\/week-end-du-15-aout-traversee-du-lac-dannecy-et-triathlon-de-vouglans\/img-20250816-wa0018\/\" data-orig-file=\"https:\/\/www.montceautriathlon.com\/blog\/wp-content\/uploads\/2025\/08\/IMG-20250816-WA0018.jpg\" data-orig-size=\"1200,1600\" data-comments-opened=\"1\" data-image-meta=\"{&quot;aperture&quot;:&quot;0&quot;,&quot;credit&quot;:&quot;&quot;,&quot;camera&quot;:&quot;&quot;,&quot;caption&quot;:&quot;&quot;,&quot;created_timestamp&quot;:&quot;0&quot;,&quot;copyright&quot;:&quot;&quot;,&quot;focal_length&quot;:&quot;0&quot;,&quot;iso&quot;:&quot;0&quot;,&quot;shutter_speed&quot;:&quot;0&quot;,&quot;title&quot;:&quot;&quot;,&quot;orientation&quot;:&quot;0&quot;}\" data-image-title=\"IMG-20250816-WA0018\" data-image-description=\"\" data-image-caption=\"\" data-medium-file=\"https:\/\/www.montceautriathlon.com\/blog\/wp-content\/uploads\/2025\/08\/IMG-20250816-WA0018-225x300.jpg\" data-large-file=\"https:\/\/www.montceautriathlon.com\/blog\/wp-content\/uploads\/2025\/08\/IMG-20250816-WA0018-768x1024.jpg\" loading=\"lazy\" width=\"768\" height=\"1024\" src=\"https:\/\/www.montceautriathlon.com\/blog\/wp-content\/uploads\/2025\/08\/IMG-20250816-WA0018-768x1024.jpg\" alt=\"\" data-id=\"8061\" data-link=\"https:\/\/www.montceautriathlon.com\/blog\/?attachment_id=8061\" class=\"wp-image-8061\" srcset=\"https:\/\/www.montceautriathlon.com\/blog\/wp-content\/uploads\/2025\/08\/IMG-20250816-WA0018-768x1024.jpg 768w, https:\/\/www.montceautriathlon.com\/blog\/wp-content\/uploads\/2025\/08\/IMG-20250816-WA0018-225x300.jpg 225w, https:\/\/www.montceautriathlon.com\/blog\/wp-content\/uploads\/2025\/08\/IMG-20250816-WA0018-1152x1536.jpg 1152w, https:\/\/www.montceautriathlon.com\/blog\/wp-content\/uploads\/2025\/08\/IMG-20250816-WA0018.jpg 1200w\" sizes=\"(max-width: 768px) 100vw, 768px\" \/><\/a><\/figure><\/li><li class=\"blocks-gallery-item\"><figure><a href=\"https:\/\/www.montceautriathlon.com\/blog\/wp-content\/uploads\/2025\/08\/IMG-20250816-WA0019.jpg\"><img data-attachment-id=\"8062\" data-permalink=\"https:\/\/www.montceautriathlon.com\/blog\/2025\/08\/16\/week-end-du-15-aout-traversee-du-lac-dannecy-et-triathlon-de-vouglans\/img-20250816-wa0019\/\" data-orig-file=\"https:\/\/www.montceautriathlon.com\/blog\/wp-content\/uploads\/2025\/08\/IMG-20250816-WA0019.jpg\" data-orig-size=\"1200,1600\" data-comments-opened=\"1\" data-image-meta=\"{&quot;aperture&quot;:&quot;0&quot;,&quot;credit&quot;:&quot;&quot;,&quot;camera&quot;:&quot;&quot;,&quot;caption&quot;:&quot;&quot;,&quot;created_timestamp&quot;:&quot;0&quot;,&quot;copyright&quot;:&quot;&quot;,&quot;focal_length&quot;:&quot;0&quot;,&quot;iso&quot;:&quot;0&quot;,&quot;shutter_speed&quot;:&quot;0&quot;,&quot;title&quot;:&quot;&quot;,&quot;orientation&quot;:&quot;0&quot;}\" data-image-title=\"IMG-20250816-WA0019\" data-image-description=\"\" data-image-caption=\"\" data-medium-file=\"https:\/\/www.montceautriathlon.com\/blog\/wp-content\/uploads\/2025\/08\/IMG-20250816-WA0019-225x300.jpg\" data-large-file=\"https:\/\/www.montceautriathlon.com\/blog\/wp-content\/uploads\/2025\/08\/IMG-20250816-WA0019-768x1024.jpg\" loading=\"lazy\" width=\"768\" height=\"1024\" src=\"https:\/\/www.montceautriathlon.com\/blog\/wp-content\/uploads\/2025\/08\/IMG-20250816-WA0019-768x1024.jpg\" alt=\"\" data-id=\"8062\" data-full-url=\"https:\/\/www.montceautriathlon.com\/blog\/wp-content\/uploads\/2025\/08\/IMG-20250816-WA0019.jpg\" data-link=\"https:\/\/www.montceautriathlon.com\/blog\/?attachment_id=8062\" class=\"wp-image-8062\" srcset=\"https:\/\/www.montceautriathlon.com\/blog\/wp-content\/uploads\/2025\/08\/IMG-20250816-WA0019-768x1024.jpg 768w, https:\/\/www.montceautriathlon.com\/blog\/wp-content\/uploads\/2025\/08\/IMG-20250816-WA0019-225x300.jpg 225w, https:\/\/www.montceautriathlon.com\/blog\/wp-content\/uploads\/2025\/08\/IMG-20250816-WA0019-1152x1536.jpg 1152w, https:\/\/www.montceautriathlon.com\/blog\/wp-content\/uploads\/2025\/08\/IMG-20250816-WA0019.jpg 1200w\" sizes=\"(max-width: 768px) 100vw, 768px\" \/><\/a><\/figure><\/li><\/ul><\/figure>\n\n\n\n<figure class=\"wp-block-image\"><img alt=\"\"\/><\/figure>\n","protected":false},"excerpt":{"rendered":"<p>Aur\u00e9lie Agius a fait le d\u00e9placement en Haute Savoie pour participer \u00e0 l&rsquo;une des plus importante \u00e9preuve de natation en eau libre de France, \u00e0 savoir la travers\u00e9e du Lac D&rsquo;Annecy. Engag\u00e9e sur l&rsquo;\u00e9preuve du 5 km, le d\u00e9part \u00e9tait sur la plage de la Brume \u00e0 Veyrier du Lac et l&rsquo;arriv\u00e9e au Jardin de [&hellip;]<\/p>\n","protected":false},"author":7,"featured_media":8062,"comment_status":"open","ping_status":"open","sticky":false,"template":"","format":"standard","meta":{"spay_email":"","jetpack_publicize_message":"","jetpack_is_tweetstorm":false},"categories":[1],"tags":[],"jetpack_featured_media_url":"https:\/\/www.montceautriathlon.com\/blog\/wp-content\/uploads\/2025\/08\/IMG-20250816-WA0019.jpg","jetpack_publicize_connections":[],"jetpack_sharing_enabled":true,"jetpack_shortlink":"https:\/\/wp.me\/p8bwIy-25W","jetpack-related-posts":[{"id":7995,"url":"https:\/\/www.montceautriathlon.com\/blog\/2025\/07\/14\/12-et-13-juillet-2025-triathlon-du-lac-du-bouchet\/","url_meta":{"origin":8056,"position":0},"title":"12 et 13 juillet 2025: Triathlon du lac du Bouchet","date":"14 juillet 2025","format":false,"excerpt":"Une petite d\u00e9l\u00e9gation du club s'est retrouv\u00e9e en Auvergne, dans le d\u00e9partement de la Haute Loire pour participer aux triathlons du lac du Bouchet. Les triathl\u00e8tes montcelliens se sont align\u00e9s en individuel ou en \u00e9quipe sut les courses M et L. Voici les r\u00e9sultats: D\u00e8s le samedi matin, 7 d'entre\u2026","rel":"","context":"Dans &quot;Non class\u00e9&quot;","img":{"alt_text":"","src":"https:\/\/i0.wp.com\/www.montceautriathlon.com\/blog\/wp-content\/uploads\/2025\/07\/IMG-20250712-WA0000.jpg?resize=350%2C200&ssl=1","width":350,"height":200},"classes":[]},{"id":8033,"url":"https:\/\/www.montceautriathlon.com\/blog\/2025\/08\/16\/triathlon-de-nevers-10-aout-2025\/","url_meta":{"origin":8056,"position":1},"title":"Triathlon de Nevers: 10 ao\u00fbt 2025","date":"16 ao\u00fbt 2025","format":false,"excerpt":"C est sous des temp\u00e9ratures caniculaires que 2 familles de Montceau Triathlon se sont retrouv\u00e9es \u00e0 Nevers pour leur triathlon. Aur\u00e9lie Agius en compagnie de Nicolas Vinck et d'un copain (non licenci\u00e9s) ont pris le d\u00e9part de la distance M sur de nouveaux parcours en raison de travaux. Ils terminent\u2026","rel":"","context":"Dans &quot;Non class\u00e9&quot;","img":{"alt_text":"","src":"https:\/\/i1.wp.com\/www.montceautriathlon.com\/blog\/wp-content\/uploads\/2025\/08\/IMG-20250811-WA0092.jpg?resize=350%2C200&ssl=1","width":350,"height":200},"classes":[]},{"id":3004,"url":"https:\/\/www.montceautriathlon.com\/blog\/2019\/07\/01\/30-juin-2019-triathlon-du-lac-dannecy-chaud-mais-reussi\/","url_meta":{"origin":8056,"position":2},"title":"30 juin 2019, triathlon du lac d&rsquo;Annecy : chaud mais r\u00e9ussi !","date":"1 juillet 2019","format":false,"excerpt":"Alice\u00a0 en solitaire du c\u00f4t\u00e9 d'Annecy ! M\u00eame sous la canicule, un bon chrono sur ce magnifique site autour du lac ! et avec la nouvelle tenue ! format M : Alice Vaury : 508\u00e8me scratch en 3h17'12\" sur 954 class\u00e9s et une quarantaine de DNF.","rel":"","context":"Dans &quot;Non class\u00e9&quot;","img":{"alt_text":"","src":"https:\/\/i1.wp.com\/montceautriathlon.com\/blog\/wp-content\/uploads\/2019\/07\/IMG_1072-e1562002286786-225x300.jpg?resize=350%2C200","width":350,"height":200},"classes":[]},{"id":6075,"url":"https:\/\/www.montceautriathlon.com\/blog\/2023\/07\/12\/9-juillet-triathlon-du-lac-du-bouchet-et-triathlon-de-gray\/","url_meta":{"origin":8056,"position":3},"title":"9 juillet : Triathlon du lac du Bouchet et triathlon de Gray.","date":"12 juillet 2023","format":false,"excerpt":"Certains Montcelliens (Ir\u00e8ne, Jean Jacques, Mika et Catherine ) sont partis en Haute-Loire pour le triathlon du Bouchet Ils se sont engag\u00e9s sur le triathlon M.Mickael Verdu 30e au scratch et 6e V1 en 2h27Catherine Piter 120e au scratch et 2e V3 en 2h53Irene Vulin et Jean Jacques Boulay termine\u2026","rel":"","context":"Dans &quot;Non class\u00e9&quot;","img":{"alt_text":"","src":"https:\/\/i2.wp.com\/www.montceautriathlon.com\/blog\/wp-content\/uploads\/2023\/07\/IMG-20230709-WA0000.jpg?resize=350%2C200&ssl=1","width":350,"height":200},"classes":[]},{"id":5208,"url":"https:\/\/www.montceautriathlon.com\/blog\/2022\/09\/05\/triathlon-passy-mont-blanc-nos-licencies-ont-ils-atteint-des-sommets\/","url_meta":{"origin":8056,"position":4},"title":"triathlon Passy Mont-Blanc : Nos licenci\u00e9s ont-ils atteint des sommets ?","date":"5 septembre 2022","format":false,"excerpt":"Une d\u00e9l\u00e9gation montcellienne s'est d\u00e9plac\u00e9e le week end du 20 et 21 aout au pied du Mont Blanc pour le triathlon international Passy Mont Blanc.Le samedi, m\u00e8re et fils (Isabelle et Pierre\u00a0 Vaury) ont particip\u00e9 au triathlon M. Pierre boucle la distance (1.5km de natation dans le lac de Passy,\u2026","rel":"","context":"Dans &quot;Non class\u00e9&quot;","img":{"alt_text":"","src":"https:\/\/i0.wp.com\/www.montceautriathlon.com\/blog\/wp-content\/uploads\/2022\/09\/IMG-20220821-WA0017.jpg?resize=350%2C200&ssl=1","width":350,"height":200},"classes":[]},{"id":8119,"url":"https:\/\/www.montceautriathlon.com\/blog\/2025\/09\/14\/7-septembre-triathlon-de-chalon-sur-saone\/","url_meta":{"origin":8056,"position":5},"title":"7 Septembre: Triathlon de Chalon sur Sa\u00f4ne","date":"14 septembre 2025","format":false,"excerpt":"Une d\u00e9l\u00e9gation montcellienne s'est retrouv\u00e9e chez nos voisins chalonnais pour leur traditionnel triathlon. Les 2 courses jeunes et le XS se faisaient en piscine. La natation du triathlon S contre la montre \u00e9tait dans la Sa\u00f4ne. Chez les plus jeunes, Louis Vinck termine 1r de la course. Gaspard Pradier est\u2026","rel":"","context":"Dans &quot;Non class\u00e9&quot;","img":{"alt_text":"","src":"https:\/\/i2.wp.com\/www.montceautriathlon.com\/blog\/wp-content\/uploads\/2025\/09\/IMG_5930.jpg?resize=350%2C200&ssl=1","width":350,"height":200},"classes":[]}],"_links":{"self":[{"href":"https:\/\/www.montceautriathlon.com\/blog\/wp-json\/wp\/v2\/posts\/8056"}],"collection":[{"href":"https:\/\/www.montceautriathlon.com\/blog\/wp-json\/wp\/v2\/posts"}],"about":[{"href":"https:\/\/www.montceautriathlon.com\/blog\/wp-json\/wp\/v2\/types\/post"}],"author":[{"embeddable":true,"href":"https:\/\/www.montceautriathlon.com\/blog\/wp-json\/wp\/v2\/users\/7"}],"replies":[{"embeddable":true,"href":"https:\/\/www.montceautriathlon.com\/blog\/wp-json\/wp\/v2\/comments?post=8056"}],"version-history":[{"count":1,"href":"https:\/\/www.montceautriathlon.com\/blog\/wp-json\/wp\/v2\/posts\/8056\/revisions"}],"predecessor-version":[{"id":8063,"href":"https:\/\/www.montceautriathlon.com\/blog\/wp-json\/wp\/v2\/posts\/8056\/revisions\/8063"}],"wp:featuredmedia":[{"embeddable":true,"href":"https:\/\/www.montceautriathlon.com\/blog\/wp-json\/wp\/v2\/media\/8062"}],"wp:attachment":[{"href":"https:\/\/www.montceautriathlon.com\/blog\/wp-json\/wp\/v2\/media?parent=8056"}],"wp:term":[{"taxonomy":"category","embeddable":true,"href":"https:\/\/www.montceautriathlon.com\/blog\/wp-json\/wp\/v2\/categories?post=8056"},{"taxonomy":"post_tag","embeddable":true,"href":"https:\/\/www.montceautriathlon.com\/blog\/wp-json\/wp\/v2\/tags?post=8056"}],"curies":[{"name":"wp","href":"https:\/\/api.w.org\/{rel}","templated":true}]}}