{"id":8025,"date":"2025-08-16T17:37:15","date_gmt":"2025-08-16T16:37:15","guid":{"rendered":"https:\/\/www.montceautriathlon.com\/blog\/?p=8025"},"modified":"2025-08-16T17:37:18","modified_gmt":"2025-08-16T16:37:18","slug":"triathlons-de-gray-et-de-lalpes-dhuez","status":"publish","type":"post","link":"https:\/\/www.montceautriathlon.com\/blog\/2025\/08\/16\/triathlons-de-gray-et-de-lalpes-dhuez\/","title":{"rendered":"Triathlons de Gray et de l&rsquo;Alpes d&rsquo;Huez,"},"content":{"rendered":"\n<p>Claude et David sont les seuls repr\u00e9sentants sur ces 2 triathlons.<\/p>\n\n\n\n<p>Samedi 26 juillet, Claude Monnet est all\u00e9 en Haute saone pour faire le triathlon S de gray. Il termine l&rsquo;\u00e9preuve en 1h25&rsquo;50 et se classe 52e hommes sur 95 partants.<\/p>\n\n\n\n<p>David Michel a affront\u00e9 le triathlon de l&rsquo;Alpes d&rsquo;Huez ce jeudi 31 juillet sur le format M. Malgr\u00e9 une eau froide et un parcours v\u00e9lo exigeant, Il termine la distance en 3h57&rsquo;43 et se classe 56e de sa cat\u00e9gorie sur 82. Au scratch David est 1293e sur 1579 triathl\u00e8tes arriv\u00e9s sur la ligne. <\/p>\n\n\n\n<p>F\u00e9licitations en bonne r\u00e9cup\u00e9ration.<\/p>\n\n\n\n<figure class=\"wp-block-gallery columns-3 is-cropped\"><ul data-carousel-extra='{\"blog_id\":1,\"permalink\":\"https:\\\/\\\/www.montceautriathlon.com\\\/blog\\\/2025\\\/08\\\/16\\\/triathlons-de-gray-et-de-lalpes-dhuez\\\/\"}' class=\"blocks-gallery-grid\"><li class=\"blocks-gallery-item\"><figure><a href=\"https:\/\/www.montceautriathlon.com\/blog\/wp-content\/uploads\/2025\/08\/IMG-20250726-WA0005-576x1024.jpg\"><img data-attachment-id=\"8028\" data-permalink=\"https:\/\/www.montceautriathlon.com\/blog\/2025\/08\/16\/triathlons-de-gray-et-de-lalpes-dhuez\/img-20250726-wa0005\/\" data-orig-file=\"https:\/\/www.montceautriathlon.com\/blog\/wp-content\/uploads\/2025\/08\/IMG-20250726-WA0005.jpg\" data-orig-size=\"899,1599\" data-comments-opened=\"1\" data-image-meta=\"{&quot;aperture&quot;:&quot;0&quot;,&quot;credit&quot;:&quot;&quot;,&quot;camera&quot;:&quot;&quot;,&quot;caption&quot;:&quot;&quot;,&quot;created_timestamp&quot;:&quot;0&quot;,&quot;copyright&quot;:&quot;&quot;,&quot;focal_length&quot;:&quot;0&quot;,&quot;iso&quot;:&quot;0&quot;,&quot;shutter_speed&quot;:&quot;0&quot;,&quot;title&quot;:&quot;&quot;,&quot;orientation&quot;:&quot;0&quot;}\" data-image-title=\"IMG-20250726-WA0005\" data-image-description=\"\" data-image-caption=\"\" data-medium-file=\"https:\/\/www.montceautriathlon.com\/blog\/wp-content\/uploads\/2025\/08\/IMG-20250726-WA0005-169x300.jpg\" data-large-file=\"https:\/\/www.montceautriathlon.com\/blog\/wp-content\/uploads\/2025\/08\/IMG-20250726-WA0005-576x1024.jpg\" loading=\"lazy\" width=\"576\" height=\"1024\" src=\"https:\/\/www.montceautriathlon.com\/blog\/wp-content\/uploads\/2025\/08\/IMG-20250726-WA0005-576x1024.jpg\" alt=\"\" data-id=\"8028\" data-link=\"https:\/\/www.montceautriathlon.com\/blog\/?attachment_id=8028\" class=\"wp-image-8028\" srcset=\"https:\/\/www.montceautriathlon.com\/blog\/wp-content\/uploads\/2025\/08\/IMG-20250726-WA0005-576x1024.jpg 576w, https:\/\/www.montceautriathlon.com\/blog\/wp-content\/uploads\/2025\/08\/IMG-20250726-WA0005-169x300.jpg 169w, https:\/\/www.montceautriathlon.com\/blog\/wp-content\/uploads\/2025\/08\/IMG-20250726-WA0005-768x1366.jpg 768w, https:\/\/www.montceautriathlon.com\/blog\/wp-content\/uploads\/2025\/08\/IMG-20250726-WA0005-864x1536.jpg 864w, https:\/\/www.montceautriathlon.com\/blog\/wp-content\/uploads\/2025\/08\/IMG-20250726-WA0005.jpg 899w\" sizes=\"(max-width: 576px) 100vw, 576px\" \/><\/a><\/figure><\/li><li class=\"blocks-gallery-item\"><figure><a href=\"https:\/\/www.montceautriathlon.com\/blog\/wp-content\/uploads\/2025\/08\/IMG-20250726-WA0004-576x1024.jpg\"><img data-attachment-id=\"8029\" data-permalink=\"https:\/\/www.montceautriathlon.com\/blog\/2025\/08\/16\/triathlons-de-gray-et-de-lalpes-dhuez\/img-20250726-wa0004\/\" data-orig-file=\"https:\/\/www.montceautriathlon.com\/blog\/wp-content\/uploads\/2025\/08\/IMG-20250726-WA0004.jpg\" data-orig-size=\"899,1599\" data-comments-opened=\"1\" data-image-meta=\"{&quot;aperture&quot;:&quot;0&quot;,&quot;credit&quot;:&quot;&quot;,&quot;camera&quot;:&quot;&quot;,&quot;caption&quot;:&quot;&quot;,&quot;created_timestamp&quot;:&quot;0&quot;,&quot;copyright&quot;:&quot;&quot;,&quot;focal_length&quot;:&quot;0&quot;,&quot;iso&quot;:&quot;0&quot;,&quot;shutter_speed&quot;:&quot;0&quot;,&quot;title&quot;:&quot;&quot;,&quot;orientation&quot;:&quot;0&quot;}\" data-image-title=\"IMG-20250726-WA0004\" data-image-description=\"\" data-image-caption=\"\" data-medium-file=\"https:\/\/www.montceautriathlon.com\/blog\/wp-content\/uploads\/2025\/08\/IMG-20250726-WA0004-169x300.jpg\" data-large-file=\"https:\/\/www.montceautriathlon.com\/blog\/wp-content\/uploads\/2025\/08\/IMG-20250726-WA0004-576x1024.jpg\" loading=\"lazy\" width=\"576\" height=\"1024\" src=\"https:\/\/www.montceautriathlon.com\/blog\/wp-content\/uploads\/2025\/08\/IMG-20250726-WA0004-576x1024.jpg\" alt=\"\" data-id=\"8029\" data-link=\"https:\/\/www.montceautriathlon.com\/blog\/?attachment_id=8029\" class=\"wp-image-8029\" srcset=\"https:\/\/www.montceautriathlon.com\/blog\/wp-content\/uploads\/2025\/08\/IMG-20250726-WA0004-576x1024.jpg 576w, https:\/\/www.montceautriathlon.com\/blog\/wp-content\/uploads\/2025\/08\/IMG-20250726-WA0004-169x300.jpg 169w, https:\/\/www.montceautriathlon.com\/blog\/wp-content\/uploads\/2025\/08\/IMG-20250726-WA0004-768x1366.jpg 768w, https:\/\/www.montceautriathlon.com\/blog\/wp-content\/uploads\/2025\/08\/IMG-20250726-WA0004-864x1536.jpg 864w, https:\/\/www.montceautriathlon.com\/blog\/wp-content\/uploads\/2025\/08\/IMG-20250726-WA0004.jpg 899w\" sizes=\"(max-width: 576px) 100vw, 576px\" \/><\/a><\/figure><\/li><li class=\"blocks-gallery-item\"><figure><a href=\"https:\/\/www.montceautriathlon.com\/blog\/wp-content\/uploads\/2025\/08\/alpes-dhuez-683x1024.jpg\"><img data-attachment-id=\"8030\" data-permalink=\"https:\/\/www.montceautriathlon.com\/blog\/2025\/08\/16\/triathlons-de-gray-et-de-lalpes-dhuez\/alpes-dhuez\/\" data-orig-file=\"https:\/\/www.montceautriathlon.com\/blog\/wp-content\/uploads\/2025\/08\/alpes-dhuez-scaled.jpg\" data-orig-size=\"1707,2560\" data-comments-opened=\"1\" data-image-meta=\"{&quot;aperture&quot;:&quot;0&quot;,&quot;credit&quot;:&quot;&quot;,&quot;camera&quot;:&quot;&quot;,&quot;caption&quot;:&quot;&quot;,&quot;created_timestamp&quot;:&quot;0&quot;,&quot;copyright&quot;:&quot;PHOTO BRETON&quot;,&quot;focal_length&quot;:&quot;0&quot;,&quot;iso&quot;:&quot;0&quot;,&quot;shutter_speed&quot;:&quot;0&quot;,&quot;title&quot;:&quot;&quot;,&quot;orientation&quot;:&quot;0&quot;}\" data-image-title=\"alpes-dhuez\" data-image-description=\"\" data-image-caption=\"\" data-medium-file=\"https:\/\/www.montceautriathlon.com\/blog\/wp-content\/uploads\/2025\/08\/alpes-dhuez-200x300.jpg\" data-large-file=\"https:\/\/www.montceautriathlon.com\/blog\/wp-content\/uploads\/2025\/08\/alpes-dhuez-683x1024.jpg\" loading=\"lazy\" width=\"683\" height=\"1024\" src=\"https:\/\/www.montceautriathlon.com\/blog\/wp-content\/uploads\/2025\/08\/alpes-dhuez-683x1024.jpg\" alt=\"\" data-id=\"8030\" data-link=\"https:\/\/www.montceautriathlon.com\/blog\/?attachment_id=8030\" class=\"wp-image-8030\" srcset=\"https:\/\/www.montceautriathlon.com\/blog\/wp-content\/uploads\/2025\/08\/alpes-dhuez-683x1024.jpg 683w, https:\/\/www.montceautriathlon.com\/blog\/wp-content\/uploads\/2025\/08\/alpes-dhuez-200x300.jpg 200w, https:\/\/www.montceautriathlon.com\/blog\/wp-content\/uploads\/2025\/08\/alpes-dhuez-768x1152.jpg 768w, https:\/\/www.montceautriathlon.com\/blog\/wp-content\/uploads\/2025\/08\/alpes-dhuez-1024x1536.jpg 1024w, https:\/\/www.montceautriathlon.com\/blog\/wp-content\/uploads\/2025\/08\/alpes-dhuez-1365x2048.jpg 1365w, https:\/\/www.montceautriathlon.com\/blog\/wp-content\/uploads\/2025\/08\/alpes-dhuez-scaled.jpg 1707w\" sizes=\"(max-width: 683px) 100vw, 683px\" \/><\/a><\/figure><\/li><li class=\"blocks-gallery-item\"><figure><a href=\"https:\/\/www.montceautriathlon.com\/blog\/wp-content\/uploads\/2025\/08\/David-scaled.jpg\"><img data-attachment-id=\"8031\" data-permalink=\"https:\/\/www.montceautriathlon.com\/blog\/2025\/08\/16\/triathlons-de-gray-et-de-lalpes-dhuez\/david\/\" data-orig-file=\"https:\/\/www.montceautriathlon.com\/blog\/wp-content\/uploads\/2025\/08\/David-scaled.jpg\" data-orig-size=\"1707,2560\" data-comments-opened=\"1\" data-image-meta=\"{&quot;aperture&quot;:&quot;0&quot;,&quot;credit&quot;:&quot;YVES_BRETON&quot;,&quot;camera&quot;:&quot;&quot;,&quot;caption&quot;:&quot;&quot;,&quot;created_timestamp&quot;:&quot;0&quot;,&quot;copyright&quot;:&quot;YVES BRRTQN&quot;,&quot;focal_length&quot;:&quot;0&quot;,&quot;iso&quot;:&quot;0&quot;,&quot;shutter_speed&quot;:&quot;0&quot;,&quot;title&quot;:&quot;&quot;,&quot;orientation&quot;:&quot;0&quot;}\" data-image-title=\"David\" data-image-description=\"\" data-image-caption=\"\" data-medium-file=\"https:\/\/www.montceautriathlon.com\/blog\/wp-content\/uploads\/2025\/08\/David-200x300.jpg\" data-large-file=\"https:\/\/www.montceautriathlon.com\/blog\/wp-content\/uploads\/2025\/08\/David-683x1024.jpg\" loading=\"lazy\" width=\"683\" height=\"1024\" src=\"https:\/\/www.montceautriathlon.com\/blog\/wp-content\/uploads\/2025\/08\/David-683x1024.jpg\" alt=\"\" data-id=\"8031\" data-full-url=\"https:\/\/www.montceautriathlon.com\/blog\/wp-content\/uploads\/2025\/08\/David-scaled.jpg\" data-link=\"https:\/\/www.montceautriathlon.com\/blog\/?attachment_id=8031\" class=\"wp-image-8031\" srcset=\"https:\/\/www.montceautriathlon.com\/blog\/wp-content\/uploads\/2025\/08\/David-683x1024.jpg 683w, https:\/\/www.montceautriathlon.com\/blog\/wp-content\/uploads\/2025\/08\/David-200x300.jpg 200w, https:\/\/www.montceautriathlon.com\/blog\/wp-content\/uploads\/2025\/08\/David-768x1152.jpg 768w, https:\/\/www.montceautriathlon.com\/blog\/wp-content\/uploads\/2025\/08\/David-1024x1536.jpg 1024w, https:\/\/www.montceautriathlon.com\/blog\/wp-content\/uploads\/2025\/08\/David-1365x2048.jpg 1365w, https:\/\/www.montceautriathlon.com\/blog\/wp-content\/uploads\/2025\/08\/David-scaled.jpg 1707w\" sizes=\"(max-width: 683px) 100vw, 683px\" \/><\/a><\/figure><\/li><\/ul><\/figure>\n","protected":false},"excerpt":{"rendered":"<p>Claude et David sont les seuls repr\u00e9sentants sur ces 2 triathlons. Samedi 26 juillet, Claude Monnet est all\u00e9 en Haute saone pour faire le triathlon S de gray. Il termine l&rsquo;\u00e9preuve en 1h25&rsquo;50 et se classe 52e hommes sur 95 partants. David Michel a affront\u00e9 le triathlon de l&rsquo;Alpes d&rsquo;Huez ce jeudi 31 juillet sur [&hellip;]<\/p>\n","protected":false},"author":7,"featured_media":8030,"comment_status":"open","ping_status":"open","sticky":false,"template":"","format":"standard","meta":{"spay_email":"","jetpack_publicize_message":"","jetpack_is_tweetstorm":false},"categories":[1],"tags":[],"jetpack_featured_media_url":"https:\/\/www.montceautriathlon.com\/blog\/wp-content\/uploads\/2025\/08\/alpes-dhuez-scaled.jpg","jetpack_publicize_connections":[],"jetpack_sharing_enabled":true,"jetpack_shortlink":"https:\/\/wp.me\/p8bwIy-25r","jetpack-related-posts":[{"id":5189,"url":"https:\/\/www.montceautriathlon.com\/blog\/2022\/08\/16\/quelques-resultats-estivaux-entre-chaleur-et-cyanobacteries\/","url_meta":{"origin":8025,"position":0},"title":"quelques r\u00e9sultats estivaux entre chaleur et cyanobact\u00e9ries !","date":"16 ao\u00fbt 2022","format":false,"excerpt":"Les triathl\u00e8tes de Montceau se sont d\u00e9plac\u00e9s sur les \u00e9preuves de la r\u00e9gion: Triathlon Gray le 23 juillet 2022Berteline \u00e9tait la seule repr\u00e9sentante du club et termine 1e au scratch sur l'\u00e9preuve des 6\/9ans. Triathlon de Dole le 31 juillet 2022Sur les 28 participants de la course 6\/9 ans Berteline\u2026","rel":"","context":"Dans &quot;Non class\u00e9&quot;","img":{"alt_text":"","src":"https:\/\/i2.wp.com\/www.montceautriathlon.com\/blog\/wp-content\/uploads\/2022\/09\/IMG_20220814_115057-scaled.jpg?resize=350%2C200&ssl=1","width":350,"height":200},"classes":[]},{"id":7995,"url":"https:\/\/www.montceautriathlon.com\/blog\/2025\/07\/14\/12-et-13-juillet-2025-triathlon-du-lac-du-bouchet\/","url_meta":{"origin":8025,"position":1},"title":"12 et 13 juillet 2025: Triathlon du lac du Bouchet","date":"14 juillet 2025","format":false,"excerpt":"Une petite d\u00e9l\u00e9gation du club s'est retrouv\u00e9e en Auvergne, dans le d\u00e9partement de la Haute Loire pour participer aux triathlons du lac du Bouchet. Les triathl\u00e8tes montcelliens se sont align\u00e9s en individuel ou en \u00e9quipe sut les courses M et L. Voici les r\u00e9sultats: D\u00e8s le samedi matin, 7 d'entre\u2026","rel":"","context":"Dans &quot;Non class\u00e9&quot;","img":{"alt_text":"","src":"https:\/\/i0.wp.com\/www.montceautriathlon.com\/blog\/wp-content\/uploads\/2025\/07\/IMG-20250712-WA0000.jpg?resize=350%2C200&ssl=1","width":350,"height":200},"classes":[]},{"id":6075,"url":"https:\/\/www.montceautriathlon.com\/blog\/2023\/07\/12\/9-juillet-triathlon-du-lac-du-bouchet-et-triathlon-de-gray\/","url_meta":{"origin":8025,"position":2},"title":"9 juillet : Triathlon du lac du Bouchet et triathlon de Gray.","date":"12 juillet 2023","format":false,"excerpt":"Certains Montcelliens (Ir\u00e8ne, Jean Jacques, Mika et Catherine ) sont partis en Haute-Loire pour le triathlon du Bouchet Ils se sont engag\u00e9s sur le triathlon M.Mickael Verdu 30e au scratch et 6e V1 en 2h27Catherine Piter 120e au scratch et 2e V3 en 2h53Irene Vulin et Jean Jacques Boulay termine\u2026","rel":"","context":"Dans &quot;Non class\u00e9&quot;","img":{"alt_text":"","src":"https:\/\/i2.wp.com\/www.montceautriathlon.com\/blog\/wp-content\/uploads\/2023\/07\/IMG-20230709-WA0000.jpg?resize=350%2C200&ssl=1","width":350,"height":200},"classes":[]},{"id":8014,"url":"https:\/\/www.montceautriathlon.com\/blog\/2025\/07\/31\/20-juillet-triathlon-de-dole\/","url_meta":{"origin":8025,"position":3},"title":"20 juillet: triathlon de Dole","date":"31 juillet 2025","format":false,"excerpt":"Le triathlon S de Dole, habituellement en format contre la montre, s'est transform\u00e9 en format mass start en raison des conditions m\u00e9t\u00e9o. Les jeunes ont pu faire les \u00e9preuves normalement le matin. Voici les r\u00e9sultats: Sur la course 6\/9 ans (duathlon), Louis Vinck monte sur la plus haute marche du\u2026","rel":"","context":"Dans &quot;Non class\u00e9&quot;","img":{"alt_text":"","src":"https:\/\/i2.wp.com\/www.montceautriathlon.com\/blog\/wp-content\/uploads\/2025\/07\/20250720_092926-scaled.jpg?resize=350%2C200&ssl=1","width":350,"height":200},"classes":[]},{"id":4326,"url":"https:\/\/www.montceautriathlon.com\/blog\/2021\/07\/19\/triathlon-de-gray-la-saone-na-pas-fait-dans-la-nuance\/","url_meta":{"origin":8025,"position":4},"title":"Triathlon de Gray : la Sa\u00f4ne n&rsquo;a pas fait dans la nuance.","date":"19 juillet 2021","format":false,"excerpt":"Elle montait, elle montait la Sa\u00f4ne et tout le monde esp\u00e9rait que ce triathlon tant attendu ne soit pas transform\u00e9 en duathlon. Que nenni ! Le Val de Gray transform\u00e9 en \u00cele de France et le pass sanitaire tant redout\u00e9 transform\u00e9 en pass navigo les pieds dans l'eau ! Duathlon\u2026","rel":"","context":"Dans &quot;Non class\u00e9&quot;","img":{"alt_text":"","src":"https:\/\/i0.wp.com\/www.montceautriathlon.com\/blog\/wp-content\/uploads\/2021\/07\/IMG-20210718-WA0007.jpg?resize=350%2C200&ssl=1","width":350,"height":200},"classes":[]},{"id":4351,"url":"https:\/\/www.montceautriathlon.com\/blog\/2021\/08\/01\/triathlon-de-lalpe-dhuez-fallait-etre-baleze\/","url_meta":{"origin":8025,"position":5},"title":"triathlon de l&rsquo;Alpe d&rsquo;Huez : fallait \u00eatre bal\u00e8ze !","date":"1 ao\u00fbt 2021","format":false,"excerpt":"Cette semaine, une petite dizaine de triathl\u00e8tes montcelliens avait d\u00e9cid\u00e9 de s'aligner sur les mythiques 21 lacets de la station. Pascal sur un duathlon sprint (6,5-15-5,5) le mercredi avec un joli final sur la deuxi\u00e8me partie termine en un peu plus de deux heures. Le jeudi, ils \u00e9taient six (Alice,\u2026","rel":"","context":"Dans &quot;Non class\u00e9&quot;","img":{"alt_text":"","src":"https:\/\/i1.wp.com\/www.montceautriathlon.com\/blog\/wp-content\/uploads\/2021\/08\/IMG-20210729-WA0023.jpg?resize=350%2C200&ssl=1","width":350,"height":200},"classes":[]}],"_links":{"self":[{"href":"https:\/\/www.montceautriathlon.com\/blog\/wp-json\/wp\/v2\/posts\/8025"}],"collection":[{"href":"https:\/\/www.montceautriathlon.com\/blog\/wp-json\/wp\/v2\/posts"}],"about":[{"href":"https:\/\/www.montceautriathlon.com\/blog\/wp-json\/wp\/v2\/types\/post"}],"author":[{"embeddable":true,"href":"https:\/\/www.montceautriathlon.com\/blog\/wp-json\/wp\/v2\/users\/7"}],"replies":[{"embeddable":true,"href":"https:\/\/www.montceautriathlon.com\/blog\/wp-json\/wp\/v2\/comments?post=8025"}],"version-history":[{"count":2,"href":"https:\/\/www.montceautriathlon.com\/blog\/wp-json\/wp\/v2\/posts\/8025\/revisions"}],"predecessor-version":[{"id":8032,"href":"https:\/\/www.montceautriathlon.com\/blog\/wp-json\/wp\/v2\/posts\/8025\/revisions\/8032"}],"wp:featuredmedia":[{"embeddable":true,"href":"https:\/\/www.montceautriathlon.com\/blog\/wp-json\/wp\/v2\/media\/8030"}],"wp:attachment":[{"href":"https:\/\/www.montceautriathlon.com\/blog\/wp-json\/wp\/v2\/media?parent=8025"}],"wp:term":[{"taxonomy":"category","embeddable":true,"href":"https:\/\/www.montceautriathlon.com\/blog\/wp-json\/wp\/v2\/categories?post=8025"},{"taxonomy":"post_tag","embeddable":true,"href":"https:\/\/www.montceautriathlon.com\/blog\/wp-json\/wp\/v2\/tags?post=8025"}],"curies":[{"name":"wp","href":"https:\/\/api.w.org\/{rel}","templated":true}]}}