{"id":8014,"date":"2025-07-31T16:26:09","date_gmt":"2025-07-31T15:26:09","guid":{"rendered":"https:\/\/www.montceautriathlon.com\/blog\/?p=8014"},"modified":"2025-07-31T16:26:11","modified_gmt":"2025-07-31T15:26:11","slug":"20-juillet-triathlon-de-dole","status":"publish","type":"post","link":"https:\/\/www.montceautriathlon.com\/blog\/2025\/07\/31\/20-juillet-triathlon-de-dole\/","title":{"rendered":"20 juillet: triathlon de Dole"},"content":{"rendered":"\n<p>Le triathlon S de Dole, habituellement en format contre la montre, s&rsquo;est transform\u00e9 en format mass start en raison des conditions m\u00e9t\u00e9o. Les jeunes ont pu faire les \u00e9preuves normalement le matin.<\/p>\n\n\n\n<p>Voici les r\u00e9sultats:<\/p>\n\n\n\n<p>Sur la course 6\/9 ans (duathlon), Louis Vinck monte sur la plus haute marche du podium en arrivant au sprint en 8&rsquo;04.<\/p>\n\n\n\n<p>Sur la course 10\/13 ans, Jules Vinck est 7e pupille (29e au scratch en 17&rsquo;03, Jules Vendramini termine juste derri\u00e8re en 17&rsquo;28 et se classe 10e pupille.<\/p>\n\n\n\n<p>Sur la course XS, Axelle Da Eira est 6e minime (35e au scratch) en 39&rsquo;21.<\/p>\n\n\n\n<p>Sur la course S en mass start et sans combinaison, Laurent Beausoleil termine 55e (5eV3) en 1h11&rsquo;35, suivi par Cyrille B\u00e9rardan (77e et 8e V2). les 2 repr\u00e9sentantes f\u00e9minines, Delphine Tonnin et Sophie Rousseau se classent respectivement 3e V2 en 1h30&rsquo;07 et 4e V2 en 1h35&rsquo;51.<\/p>\n\n\n\n<figure class=\"wp-block-gallery columns-3 is-cropped\"><ul data-carousel-extra='{\"blog_id\":1,\"permalink\":\"https:\\\/\\\/www.montceautriathlon.com\\\/blog\\\/2025\\\/07\\\/31\\\/20-juillet-triathlon-de-dole\\\/\"}' class=\"blocks-gallery-grid\"><li class=\"blocks-gallery-item\"><figure><a href=\"https:\/\/www.montceautriathlon.com\/blog\/wp-content\/uploads\/2025\/07\/IMG_7867-768x1024.jpeg\"><img data-attachment-id=\"8015\" data-permalink=\"https:\/\/www.montceautriathlon.com\/blog\/2025\/07\/31\/20-juillet-triathlon-de-dole\/img_7867\/\" data-orig-file=\"https:\/\/www.montceautriathlon.com\/blog\/wp-content\/uploads\/2025\/07\/IMG_7867-scaled.jpeg\" data-orig-size=\"1920,2560\" data-comments-opened=\"1\" data-image-meta=\"{&quot;aperture&quot;:&quot;0&quot;,&quot;credit&quot;:&quot;&quot;,&quot;camera&quot;:&quot;&quot;,&quot;caption&quot;:&quot;&quot;,&quot;created_timestamp&quot;:&quot;0&quot;,&quot;copyright&quot;:&quot;&quot;,&quot;focal_length&quot;:&quot;0&quot;,&quot;iso&quot;:&quot;0&quot;,&quot;shutter_speed&quot;:&quot;0&quot;,&quot;title&quot;:&quot;&quot;,&quot;orientation&quot;:&quot;1&quot;}\" data-image-title=\"IMG_7867\" data-image-description=\"\" data-image-caption=\"\" data-medium-file=\"https:\/\/www.montceautriathlon.com\/blog\/wp-content\/uploads\/2025\/07\/IMG_7867-225x300.jpeg\" data-large-file=\"https:\/\/www.montceautriathlon.com\/blog\/wp-content\/uploads\/2025\/07\/IMG_7867-768x1024.jpeg\" loading=\"lazy\" width=\"768\" height=\"1024\" src=\"https:\/\/www.montceautriathlon.com\/blog\/wp-content\/uploads\/2025\/07\/IMG_7867-768x1024.jpeg\" alt=\"\" data-id=\"8015\" data-link=\"https:\/\/www.montceautriathlon.com\/blog\/?attachment_id=8015\" class=\"wp-image-8015\" srcset=\"https:\/\/www.montceautriathlon.com\/blog\/wp-content\/uploads\/2025\/07\/IMG_7867-768x1024.jpeg 768w, https:\/\/www.montceautriathlon.com\/blog\/wp-content\/uploads\/2025\/07\/IMG_7867-225x300.jpeg 225w, https:\/\/www.montceautriathlon.com\/blog\/wp-content\/uploads\/2025\/07\/IMG_7867-1152x1536.jpeg 1152w, https:\/\/www.montceautriathlon.com\/blog\/wp-content\/uploads\/2025\/07\/IMG_7867-1536x2048.jpeg 1536w, https:\/\/www.montceautriathlon.com\/blog\/wp-content\/uploads\/2025\/07\/IMG_7867-scaled.jpeg 1920w\" sizes=\"(max-width: 768px) 100vw, 768px\" \/><\/a><\/figure><\/li><li class=\"blocks-gallery-item\"><figure><a href=\"https:\/\/www.montceautriathlon.com\/blog\/wp-content\/uploads\/2025\/07\/IMG_7892-768x1024.jpeg\"><img data-attachment-id=\"8017\" data-permalink=\"https:\/\/www.montceautriathlon.com\/blog\/2025\/07\/31\/20-juillet-triathlon-de-dole\/img_7892\/\" data-orig-file=\"https:\/\/www.montceautriathlon.com\/blog\/wp-content\/uploads\/2025\/07\/IMG_7892-scaled.jpeg\" data-orig-size=\"1920,2560\" data-comments-opened=\"1\" data-image-meta=\"{&quot;aperture&quot;:&quot;0&quot;,&quot;credit&quot;:&quot;&quot;,&quot;camera&quot;:&quot;&quot;,&quot;caption&quot;:&quot;&quot;,&quot;created_timestamp&quot;:&quot;0&quot;,&quot;copyright&quot;:&quot;&quot;,&quot;focal_length&quot;:&quot;0&quot;,&quot;iso&quot;:&quot;0&quot;,&quot;shutter_speed&quot;:&quot;0&quot;,&quot;title&quot;:&quot;&quot;,&quot;orientation&quot;:&quot;1&quot;}\" data-image-title=\"IMG_7892\" data-image-description=\"\" data-image-caption=\"\" data-medium-file=\"https:\/\/www.montceautriathlon.com\/blog\/wp-content\/uploads\/2025\/07\/IMG_7892-225x300.jpeg\" data-large-file=\"https:\/\/www.montceautriathlon.com\/blog\/wp-content\/uploads\/2025\/07\/IMG_7892-768x1024.jpeg\" loading=\"lazy\" width=\"768\" height=\"1024\" src=\"https:\/\/www.montceautriathlon.com\/blog\/wp-content\/uploads\/2025\/07\/IMG_7892-768x1024.jpeg\" alt=\"\" data-id=\"8017\" data-link=\"https:\/\/www.montceautriathlon.com\/blog\/?attachment_id=8017\" class=\"wp-image-8017\" srcset=\"https:\/\/www.montceautriathlon.com\/blog\/wp-content\/uploads\/2025\/07\/IMG_7892-768x1024.jpeg 768w, https:\/\/www.montceautriathlon.com\/blog\/wp-content\/uploads\/2025\/07\/IMG_7892-225x300.jpeg 225w, https:\/\/www.montceautriathlon.com\/blog\/wp-content\/uploads\/2025\/07\/IMG_7892-1152x1536.jpeg 1152w, https:\/\/www.montceautriathlon.com\/blog\/wp-content\/uploads\/2025\/07\/IMG_7892-1536x2048.jpeg 1536w, https:\/\/www.montceautriathlon.com\/blog\/wp-content\/uploads\/2025\/07\/IMG_7892-scaled.jpeg 1920w\" sizes=\"(max-width: 768px) 100vw, 768px\" \/><\/a><\/figure><\/li><li class=\"blocks-gallery-item\"><figure><a href=\"https:\/\/www.montceautriathlon.com\/blog\/wp-content\/uploads\/2025\/07\/IMG_7895-768x1024.jpeg\"><img data-attachment-id=\"8018\" data-permalink=\"https:\/\/www.montceautriathlon.com\/blog\/2025\/07\/31\/20-juillet-triathlon-de-dole\/img_7895\/\" data-orig-file=\"https:\/\/www.montceautriathlon.com\/blog\/wp-content\/uploads\/2025\/07\/IMG_7895-scaled.jpeg\" data-orig-size=\"1920,2560\" data-comments-opened=\"1\" data-image-meta=\"{&quot;aperture&quot;:&quot;0&quot;,&quot;credit&quot;:&quot;&quot;,&quot;camera&quot;:&quot;&quot;,&quot;caption&quot;:&quot;&quot;,&quot;created_timestamp&quot;:&quot;0&quot;,&quot;copyright&quot;:&quot;&quot;,&quot;focal_length&quot;:&quot;0&quot;,&quot;iso&quot;:&quot;0&quot;,&quot;shutter_speed&quot;:&quot;0&quot;,&quot;title&quot;:&quot;&quot;,&quot;orientation&quot;:&quot;1&quot;}\" data-image-title=\"IMG_7895\" data-image-description=\"\" data-image-caption=\"\" data-medium-file=\"https:\/\/www.montceautriathlon.com\/blog\/wp-content\/uploads\/2025\/07\/IMG_7895-225x300.jpeg\" data-large-file=\"https:\/\/www.montceautriathlon.com\/blog\/wp-content\/uploads\/2025\/07\/IMG_7895-768x1024.jpeg\" loading=\"lazy\" width=\"768\" height=\"1024\" src=\"https:\/\/www.montceautriathlon.com\/blog\/wp-content\/uploads\/2025\/07\/IMG_7895-768x1024.jpeg\" alt=\"\" data-id=\"8018\" data-link=\"https:\/\/www.montceautriathlon.com\/blog\/?attachment_id=8018\" class=\"wp-image-8018\" srcset=\"https:\/\/www.montceautriathlon.com\/blog\/wp-content\/uploads\/2025\/07\/IMG_7895-768x1024.jpeg 768w, https:\/\/www.montceautriathlon.com\/blog\/wp-content\/uploads\/2025\/07\/IMG_7895-225x300.jpeg 225w, https:\/\/www.montceautriathlon.com\/blog\/wp-content\/uploads\/2025\/07\/IMG_7895-1152x1536.jpeg 1152w, https:\/\/www.montceautriathlon.com\/blog\/wp-content\/uploads\/2025\/07\/IMG_7895-1536x2048.jpeg 1536w, https:\/\/www.montceautriathlon.com\/blog\/wp-content\/uploads\/2025\/07\/IMG_7895-scaled.jpeg 1920w\" sizes=\"(max-width: 768px) 100vw, 768px\" \/><\/a><\/figure><\/li><li class=\"blocks-gallery-item\"><figure><a href=\"https:\/\/www.montceautriathlon.com\/blog\/wp-content\/uploads\/2025\/07\/IMG_7897-768x1024.jpeg\"><img data-attachment-id=\"8019\" data-permalink=\"https:\/\/www.montceautriathlon.com\/blog\/2025\/07\/31\/20-juillet-triathlon-de-dole\/img_7897\/\" data-orig-file=\"https:\/\/www.montceautriathlon.com\/blog\/wp-content\/uploads\/2025\/07\/IMG_7897-scaled.jpeg\" data-orig-size=\"1920,2560\" data-comments-opened=\"1\" data-image-meta=\"{&quot;aperture&quot;:&quot;0&quot;,&quot;credit&quot;:&quot;&quot;,&quot;camera&quot;:&quot;&quot;,&quot;caption&quot;:&quot;&quot;,&quot;created_timestamp&quot;:&quot;0&quot;,&quot;copyright&quot;:&quot;&quot;,&quot;focal_length&quot;:&quot;0&quot;,&quot;iso&quot;:&quot;0&quot;,&quot;shutter_speed&quot;:&quot;0&quot;,&quot;title&quot;:&quot;&quot;,&quot;orientation&quot;:&quot;1&quot;}\" data-image-title=\"IMG_7897\" data-image-description=\"\" data-image-caption=\"\" data-medium-file=\"https:\/\/www.montceautriathlon.com\/blog\/wp-content\/uploads\/2025\/07\/IMG_7897-225x300.jpeg\" data-large-file=\"https:\/\/www.montceautriathlon.com\/blog\/wp-content\/uploads\/2025\/07\/IMG_7897-768x1024.jpeg\" loading=\"lazy\" width=\"768\" height=\"1024\" src=\"https:\/\/www.montceautriathlon.com\/blog\/wp-content\/uploads\/2025\/07\/IMG_7897-768x1024.jpeg\" alt=\"\" data-id=\"8019\" data-link=\"https:\/\/www.montceautriathlon.com\/blog\/?attachment_id=8019\" class=\"wp-image-8019\" srcset=\"https:\/\/www.montceautriathlon.com\/blog\/wp-content\/uploads\/2025\/07\/IMG_7897-768x1024.jpeg 768w, https:\/\/www.montceautriathlon.com\/blog\/wp-content\/uploads\/2025\/07\/IMG_7897-225x300.jpeg 225w, https:\/\/www.montceautriathlon.com\/blog\/wp-content\/uploads\/2025\/07\/IMG_7897-1152x1536.jpeg 1152w, https:\/\/www.montceautriathlon.com\/blog\/wp-content\/uploads\/2025\/07\/IMG_7897-1536x2048.jpeg 1536w, https:\/\/www.montceautriathlon.com\/blog\/wp-content\/uploads\/2025\/07\/IMG_7897-scaled.jpeg 1920w\" sizes=\"(max-width: 768px) 100vw, 768px\" \/><\/a><\/figure><\/li><li class=\"blocks-gallery-item\"><figure><a href=\"https:\/\/www.montceautriathlon.com\/blog\/wp-content\/uploads\/2025\/07\/20250720_092926-768x1024.jpg\"><img data-attachment-id=\"8021\" data-permalink=\"https:\/\/www.montceautriathlon.com\/blog\/2025\/07\/31\/20-juillet-triathlon-de-dole\/20250720_092926\/\" data-orig-file=\"https:\/\/www.montceautriathlon.com\/blog\/wp-content\/uploads\/2025\/07\/20250720_092926-scaled.jpg\" data-orig-size=\"1920,2560\" data-comments-opened=\"1\" data-image-meta=\"{&quot;aperture&quot;:&quot;1.8&quot;,&quot;credit&quot;:&quot;&quot;,&quot;camera&quot;:&quot;SM-A145R&quot;,&quot;caption&quot;:&quot;&quot;,&quot;created_timestamp&quot;:&quot;1753003766&quot;,&quot;copyright&quot;:&quot;&quot;,&quot;focal_length&quot;:&quot;3.98&quot;,&quot;iso&quot;:&quot;125&quot;,&quot;shutter_speed&quot;:&quot;0.007&quot;,&quot;title&quot;:&quot;&quot;,&quot;orientation&quot;:&quot;1&quot;}\" data-image-title=\"20250720_092926\" data-image-description=\"\" data-image-caption=\"\" data-medium-file=\"https:\/\/www.montceautriathlon.com\/blog\/wp-content\/uploads\/2025\/07\/20250720_092926-225x300.jpg\" data-large-file=\"https:\/\/www.montceautriathlon.com\/blog\/wp-content\/uploads\/2025\/07\/20250720_092926-768x1024.jpg\" loading=\"lazy\" width=\"768\" height=\"1024\" src=\"https:\/\/www.montceautriathlon.com\/blog\/wp-content\/uploads\/2025\/07\/20250720_092926-768x1024.jpg\" alt=\"\" data-id=\"8021\" data-link=\"https:\/\/www.montceautriathlon.com\/blog\/?attachment_id=8021\" class=\"wp-image-8021\" srcset=\"https:\/\/www.montceautriathlon.com\/blog\/wp-content\/uploads\/2025\/07\/20250720_092926-768x1024.jpg 768w, https:\/\/www.montceautriathlon.com\/blog\/wp-content\/uploads\/2025\/07\/20250720_092926-225x300.jpg 225w, https:\/\/www.montceautriathlon.com\/blog\/wp-content\/uploads\/2025\/07\/20250720_092926-1152x1536.jpg 1152w, https:\/\/www.montceautriathlon.com\/blog\/wp-content\/uploads\/2025\/07\/20250720_092926-1536x2048.jpg 1536w, https:\/\/www.montceautriathlon.com\/blog\/wp-content\/uploads\/2025\/07\/20250720_092926-scaled.jpg 1920w\" sizes=\"(max-width: 768px) 100vw, 768px\" \/><\/a><\/figure><\/li><li class=\"blocks-gallery-item\"><figure><a href=\"https:\/\/www.montceautriathlon.com\/blog\/wp-content\/uploads\/2025\/07\/20250720_093401-1-768x1024.jpg\"><img data-attachment-id=\"8022\" data-permalink=\"https:\/\/www.montceautriathlon.com\/blog\/2025\/07\/31\/20-juillet-triathlon-de-dole\/20250720_093401-1\/\" data-orig-file=\"https:\/\/www.montceautriathlon.com\/blog\/wp-content\/uploads\/2025\/07\/20250720_093401-1-scaled.jpg\" data-orig-size=\"1920,2560\" data-comments-opened=\"1\" data-image-meta=\"{&quot;aperture&quot;:&quot;1.8&quot;,&quot;credit&quot;:&quot;&quot;,&quot;camera&quot;:&quot;SM-A145R&quot;,&quot;caption&quot;:&quot;&quot;,&quot;created_timestamp&quot;:&quot;1753004041&quot;,&quot;copyright&quot;:&quot;&quot;,&quot;focal_length&quot;:&quot;3.98&quot;,&quot;iso&quot;:&quot;125&quot;,&quot;shutter_speed&quot;:&quot;0.002&quot;,&quot;title&quot;:&quot;&quot;,&quot;orientation&quot;:&quot;1&quot;}\" data-image-title=\"20250720_093401-1\" data-image-description=\"\" data-image-caption=\"\" data-medium-file=\"https:\/\/www.montceautriathlon.com\/blog\/wp-content\/uploads\/2025\/07\/20250720_093401-1-225x300.jpg\" data-large-file=\"https:\/\/www.montceautriathlon.com\/blog\/wp-content\/uploads\/2025\/07\/20250720_093401-1-768x1024.jpg\" loading=\"lazy\" width=\"768\" height=\"1024\" src=\"https:\/\/www.montceautriathlon.com\/blog\/wp-content\/uploads\/2025\/07\/20250720_093401-1-768x1024.jpg\" alt=\"\" data-id=\"8022\" data-link=\"https:\/\/www.montceautriathlon.com\/blog\/?attachment_id=8022\" class=\"wp-image-8022\" srcset=\"https:\/\/www.montceautriathlon.com\/blog\/wp-content\/uploads\/2025\/07\/20250720_093401-1-768x1024.jpg 768w, https:\/\/www.montceautriathlon.com\/blog\/wp-content\/uploads\/2025\/07\/20250720_093401-1-225x300.jpg 225w, https:\/\/www.montceautriathlon.com\/blog\/wp-content\/uploads\/2025\/07\/20250720_093401-1-1152x1536.jpg 1152w, https:\/\/www.montceautriathlon.com\/blog\/wp-content\/uploads\/2025\/07\/20250720_093401-1-1536x2048.jpg 1536w, https:\/\/www.montceautriathlon.com\/blog\/wp-content\/uploads\/2025\/07\/20250720_093401-1-scaled.jpg 1920w\" sizes=\"(max-width: 768px) 100vw, 768px\" \/><\/a><\/figure><\/li><li class=\"blocks-gallery-item\"><figure><a href=\"https:\/\/www.montceautriathlon.com\/blog\/wp-content\/uploads\/2025\/07\/20250720_100731-scaled.jpg\"><img data-attachment-id=\"8023\" data-permalink=\"https:\/\/www.montceautriathlon.com\/blog\/2025\/07\/31\/20-juillet-triathlon-de-dole\/20250720_100731\/\" data-orig-file=\"https:\/\/www.montceautriathlon.com\/blog\/wp-content\/uploads\/2025\/07\/20250720_100731-scaled.jpg\" data-orig-size=\"1920,2560\" data-comments-opened=\"1\" data-image-meta=\"{&quot;aperture&quot;:&quot;1.8&quot;,&quot;credit&quot;:&quot;&quot;,&quot;camera&quot;:&quot;SM-A145R&quot;,&quot;caption&quot;:&quot;&quot;,&quot;created_timestamp&quot;:&quot;1753006051&quot;,&quot;copyright&quot;:&quot;&quot;,&quot;focal_length&quot;:&quot;3.98&quot;,&quot;iso&quot;:&quot;100&quot;,&quot;shutter_speed&quot;:&quot;0.002&quot;,&quot;title&quot;:&quot;&quot;,&quot;orientation&quot;:&quot;1&quot;}\" data-image-title=\"20250720_100731\" data-image-description=\"\" data-image-caption=\"\" data-medium-file=\"https:\/\/www.montceautriathlon.com\/blog\/wp-content\/uploads\/2025\/07\/20250720_100731-225x300.jpg\" data-large-file=\"https:\/\/www.montceautriathlon.com\/blog\/wp-content\/uploads\/2025\/07\/20250720_100731-768x1024.jpg\" loading=\"lazy\" width=\"768\" height=\"1024\" src=\"https:\/\/www.montceautriathlon.com\/blog\/wp-content\/uploads\/2025\/07\/20250720_100731-768x1024.jpg\" alt=\"\" data-id=\"8023\" data-full-url=\"https:\/\/www.montceautriathlon.com\/blog\/wp-content\/uploads\/2025\/07\/20250720_100731-scaled.jpg\" data-link=\"https:\/\/www.montceautriathlon.com\/blog\/?attachment_id=8023\" class=\"wp-image-8023\" srcset=\"https:\/\/www.montceautriathlon.com\/blog\/wp-content\/uploads\/2025\/07\/20250720_100731-768x1024.jpg 768w, https:\/\/www.montceautriathlon.com\/blog\/wp-content\/uploads\/2025\/07\/20250720_100731-225x300.jpg 225w, https:\/\/www.montceautriathlon.com\/blog\/wp-content\/uploads\/2025\/07\/20250720_100731-1152x1536.jpg 1152w, https:\/\/www.montceautriathlon.com\/blog\/wp-content\/uploads\/2025\/07\/20250720_100731-1536x2048.jpg 1536w, https:\/\/www.montceautriathlon.com\/blog\/wp-content\/uploads\/2025\/07\/20250720_100731-scaled.jpg 1920w\" sizes=\"(max-width: 768px) 100vw, 768px\" \/><\/a><\/figure><\/li><\/ul><\/figure>\n","protected":false},"excerpt":{"rendered":"<p>Le triathlon S de Dole, habituellement en format contre la montre, s&rsquo;est transform\u00e9 en format mass start en raison des conditions m\u00e9t\u00e9o. Les jeunes ont pu faire les \u00e9preuves normalement le matin. Voici les r\u00e9sultats: Sur la course 6\/9 ans (duathlon), Louis Vinck monte sur la plus haute marche du podium en arrivant au sprint [&hellip;]<\/p>\n","protected":false},"author":7,"featured_media":8021,"comment_status":"open","ping_status":"open","sticky":false,"template":"","format":"standard","meta":{"spay_email":"","jetpack_publicize_message":"","jetpack_is_tweetstorm":false},"categories":[1],"tags":[],"jetpack_featured_media_url":"https:\/\/www.montceautriathlon.com\/blog\/wp-content\/uploads\/2025\/07\/20250720_092926-scaled.jpg","jetpack_publicize_connections":[],"jetpack_sharing_enabled":true,"jetpack_shortlink":"https:\/\/wp.me\/p8bwIy-25g","jetpack-related-posts":[{"id":8194,"url":"https:\/\/www.montceautriathlon.com\/blog\/2025\/09\/28\/21-septembre-triathlon-de-seurre\/","url_meta":{"origin":8014,"position":0},"title":"21 septembre: Triathlon de Seurre","date":"28 septembre 2025","format":false,"excerpt":"Seuls 2 courageux, les deux fr\u00e8res Vinck, ont brav\u00e9 la pluie et se sont rendus en Cote d'Or pour participer au triathlon de Seurre. Sur la course 10\/13 ans, Jules Vinck termine 14e au scratch et 4e pupille. Son fr\u00e8re Louis, sur la course 8\/11 ans, termine 3e au scratch\u2026","rel":"","context":"Dans &quot;Non class\u00e9&quot;","img":{"alt_text":"","src":"https:\/\/i2.wp.com\/www.montceautriathlon.com\/blog\/wp-content\/uploads\/2025\/09\/IMG-20250921-WA0012.jpg?resize=350%2C200&ssl=1","width":350,"height":200},"classes":[]},{"id":8119,"url":"https:\/\/www.montceautriathlon.com\/blog\/2025\/09\/14\/7-septembre-triathlon-de-chalon-sur-saone\/","url_meta":{"origin":8014,"position":1},"title":"7 Septembre: Triathlon de Chalon sur Sa\u00f4ne","date":"14 septembre 2025","format":false,"excerpt":"Une d\u00e9l\u00e9gation montcellienne s'est retrouv\u00e9e chez nos voisins chalonnais pour leur traditionnel triathlon. Les 2 courses jeunes et le XS se faisaient en piscine. La natation du triathlon S contre la montre \u00e9tait dans la Sa\u00f4ne. Chez les plus jeunes, Louis Vinck termine 1r de la course. Gaspard Pradier est\u2026","rel":"","context":"Dans &quot;Non class\u00e9&quot;","img":{"alt_text":"","src":"https:\/\/i2.wp.com\/www.montceautriathlon.com\/blog\/wp-content\/uploads\/2025\/09\/IMG_5930.jpg?resize=350%2C200&ssl=1","width":350,"height":200},"classes":[]},{"id":8033,"url":"https:\/\/www.montceautriathlon.com\/blog\/2025\/08\/16\/triathlon-de-nevers-10-aout-2025\/","url_meta":{"origin":8014,"position":2},"title":"Triathlon de Nevers: 10 ao\u00fbt 2025","date":"16 ao\u00fbt 2025","format":false,"excerpt":"C est sous des temp\u00e9ratures caniculaires que 2 familles de Montceau Triathlon se sont retrouv\u00e9es \u00e0 Nevers pour leur triathlon. Aur\u00e9lie Agius en compagnie de Nicolas Vinck et d'un copain (non licenci\u00e9s) ont pris le d\u00e9part de la distance M sur de nouveaux parcours en raison de travaux. Ils terminent\u2026","rel":"","context":"Dans &quot;Non class\u00e9&quot;","img":{"alt_text":"","src":"https:\/\/i1.wp.com\/www.montceautriathlon.com\/blog\/wp-content\/uploads\/2025\/08\/IMG-20250811-WA0092.jpg?resize=350%2C200&ssl=1","width":350,"height":200},"classes":[]},{"id":7130,"url":"https:\/\/www.montceautriathlon.com\/blog\/2024\/12\/01\/triathlon-de-louhans-2\/","url_meta":{"origin":8014,"position":3},"title":"Triathlon de Louhans","date":"1 d\u00e9cembre 2024","format":false,"excerpt":"Les montcelliens ont fait le d\u00e9placement pour le dernier triathlon bourguignon de la saison \u00e0 Louhans. Voici les r\u00e9sultats de nos triathl\u00e8tes sur les diff\u00e9rentes courses : Sur le format S : en relais les \u00ab Run & Cycling 71 \u00bb avec Arnaud Rondier en nageur montent sur la plus\u2026","rel":"","context":"Dans &quot;Non class\u00e9&quot;","img":{"alt_text":"","src":"https:\/\/i2.wp.com\/www.montceautriathlon.com\/blog\/wp-content\/uploads\/2024\/11\/462960282_1213087916398597_6865351226409572743_n.jpg?resize=350%2C200&ssl=1","width":350,"height":200},"classes":[]},{"id":8325,"url":"https:\/\/www.montceautriathlon.com\/blog\/2025\/10\/20\/week-end-du-11-12-octobre-la-bourbonienne-octobre-rose-triathlon-de-louhans\/","url_meta":{"origin":8014,"position":4},"title":"Week end du 11\/12 octobre: la Bourbonienne, octobre rose, triathlon de Louhans","date":"20 octobre 2025","format":false,"excerpt":"Th\u00e9o Michon, Eric et Fabienne Vaudelin se sont lanc\u00e9s sur les parcours exigeants en nocturne de la Bourbonienne. Sur le 10km Eric termine 16e en 44min22, Th\u00e9o est 42e en 48min46. Fabienne termine les 5km en 29min, se classe 29e au scratch et 1e M5. En mode rando gourmande, Sandrine,\u2026","rel":"","context":"Dans &quot;Non class\u00e9&quot;","img":{"alt_text":"","src":"https:\/\/i1.wp.com\/www.montceautriathlon.com\/blog\/wp-content\/uploads\/2025\/10\/20251012_122053-scaled.jpg?resize=350%2C200&ssl=1","width":350,"height":200},"classes":[]},{"id":6967,"url":"https:\/\/www.montceautriathlon.com\/blog\/2024\/07\/16\/triathlon-autun-2\/","url_meta":{"origin":8014,"position":5},"title":"Triathlon Autun","date":"16 juillet 2024","format":false,"excerpt":"Les triathl\u00e8tes montcelliens \u00e9taient pr\u00e9sents surtoutes les \u00e9preuves du triathlon d'Autun le dimanche 23 juin. Voici les r\u00e9sultats: Course 6\/8 ans: Tiana Magnien monte sur la 3e marche du podium en poussine (5e au scratch) et Eliott Rondier sur la 2e marche en poussin (6e au scratch). Course 9\/11 ans:\u2026","rel":"","context":"Dans &quot;Non class\u00e9&quot;","img":{"alt_text":"","src":"https:\/\/i0.wp.com\/www.montceautriathlon.com\/blog\/wp-content\/uploads\/2024\/07\/448968625_1141027143604675_8033343820953004543_n.jpg?resize=350%2C200&ssl=1","width":350,"height":200},"classes":[]}],"_links":{"self":[{"href":"https:\/\/www.montceautriathlon.com\/blog\/wp-json\/wp\/v2\/posts\/8014"}],"collection":[{"href":"https:\/\/www.montceautriathlon.com\/blog\/wp-json\/wp\/v2\/posts"}],"about":[{"href":"https:\/\/www.montceautriathlon.com\/blog\/wp-json\/wp\/v2\/types\/post"}],"author":[{"embeddable":true,"href":"https:\/\/www.montceautriathlon.com\/blog\/wp-json\/wp\/v2\/users\/7"}],"replies":[{"embeddable":true,"href":"https:\/\/www.montceautriathlon.com\/blog\/wp-json\/wp\/v2\/comments?post=8014"}],"version-history":[{"count":1,"href":"https:\/\/www.montceautriathlon.com\/blog\/wp-json\/wp\/v2\/posts\/8014\/revisions"}],"predecessor-version":[{"id":8024,"href":"https:\/\/www.montceautriathlon.com\/blog\/wp-json\/wp\/v2\/posts\/8014\/revisions\/8024"}],"wp:featuredmedia":[{"embeddable":true,"href":"https:\/\/www.montceautriathlon.com\/blog\/wp-json\/wp\/v2\/media\/8021"}],"wp:attachment":[{"href":"https:\/\/www.montceautriathlon.com\/blog\/wp-json\/wp\/v2\/media?parent=8014"}],"wp:term":[{"taxonomy":"category","embeddable":true,"href":"https:\/\/www.montceautriathlon.com\/blog\/wp-json\/wp\/v2\/categories?post=8014"},{"taxonomy":"post_tag","embeddable":true,"href":"https:\/\/www.montceautriathlon.com\/blog\/wp-json\/wp\/v2\/tags?post=8014"}],"curies":[{"name":"wp","href":"https:\/\/api.w.org\/{rel}","templated":true}]}}