{"id":7985,"date":"2025-07-11T16:14:22","date_gmt":"2025-07-11T15:14:22","guid":{"rendered":"https:\/\/www.montceautriathlon.com\/blog\/?p=7985"},"modified":"2025-07-11T16:14:24","modified_gmt":"2025-07-11T15:14:24","slug":"lecole-de-triathlon","status":"publish","type":"post","link":"https:\/\/www.montceautriathlon.com\/blog\/2025\/07\/11\/lecole-de-triathlon\/","title":{"rendered":"L&rsquo;\u00e9cole de triathlon"},"content":{"rendered":"\n<p>Ce samedi 5 juillet marque la fin des entrainements des jeunes de l&rsquo;\u00e9cole.<\/p>\n\n\n\n<p>A cette occasion, les jeunes \u00e9taient convi\u00e9s \u00e0 un dernier entrainement ludique avec des jeux collectifs. A l&rsquo;issue de celui ci, les bracelets EFT (\u00e9cole fran\u00e7aise de triathlon) ont \u00e9t\u00e9 remis aux jeunes. Cette remise a \u00e9t\u00e9 suivi d&rsquo;un petit ap\u00e9ro sportif avec les parents. <\/p>\n\n\n\n<p>F\u00e9licitations \u00e0 toutes et tous pour leur implication tout au long de l&rsquo;ann\u00e9e \u00e9coul\u00e9e.<\/p>\n\n\n\n<figure class=\"wp-block-gallery columns-3 is-cropped\"><ul data-carousel-extra='{\"blog_id\":1,\"permalink\":\"https:\\\/\\\/www.montceautriathlon.com\\\/blog\\\/2025\\\/07\\\/11\\\/lecole-de-triathlon\\\/\"}' class=\"blocks-gallery-grid\"><li class=\"blocks-gallery-item\"><figure><a href=\"https:\/\/www.montceautriathlon.com\/blog\/wp-content\/uploads\/2025\/07\/IMG-20250705-WA0011-1024x768.jpg\"><img data-attachment-id=\"7986\" data-permalink=\"https:\/\/www.montceautriathlon.com\/blog\/2025\/07\/11\/lecole-de-triathlon\/img-20250705-wa0011\/\" data-orig-file=\"https:\/\/www.montceautriathlon.com\/blog\/wp-content\/uploads\/2025\/07\/IMG-20250705-WA0011.jpg\" data-orig-size=\"2048,1536\" data-comments-opened=\"1\" data-image-meta=\"{&quot;aperture&quot;:&quot;0&quot;,&quot;credit&quot;:&quot;&quot;,&quot;camera&quot;:&quot;&quot;,&quot;caption&quot;:&quot;&quot;,&quot;created_timestamp&quot;:&quot;0&quot;,&quot;copyright&quot;:&quot;&quot;,&quot;focal_length&quot;:&quot;0&quot;,&quot;iso&quot;:&quot;0&quot;,&quot;shutter_speed&quot;:&quot;0&quot;,&quot;title&quot;:&quot;&quot;,&quot;orientation&quot;:&quot;0&quot;}\" data-image-title=\"IMG-20250705-WA0011\" data-image-description=\"\" data-image-caption=\"\" data-medium-file=\"https:\/\/www.montceautriathlon.com\/blog\/wp-content\/uploads\/2025\/07\/IMG-20250705-WA0011-300x225.jpg\" data-large-file=\"https:\/\/www.montceautriathlon.com\/blog\/wp-content\/uploads\/2025\/07\/IMG-20250705-WA0011-1024x768.jpg\" loading=\"lazy\" width=\"1024\" height=\"768\" src=\"https:\/\/www.montceautriathlon.com\/blog\/wp-content\/uploads\/2025\/07\/IMG-20250705-WA0011-1024x768.jpg\" alt=\"\" data-id=\"7986\" data-link=\"https:\/\/www.montceautriathlon.com\/blog\/?attachment_id=7986\" class=\"wp-image-7986\" srcset=\"https:\/\/www.montceautriathlon.com\/blog\/wp-content\/uploads\/2025\/07\/IMG-20250705-WA0011-1024x768.jpg 1024w, https:\/\/www.montceautriathlon.com\/blog\/wp-content\/uploads\/2025\/07\/IMG-20250705-WA0011-300x225.jpg 300w, https:\/\/www.montceautriathlon.com\/blog\/wp-content\/uploads\/2025\/07\/IMG-20250705-WA0011-768x576.jpg 768w, https:\/\/www.montceautriathlon.com\/blog\/wp-content\/uploads\/2025\/07\/IMG-20250705-WA0011-1536x1152.jpg 1536w, https:\/\/www.montceautriathlon.com\/blog\/wp-content\/uploads\/2025\/07\/IMG-20250705-WA0011.jpg 2048w\" sizes=\"(max-width: 1024px) 100vw, 1024px\" \/><\/a><\/figure><\/li><li class=\"blocks-gallery-item\"><figure><a href=\"https:\/\/www.montceautriathlon.com\/blog\/wp-content\/uploads\/2025\/07\/IMG-20250705-WA0004-1024x768.jpg\"><img data-attachment-id=\"7987\" data-permalink=\"https:\/\/www.montceautriathlon.com\/blog\/2025\/07\/11\/lecole-de-triathlon\/img-20250705-wa0004\/\" data-orig-file=\"https:\/\/www.montceautriathlon.com\/blog\/wp-content\/uploads\/2025\/07\/IMG-20250705-WA0004.jpg\" data-orig-size=\"2000,1500\" data-comments-opened=\"1\" data-image-meta=\"{&quot;aperture&quot;:&quot;0&quot;,&quot;credit&quot;:&quot;&quot;,&quot;camera&quot;:&quot;&quot;,&quot;caption&quot;:&quot;&quot;,&quot;created_timestamp&quot;:&quot;0&quot;,&quot;copyright&quot;:&quot;&quot;,&quot;focal_length&quot;:&quot;0&quot;,&quot;iso&quot;:&quot;0&quot;,&quot;shutter_speed&quot;:&quot;0&quot;,&quot;title&quot;:&quot;&quot;,&quot;orientation&quot;:&quot;0&quot;}\" data-image-title=\"IMG-20250705-WA0004\" data-image-description=\"\" data-image-caption=\"\" data-medium-file=\"https:\/\/www.montceautriathlon.com\/blog\/wp-content\/uploads\/2025\/07\/IMG-20250705-WA0004-300x225.jpg\" data-large-file=\"https:\/\/www.montceautriathlon.com\/blog\/wp-content\/uploads\/2025\/07\/IMG-20250705-WA0004-1024x768.jpg\" loading=\"lazy\" width=\"1024\" height=\"768\" src=\"https:\/\/www.montceautriathlon.com\/blog\/wp-content\/uploads\/2025\/07\/IMG-20250705-WA0004-1024x768.jpg\" alt=\"\" data-id=\"7987\" data-link=\"https:\/\/www.montceautriathlon.com\/blog\/?attachment_id=7987\" class=\"wp-image-7987\" srcset=\"https:\/\/www.montceautriathlon.com\/blog\/wp-content\/uploads\/2025\/07\/IMG-20250705-WA0004-1024x768.jpg 1024w, https:\/\/www.montceautriathlon.com\/blog\/wp-content\/uploads\/2025\/07\/IMG-20250705-WA0004-300x225.jpg 300w, https:\/\/www.montceautriathlon.com\/blog\/wp-content\/uploads\/2025\/07\/IMG-20250705-WA0004-768x576.jpg 768w, https:\/\/www.montceautriathlon.com\/blog\/wp-content\/uploads\/2025\/07\/IMG-20250705-WA0004-1536x1152.jpg 1536w, https:\/\/www.montceautriathlon.com\/blog\/wp-content\/uploads\/2025\/07\/IMG-20250705-WA0004.jpg 2000w\" sizes=\"(max-width: 1024px) 100vw, 1024px\" \/><\/a><\/figure><\/li><li class=\"blocks-gallery-item\"><figure><a href=\"https:\/\/www.montceautriathlon.com\/blog\/wp-content\/uploads\/2025\/07\/IMG-20250705-WA0004-1-1024x768.jpg\"><img data-attachment-id=\"7988\" data-permalink=\"https:\/\/www.montceautriathlon.com\/blog\/2025\/07\/11\/lecole-de-triathlon\/img-20250705-wa0004-1\/\" data-orig-file=\"https:\/\/www.montceautriathlon.com\/blog\/wp-content\/uploads\/2025\/07\/IMG-20250705-WA0004-1.jpg\" data-orig-size=\"2000,1500\" data-comments-opened=\"1\" data-image-meta=\"{&quot;aperture&quot;:&quot;0&quot;,&quot;credit&quot;:&quot;&quot;,&quot;camera&quot;:&quot;&quot;,&quot;caption&quot;:&quot;&quot;,&quot;created_timestamp&quot;:&quot;0&quot;,&quot;copyright&quot;:&quot;&quot;,&quot;focal_length&quot;:&quot;0&quot;,&quot;iso&quot;:&quot;0&quot;,&quot;shutter_speed&quot;:&quot;0&quot;,&quot;title&quot;:&quot;&quot;,&quot;orientation&quot;:&quot;0&quot;}\" data-image-title=\"IMG-20250705-WA0004-1\" data-image-description=\"\" data-image-caption=\"\" data-medium-file=\"https:\/\/www.montceautriathlon.com\/blog\/wp-content\/uploads\/2025\/07\/IMG-20250705-WA0004-1-300x225.jpg\" data-large-file=\"https:\/\/www.montceautriathlon.com\/blog\/wp-content\/uploads\/2025\/07\/IMG-20250705-WA0004-1-1024x768.jpg\" loading=\"lazy\" width=\"1024\" height=\"768\" src=\"https:\/\/www.montceautriathlon.com\/blog\/wp-content\/uploads\/2025\/07\/IMG-20250705-WA0004-1-1024x768.jpg\" alt=\"\" data-id=\"7988\" data-link=\"https:\/\/www.montceautriathlon.com\/blog\/?attachment_id=7988\" class=\"wp-image-7988\" srcset=\"https:\/\/www.montceautriathlon.com\/blog\/wp-content\/uploads\/2025\/07\/IMG-20250705-WA0004-1-1024x768.jpg 1024w, https:\/\/www.montceautriathlon.com\/blog\/wp-content\/uploads\/2025\/07\/IMG-20250705-WA0004-1-300x225.jpg 300w, https:\/\/www.montceautriathlon.com\/blog\/wp-content\/uploads\/2025\/07\/IMG-20250705-WA0004-1-768x576.jpg 768w, https:\/\/www.montceautriathlon.com\/blog\/wp-content\/uploads\/2025\/07\/IMG-20250705-WA0004-1-1536x1152.jpg 1536w, https:\/\/www.montceautriathlon.com\/blog\/wp-content\/uploads\/2025\/07\/IMG-20250705-WA0004-1.jpg 2000w\" sizes=\"(max-width: 1024px) 100vw, 1024px\" \/><\/a><\/figure><\/li><li class=\"blocks-gallery-item\"><figure><a href=\"https:\/\/www.montceautriathlon.com\/blog\/wp-content\/uploads\/2025\/07\/IMG-20250705-WA0010-576x1024.jpg\"><img data-attachment-id=\"7989\" data-permalink=\"https:\/\/www.montceautriathlon.com\/blog\/2025\/07\/11\/lecole-de-triathlon\/img-20250705-wa0010\/\" data-orig-file=\"https:\/\/www.montceautriathlon.com\/blog\/wp-content\/uploads\/2025\/07\/IMG-20250705-WA0010.jpg\" data-orig-size=\"1152,2048\" data-comments-opened=\"1\" data-image-meta=\"{&quot;aperture&quot;:&quot;0&quot;,&quot;credit&quot;:&quot;&quot;,&quot;camera&quot;:&quot;&quot;,&quot;caption&quot;:&quot;&quot;,&quot;created_timestamp&quot;:&quot;0&quot;,&quot;copyright&quot;:&quot;&quot;,&quot;focal_length&quot;:&quot;0&quot;,&quot;iso&quot;:&quot;0&quot;,&quot;shutter_speed&quot;:&quot;0&quot;,&quot;title&quot;:&quot;&quot;,&quot;orientation&quot;:&quot;0&quot;}\" data-image-title=\"IMG-20250705-WA0010\" data-image-description=\"\" data-image-caption=\"\" data-medium-file=\"https:\/\/www.montceautriathlon.com\/blog\/wp-content\/uploads\/2025\/07\/IMG-20250705-WA0010-169x300.jpg\" data-large-file=\"https:\/\/www.montceautriathlon.com\/blog\/wp-content\/uploads\/2025\/07\/IMG-20250705-WA0010-576x1024.jpg\" loading=\"lazy\" width=\"576\" height=\"1024\" src=\"https:\/\/www.montceautriathlon.com\/blog\/wp-content\/uploads\/2025\/07\/IMG-20250705-WA0010-576x1024.jpg\" alt=\"\" data-id=\"7989\" data-link=\"https:\/\/www.montceautriathlon.com\/blog\/?attachment_id=7989\" class=\"wp-image-7989\" srcset=\"https:\/\/www.montceautriathlon.com\/blog\/wp-content\/uploads\/2025\/07\/IMG-20250705-WA0010-576x1024.jpg 576w, https:\/\/www.montceautriathlon.com\/blog\/wp-content\/uploads\/2025\/07\/IMG-20250705-WA0010-169x300.jpg 169w, https:\/\/www.montceautriathlon.com\/blog\/wp-content\/uploads\/2025\/07\/IMG-20250705-WA0010-768x1365.jpg 768w, https:\/\/www.montceautriathlon.com\/blog\/wp-content\/uploads\/2025\/07\/IMG-20250705-WA0010-864x1536.jpg 864w, https:\/\/www.montceautriathlon.com\/blog\/wp-content\/uploads\/2025\/07\/IMG-20250705-WA0010.jpg 1152w\" sizes=\"(max-width: 576px) 100vw, 576px\" \/><\/a><\/figure><\/li><li class=\"blocks-gallery-item\"><figure><a href=\"https:\/\/www.montceautriathlon.com\/blog\/wp-content\/uploads\/2025\/07\/20250711_171157-768x1024.jpg\"><img data-attachment-id=\"7990\" data-permalink=\"https:\/\/www.montceautriathlon.com\/blog\/2025\/07\/11\/lecole-de-triathlon\/20250711_171157\/\" data-orig-file=\"https:\/\/www.montceautriathlon.com\/blog\/wp-content\/uploads\/2025\/07\/20250711_171157-scaled.jpg\" data-orig-size=\"1920,2560\" data-comments-opened=\"1\" data-image-meta=\"{&quot;aperture&quot;:&quot;1.8&quot;,&quot;credit&quot;:&quot;&quot;,&quot;camera&quot;:&quot;SM-A145R&quot;,&quot;caption&quot;:&quot;&quot;,&quot;created_timestamp&quot;:&quot;1752253917&quot;,&quot;copyright&quot;:&quot;&quot;,&quot;focal_length&quot;:&quot;3.98&quot;,&quot;iso&quot;:&quot;6400&quot;,&quot;shutter_speed&quot;:&quot;0.091&quot;,&quot;title&quot;:&quot;&quot;,&quot;orientation&quot;:&quot;1&quot;}\" data-image-title=\"20250711_171157\" data-image-description=\"\" data-image-caption=\"\" data-medium-file=\"https:\/\/www.montceautriathlon.com\/blog\/wp-content\/uploads\/2025\/07\/20250711_171157-225x300.jpg\" data-large-file=\"https:\/\/www.montceautriathlon.com\/blog\/wp-content\/uploads\/2025\/07\/20250711_171157-768x1024.jpg\" loading=\"lazy\" width=\"768\" height=\"1024\" src=\"https:\/\/www.montceautriathlon.com\/blog\/wp-content\/uploads\/2025\/07\/20250711_171157-768x1024.jpg\" alt=\"\" data-id=\"7990\" data-link=\"https:\/\/www.montceautriathlon.com\/blog\/?attachment_id=7990\" class=\"wp-image-7990\" srcset=\"https:\/\/www.montceautriathlon.com\/blog\/wp-content\/uploads\/2025\/07\/20250711_171157-768x1024.jpg 768w, https:\/\/www.montceautriathlon.com\/blog\/wp-content\/uploads\/2025\/07\/20250711_171157-225x300.jpg 225w, https:\/\/www.montceautriathlon.com\/blog\/wp-content\/uploads\/2025\/07\/20250711_171157-1152x1536.jpg 1152w, https:\/\/www.montceautriathlon.com\/blog\/wp-content\/uploads\/2025\/07\/20250711_171157-1536x2048.jpg 1536w, https:\/\/www.montceautriathlon.com\/blog\/wp-content\/uploads\/2025\/07\/20250711_171157-scaled.jpg 1920w\" sizes=\"(max-width: 768px) 100vw, 768px\" \/><\/a><\/figure><\/li><li class=\"blocks-gallery-item\"><figure><a href=\"https:\/\/www.montceautriathlon.com\/blog\/wp-content\/uploads\/2025\/07\/IMG-20250705-WA0006-1024x768.jpg\"><img data-attachment-id=\"7991\" data-permalink=\"https:\/\/www.montceautriathlon.com\/blog\/2025\/07\/11\/lecole-de-triathlon\/img-20250705-wa0006\/\" data-orig-file=\"https:\/\/www.montceautriathlon.com\/blog\/wp-content\/uploads\/2025\/07\/IMG-20250705-WA0006.jpg\" data-orig-size=\"2048,1536\" data-comments-opened=\"1\" data-image-meta=\"{&quot;aperture&quot;:&quot;0&quot;,&quot;credit&quot;:&quot;&quot;,&quot;camera&quot;:&quot;&quot;,&quot;caption&quot;:&quot;&quot;,&quot;created_timestamp&quot;:&quot;0&quot;,&quot;copyright&quot;:&quot;&quot;,&quot;focal_length&quot;:&quot;0&quot;,&quot;iso&quot;:&quot;0&quot;,&quot;shutter_speed&quot;:&quot;0&quot;,&quot;title&quot;:&quot;&quot;,&quot;orientation&quot;:&quot;0&quot;}\" data-image-title=\"IMG-20250705-WA0006\" data-image-description=\"\" data-image-caption=\"\" data-medium-file=\"https:\/\/www.montceautriathlon.com\/blog\/wp-content\/uploads\/2025\/07\/IMG-20250705-WA0006-300x225.jpg\" data-large-file=\"https:\/\/www.montceautriathlon.com\/blog\/wp-content\/uploads\/2025\/07\/IMG-20250705-WA0006-1024x768.jpg\" loading=\"lazy\" width=\"1024\" height=\"768\" src=\"https:\/\/www.montceautriathlon.com\/blog\/wp-content\/uploads\/2025\/07\/IMG-20250705-WA0006-1024x768.jpg\" alt=\"\" data-id=\"7991\" data-link=\"https:\/\/www.montceautriathlon.com\/blog\/?attachment_id=7991\" class=\"wp-image-7991\" srcset=\"https:\/\/www.montceautriathlon.com\/blog\/wp-content\/uploads\/2025\/07\/IMG-20250705-WA0006-1024x768.jpg 1024w, https:\/\/www.montceautriathlon.com\/blog\/wp-content\/uploads\/2025\/07\/IMG-20250705-WA0006-300x225.jpg 300w, https:\/\/www.montceautriathlon.com\/blog\/wp-content\/uploads\/2025\/07\/IMG-20250705-WA0006-768x576.jpg 768w, https:\/\/www.montceautriathlon.com\/blog\/wp-content\/uploads\/2025\/07\/IMG-20250705-WA0006-1536x1152.jpg 1536w, https:\/\/www.montceautriathlon.com\/blog\/wp-content\/uploads\/2025\/07\/IMG-20250705-WA0006.jpg 2048w\" sizes=\"(max-width: 1024px) 100vw, 1024px\" \/><\/a><\/figure><\/li><li class=\"blocks-gallery-item\"><figure><a href=\"https:\/\/www.montceautriathlon.com\/blog\/wp-content\/uploads\/2025\/07\/IMG-20250705-WA0009.jpg\"><img data-attachment-id=\"7992\" data-permalink=\"https:\/\/www.montceautriathlon.com\/blog\/2025\/07\/11\/lecole-de-triathlon\/img-20250705-wa0009\/\" data-orig-file=\"https:\/\/www.montceautriathlon.com\/blog\/wp-content\/uploads\/2025\/07\/IMG-20250705-WA0009.jpg\" data-orig-size=\"1536,2048\" data-comments-opened=\"1\" data-image-meta=\"{&quot;aperture&quot;:&quot;0&quot;,&quot;credit&quot;:&quot;&quot;,&quot;camera&quot;:&quot;&quot;,&quot;caption&quot;:&quot;&quot;,&quot;created_timestamp&quot;:&quot;0&quot;,&quot;copyright&quot;:&quot;&quot;,&quot;focal_length&quot;:&quot;0&quot;,&quot;iso&quot;:&quot;0&quot;,&quot;shutter_speed&quot;:&quot;0&quot;,&quot;title&quot;:&quot;&quot;,&quot;orientation&quot;:&quot;0&quot;}\" data-image-title=\"IMG-20250705-WA0009\" data-image-description=\"\" data-image-caption=\"\" data-medium-file=\"https:\/\/www.montceautriathlon.com\/blog\/wp-content\/uploads\/2025\/07\/IMG-20250705-WA0009-225x300.jpg\" data-large-file=\"https:\/\/www.montceautriathlon.com\/blog\/wp-content\/uploads\/2025\/07\/IMG-20250705-WA0009-768x1024.jpg\" loading=\"lazy\" width=\"768\" height=\"1024\" src=\"https:\/\/www.montceautriathlon.com\/blog\/wp-content\/uploads\/2025\/07\/IMG-20250705-WA0009-768x1024.jpg\" alt=\"\" data-id=\"7992\" data-full-url=\"https:\/\/www.montceautriathlon.com\/blog\/wp-content\/uploads\/2025\/07\/IMG-20250705-WA0009.jpg\" data-link=\"https:\/\/www.montceautriathlon.com\/blog\/?attachment_id=7992\" class=\"wp-image-7992\" srcset=\"https:\/\/www.montceautriathlon.com\/blog\/wp-content\/uploads\/2025\/07\/IMG-20250705-WA0009-768x1024.jpg 768w, https:\/\/www.montceautriathlon.com\/blog\/wp-content\/uploads\/2025\/07\/IMG-20250705-WA0009-225x300.jpg 225w, https:\/\/www.montceautriathlon.com\/blog\/wp-content\/uploads\/2025\/07\/IMG-20250705-WA0009-1152x1536.jpg 1152w, https:\/\/www.montceautriathlon.com\/blog\/wp-content\/uploads\/2025\/07\/IMG-20250705-WA0009.jpg 1536w\" sizes=\"(max-width: 768px) 100vw, 768px\" \/><\/a><\/figure><\/li><\/ul><\/figure>\n\n\n\n<p><\/p>\n","protected":false},"excerpt":{"rendered":"<p>Ce samedi 5 juillet marque la fin des entrainements des jeunes de l&rsquo;\u00e9cole. A cette occasion, les jeunes \u00e9taient convi\u00e9s \u00e0 un dernier entrainement ludique avec des jeux collectifs. A l&rsquo;issue de celui ci, les bracelets EFT (\u00e9cole fran\u00e7aise de triathlon) ont \u00e9t\u00e9 remis aux jeunes. Cette remise a \u00e9t\u00e9 suivi d&rsquo;un petit ap\u00e9ro sportif [&hellip;]<\/p>\n","protected":false},"author":7,"featured_media":7988,"comment_status":"open","ping_status":"open","sticky":false,"template":"","format":"standard","meta":{"spay_email":"","jetpack_publicize_message":"","jetpack_is_tweetstorm":false},"categories":[1],"tags":[],"jetpack_featured_media_url":"https:\/\/www.montceautriathlon.com\/blog\/wp-content\/uploads\/2025\/07\/IMG-20250705-WA0004-1.jpg","jetpack_publicize_connections":[],"jetpack_sharing_enabled":true,"jetpack_shortlink":"https:\/\/wp.me\/p8bwIy-24N","jetpack-related-posts":[{"id":5123,"url":"https:\/\/www.montceautriathlon.com\/blog\/2022\/06\/15\/journee-famille-une-premiere-reussie\/","url_meta":{"origin":7985,"position":0},"title":"Journ\u00e9e famille : une premi\u00e8re r\u00e9ussie !","date":"15 juin 2022","format":false,"excerpt":"Ce dimanche 12 juin, le club a organis\u00e9 une journ\u00e9e d\u00e9tente pour l'\u00e9cole de triathlon en conviant les jeunes et leurs parents \u00e0 partager ensemble et avec les \u00e9ducateurs du club un bon moment de convivialit\u00e9. C'est donc sous un beau soleil qu'une trentaine de jeunes du club ont ralli\u00e9\u2026","rel":"","context":"Dans &quot;Non class\u00e9&quot;","img":{"alt_text":"","src":"https:\/\/i1.wp.com\/www.montceautriathlon.com\/blog\/wp-content\/uploads\/2022\/06\/IMG_20220612_144011-scaled.jpg?resize=350%2C200&ssl=1","width":350,"height":200},"classes":[]},{"id":4669,"url":"https:\/\/www.montceautriathlon.com\/blog\/2021\/11\/02\/stage-club-de-lecole-de-triathlon\/","url_meta":{"origin":7985,"position":1},"title":"Stage club de l&rsquo;\u00e9cole de triathlon","date":"2 novembre 2021","format":false,"excerpt":"Petit retour sur le stage de l'\u00e9cole de triathlon lors de la 1e semaine des vacances de la Toussaint.Les jeunes mini poussins, poussins et pupilles se sont retrouv\u00e9s les matins pour de la course d'orientation, du bike and run, de la course \u00e0 pied, des jeux collectifs et \u00e0 chaque\u2026","rel":"","context":"Dans &quot;Non class\u00e9&quot;","img":{"alt_text":"","src":"https:\/\/i1.wp.com\/www.montceautriathlon.com\/blog\/wp-content\/uploads\/2021\/11\/IMG_3588.jpg?resize=350%2C200&ssl=1","width":350,"height":200},"classes":[]},{"id":742,"url":"https:\/\/www.montceautriathlon.com\/blog\/2016\/07\/08\/tests-de-certification-de-lecole-francaise-de-triathlon-02-juillet-2016\/","url_meta":{"origin":7985,"position":2},"title":"Tests de certification de l&rsquo;\u00e9cole fran\u00e7aise de triathlon (02 juillet 2016)","date":"8 juillet 2016","format":false,"excerpt":"Samedi 02 juillet \u00e0 Autun, une cinquantaine de jeunes de diff\u00e9rents clubs de la ligue (Autun, Dijon, Chenove, Nevers, Le creusot et Montceau) ont pu r\u00e9aliser les tests de certification de l'\u00e9cole fran\u00e7aise de triathlon. 12 Jeunes du club ont particip\u00e9. Les ateliers natation se sont d\u00e9roul\u00e9s le matin dans\u2026","rel":"","context":"Dans &quot;slide show&quot;","img":{"alt_text":"","src":"https:\/\/i2.wp.com\/www.montceautriathlon.com\/blog\/wp-content\/uploads\/2016\/07\/Test_Autun_2016.jpg?resize=350%2C200&ssl=1","width":350,"height":200},"classes":[]},{"id":5434,"url":"https:\/\/www.montceautriathlon.com\/blog\/2022\/11\/02\/retour-sur-une-belle-semaine-ensoleillee-de-stage-au-sein-de-lecole-de-triathlon\/","url_meta":{"origin":7985,"position":3},"title":"Retour sur une belle semaine ensoleill\u00e9e de stage au sein de l&rsquo;\u00e9cole de triathlon.","date":"2 novembre 2022","format":false,"excerpt":"Les ados se sont retrouv\u00e9s pour diverses activit\u00e9s : sortie v\u00e9lo de route, bike and run, course d'orientation, sortie VTT et sports collectifs (basket, ultimate). Les plus jeunes quant \u00e0 eux se sont essay\u00e9s pour la premi\u00e8re fois pour certains d'entre eux \u00e0 la course d'orientation, au bike and run\u2026","rel":"","context":"Dans &quot;Non class\u00e9&quot;","img":{"alt_text":"","src":"https:\/\/i1.wp.com\/www.montceautriathlon.com\/blog\/wp-content\/uploads\/2022\/11\/IMG_9062-scaled.jpeg?resize=350%2C200&ssl=1","width":350,"height":200},"classes":[]},{"id":5017,"url":"https:\/\/www.montceautriathlon.com\/blog\/2022\/04\/15\/sensibilisation-arbitrage-les-jeunes-de-lecole-ont-bien-repondu\/","url_meta":{"origin":7985,"position":4},"title":"Sensibilisation arbitrage : les jeunes de l&rsquo;\u00e9cole ont bien r\u00e9pondu !","date":"15 avril 2022","format":false,"excerpt":"Plusieurs fois report\u00e9e, cette sensibilisation a pu finalement se tenir ce mercredi soir en l'absence d'entra\u00eenement de natation due \u00e0 la fermeture de la piscine... Jean Da Eira formateur des arbitres au sein de la Ligue , accompagn\u00e9 de Nicole Lukowitz nouvelle arbitre du club et des \u00e9ducateurs : Sophie,\u2026","rel":"","context":"Dans &quot;Non class\u00e9&quot;","img":{"alt_text":"","src":"https:\/\/i0.wp.com\/www.montceautriathlon.com\/blog\/wp-content\/uploads\/2022\/04\/arbitrage-4-scaled.jpg?resize=350%2C200&ssl=1","width":350,"height":200},"classes":[]},{"id":4051,"url":"https:\/\/www.montceautriathlon.com\/blog\/2021\/05\/11\/velorution-tranquille-a-montceau\/","url_meta":{"origin":7985,"position":5},"title":"V\u00e9lorution tranquille \u00e0 Montceau","date":"11 mai 2021","format":false,"excerpt":"L'\u00e9cole de triathlon a particip\u00e9 ce samedi 8 mai \u00e0 la manifestation conviviale en v\u00e9lo \"V\u00e9lorution\" \u00e0 l'initiative de l'association Mines de Rayons. L'objectif \u00e9tait de promouvoir la place du v\u00e9lo en ville en toute s\u00e9curit\u00e9. Les accidents \u00e9tant trop nombreux, apprenons cyclistes et automobilistes \u00e0 cohabiter sur la route\u2026","rel":"","context":"Dans &quot;Non class\u00e9&quot;","img":{"alt_text":"","src":"https:\/\/i0.wp.com\/www.montceautriathlon.com\/blog\/wp-content\/uploads\/2021\/05\/velorution-scaled.jpg?resize=350%2C200&ssl=1","width":350,"height":200},"classes":[]}],"_links":{"self":[{"href":"https:\/\/www.montceautriathlon.com\/blog\/wp-json\/wp\/v2\/posts\/7985"}],"collection":[{"href":"https:\/\/www.montceautriathlon.com\/blog\/wp-json\/wp\/v2\/posts"}],"about":[{"href":"https:\/\/www.montceautriathlon.com\/blog\/wp-json\/wp\/v2\/types\/post"}],"author":[{"embeddable":true,"href":"https:\/\/www.montceautriathlon.com\/blog\/wp-json\/wp\/v2\/users\/7"}],"replies":[{"embeddable":true,"href":"https:\/\/www.montceautriathlon.com\/blog\/wp-json\/wp\/v2\/comments?post=7985"}],"version-history":[{"count":1,"href":"https:\/\/www.montceautriathlon.com\/blog\/wp-json\/wp\/v2\/posts\/7985\/revisions"}],"predecessor-version":[{"id":7993,"href":"https:\/\/www.montceautriathlon.com\/blog\/wp-json\/wp\/v2\/posts\/7985\/revisions\/7993"}],"wp:featuredmedia":[{"embeddable":true,"href":"https:\/\/www.montceautriathlon.com\/blog\/wp-json\/wp\/v2\/media\/7988"}],"wp:attachment":[{"href":"https:\/\/www.montceautriathlon.com\/blog\/wp-json\/wp\/v2\/media?parent=7985"}],"wp:term":[{"taxonomy":"category","embeddable":true,"href":"https:\/\/www.montceautriathlon.com\/blog\/wp-json\/wp\/v2\/categories?post=7985"},{"taxonomy":"post_tag","embeddable":true,"href":"https:\/\/www.montceautriathlon.com\/blog\/wp-json\/wp\/v2\/tags?post=7985"}],"curies":[{"name":"wp","href":"https:\/\/api.w.org\/{rel}","templated":true}]}}