{"id":768,"date":"2016-09-06T11:45:47","date_gmt":"2016-09-06T10:45:47","guid":{"rendered":"http:\/\/montceautriathlon.com\/blog\/?p=768"},"modified":"2016-09-06T12:23:58","modified_gmt":"2016-09-06T11:23:58","slug":"resultats-du-triathlon-de-nevers-14-aout-2016","status":"publish","type":"post","link":"https:\/\/www.montceautriathlon.com\/blog\/2016\/09\/06\/resultats-du-triathlon-de-nevers-14-aout-2016\/","title":{"rendered":"R\u00e9sultats du triathlon de Nevers (14 ao\u00fbt 2016)"},"content":{"rendered":"<p><a href=\"http:\/\/montceautriathlon.com\/blog\/wp-content\/uploads\/2016\/09\/Affiche_Triathlon_Nevers_2016.jpg\" target=\"_blank\"><img data-attachment-id=\"772\" data-permalink=\"https:\/\/www.montceautriathlon.com\/blog\/2016\/09\/06\/resultats-du-triathlon-de-nevers-14-aout-2016\/affiche_triathlon_nevers_2016\/\" data-orig-file=\"https:\/\/www.montceautriathlon.com\/blog\/wp-content\/uploads\/2016\/09\/Affiche_Triathlon_Nevers_2016.jpg\" data-orig-size=\"424,600\" data-comments-opened=\"1\" data-image-meta=\"{&quot;aperture&quot;:&quot;0&quot;,&quot;credit&quot;:&quot;&quot;,&quot;camera&quot;:&quot;&quot;,&quot;caption&quot;:&quot;&quot;,&quot;created_timestamp&quot;:&quot;0&quot;,&quot;copyright&quot;:&quot;&quot;,&quot;focal_length&quot;:&quot;0&quot;,&quot;iso&quot;:&quot;0&quot;,&quot;shutter_speed&quot;:&quot;0&quot;,&quot;title&quot;:&quot;&quot;,&quot;orientation&quot;:&quot;0&quot;}\" data-image-title=\"Affiche_Triathlon_Nevers_2016\" data-image-description=\"\" data-image-caption=\"\" data-medium-file=\"https:\/\/www.montceautriathlon.com\/blog\/wp-content\/uploads\/2016\/09\/Affiche_Triathlon_Nevers_2016-212x300.jpg\" data-large-file=\"https:\/\/www.montceautriathlon.com\/blog\/wp-content\/uploads\/2016\/09\/Affiche_Triathlon_Nevers_2016.jpg\" loading=\"lazy\" class=\"wp-image-772 size-thumbnail alignleft\" src=\"http:\/\/montceautriathlon.com\/blog\/wp-content\/uploads\/2016\/09\/Affiche_Triathlon_Nevers_2016-150x150.jpg\" alt=\"Affiche_Triathlon_Nevers_2016\" width=\"150\" height=\"150\" \/><\/a><a href=\"https:\/\/pptoffotos.com\/triathlon-de-nevers-magny-cours-2016__trashed\/triathlon-de-nevers-magny-cours-2016\/\" target=\"_blank\">Lien Photos<\/a><\/p>\n<p><span style=\"text-decoration: underline;\">Tous les r\u00e9sultats<\/span>:<\/p>\n<p><a href=\"http:\/\/chronoweb.com\/resultats.html\" target=\"_blank\">Duathlon 6-9 ans<\/a><\/p>\n<p>Neige LEBOEUF : 14\/6POF\/00:07:10<\/p>\n<p>Julie DEMORTIERE : 16\/6POF\/00:08:10<\/p>\n<p><a href=\"http:\/\/chronoweb.com\/resultats.html\" target=\"_blank\">Duathlon 10-13 ans<\/a><\/p>\n<p>Marie DEMORTIERE : 5\/1PUF\/00:17:05<\/p>\n<p>Marine DA EIRA : 16\/4PUF\/00:20:16<\/p>\n<p><a href=\"http:\/\/chronoweb.com\/resultats.html\" target=\"_blank\">Jeunes 12-19 ans<\/a><\/p>\n<p>Alexis DEMORTIERE : 6\/1BEH\/00:25:25<\/p>\n<p>No\u00e9 DUTARTRE: 9\/4MIH\/00:26:17<\/p>\n<p>Marjolaine DANGEUL : 15\/2MIF\/00:30:36<\/p>\n<p><a href=\"http:\/\/chronoweb.com\/resultats.html\" target=\"_blank\">\u00c9preuve S individuel<\/a><\/p>\n<p>Philippe LEBOEUF : 46\/7V2H\/01:15:18<\/p>\n<p>Matt\u00e9o DUTARTRE : 69\/3CAH\/01:19:02<\/p>\n<p>Sandrine MARCHAND : 71\/2V2F\/01:19:11<\/p>\n<p>Nicole LUKOWITZ : 127\/4V2F\/01:27:52<\/p>\n<p>Val\u00e9rie JUSSEAU : 131\/5V2F\/01:28:52<\/p>\n<p>Elisabeth NOSEDA : 150\/5V1F\/01:36:28<\/p>\n<p><a href=\"http:\/\/montceautriathlon.com\/blog\/wp-content\/uploads\/2016\/07\/Triathlon_Gray_2016_M.pdf\" target=\"_blank\">\u00c9preuve M individuel<\/a><\/p>\n<p>Aude DEMORTIERE : 93\/1S4F\/02:41:18<\/p>\n<p>Jean Baptiste CLEMENT : 110\/19S2H\/02:43:32<\/p>\n<p>Sandrine GHESQUIERE : 170\/2V1F\/02:58:00<\/p>\n<p>Fr\u00e9d\u00e9ric GHESQUIERE : 178\/22V1H\/02:59:00<\/p>\n<p>Sophie ROUSSEAU : 238\/5V1F\/03:23:28<\/p>\n<p><a href=\"http:\/\/montceautriathlon.com\/blog\/wp-content\/uploads\/2016\/07\/Triathlon_Gray_2016_M.pdf\" target=\"_blank\">\u00c9preuve M relais<\/a><\/p>\n<p>NOSEDA\/JUSSEAU\/WOLF (TRIPASSION71) : 17\/8EH\/02:59:48<\/p>\n","protected":false},"excerpt":{"rendered":"<p>Lien Photos Tous les r\u00e9sultats: Duathlon 6-9 ans Neige LEBOEUF : 14\/6POF\/00:07:10 Julie DEMORTIERE : 16\/6POF\/00:08:10 Duathlon 10-13 ans Marie DEMORTIERE : 5\/1PUF\/00:17:05 Marine DA EIRA : 16\/4PUF\/00:20:16 Jeunes 12-19 ans Alexis DEMORTIERE : 6\/1BEH\/00:25:25 No\u00e9 DUTARTRE: 9\/4MIH\/00:26:17 Marjolaine DANGEUL : 15\/2MIF\/00:30:36 \u00c9preuve S individuel Philippe LEBOEUF : 46\/7V2H\/01:15:18 Matt\u00e9o DUTARTRE : 69\/3CAH\/01:19:02 Sandrine MARCHAND [&hellip;]<\/p>\n","protected":false},"author":1,"featured_media":0,"comment_status":"open","ping_status":"open","sticky":false,"template":"","format":"standard","meta":{"spay_email":"","jetpack_publicize_message":"","jetpack_is_tweetstorm":false},"categories":[1],"tags":[],"jetpack_featured_media_url":"","jetpack_publicize_connections":[],"jetpack_sharing_enabled":true,"jetpack_shortlink":"https:\/\/wp.me\/p8bwIy-co","jetpack-related-posts":[{"id":181,"url":"https:\/\/www.montceautriathlon.com\/blog\/2016\/03\/17\/resultats-du-duathlon-de-chalonsaone\/","url_meta":{"origin":768,"position":0},"title":"R\u00e9sultats Duathlon de Chalon\/Sa\u00f4ne (13 mars 2016)","date":"17 mars 2016","format":false,"excerpt":"Le duathlon de Chalon s\u2019est d\u00e9roul\u00e9 le dimanche 13 mars avec la participation de plusieurs de nos triathl\u00e8tes. F\u00e9licitation \u00e0 Ludivine LEQUIN qui finit vice championne de Bourgogne dans la cat\u00e9gorie cadette. Maryl\u00e8ne et Ludivine LEQUIN se sont qualifi\u00e9es pour les championnats de France Jeune de Duathlon qui se d\u00e9roulera\u2026","rel":"","context":"Dans &quot;Non class\u00e9&quot;","img":{"alt_text":"","src":"","width":0,"height":0},"classes":[]},{"id":2663,"url":"https:\/\/www.montceautriathlon.com\/blog\/2019\/03\/26\/24-03-19-duathlon-de-macon-debut-de-saison-et-plein-demotions\/","url_meta":{"origin":768,"position":1},"title":"24\/03\/19, Duathlon de M\u00e2con : d\u00e9but de saison et plein d&rsquo;\u00e9motions !","date":"26 mars 2019","format":false,"excerpt":"M\u00e2con \u00e9tait ce dimanche lieu des Championnats de Bourgogne Franche Comt\u00e9 de Duathlon toutes cat\u00e9gories et \u00e9preuve s\u00e9lective au Championnat de France de Duathlon Jeunes,\u00a0 \u00e0 la Coupe de France des clubs et \u00e0 la demi-finale des championnats de France de D2 f\u00e9minine et D3 masculine. Le printemps et son\u2026","rel":"","context":"Dans &quot;Non class\u00e9&quot;","img":{"alt_text":"","src":"https:\/\/i0.wp.com\/montceautriathlon.com\/blog\/wp-content\/uploads\/2019\/03\/Duathlon-Macon-03-19-38-300x225.jpg?resize=350%2C200","width":350,"height":200},"classes":[]},{"id":1812,"url":"https:\/\/www.montceautriathlon.com\/blog\/2018\/03\/13\/duathlon-de-chalon-rully\/","url_meta":{"origin":768,"position":2},"title":"Duathlon de Chalon\/Rully","date":"13 mars 2018","format":false,"excerpt":"Orage, \u00d4 d\u00e9sespoir !\u00a0 \u00d4 m\u00e9t\u00e9o ennemie !\u00a0 Par Toutatis !\u00a0 Le ciel est donc tomb\u00e9 sur la t\u00eate\u00a0 des concurrents de l'\u00e9preuve S qualificative pour les France de Duathlon. Arros\u00e9s, gr\u00eal\u00e9s, ils ont du poser pied \u00e0 terre pendant l'\u00e9preuve cycliste !\u00a0 Sage d\u00e9cision\u00a0 des officiels qui se doivent\u2026","rel":"","context":"Dans &quot;Non class\u00e9&quot;","img":{"alt_text":"","src":"","width":0,"height":0},"classes":[]},{"id":1005,"url":"https:\/\/www.montceautriathlon.com\/blog\/2016\/12\/07\/resultats-de-la-corrida-de-chalon-dimanche-04-decembre-2016\/","url_meta":{"origin":768,"position":3},"title":"R\u00e9sultats de la Corrida de Chalon (Dimanche 04 d\u00e9cembre 2016)","date":"7 d\u00e9cembre 2016","format":false,"excerpt":"Tous les r\u00e9sultats: Course 1 : Marie DEMORTIERE : 4\u00b0 scratch\/1iere POF\/00:04:26 Jeanne RNDIER : 19\u00b0\/5\u00b0 POF\/00:04:54 Course 3 : Alexis DEMORTIERE : 6\u00b0 scratch\/6\u00b0 MIM\/00:08:42 Course 5 : Emmanuel PAWESKA : 9\u00b0 scratch\/3\u00b0 JUM\/00:16:38 Course 7 : Pascal VAURY : 26\u00b0 scratch\/3\u00b0 V2M\/00:37:56 Christophe COUTURIER : 50\u00b0\/12\u00b0 V1M\/00:39:34 Corentin\u2026","rel":"","context":"Dans &quot;Non class\u00e9&quot;","img":{"alt_text":"","src":"","width":0,"height":0},"classes":[]},{"id":1264,"url":"https:\/\/www.montceautriathlon.com\/blog\/2017\/05\/22\/triathlon-du-pillon-dimanche-21-mai-2017\/","url_meta":{"origin":768,"position":4},"title":"Triathlon du Pilon (Dimanche 21 mai 2017)","date":"22 mai 2017","format":false,"excerpt":"Pour le premier triathlon du Creusot, le club s'est d\u00e9plac\u00e9 en nombre avec pas mois\u00a0de 28 licenci\u00e9s, ce qui fait\u00a0du club le plus repr\u00e9sent\u00e9. Les jeunes ont lev\u00e9s haut les couleurs du club ainsi que les moins jeunes, avec \u00e0 la cl\u00e9 13 podiums. Bravo \u00e0 toutes et \u00e0 tous\u2026","rel":"","context":"Dans &quot;Non class\u00e9&quot;","img":{"alt_text":"","src":"https:\/\/i2.wp.com\/www.montceautriathlon.com\/blog\/wp-content\/uploads\/2017\/05\/Photo1_Triathlon_Pilon_2017.jpg?resize=350%2C200&ssl=1","width":350,"height":200},"classes":[]},{"id":1040,"url":"https:\/\/www.montceautriathlon.com\/blog\/2017\/01\/20\/resultats-du-bike-run-de-bourbon-lancy-dimanche-15-janvier-2017\/","url_meta":{"origin":768,"position":5},"title":"R\u00e9sultats du Bike &#038; Run de Bourbon Lancy (Dimanche 15 janvier 2017)","date":"20 janvier 2017","format":false,"excerpt":"Tous les r\u00e9sultats: Jeunes 1: Antoine BALLET\/Marie DEMORTIERE\u00a0(Les winners) : 3\u00b0 scratsh\/2\u00b0\u00a0Mixtes\/00:09:23 Zo\u00e9 DA EIRA\/Julie DEMORTIERE (Le mini Montcelliennes) : 14\u00b0\/4\u00b0\/00:13:11 Jeunes 2: Alexis DEMORTIERE\/Antonin LANDRE (Les Couz') : 2\u00b0 scratch\/2\u00b0 Gar\u00e7ons\/00:15:54 Elisa BERENGER\/Sarah Line DE SOUSA (Elisa & Sarah Line) : 18\u00b0\/1\u00b0 Filles \/00:20:58 Marine DA EIRA\/Agathe BERTHIER (Les\u2026","rel":"","context":"Dans &quot;Non class\u00e9&quot;","img":{"alt_text":"","src":"","width":0,"height":0},"classes":[]}],"_links":{"self":[{"href":"https:\/\/www.montceautriathlon.com\/blog\/wp-json\/wp\/v2\/posts\/768"}],"collection":[{"href":"https:\/\/www.montceautriathlon.com\/blog\/wp-json\/wp\/v2\/posts"}],"about":[{"href":"https:\/\/www.montceautriathlon.com\/blog\/wp-json\/wp\/v2\/types\/post"}],"author":[{"embeddable":true,"href":"https:\/\/www.montceautriathlon.com\/blog\/wp-json\/wp\/v2\/users\/1"}],"replies":[{"embeddable":true,"href":"https:\/\/www.montceautriathlon.com\/blog\/wp-json\/wp\/v2\/comments?post=768"}],"version-history":[{"count":6,"href":"https:\/\/www.montceautriathlon.com\/blog\/wp-json\/wp\/v2\/posts\/768\/revisions"}],"predecessor-version":[{"id":775,"href":"https:\/\/www.montceautriathlon.com\/blog\/wp-json\/wp\/v2\/posts\/768\/revisions\/775"}],"wp:attachment":[{"href":"https:\/\/www.montceautriathlon.com\/blog\/wp-json\/wp\/v2\/media?parent=768"}],"wp:term":[{"taxonomy":"category","embeddable":true,"href":"https:\/\/www.montceautriathlon.com\/blog\/wp-json\/wp\/v2\/categories?post=768"},{"taxonomy":"post_tag","embeddable":true,"href":"https:\/\/www.montceautriathlon.com\/blog\/wp-json\/wp\/v2\/tags?post=768"}],"curies":[{"name":"wp","href":"https:\/\/api.w.org\/{rel}","templated":true}]}}