{"id":753,"date":"2016-07-21T11:59:51","date_gmt":"2016-07-21T10:59:51","guid":{"rendered":"http:\/\/montceautriathlon.com\/blog\/?p=753"},"modified":"2016-07-21T12:30:50","modified_gmt":"2016-07-21T11:30:50","slug":"resultats-du-triathlon-de-gray-1617-juillet-2016","status":"publish","type":"post","link":"https:\/\/www.montceautriathlon.com\/blog\/2016\/07\/21\/resultats-du-triathlon-de-gray-1617-juillet-2016\/","title":{"rendered":"R\u00e9sultats du triathlon de Gray (16&#038;17 juillet 2016)"},"content":{"rendered":"<p>Les week-ends se suivent et se ressemblent avec encore une forte chaleur ce dimanche.<\/p>\n<p>Une dizaine de triathl\u00e8tes du club ont fait le d\u00e9placement \u00e0 Gray, avec \u00e0 la cl\u00e9 un podium pour Sandrine MARCHAND qui termine 3i\u00e8me sur l&rsquo;\u00e9preuve M.<\/p>\n<p><a href=\"https:\/\/goo.gl\/photos\/Jp3N327DReNCqGqAA\" target=\"_blank\">Lien Photos de Christelle MAGNIEN<\/a><\/p>\n<p><span style=\"text-decoration: underline;\">Tous les r\u00e9sultats<\/span>:<\/p>\n<p><a href=\"http:\/\/montceautriathlon.com\/blog\/wp-content\/uploads\/2016\/07\/Triathlon_Gray_2016_M.pdf\" target=\"_blank\">\u00c9preuve M individuel<\/a><\/p>\n<p>Laurent MAGNIEN : 90\/44SH\/02:43:10<\/p>\n<p>Alain GUICHARD : 112\/33VH\/02:48:17<\/p>\n<p>Philippe LEFOEUF : 114\/34VH\/02:48:31<\/p>\n<p>Michel CANNET : 125\/40VH\/02:51:04<\/p>\n<p>Patrice CLARAY : 133\/46VH\/02:53:04<\/p>\n<p>Pierre GALEWSKI : 136\/60SH\/02:54:36<\/p>\n<p>Sandrine MARCHAND : 147\/3VF\/2:58:34<\/p>\n<p>Ludovic BALLICO : 161\/68SH\/03:01:03<\/p>\n<p>Sandrine GHESQUIERE : 163\/6VF\/03:02:03<\/p>\n<p>Val\u00e9rie RIEME : 229\/22VF\/03:35:11<\/p>\n<p><a href=\"http:\/\/montceautriathlon.com\/blog\/wp-content\/uploads\/2016\/07\/Triathlon_Gray_2016_M.pdf\" target=\"_blank\">\u00c9preuve M relais<\/a><\/p>\n<p>Jean-Jacques BOULAY\/Ir\u00e8ne VULIN : 213\/12EQ\/03:21:29<\/p>\n<p><a href=\"http:\/\/montceautriathlon.com\/blog\/wp-content\/uploads\/2016\/07\/Triathlon_Gray_2016_L.pdf\" target=\"_blank\">\u00c9preuve L individuel<\/a><\/p>\n<p>Beno\u00eet THIERRY : 86\/39VH\/04:54:52<\/p>\n","protected":false},"excerpt":{"rendered":"<p>Les week-ends se suivent et se ressemblent avec encore une forte chaleur ce dimanche. Une dizaine de triathl\u00e8tes du club ont fait le d\u00e9placement \u00e0 Gray, avec \u00e0 la cl\u00e9 un podium pour Sandrine MARCHAND qui termine 3i\u00e8me sur l&rsquo;\u00e9preuve M. Lien Photos de Christelle MAGNIEN Tous les r\u00e9sultats: \u00c9preuve M individuel Laurent MAGNIEN : [&hellip;]<\/p>\n","protected":false},"author":1,"featured_media":0,"comment_status":"open","ping_status":"open","sticky":false,"template":"","format":"standard","meta":{"spay_email":"","jetpack_publicize_message":"","jetpack_is_tweetstorm":false},"categories":[1],"tags":[],"jetpack_featured_media_url":"","jetpack_publicize_connections":[],"jetpack_sharing_enabled":true,"jetpack_shortlink":"https:\/\/wp.me\/p8bwIy-c9","jetpack-related-posts":[{"id":2005,"url":"https:\/\/www.montceautriathlon.com\/blog\/2018\/06\/18\/besancon25-cublize69vassiviere87-aurillac-15-week-end-charge-ces-16-et-17-juin\/","url_meta":{"origin":753,"position":0},"title":"Besan\u00e7on(25), Cublize(69),Vassivi\u00e8re(87), Aurillac (15) week-end charg\u00e9 ces 16 et 17 juin !","date":"18 juin 2018","format":false,"excerpt":"Week-end charg\u00e9 effectivement avec notre \u00e9quipe f\u00e9minine \u00e0 Besan\u00e7on qui s'est brillamment qualifi\u00e9e pour la finale D3 de triathlon en remportant l'\u00e9preuve Grand\/Est \u00e0 Besan\u00e7on , une grosse douzaines de triathl\u00e8tes du club sur le difficile triathlon courte distance (format M) du lac des Sapins \u00e0 Cublize avec une belle\u2026","rel":"","context":"Dans &quot;Non class\u00e9&quot;","img":{"alt_text":"","src":"https:\/\/i0.wp.com\/montceautriathlon.com\/blog\/wp-content\/uploads\/2018\/06\/podium-1-300x288.jpg?resize=350%2C200","width":350,"height":200},"classes":[]},{"id":768,"url":"https:\/\/www.montceautriathlon.com\/blog\/2016\/09\/06\/resultats-du-triathlon-de-nevers-14-aout-2016\/","url_meta":{"origin":753,"position":1},"title":"R\u00e9sultats du triathlon de Nevers (14 ao\u00fbt 2016)","date":"6 septembre 2016","format":false,"excerpt":"Lien Photos Tous les r\u00e9sultats: Duathlon 6-9 ans Neige LEBOEUF : 14\/6POF\/00:07:10 Julie DEMORTIERE : 16\/6POF\/00:08:10 Duathlon 10-13 ans Marie DEMORTIERE : 5\/1PUF\/00:17:05 Marine DA EIRA : 16\/4PUF\/00:20:16 Jeunes 12-19 ans Alexis DEMORTIERE : 6\/1BEH\/00:25:25 No\u00e9 DUTARTRE: 9\/4MIH\/00:26:17 Marjolaine DANGEUL : 15\/2MIF\/00:30:36 \u00c9preuve S individuel Philippe LEBOEUF : 46\/7V2H\/01:15:18 Matt\u00e9o\u2026","rel":"","context":"Dans &quot;Non class\u00e9&quot;","img":{"alt_text":"","src":"","width":0,"height":0},"classes":[]},{"id":1737,"url":"https:\/\/www.montceautriathlon.com\/blog\/2018\/01\/16\/resultats-br-bourbon-14-janvier-2018\/","url_meta":{"origin":753,"position":2},"title":"RESULTATS B&#038;R BOURBON 14 janvier 2018","date":"16 janvier 2018","format":false,"excerpt":"14 \u00e9quipes du club ont effectu\u00e9 le d\u00e9placement \u00e0 Bourbon , 14 \u00e9quipes sur 48 engag\u00e9es pour le XS ! Et 4 \u00e9quipes jeunes! Une belle participation ! Et sous le soleil ! Sans la boue !\u00a0 Les r\u00e9sultats complets en suivant le lien et les r\u00e9sultats du club ci-dessous\u2026","rel":"","context":"Dans &quot;Non class\u00e9&quot;","img":{"alt_text":"","src":"https:\/\/i0.wp.com\/montceautriathlon.com\/blog\/wp-content\/uploads\/2018\/01\/babeth-300x225.jpg?resize=350%2C200","width":350,"height":200},"classes":[]},{"id":9230,"url":"https:\/\/www.montceautriathlon.com\/blog\/2026\/08\/05\/1r-week-end-de-juillet\/","url_meta":{"origin":753,"position":3},"title":"1r week end de juillet","date":"5 ao\u00fbt 2026","format":false,"excerpt":"Le club avait d\u00e9sign\u00e9 le Triathlon du M\u00e2connais comme sortie club cette ann\u00e9e. Les montcelliens \u00a0\u00e9taient donc pr\u00e9sents tout le week-end du 4 et 5 juillet sur tous les formats, avec de tr\u00e8s bons r\u00e9sultats !\u00a0 \u00a0 Triathlon 6-9 ans : Louise S\u00e9nicourt, 4e \u00a0PoF Tim\u00e9o Duprat, 20e \u00a0 Triathlon\u2026","rel":"","context":"Dans &quot;Non class\u00e9&quot;","img":{"alt_text":"","src":"https:\/\/i2.wp.com\/www.montceautriathlon.com\/blog\/wp-content\/uploads\/2026\/08\/744316610_18356237365301262_6022665023000013090_n.jpg?resize=350%2C200&ssl=1","width":350,"height":200},"classes":[]},{"id":2161,"url":"https:\/\/www.montceautriathlon.com\/blog\/2018\/09\/10\/auxonne-ca-fonctionne-9-09-2018\/","url_meta":{"origin":753,"position":4},"title":"Auxonne, \u00e7a fonctionne !     9\/09\/2018","date":"10 septembre 2018","format":false,"excerpt":"A Auxonne, peu\u00a0 de couronnes sauf Ludivine et Maryl\u00e8ne\u00a0 Lequin qui (dans leur cat\u00e9gorie ) rayonnent ! (1\u00e8re FJU et 1\u00e8reFS1)\u00a0 En ce presque d\u00e9but d'automne, l'\u00e9preuve d'Auxonne a fait d\u00e9placer une bonne colonne du club sur les formats M et S (une\u00a0 trentaine de licenci\u00e9s \u00e9tait en effet pr\u00e9sente\u2026","rel":"","context":"Dans &quot;Non class\u00e9&quot;","img":{"alt_text":"","src":"","width":0,"height":0},"classes":[]},{"id":1611,"url":"https:\/\/www.montceautriathlon.com\/blog\/2017\/11\/05\/bike-run-de-chalonsaone-dimanche-05-novembre-2017\/","url_meta":{"origin":753,"position":5},"title":"Bike &#038; Run de Chalon\/Sa\u00f4ne (Dimanche 05 novembre 2017)","date":"5 novembre 2017","format":false,"excerpt":"Tous les r\u00e9sultats: \u00c9preuve Jeunes1: (29 participants) Jeanne RONDIER\/Hugo MENTRE : 6\u00b0 scratch \/ 2\u00b0 J1M \/ 00:08:08 El\u00e9a BERARDAN\/Titouan RONDIER : 13\u00b0 \/ 2\u00b0 J1M \/ 00:08:56 Zo\u00e9 DA EIRA\/Lou GRIVAULT : 19\u00b0 \/ 2\u00b0 J1F \/ 00:09:41 Yasmine MAILLET\/LEFOEUF Neige : 20\u00b0 \/ 3\u00b0 J1F \/ 00:09:43 Garance\u2026","rel":"","context":"Dans &quot;Non class\u00e9&quot;","img":{"alt_text":"","src":"","width":0,"height":0},"classes":[]}],"_links":{"self":[{"href":"https:\/\/www.montceautriathlon.com\/blog\/wp-json\/wp\/v2\/posts\/753"}],"collection":[{"href":"https:\/\/www.montceautriathlon.com\/blog\/wp-json\/wp\/v2\/posts"}],"about":[{"href":"https:\/\/www.montceautriathlon.com\/blog\/wp-json\/wp\/v2\/types\/post"}],"author":[{"embeddable":true,"href":"https:\/\/www.montceautriathlon.com\/blog\/wp-json\/wp\/v2\/users\/1"}],"replies":[{"embeddable":true,"href":"https:\/\/www.montceautriathlon.com\/blog\/wp-json\/wp\/v2\/comments?post=753"}],"version-history":[{"count":5,"href":"https:\/\/www.montceautriathlon.com\/blog\/wp-json\/wp\/v2\/posts\/753\/revisions"}],"predecessor-version":[{"id":760,"href":"https:\/\/www.montceautriathlon.com\/blog\/wp-json\/wp\/v2\/posts\/753\/revisions\/760"}],"wp:attachment":[{"href":"https:\/\/www.montceautriathlon.com\/blog\/wp-json\/wp\/v2\/media?parent=753"}],"wp:term":[{"taxonomy":"category","embeddable":true,"href":"https:\/\/www.montceautriathlon.com\/blog\/wp-json\/wp\/v2\/categories?post=753"},{"taxonomy":"post_tag","embeddable":true,"href":"https:\/\/www.montceautriathlon.com\/blog\/wp-json\/wp\/v2\/tags?post=753"}],"curies":[{"name":"wp","href":"https:\/\/api.w.org\/{rel}","templated":true}]}}