{"id":7493,"date":"2025-05-04T17:41:05","date_gmt":"2025-05-04T16:41:05","guid":{"rendered":"https:\/\/www.montceautriathlon.com\/blog\/?p=7493"},"modified":"2025-05-04T17:41:07","modified_gmt":"2025-05-04T16:41:07","slug":"les-jeunes-en-stage-pour-les-vacances-de-printemps","status":"publish","type":"post","link":"https:\/\/www.montceautriathlon.com\/blog\/2025\/05\/04\/les-jeunes-en-stage-pour-les-vacances-de-printemps\/","title":{"rendered":"Les jeunes en stage pour les vacances de  printemps"},"content":{"rendered":"\n<p>Pendant que les adultes sont en stage dans le sud de la France, les jeunes triathl\u00e8tes montcelliens pr\u00e9parent les prochaines \u00e9ch\u00e9ances sous un beau soleil bourguignon.<\/p>\n\n\n\n<p>Ils ont enchain\u00e9 des s\u00e9ances de v\u00e9lo, de cap et de natation. Ils ont \u00e9t\u00e9 mis dans les conditions de l&rsquo;aquathlon qui aura lieu le 11 mai \u00e0 Montceau.<\/p>\n\n\n\n<p>F\u00e9licitations aux jeunes participants et aux adultes qui ont accompagn\u00e9 les diff\u00e9rents groupes. <\/p>\n\n\n\n<figure class=\"wp-block-gallery columns-3 is-cropped\"><ul data-carousel-extra='{\"blog_id\":1,\"permalink\":\"https:\\\/\\\/www.montceautriathlon.com\\\/blog\\\/2025\\\/05\\\/04\\\/les-jeunes-en-stage-pour-les-vacances-de-printemps\\\/\"}' class=\"blocks-gallery-grid\"><li class=\"blocks-gallery-item\"><figure><a href=\"https:\/\/www.montceautriathlon.com\/blog\/wp-content\/uploads\/2025\/05\/20250430_173955-1024x768.jpg\"><img data-attachment-id=\"7494\" data-permalink=\"https:\/\/www.montceautriathlon.com\/blog\/2025\/05\/04\/les-jeunes-en-stage-pour-les-vacances-de-printemps\/20250430_173955\/\" data-orig-file=\"https:\/\/www.montceautriathlon.com\/blog\/wp-content\/uploads\/2025\/05\/20250430_173955-scaled.jpg\" data-orig-size=\"2560,1920\" data-comments-opened=\"1\" data-image-meta=\"{&quot;aperture&quot;:&quot;1.8&quot;,&quot;credit&quot;:&quot;&quot;,&quot;camera&quot;:&quot;SM-A145R&quot;,&quot;caption&quot;:&quot;&quot;,&quot;created_timestamp&quot;:&quot;1746034795&quot;,&quot;copyright&quot;:&quot;&quot;,&quot;focal_length&quot;:&quot;3.98&quot;,&quot;iso&quot;:&quot;100&quot;,&quot;shutter_speed&quot;:&quot;0.004&quot;,&quot;title&quot;:&quot;&quot;,&quot;orientation&quot;:&quot;1&quot;}\" data-image-title=\"20250430_173955\" data-image-description=\"\" data-image-caption=\"\" data-medium-file=\"https:\/\/www.montceautriathlon.com\/blog\/wp-content\/uploads\/2025\/05\/20250430_173955-300x225.jpg\" data-large-file=\"https:\/\/www.montceautriathlon.com\/blog\/wp-content\/uploads\/2025\/05\/20250430_173955-1024x768.jpg\" loading=\"lazy\" width=\"1024\" height=\"768\" src=\"https:\/\/www.montceautriathlon.com\/blog\/wp-content\/uploads\/2025\/05\/20250430_173955-1024x768.jpg\" alt=\"\" data-id=\"7494\" data-link=\"https:\/\/www.montceautriathlon.com\/blog\/?attachment_id=7494\" class=\"wp-image-7494\" srcset=\"https:\/\/www.montceautriathlon.com\/blog\/wp-content\/uploads\/2025\/05\/20250430_173955-1024x768.jpg 1024w, https:\/\/www.montceautriathlon.com\/blog\/wp-content\/uploads\/2025\/05\/20250430_173955-300x225.jpg 300w, https:\/\/www.montceautriathlon.com\/blog\/wp-content\/uploads\/2025\/05\/20250430_173955-768x576.jpg 768w, https:\/\/www.montceautriathlon.com\/blog\/wp-content\/uploads\/2025\/05\/20250430_173955-1536x1152.jpg 1536w, https:\/\/www.montceautriathlon.com\/blog\/wp-content\/uploads\/2025\/05\/20250430_173955-2048x1536.jpg 2048w\" sizes=\"(max-width: 1024px) 100vw, 1024px\" \/><\/a><\/figure><\/li><li class=\"blocks-gallery-item\"><figure><a href=\"https:\/\/www.montceautriathlon.com\/blog\/wp-content\/uploads\/2025\/05\/20250430_173516-768x1024.jpg\"><img data-attachment-id=\"7495\" data-permalink=\"https:\/\/www.montceautriathlon.com\/blog\/2025\/05\/04\/les-jeunes-en-stage-pour-les-vacances-de-printemps\/20250430_173516\/\" data-orig-file=\"https:\/\/www.montceautriathlon.com\/blog\/wp-content\/uploads\/2025\/05\/20250430_173516-scaled.jpg\" data-orig-size=\"1920,2560\" data-comments-opened=\"1\" data-image-meta=\"{&quot;aperture&quot;:&quot;1.8&quot;,&quot;credit&quot;:&quot;&quot;,&quot;camera&quot;:&quot;SM-A145R&quot;,&quot;caption&quot;:&quot;&quot;,&quot;created_timestamp&quot;:&quot;1746034516&quot;,&quot;copyright&quot;:&quot;&quot;,&quot;focal_length&quot;:&quot;3.98&quot;,&quot;iso&quot;:&quot;125&quot;,&quot;shutter_speed&quot;:&quot;0.006&quot;,&quot;title&quot;:&quot;&quot;,&quot;orientation&quot;:&quot;1&quot;}\" data-image-title=\"20250430_173516\" data-image-description=\"\" data-image-caption=\"\" data-medium-file=\"https:\/\/www.montceautriathlon.com\/blog\/wp-content\/uploads\/2025\/05\/20250430_173516-225x300.jpg\" data-large-file=\"https:\/\/www.montceautriathlon.com\/blog\/wp-content\/uploads\/2025\/05\/20250430_173516-768x1024.jpg\" loading=\"lazy\" width=\"768\" height=\"1024\" src=\"https:\/\/www.montceautriathlon.com\/blog\/wp-content\/uploads\/2025\/05\/20250430_173516-768x1024.jpg\" alt=\"\" data-id=\"7495\" data-link=\"https:\/\/www.montceautriathlon.com\/blog\/?attachment_id=7495\" class=\"wp-image-7495\" srcset=\"https:\/\/www.montceautriathlon.com\/blog\/wp-content\/uploads\/2025\/05\/20250430_173516-768x1024.jpg 768w, https:\/\/www.montceautriathlon.com\/blog\/wp-content\/uploads\/2025\/05\/20250430_173516-225x300.jpg 225w, https:\/\/www.montceautriathlon.com\/blog\/wp-content\/uploads\/2025\/05\/20250430_173516-1152x1536.jpg 1152w, https:\/\/www.montceautriathlon.com\/blog\/wp-content\/uploads\/2025\/05\/20250430_173516-1536x2048.jpg 1536w, https:\/\/www.montceautriathlon.com\/blog\/wp-content\/uploads\/2025\/05\/20250430_173516-scaled.jpg 1920w\" sizes=\"(max-width: 768px) 100vw, 768px\" \/><\/a><\/figure><\/li><li class=\"blocks-gallery-item\"><figure><a href=\"https:\/\/www.montceautriathlon.com\/blog\/wp-content\/uploads\/2025\/05\/20250430_173630-768x1024.jpg\"><img data-attachment-id=\"7496\" data-permalink=\"https:\/\/www.montceautriathlon.com\/blog\/2025\/05\/04\/les-jeunes-en-stage-pour-les-vacances-de-printemps\/20250430_173630\/\" data-orig-file=\"https:\/\/www.montceautriathlon.com\/blog\/wp-content\/uploads\/2025\/05\/20250430_173630-scaled.jpg\" data-orig-size=\"1920,2560\" data-comments-opened=\"1\" data-image-meta=\"{&quot;aperture&quot;:&quot;1.8&quot;,&quot;credit&quot;:&quot;&quot;,&quot;camera&quot;:&quot;SM-A145R&quot;,&quot;caption&quot;:&quot;&quot;,&quot;created_timestamp&quot;:&quot;1746034590&quot;,&quot;copyright&quot;:&quot;&quot;,&quot;focal_length&quot;:&quot;3.98&quot;,&quot;iso&quot;:&quot;100&quot;,&quot;shutter_speed&quot;:&quot;0.006&quot;,&quot;title&quot;:&quot;&quot;,&quot;orientation&quot;:&quot;1&quot;}\" data-image-title=\"20250430_173630\" data-image-description=\"\" data-image-caption=\"\" data-medium-file=\"https:\/\/www.montceautriathlon.com\/blog\/wp-content\/uploads\/2025\/05\/20250430_173630-225x300.jpg\" data-large-file=\"https:\/\/www.montceautriathlon.com\/blog\/wp-content\/uploads\/2025\/05\/20250430_173630-768x1024.jpg\" loading=\"lazy\" width=\"768\" height=\"1024\" src=\"https:\/\/www.montceautriathlon.com\/blog\/wp-content\/uploads\/2025\/05\/20250430_173630-768x1024.jpg\" alt=\"\" data-id=\"7496\" data-link=\"https:\/\/www.montceautriathlon.com\/blog\/?attachment_id=7496\" class=\"wp-image-7496\" srcset=\"https:\/\/www.montceautriathlon.com\/blog\/wp-content\/uploads\/2025\/05\/20250430_173630-768x1024.jpg 768w, https:\/\/www.montceautriathlon.com\/blog\/wp-content\/uploads\/2025\/05\/20250430_173630-225x300.jpg 225w, https:\/\/www.montceautriathlon.com\/blog\/wp-content\/uploads\/2025\/05\/20250430_173630-1152x1536.jpg 1152w, https:\/\/www.montceautriathlon.com\/blog\/wp-content\/uploads\/2025\/05\/20250430_173630-1536x2048.jpg 1536w, https:\/\/www.montceautriathlon.com\/blog\/wp-content\/uploads\/2025\/05\/20250430_173630-scaled.jpg 1920w\" sizes=\"(max-width: 768px) 100vw, 768px\" \/><\/a><\/figure><\/li><li class=\"blocks-gallery-item\"><figure><a href=\"https:\/\/www.montceautriathlon.com\/blog\/wp-content\/uploads\/2025\/05\/20250430_173514-768x1024.jpg\"><img data-attachment-id=\"7497\" data-permalink=\"https:\/\/www.montceautriathlon.com\/blog\/2025\/05\/04\/les-jeunes-en-stage-pour-les-vacances-de-printemps\/20250430_173514\/\" data-orig-file=\"https:\/\/www.montceautriathlon.com\/blog\/wp-content\/uploads\/2025\/05\/20250430_173514-scaled.jpg\" data-orig-size=\"1920,2560\" data-comments-opened=\"1\" data-image-meta=\"{&quot;aperture&quot;:&quot;1.8&quot;,&quot;credit&quot;:&quot;&quot;,&quot;camera&quot;:&quot;SM-A145R&quot;,&quot;caption&quot;:&quot;&quot;,&quot;created_timestamp&quot;:&quot;1746034514&quot;,&quot;copyright&quot;:&quot;&quot;,&quot;focal_length&quot;:&quot;3.98&quot;,&quot;iso&quot;:&quot;100&quot;,&quot;shutter_speed&quot;:&quot;0.006&quot;,&quot;title&quot;:&quot;&quot;,&quot;orientation&quot;:&quot;1&quot;}\" data-image-title=\"20250430_173514\" data-image-description=\"\" data-image-caption=\"\" data-medium-file=\"https:\/\/www.montceautriathlon.com\/blog\/wp-content\/uploads\/2025\/05\/20250430_173514-225x300.jpg\" data-large-file=\"https:\/\/www.montceautriathlon.com\/blog\/wp-content\/uploads\/2025\/05\/20250430_173514-768x1024.jpg\" loading=\"lazy\" width=\"768\" height=\"1024\" src=\"https:\/\/www.montceautriathlon.com\/blog\/wp-content\/uploads\/2025\/05\/20250430_173514-768x1024.jpg\" alt=\"\" data-id=\"7497\" data-link=\"https:\/\/www.montceautriathlon.com\/blog\/?attachment_id=7497\" class=\"wp-image-7497\" srcset=\"https:\/\/www.montceautriathlon.com\/blog\/wp-content\/uploads\/2025\/05\/20250430_173514-768x1024.jpg 768w, https:\/\/www.montceautriathlon.com\/blog\/wp-content\/uploads\/2025\/05\/20250430_173514-225x300.jpg 225w, https:\/\/www.montceautriathlon.com\/blog\/wp-content\/uploads\/2025\/05\/20250430_173514-1152x1536.jpg 1152w, https:\/\/www.montceautriathlon.com\/blog\/wp-content\/uploads\/2025\/05\/20250430_173514-1536x2048.jpg 1536w, https:\/\/www.montceautriathlon.com\/blog\/wp-content\/uploads\/2025\/05\/20250430_173514-scaled.jpg 1920w\" sizes=\"(max-width: 768px) 100vw, 768px\" \/><\/a><\/figure><\/li><li class=\"blocks-gallery-item\"><figure><a href=\"https:\/\/www.montceautriathlon.com\/blog\/wp-content\/uploads\/2025\/05\/20250430_173456-768x1024.jpg\"><img data-attachment-id=\"7498\" data-permalink=\"https:\/\/www.montceautriathlon.com\/blog\/2025\/05\/04\/les-jeunes-en-stage-pour-les-vacances-de-printemps\/20250430_173456\/\" data-orig-file=\"https:\/\/www.montceautriathlon.com\/blog\/wp-content\/uploads\/2025\/05\/20250430_173456-scaled.jpg\" data-orig-size=\"1920,2560\" data-comments-opened=\"1\" data-image-meta=\"{&quot;aperture&quot;:&quot;1.8&quot;,&quot;credit&quot;:&quot;&quot;,&quot;camera&quot;:&quot;SM-A145R&quot;,&quot;caption&quot;:&quot;&quot;,&quot;created_timestamp&quot;:&quot;1746034496&quot;,&quot;copyright&quot;:&quot;&quot;,&quot;focal_length&quot;:&quot;3.98&quot;,&quot;iso&quot;:&quot;125&quot;,&quot;shutter_speed&quot;:&quot;0.003&quot;,&quot;title&quot;:&quot;&quot;,&quot;orientation&quot;:&quot;1&quot;}\" data-image-title=\"20250430_173456\" data-image-description=\"\" data-image-caption=\"\" data-medium-file=\"https:\/\/www.montceautriathlon.com\/blog\/wp-content\/uploads\/2025\/05\/20250430_173456-225x300.jpg\" data-large-file=\"https:\/\/www.montceautriathlon.com\/blog\/wp-content\/uploads\/2025\/05\/20250430_173456-768x1024.jpg\" loading=\"lazy\" width=\"768\" height=\"1024\" src=\"https:\/\/www.montceautriathlon.com\/blog\/wp-content\/uploads\/2025\/05\/20250430_173456-768x1024.jpg\" alt=\"\" data-id=\"7498\" data-link=\"https:\/\/www.montceautriathlon.com\/blog\/?attachment_id=7498\" class=\"wp-image-7498\" srcset=\"https:\/\/www.montceautriathlon.com\/blog\/wp-content\/uploads\/2025\/05\/20250430_173456-768x1024.jpg 768w, https:\/\/www.montceautriathlon.com\/blog\/wp-content\/uploads\/2025\/05\/20250430_173456-225x300.jpg 225w, https:\/\/www.montceautriathlon.com\/blog\/wp-content\/uploads\/2025\/05\/20250430_173456-1152x1536.jpg 1152w, https:\/\/www.montceautriathlon.com\/blog\/wp-content\/uploads\/2025\/05\/20250430_173456-1536x2048.jpg 1536w, https:\/\/www.montceautriathlon.com\/blog\/wp-content\/uploads\/2025\/05\/20250430_173456-scaled.jpg 1920w\" sizes=\"(max-width: 768px) 100vw, 768px\" \/><\/a><\/figure><\/li><li class=\"blocks-gallery-item\"><figure><a href=\"https:\/\/www.montceautriathlon.com\/blog\/wp-content\/uploads\/2025\/05\/20250430_172958-768x1024.jpg\"><img data-attachment-id=\"7499\" data-permalink=\"https:\/\/www.montceautriathlon.com\/blog\/2025\/05\/04\/les-jeunes-en-stage-pour-les-vacances-de-printemps\/20250430_172958\/\" data-orig-file=\"https:\/\/www.montceautriathlon.com\/blog\/wp-content\/uploads\/2025\/05\/20250430_172958-scaled.jpg\" data-orig-size=\"1920,2560\" data-comments-opened=\"1\" data-image-meta=\"{&quot;aperture&quot;:&quot;1.8&quot;,&quot;credit&quot;:&quot;&quot;,&quot;camera&quot;:&quot;SM-A145R&quot;,&quot;caption&quot;:&quot;&quot;,&quot;created_timestamp&quot;:&quot;1746034198&quot;,&quot;copyright&quot;:&quot;&quot;,&quot;focal_length&quot;:&quot;3.98&quot;,&quot;iso&quot;:&quot;100&quot;,&quot;shutter_speed&quot;:&quot;0.006&quot;,&quot;title&quot;:&quot;&quot;,&quot;orientation&quot;:&quot;1&quot;}\" data-image-title=\"20250430_172958\" data-image-description=\"\" data-image-caption=\"\" data-medium-file=\"https:\/\/www.montceautriathlon.com\/blog\/wp-content\/uploads\/2025\/05\/20250430_172958-225x300.jpg\" data-large-file=\"https:\/\/www.montceautriathlon.com\/blog\/wp-content\/uploads\/2025\/05\/20250430_172958-768x1024.jpg\" loading=\"lazy\" width=\"768\" height=\"1024\" src=\"https:\/\/www.montceautriathlon.com\/blog\/wp-content\/uploads\/2025\/05\/20250430_172958-768x1024.jpg\" alt=\"\" data-id=\"7499\" data-link=\"https:\/\/www.montceautriathlon.com\/blog\/?attachment_id=7499\" class=\"wp-image-7499\" srcset=\"https:\/\/www.montceautriathlon.com\/blog\/wp-content\/uploads\/2025\/05\/20250430_172958-768x1024.jpg 768w, https:\/\/www.montceautriathlon.com\/blog\/wp-content\/uploads\/2025\/05\/20250430_172958-225x300.jpg 225w, https:\/\/www.montceautriathlon.com\/blog\/wp-content\/uploads\/2025\/05\/20250430_172958-1152x1536.jpg 1152w, https:\/\/www.montceautriathlon.com\/blog\/wp-content\/uploads\/2025\/05\/20250430_172958-1536x2048.jpg 1536w, https:\/\/www.montceautriathlon.com\/blog\/wp-content\/uploads\/2025\/05\/20250430_172958-scaled.jpg 1920w\" sizes=\"(max-width: 768px) 100vw, 768px\" \/><\/a><\/figure><\/li><li class=\"blocks-gallery-item\"><figure><a href=\"https:\/\/www.montceautriathlon.com\/blog\/wp-content\/uploads\/2025\/05\/20250430_173126-768x1024.jpg\"><img data-attachment-id=\"7500\" data-permalink=\"https:\/\/www.montceautriathlon.com\/blog\/2025\/05\/04\/les-jeunes-en-stage-pour-les-vacances-de-printemps\/20250430_173126\/\" data-orig-file=\"https:\/\/www.montceautriathlon.com\/blog\/wp-content\/uploads\/2025\/05\/20250430_173126-scaled.jpg\" data-orig-size=\"1920,2560\" data-comments-opened=\"1\" data-image-meta=\"{&quot;aperture&quot;:&quot;1.8&quot;,&quot;credit&quot;:&quot;&quot;,&quot;camera&quot;:&quot;SM-A145R&quot;,&quot;caption&quot;:&quot;&quot;,&quot;created_timestamp&quot;:&quot;1746034286&quot;,&quot;copyright&quot;:&quot;&quot;,&quot;focal_length&quot;:&quot;3.98&quot;,&quot;iso&quot;:&quot;100&quot;,&quot;shutter_speed&quot;:&quot;0.002&quot;,&quot;title&quot;:&quot;&quot;,&quot;orientation&quot;:&quot;1&quot;}\" data-image-title=\"20250430_173126\" data-image-description=\"\" data-image-caption=\"\" data-medium-file=\"https:\/\/www.montceautriathlon.com\/blog\/wp-content\/uploads\/2025\/05\/20250430_173126-225x300.jpg\" data-large-file=\"https:\/\/www.montceautriathlon.com\/blog\/wp-content\/uploads\/2025\/05\/20250430_173126-768x1024.jpg\" loading=\"lazy\" width=\"768\" height=\"1024\" src=\"https:\/\/www.montceautriathlon.com\/blog\/wp-content\/uploads\/2025\/05\/20250430_173126-768x1024.jpg\" alt=\"\" data-id=\"7500\" data-link=\"https:\/\/www.montceautriathlon.com\/blog\/?attachment_id=7500\" class=\"wp-image-7500\" srcset=\"https:\/\/www.montceautriathlon.com\/blog\/wp-content\/uploads\/2025\/05\/20250430_173126-768x1024.jpg 768w, https:\/\/www.montceautriathlon.com\/blog\/wp-content\/uploads\/2025\/05\/20250430_173126-225x300.jpg 225w, https:\/\/www.montceautriathlon.com\/blog\/wp-content\/uploads\/2025\/05\/20250430_173126-1152x1536.jpg 1152w, https:\/\/www.montceautriathlon.com\/blog\/wp-content\/uploads\/2025\/05\/20250430_173126-1536x2048.jpg 1536w, https:\/\/www.montceautriathlon.com\/blog\/wp-content\/uploads\/2025\/05\/20250430_173126-scaled.jpg 1920w\" sizes=\"(max-width: 768px) 100vw, 768px\" \/><\/a><\/figure><\/li><li class=\"blocks-gallery-item\"><figure><a href=\"https:\/\/www.montceautriathlon.com\/blog\/wp-content\/uploads\/2025\/05\/20250430_172928-768x1024.jpg\"><img data-attachment-id=\"7501\" data-permalink=\"https:\/\/www.montceautriathlon.com\/blog\/2025\/05\/04\/les-jeunes-en-stage-pour-les-vacances-de-printemps\/20250430_172928\/\" data-orig-file=\"https:\/\/www.montceautriathlon.com\/blog\/wp-content\/uploads\/2025\/05\/20250430_172928-scaled.jpg\" data-orig-size=\"1920,2560\" data-comments-opened=\"1\" data-image-meta=\"{&quot;aperture&quot;:&quot;1.8&quot;,&quot;credit&quot;:&quot;&quot;,&quot;camera&quot;:&quot;SM-A145R&quot;,&quot;caption&quot;:&quot;&quot;,&quot;created_timestamp&quot;:&quot;1746034168&quot;,&quot;copyright&quot;:&quot;&quot;,&quot;focal_length&quot;:&quot;3.98&quot;,&quot;iso&quot;:&quot;100&quot;,&quot;shutter_speed&quot;:&quot;0.003&quot;,&quot;title&quot;:&quot;&quot;,&quot;orientation&quot;:&quot;1&quot;}\" data-image-title=\"20250430_172928\" data-image-description=\"\" data-image-caption=\"\" data-medium-file=\"https:\/\/www.montceautriathlon.com\/blog\/wp-content\/uploads\/2025\/05\/20250430_172928-225x300.jpg\" data-large-file=\"https:\/\/www.montceautriathlon.com\/blog\/wp-content\/uploads\/2025\/05\/20250430_172928-768x1024.jpg\" loading=\"lazy\" width=\"768\" height=\"1024\" src=\"https:\/\/www.montceautriathlon.com\/blog\/wp-content\/uploads\/2025\/05\/20250430_172928-768x1024.jpg\" alt=\"\" data-id=\"7501\" data-link=\"https:\/\/www.montceautriathlon.com\/blog\/?attachment_id=7501\" class=\"wp-image-7501\" srcset=\"https:\/\/www.montceautriathlon.com\/blog\/wp-content\/uploads\/2025\/05\/20250430_172928-768x1024.jpg 768w, https:\/\/www.montceautriathlon.com\/blog\/wp-content\/uploads\/2025\/05\/20250430_172928-225x300.jpg 225w, https:\/\/www.montceautriathlon.com\/blog\/wp-content\/uploads\/2025\/05\/20250430_172928-1152x1536.jpg 1152w, https:\/\/www.montceautriathlon.com\/blog\/wp-content\/uploads\/2025\/05\/20250430_172928-1536x2048.jpg 1536w, https:\/\/www.montceautriathlon.com\/blog\/wp-content\/uploads\/2025\/05\/20250430_172928-scaled.jpg 1920w\" sizes=\"(max-width: 768px) 100vw, 768px\" \/><\/a><\/figure><\/li><li class=\"blocks-gallery-item\"><figure><a href=\"https:\/\/www.montceautriathlon.com\/blog\/wp-content\/uploads\/2025\/05\/20250430_172510-768x1024.jpg\"><img data-attachment-id=\"7502\" data-permalink=\"https:\/\/www.montceautriathlon.com\/blog\/2025\/05\/04\/les-jeunes-en-stage-pour-les-vacances-de-printemps\/20250430_172510\/\" data-orig-file=\"https:\/\/www.montceautriathlon.com\/blog\/wp-content\/uploads\/2025\/05\/20250430_172510-scaled.jpg\" data-orig-size=\"1920,2560\" data-comments-opened=\"1\" data-image-meta=\"{&quot;aperture&quot;:&quot;1.8&quot;,&quot;credit&quot;:&quot;&quot;,&quot;camera&quot;:&quot;SM-A145R&quot;,&quot;caption&quot;:&quot;&quot;,&quot;created_timestamp&quot;:&quot;1746033910&quot;,&quot;copyright&quot;:&quot;&quot;,&quot;focal_length&quot;:&quot;3.98&quot;,&quot;iso&quot;:&quot;125&quot;,&quot;shutter_speed&quot;:&quot;0.019&quot;,&quot;title&quot;:&quot;&quot;,&quot;orientation&quot;:&quot;1&quot;}\" data-image-title=\"20250430_172510\" data-image-description=\"\" data-image-caption=\"\" data-medium-file=\"https:\/\/www.montceautriathlon.com\/blog\/wp-content\/uploads\/2025\/05\/20250430_172510-225x300.jpg\" data-large-file=\"https:\/\/www.montceautriathlon.com\/blog\/wp-content\/uploads\/2025\/05\/20250430_172510-768x1024.jpg\" loading=\"lazy\" width=\"768\" height=\"1024\" src=\"https:\/\/www.montceautriathlon.com\/blog\/wp-content\/uploads\/2025\/05\/20250430_172510-768x1024.jpg\" alt=\"\" data-id=\"7502\" data-link=\"https:\/\/www.montceautriathlon.com\/blog\/?attachment_id=7502\" class=\"wp-image-7502\" srcset=\"https:\/\/www.montceautriathlon.com\/blog\/wp-content\/uploads\/2025\/05\/20250430_172510-768x1024.jpg 768w, https:\/\/www.montceautriathlon.com\/blog\/wp-content\/uploads\/2025\/05\/20250430_172510-225x300.jpg 225w, https:\/\/www.montceautriathlon.com\/blog\/wp-content\/uploads\/2025\/05\/20250430_172510-1152x1536.jpg 1152w, https:\/\/www.montceautriathlon.com\/blog\/wp-content\/uploads\/2025\/05\/20250430_172510-1536x2048.jpg 1536w, https:\/\/www.montceautriathlon.com\/blog\/wp-content\/uploads\/2025\/05\/20250430_172510-scaled.jpg 1920w\" sizes=\"(max-width: 768px) 100vw, 768px\" \/><\/a><\/figure><\/li><li class=\"blocks-gallery-item\"><figure><a href=\"https:\/\/www.montceautriathlon.com\/blog\/wp-content\/uploads\/2025\/05\/20250430_172740-768x1024.jpg\"><img data-attachment-id=\"7503\" data-permalink=\"https:\/\/www.montceautriathlon.com\/blog\/2025\/05\/04\/les-jeunes-en-stage-pour-les-vacances-de-printemps\/20250430_172740\/\" data-orig-file=\"https:\/\/www.montceautriathlon.com\/blog\/wp-content\/uploads\/2025\/05\/20250430_172740-scaled.jpg\" data-orig-size=\"1920,2560\" data-comments-opened=\"1\" data-image-meta=\"{&quot;aperture&quot;:&quot;1.8&quot;,&quot;credit&quot;:&quot;&quot;,&quot;camera&quot;:&quot;SM-A145R&quot;,&quot;caption&quot;:&quot;&quot;,&quot;created_timestamp&quot;:&quot;1746034060&quot;,&quot;copyright&quot;:&quot;&quot;,&quot;focal_length&quot;:&quot;3.98&quot;,&quot;iso&quot;:&quot;125&quot;,&quot;shutter_speed&quot;:&quot;0.005&quot;,&quot;title&quot;:&quot;&quot;,&quot;orientation&quot;:&quot;1&quot;}\" data-image-title=\"20250430_172740\" data-image-description=\"\" data-image-caption=\"\" data-medium-file=\"https:\/\/www.montceautriathlon.com\/blog\/wp-content\/uploads\/2025\/05\/20250430_172740-225x300.jpg\" data-large-file=\"https:\/\/www.montceautriathlon.com\/blog\/wp-content\/uploads\/2025\/05\/20250430_172740-768x1024.jpg\" loading=\"lazy\" width=\"768\" height=\"1024\" src=\"https:\/\/www.montceautriathlon.com\/blog\/wp-content\/uploads\/2025\/05\/20250430_172740-768x1024.jpg\" alt=\"\" data-id=\"7503\" data-link=\"https:\/\/www.montceautriathlon.com\/blog\/?attachment_id=7503\" class=\"wp-image-7503\" srcset=\"https:\/\/www.montceautriathlon.com\/blog\/wp-content\/uploads\/2025\/05\/20250430_172740-768x1024.jpg 768w, https:\/\/www.montceautriathlon.com\/blog\/wp-content\/uploads\/2025\/05\/20250430_172740-225x300.jpg 225w, https:\/\/www.montceautriathlon.com\/blog\/wp-content\/uploads\/2025\/05\/20250430_172740-1152x1536.jpg 1152w, https:\/\/www.montceautriathlon.com\/blog\/wp-content\/uploads\/2025\/05\/20250430_172740-1536x2048.jpg 1536w, https:\/\/www.montceautriathlon.com\/blog\/wp-content\/uploads\/2025\/05\/20250430_172740-scaled.jpg 1920w\" sizes=\"(max-width: 768px) 100vw, 768px\" \/><\/a><\/figure><\/li><li class=\"blocks-gallery-item\"><figure><a href=\"https:\/\/www.montceautriathlon.com\/blog\/wp-content\/uploads\/2025\/05\/20250430_172432-768x1024.jpg\"><img data-attachment-id=\"7504\" data-permalink=\"https:\/\/www.montceautriathlon.com\/blog\/2025\/05\/04\/les-jeunes-en-stage-pour-les-vacances-de-printemps\/20250430_172432\/\" data-orig-file=\"https:\/\/www.montceautriathlon.com\/blog\/wp-content\/uploads\/2025\/05\/20250430_172432-scaled.jpg\" data-orig-size=\"1920,2560\" data-comments-opened=\"1\" data-image-meta=\"{&quot;aperture&quot;:&quot;1.8&quot;,&quot;credit&quot;:&quot;&quot;,&quot;camera&quot;:&quot;SM-A145R&quot;,&quot;caption&quot;:&quot;&quot;,&quot;created_timestamp&quot;:&quot;1746033872&quot;,&quot;copyright&quot;:&quot;&quot;,&quot;focal_length&quot;:&quot;3.98&quot;,&quot;iso&quot;:&quot;100&quot;,&quot;shutter_speed&quot;:&quot;0.005&quot;,&quot;title&quot;:&quot;&quot;,&quot;orientation&quot;:&quot;1&quot;}\" data-image-title=\"20250430_172432\" data-image-description=\"\" data-image-caption=\"\" data-medium-file=\"https:\/\/www.montceautriathlon.com\/blog\/wp-content\/uploads\/2025\/05\/20250430_172432-225x300.jpg\" data-large-file=\"https:\/\/www.montceautriathlon.com\/blog\/wp-content\/uploads\/2025\/05\/20250430_172432-768x1024.jpg\" loading=\"lazy\" width=\"768\" height=\"1024\" src=\"https:\/\/www.montceautriathlon.com\/blog\/wp-content\/uploads\/2025\/05\/20250430_172432-768x1024.jpg\" alt=\"\" data-id=\"7504\" data-link=\"https:\/\/www.montceautriathlon.com\/blog\/?attachment_id=7504\" class=\"wp-image-7504\" srcset=\"https:\/\/www.montceautriathlon.com\/blog\/wp-content\/uploads\/2025\/05\/20250430_172432-768x1024.jpg 768w, https:\/\/www.montceautriathlon.com\/blog\/wp-content\/uploads\/2025\/05\/20250430_172432-225x300.jpg 225w, https:\/\/www.montceautriathlon.com\/blog\/wp-content\/uploads\/2025\/05\/20250430_172432-1152x1536.jpg 1152w, https:\/\/www.montceautriathlon.com\/blog\/wp-content\/uploads\/2025\/05\/20250430_172432-1536x2048.jpg 1536w, https:\/\/www.montceautriathlon.com\/blog\/wp-content\/uploads\/2025\/05\/20250430_172432-scaled.jpg 1920w\" sizes=\"(max-width: 768px) 100vw, 768px\" \/><\/a><\/figure><\/li><li class=\"blocks-gallery-item\"><figure><a href=\"https:\/\/www.montceautriathlon.com\/blog\/wp-content\/uploads\/2025\/05\/20250430_172326-768x1024.jpg\"><img data-attachment-id=\"7505\" data-permalink=\"https:\/\/www.montceautriathlon.com\/blog\/2025\/05\/04\/les-jeunes-en-stage-pour-les-vacances-de-printemps\/20250430_172326\/\" data-orig-file=\"https:\/\/www.montceautriathlon.com\/blog\/wp-content\/uploads\/2025\/05\/20250430_172326-scaled.jpg\" data-orig-size=\"1920,2560\" data-comments-opened=\"1\" data-image-meta=\"{&quot;aperture&quot;:&quot;1.8&quot;,&quot;credit&quot;:&quot;&quot;,&quot;camera&quot;:&quot;SM-A145R&quot;,&quot;caption&quot;:&quot;&quot;,&quot;created_timestamp&quot;:&quot;1746033806&quot;,&quot;copyright&quot;:&quot;&quot;,&quot;focal_length&quot;:&quot;3.98&quot;,&quot;iso&quot;:&quot;125&quot;,&quot;shutter_speed&quot;:&quot;0.007&quot;,&quot;title&quot;:&quot;&quot;,&quot;orientation&quot;:&quot;1&quot;}\" data-image-title=\"20250430_172326\" data-image-description=\"\" data-image-caption=\"\" data-medium-file=\"https:\/\/www.montceautriathlon.com\/blog\/wp-content\/uploads\/2025\/05\/20250430_172326-225x300.jpg\" data-large-file=\"https:\/\/www.montceautriathlon.com\/blog\/wp-content\/uploads\/2025\/05\/20250430_172326-768x1024.jpg\" loading=\"lazy\" width=\"768\" height=\"1024\" src=\"https:\/\/www.montceautriathlon.com\/blog\/wp-content\/uploads\/2025\/05\/20250430_172326-768x1024.jpg\" alt=\"\" data-id=\"7505\" data-link=\"https:\/\/www.montceautriathlon.com\/blog\/?attachment_id=7505\" class=\"wp-image-7505\" srcset=\"https:\/\/www.montceautriathlon.com\/blog\/wp-content\/uploads\/2025\/05\/20250430_172326-768x1024.jpg 768w, https:\/\/www.montceautriathlon.com\/blog\/wp-content\/uploads\/2025\/05\/20250430_172326-225x300.jpg 225w, https:\/\/www.montceautriathlon.com\/blog\/wp-content\/uploads\/2025\/05\/20250430_172326-1152x1536.jpg 1152w, https:\/\/www.montceautriathlon.com\/blog\/wp-content\/uploads\/2025\/05\/20250430_172326-1536x2048.jpg 1536w, https:\/\/www.montceautriathlon.com\/blog\/wp-content\/uploads\/2025\/05\/20250430_172326-scaled.jpg 1920w\" sizes=\"(max-width: 768px) 100vw, 768px\" \/><\/a><\/figure><\/li><li class=\"blocks-gallery-item\"><figure><a href=\"https:\/\/www.montceautriathlon.com\/blog\/wp-content\/uploads\/2025\/05\/20250430_172303-768x1024.jpg\"><img data-attachment-id=\"7506\" data-permalink=\"https:\/\/www.montceautriathlon.com\/blog\/2025\/05\/04\/les-jeunes-en-stage-pour-les-vacances-de-printemps\/20250430_172303\/\" data-orig-file=\"https:\/\/www.montceautriathlon.com\/blog\/wp-content\/uploads\/2025\/05\/20250430_172303-scaled.jpg\" data-orig-size=\"1920,2560\" data-comments-opened=\"1\" data-image-meta=\"{&quot;aperture&quot;:&quot;1.8&quot;,&quot;credit&quot;:&quot;&quot;,&quot;camera&quot;:&quot;SM-A145R&quot;,&quot;caption&quot;:&quot;&quot;,&quot;created_timestamp&quot;:&quot;1746033783&quot;,&quot;copyright&quot;:&quot;&quot;,&quot;focal_length&quot;:&quot;3.98&quot;,&quot;iso&quot;:&quot;200&quot;,&quot;shutter_speed&quot;:&quot;0.009&quot;,&quot;title&quot;:&quot;&quot;,&quot;orientation&quot;:&quot;1&quot;}\" data-image-title=\"20250430_172303\" data-image-description=\"\" data-image-caption=\"\" data-medium-file=\"https:\/\/www.montceautriathlon.com\/blog\/wp-content\/uploads\/2025\/05\/20250430_172303-225x300.jpg\" data-large-file=\"https:\/\/www.montceautriathlon.com\/blog\/wp-content\/uploads\/2025\/05\/20250430_172303-768x1024.jpg\" loading=\"lazy\" width=\"768\" height=\"1024\" src=\"https:\/\/www.montceautriathlon.com\/blog\/wp-content\/uploads\/2025\/05\/20250430_172303-768x1024.jpg\" alt=\"\" data-id=\"7506\" data-link=\"https:\/\/www.montceautriathlon.com\/blog\/?attachment_id=7506\" class=\"wp-image-7506\" srcset=\"https:\/\/www.montceautriathlon.com\/blog\/wp-content\/uploads\/2025\/05\/20250430_172303-768x1024.jpg 768w, https:\/\/www.montceautriathlon.com\/blog\/wp-content\/uploads\/2025\/05\/20250430_172303-225x300.jpg 225w, https:\/\/www.montceautriathlon.com\/blog\/wp-content\/uploads\/2025\/05\/20250430_172303-1152x1536.jpg 1152w, https:\/\/www.montceautriathlon.com\/blog\/wp-content\/uploads\/2025\/05\/20250430_172303-1536x2048.jpg 1536w, https:\/\/www.montceautriathlon.com\/blog\/wp-content\/uploads\/2025\/05\/20250430_172303-scaled.jpg 1920w\" sizes=\"(max-width: 768px) 100vw, 768px\" \/><\/a><\/figure><\/li><li class=\"blocks-gallery-item\"><figure><a href=\"https:\/\/www.montceautriathlon.com\/blog\/wp-content\/uploads\/2025\/05\/20250429_150931-768x1024.jpg\"><img data-attachment-id=\"7507\" data-permalink=\"https:\/\/www.montceautriathlon.com\/blog\/2025\/05\/04\/les-jeunes-en-stage-pour-les-vacances-de-printemps\/20250429_150931\/\" data-orig-file=\"https:\/\/www.montceautriathlon.com\/blog\/wp-content\/uploads\/2025\/05\/20250429_150931-scaled.jpg\" data-orig-size=\"1920,2560\" data-comments-opened=\"1\" data-image-meta=\"{&quot;aperture&quot;:&quot;1.8&quot;,&quot;credit&quot;:&quot;&quot;,&quot;camera&quot;:&quot;SM-A145R&quot;,&quot;caption&quot;:&quot;&quot;,&quot;created_timestamp&quot;:&quot;1745939371&quot;,&quot;copyright&quot;:&quot;&quot;,&quot;focal_length&quot;:&quot;3.98&quot;,&quot;iso&quot;:&quot;100&quot;,&quot;shutter_speed&quot;:&quot;0.002&quot;,&quot;title&quot;:&quot;&quot;,&quot;orientation&quot;:&quot;1&quot;}\" data-image-title=\"20250429_150931\" data-image-description=\"\" data-image-caption=\"\" data-medium-file=\"https:\/\/www.montceautriathlon.com\/blog\/wp-content\/uploads\/2025\/05\/20250429_150931-225x300.jpg\" data-large-file=\"https:\/\/www.montceautriathlon.com\/blog\/wp-content\/uploads\/2025\/05\/20250429_150931-768x1024.jpg\" loading=\"lazy\" width=\"768\" height=\"1024\" src=\"https:\/\/www.montceautriathlon.com\/blog\/wp-content\/uploads\/2025\/05\/20250429_150931-768x1024.jpg\" alt=\"\" data-id=\"7507\" data-link=\"https:\/\/www.montceautriathlon.com\/blog\/?attachment_id=7507\" class=\"wp-image-7507\" srcset=\"https:\/\/www.montceautriathlon.com\/blog\/wp-content\/uploads\/2025\/05\/20250429_150931-768x1024.jpg 768w, https:\/\/www.montceautriathlon.com\/blog\/wp-content\/uploads\/2025\/05\/20250429_150931-225x300.jpg 225w, https:\/\/www.montceautriathlon.com\/blog\/wp-content\/uploads\/2025\/05\/20250429_150931-1152x1536.jpg 1152w, https:\/\/www.montceautriathlon.com\/blog\/wp-content\/uploads\/2025\/05\/20250429_150931-1536x2048.jpg 1536w, https:\/\/www.montceautriathlon.com\/blog\/wp-content\/uploads\/2025\/05\/20250429_150931-scaled.jpg 1920w\" sizes=\"(max-width: 768px) 100vw, 768px\" \/><\/a><\/figure><\/li><li class=\"blocks-gallery-item\"><figure><a href=\"https:\/\/www.montceautriathlon.com\/blog\/wp-content\/uploads\/2025\/05\/20250429_142717-768x1024.jpg\"><img data-attachment-id=\"7508\" data-permalink=\"https:\/\/www.montceautriathlon.com\/blog\/2025\/05\/04\/les-jeunes-en-stage-pour-les-vacances-de-printemps\/20250429_142717\/\" data-orig-file=\"https:\/\/www.montceautriathlon.com\/blog\/wp-content\/uploads\/2025\/05\/20250429_142717-scaled.jpg\" data-orig-size=\"1920,2560\" data-comments-opened=\"1\" data-image-meta=\"{&quot;aperture&quot;:&quot;1.8&quot;,&quot;credit&quot;:&quot;&quot;,&quot;camera&quot;:&quot;SM-A145R&quot;,&quot;caption&quot;:&quot;&quot;,&quot;created_timestamp&quot;:&quot;1745936837&quot;,&quot;copyright&quot;:&quot;&quot;,&quot;focal_length&quot;:&quot;3.98&quot;,&quot;iso&quot;:&quot;125&quot;,&quot;shutter_speed&quot;:&quot;0.002&quot;,&quot;title&quot;:&quot;&quot;,&quot;orientation&quot;:&quot;1&quot;}\" data-image-title=\"20250429_142717\" data-image-description=\"\" data-image-caption=\"\" data-medium-file=\"https:\/\/www.montceautriathlon.com\/blog\/wp-content\/uploads\/2025\/05\/20250429_142717-225x300.jpg\" data-large-file=\"https:\/\/www.montceautriathlon.com\/blog\/wp-content\/uploads\/2025\/05\/20250429_142717-768x1024.jpg\" loading=\"lazy\" width=\"768\" height=\"1024\" src=\"https:\/\/www.montceautriathlon.com\/blog\/wp-content\/uploads\/2025\/05\/20250429_142717-768x1024.jpg\" alt=\"\" data-id=\"7508\" data-link=\"https:\/\/www.montceautriathlon.com\/blog\/?attachment_id=7508\" class=\"wp-image-7508\" srcset=\"https:\/\/www.montceautriathlon.com\/blog\/wp-content\/uploads\/2025\/05\/20250429_142717-768x1024.jpg 768w, https:\/\/www.montceautriathlon.com\/blog\/wp-content\/uploads\/2025\/05\/20250429_142717-225x300.jpg 225w, https:\/\/www.montceautriathlon.com\/blog\/wp-content\/uploads\/2025\/05\/20250429_142717-1152x1536.jpg 1152w, https:\/\/www.montceautriathlon.com\/blog\/wp-content\/uploads\/2025\/05\/20250429_142717-1536x2048.jpg 1536w, https:\/\/www.montceautriathlon.com\/blog\/wp-content\/uploads\/2025\/05\/20250429_142717-scaled.jpg 1920w\" sizes=\"(max-width: 768px) 100vw, 768px\" \/><\/a><\/figure><\/li><li class=\"blocks-gallery-item\"><figure><a href=\"https:\/\/www.montceautriathlon.com\/blog\/wp-content\/uploads\/2025\/05\/IMG-20250428-WA0001-768x1024.jpg\"><img data-attachment-id=\"7509\" data-permalink=\"https:\/\/www.montceautriathlon.com\/blog\/2025\/05\/04\/les-jeunes-en-stage-pour-les-vacances-de-printemps\/img-20250428-wa0001\/\" data-orig-file=\"https:\/\/www.montceautriathlon.com\/blog\/wp-content\/uploads\/2025\/05\/IMG-20250428-WA0001.jpg\" data-orig-size=\"1200,1600\" data-comments-opened=\"1\" data-image-meta=\"{&quot;aperture&quot;:&quot;0&quot;,&quot;credit&quot;:&quot;&quot;,&quot;camera&quot;:&quot;&quot;,&quot;caption&quot;:&quot;&quot;,&quot;created_timestamp&quot;:&quot;0&quot;,&quot;copyright&quot;:&quot;&quot;,&quot;focal_length&quot;:&quot;0&quot;,&quot;iso&quot;:&quot;0&quot;,&quot;shutter_speed&quot;:&quot;0&quot;,&quot;title&quot;:&quot;&quot;,&quot;orientation&quot;:&quot;0&quot;}\" data-image-title=\"IMG-20250428-WA0001\" data-image-description=\"\" data-image-caption=\"\" data-medium-file=\"https:\/\/www.montceautriathlon.com\/blog\/wp-content\/uploads\/2025\/05\/IMG-20250428-WA0001-225x300.jpg\" data-large-file=\"https:\/\/www.montceautriathlon.com\/blog\/wp-content\/uploads\/2025\/05\/IMG-20250428-WA0001-768x1024.jpg\" loading=\"lazy\" width=\"768\" height=\"1024\" src=\"https:\/\/www.montceautriathlon.com\/blog\/wp-content\/uploads\/2025\/05\/IMG-20250428-WA0001-768x1024.jpg\" alt=\"\" data-id=\"7509\" data-link=\"https:\/\/www.montceautriathlon.com\/blog\/?attachment_id=7509\" class=\"wp-image-7509\" srcset=\"https:\/\/www.montceautriathlon.com\/blog\/wp-content\/uploads\/2025\/05\/IMG-20250428-WA0001-768x1024.jpg 768w, https:\/\/www.montceautriathlon.com\/blog\/wp-content\/uploads\/2025\/05\/IMG-20250428-WA0001-225x300.jpg 225w, https:\/\/www.montceautriathlon.com\/blog\/wp-content\/uploads\/2025\/05\/IMG-20250428-WA0001-1152x1536.jpg 1152w, https:\/\/www.montceautriathlon.com\/blog\/wp-content\/uploads\/2025\/05\/IMG-20250428-WA0001.jpg 1200w\" sizes=\"(max-width: 768px) 100vw, 768px\" \/><\/a><\/figure><\/li><li class=\"blocks-gallery-item\"><figure><a href=\"https:\/\/www.montceautriathlon.com\/blog\/wp-content\/uploads\/2025\/05\/20250429_142711-768x1024.jpg\"><img data-attachment-id=\"7510\" data-permalink=\"https:\/\/www.montceautriathlon.com\/blog\/2025\/05\/04\/les-jeunes-en-stage-pour-les-vacances-de-printemps\/20250429_142711\/\" data-orig-file=\"https:\/\/www.montceautriathlon.com\/blog\/wp-content\/uploads\/2025\/05\/20250429_142711-scaled.jpg\" data-orig-size=\"1920,2560\" data-comments-opened=\"1\" data-image-meta=\"{&quot;aperture&quot;:&quot;1.8&quot;,&quot;credit&quot;:&quot;&quot;,&quot;camera&quot;:&quot;SM-A145R&quot;,&quot;caption&quot;:&quot;&quot;,&quot;created_timestamp&quot;:&quot;1745936831&quot;,&quot;copyright&quot;:&quot;&quot;,&quot;focal_length&quot;:&quot;3.98&quot;,&quot;iso&quot;:&quot;125&quot;,&quot;shutter_speed&quot;:&quot;0.002&quot;,&quot;title&quot;:&quot;&quot;,&quot;orientation&quot;:&quot;1&quot;}\" data-image-title=\"20250429_142711\" data-image-description=\"\" data-image-caption=\"\" data-medium-file=\"https:\/\/www.montceautriathlon.com\/blog\/wp-content\/uploads\/2025\/05\/20250429_142711-225x300.jpg\" data-large-file=\"https:\/\/www.montceautriathlon.com\/blog\/wp-content\/uploads\/2025\/05\/20250429_142711-768x1024.jpg\" loading=\"lazy\" width=\"768\" height=\"1024\" src=\"https:\/\/www.montceautriathlon.com\/blog\/wp-content\/uploads\/2025\/05\/20250429_142711-768x1024.jpg\" alt=\"\" data-id=\"7510\" data-link=\"https:\/\/www.montceautriathlon.com\/blog\/?attachment_id=7510\" class=\"wp-image-7510\" srcset=\"https:\/\/www.montceautriathlon.com\/blog\/wp-content\/uploads\/2025\/05\/20250429_142711-768x1024.jpg 768w, https:\/\/www.montceautriathlon.com\/blog\/wp-content\/uploads\/2025\/05\/20250429_142711-225x300.jpg 225w, https:\/\/www.montceautriathlon.com\/blog\/wp-content\/uploads\/2025\/05\/20250429_142711-1152x1536.jpg 1152w, https:\/\/www.montceautriathlon.com\/blog\/wp-content\/uploads\/2025\/05\/20250429_142711-1536x2048.jpg 1536w, https:\/\/www.montceautriathlon.com\/blog\/wp-content\/uploads\/2025\/05\/20250429_142711-scaled.jpg 1920w\" sizes=\"(max-width: 768px) 100vw, 768px\" \/><\/a><\/figure><\/li><li class=\"blocks-gallery-item\"><figure><a href=\"https:\/\/www.montceautriathlon.com\/blog\/wp-content\/uploads\/2025\/05\/IMG-20250501-WA0002-768x1024.jpg\"><img data-attachment-id=\"7511\" data-permalink=\"https:\/\/www.montceautriathlon.com\/blog\/2025\/05\/04\/les-jeunes-en-stage-pour-les-vacances-de-printemps\/img-20250501-wa0002\/\" data-orig-file=\"https:\/\/www.montceautriathlon.com\/blog\/wp-content\/uploads\/2025\/05\/IMG-20250501-WA0002.jpg\" data-orig-size=\"1200,1600\" data-comments-opened=\"1\" data-image-meta=\"{&quot;aperture&quot;:&quot;0&quot;,&quot;credit&quot;:&quot;&quot;,&quot;camera&quot;:&quot;&quot;,&quot;caption&quot;:&quot;&quot;,&quot;created_timestamp&quot;:&quot;0&quot;,&quot;copyright&quot;:&quot;&quot;,&quot;focal_length&quot;:&quot;0&quot;,&quot;iso&quot;:&quot;0&quot;,&quot;shutter_speed&quot;:&quot;0&quot;,&quot;title&quot;:&quot;&quot;,&quot;orientation&quot;:&quot;0&quot;}\" data-image-title=\"IMG-20250501-WA0002\" data-image-description=\"\" data-image-caption=\"\" data-medium-file=\"https:\/\/www.montceautriathlon.com\/blog\/wp-content\/uploads\/2025\/05\/IMG-20250501-WA0002-225x300.jpg\" data-large-file=\"https:\/\/www.montceautriathlon.com\/blog\/wp-content\/uploads\/2025\/05\/IMG-20250501-WA0002-768x1024.jpg\" loading=\"lazy\" width=\"768\" height=\"1024\" src=\"https:\/\/www.montceautriathlon.com\/blog\/wp-content\/uploads\/2025\/05\/IMG-20250501-WA0002-768x1024.jpg\" alt=\"\" data-id=\"7511\" data-link=\"https:\/\/www.montceautriathlon.com\/blog\/?attachment_id=7511\" class=\"wp-image-7511\" srcset=\"https:\/\/www.montceautriathlon.com\/blog\/wp-content\/uploads\/2025\/05\/IMG-20250501-WA0002-768x1024.jpg 768w, https:\/\/www.montceautriathlon.com\/blog\/wp-content\/uploads\/2025\/05\/IMG-20250501-WA0002-225x300.jpg 225w, https:\/\/www.montceautriathlon.com\/blog\/wp-content\/uploads\/2025\/05\/IMG-20250501-WA0002-1152x1536.jpg 1152w, https:\/\/www.montceautriathlon.com\/blog\/wp-content\/uploads\/2025\/05\/IMG-20250501-WA0002.jpg 1200w\" sizes=\"(max-width: 768px) 100vw, 768px\" \/><\/a><\/figure><\/li><li class=\"blocks-gallery-item\"><figure><a href=\"https:\/\/www.montceautriathlon.com\/blog\/wp-content\/uploads\/2025\/05\/IMG-20250501-WA0006-768x1024.jpg\"><img data-attachment-id=\"7513\" data-permalink=\"https:\/\/www.montceautriathlon.com\/blog\/2025\/05\/04\/les-jeunes-en-stage-pour-les-vacances-de-printemps\/img-20250501-wa0006\/\" data-orig-file=\"https:\/\/www.montceautriathlon.com\/blog\/wp-content\/uploads\/2025\/05\/IMG-20250501-WA0006.jpg\" data-orig-size=\"1200,1600\" data-comments-opened=\"1\" data-image-meta=\"{&quot;aperture&quot;:&quot;0&quot;,&quot;credit&quot;:&quot;&quot;,&quot;camera&quot;:&quot;&quot;,&quot;caption&quot;:&quot;&quot;,&quot;created_timestamp&quot;:&quot;0&quot;,&quot;copyright&quot;:&quot;&quot;,&quot;focal_length&quot;:&quot;0&quot;,&quot;iso&quot;:&quot;0&quot;,&quot;shutter_speed&quot;:&quot;0&quot;,&quot;title&quot;:&quot;&quot;,&quot;orientation&quot;:&quot;0&quot;}\" data-image-title=\"IMG-20250501-WA0006\" data-image-description=\"\" data-image-caption=\"\" data-medium-file=\"https:\/\/www.montceautriathlon.com\/blog\/wp-content\/uploads\/2025\/05\/IMG-20250501-WA0006-225x300.jpg\" data-large-file=\"https:\/\/www.montceautriathlon.com\/blog\/wp-content\/uploads\/2025\/05\/IMG-20250501-WA0006-768x1024.jpg\" loading=\"lazy\" width=\"768\" height=\"1024\" src=\"https:\/\/www.montceautriathlon.com\/blog\/wp-content\/uploads\/2025\/05\/IMG-20250501-WA0006-768x1024.jpg\" alt=\"\" data-id=\"7513\" data-link=\"https:\/\/www.montceautriathlon.com\/blog\/?attachment_id=7513\" class=\"wp-image-7513\" srcset=\"https:\/\/www.montceautriathlon.com\/blog\/wp-content\/uploads\/2025\/05\/IMG-20250501-WA0006-768x1024.jpg 768w, https:\/\/www.montceautriathlon.com\/blog\/wp-content\/uploads\/2025\/05\/IMG-20250501-WA0006-225x300.jpg 225w, https:\/\/www.montceautriathlon.com\/blog\/wp-content\/uploads\/2025\/05\/IMG-20250501-WA0006-1152x1536.jpg 1152w, https:\/\/www.montceautriathlon.com\/blog\/wp-content\/uploads\/2025\/05\/IMG-20250501-WA0006.jpg 1200w\" sizes=\"(max-width: 768px) 100vw, 768px\" \/><\/a><\/figure><\/li><li class=\"blocks-gallery-item\"><figure><a href=\"https:\/\/www.montceautriathlon.com\/blog\/wp-content\/uploads\/2025\/05\/IMG-20250501-WA0008-768x1024.jpg\"><img data-attachment-id=\"7514\" data-permalink=\"https:\/\/www.montceautriathlon.com\/blog\/2025\/05\/04\/les-jeunes-en-stage-pour-les-vacances-de-printemps\/img-20250501-wa0008\/\" data-orig-file=\"https:\/\/www.montceautriathlon.com\/blog\/wp-content\/uploads\/2025\/05\/IMG-20250501-WA0008.jpg\" data-orig-size=\"1200,1600\" data-comments-opened=\"1\" data-image-meta=\"{&quot;aperture&quot;:&quot;0&quot;,&quot;credit&quot;:&quot;&quot;,&quot;camera&quot;:&quot;&quot;,&quot;caption&quot;:&quot;&quot;,&quot;created_timestamp&quot;:&quot;0&quot;,&quot;copyright&quot;:&quot;&quot;,&quot;focal_length&quot;:&quot;0&quot;,&quot;iso&quot;:&quot;0&quot;,&quot;shutter_speed&quot;:&quot;0&quot;,&quot;title&quot;:&quot;&quot;,&quot;orientation&quot;:&quot;0&quot;}\" data-image-title=\"IMG-20250501-WA0008\" data-image-description=\"\" data-image-caption=\"\" data-medium-file=\"https:\/\/www.montceautriathlon.com\/blog\/wp-content\/uploads\/2025\/05\/IMG-20250501-WA0008-225x300.jpg\" data-large-file=\"https:\/\/www.montceautriathlon.com\/blog\/wp-content\/uploads\/2025\/05\/IMG-20250501-WA0008-768x1024.jpg\" loading=\"lazy\" width=\"768\" height=\"1024\" src=\"https:\/\/www.montceautriathlon.com\/blog\/wp-content\/uploads\/2025\/05\/IMG-20250501-WA0008-768x1024.jpg\" alt=\"\" data-id=\"7514\" data-link=\"https:\/\/www.montceautriathlon.com\/blog\/?attachment_id=7514\" class=\"wp-image-7514\" srcset=\"https:\/\/www.montceautriathlon.com\/blog\/wp-content\/uploads\/2025\/05\/IMG-20250501-WA0008-768x1024.jpg 768w, https:\/\/www.montceautriathlon.com\/blog\/wp-content\/uploads\/2025\/05\/IMG-20250501-WA0008-225x300.jpg 225w, https:\/\/www.montceautriathlon.com\/blog\/wp-content\/uploads\/2025\/05\/IMG-20250501-WA0008-1152x1536.jpg 1152w, https:\/\/www.montceautriathlon.com\/blog\/wp-content\/uploads\/2025\/05\/IMG-20250501-WA0008.jpg 1200w\" sizes=\"(max-width: 768px) 100vw, 768px\" \/><\/a><\/figure><\/li><li class=\"blocks-gallery-item\"><figure><a href=\"https:\/\/www.montceautriathlon.com\/blog\/wp-content\/uploads\/2025\/05\/IMG-20250501-WA0015-768x1024.jpg\"><img data-attachment-id=\"7515\" data-permalink=\"https:\/\/www.montceautriathlon.com\/blog\/2025\/05\/04\/les-jeunes-en-stage-pour-les-vacances-de-printemps\/img-20250501-wa0015\/\" data-orig-file=\"https:\/\/www.montceautriathlon.com\/blog\/wp-content\/uploads\/2025\/05\/IMG-20250501-WA0015.jpg\" data-orig-size=\"1536,2048\" data-comments-opened=\"1\" data-image-meta=\"{&quot;aperture&quot;:&quot;0&quot;,&quot;credit&quot;:&quot;&quot;,&quot;camera&quot;:&quot;&quot;,&quot;caption&quot;:&quot;&quot;,&quot;created_timestamp&quot;:&quot;0&quot;,&quot;copyright&quot;:&quot;&quot;,&quot;focal_length&quot;:&quot;0&quot;,&quot;iso&quot;:&quot;0&quot;,&quot;shutter_speed&quot;:&quot;0&quot;,&quot;title&quot;:&quot;&quot;,&quot;orientation&quot;:&quot;0&quot;}\" data-image-title=\"IMG-20250501-WA0015\" data-image-description=\"\" data-image-caption=\"\" data-medium-file=\"https:\/\/www.montceautriathlon.com\/blog\/wp-content\/uploads\/2025\/05\/IMG-20250501-WA0015-225x300.jpg\" data-large-file=\"https:\/\/www.montceautriathlon.com\/blog\/wp-content\/uploads\/2025\/05\/IMG-20250501-WA0015-768x1024.jpg\" loading=\"lazy\" width=\"768\" height=\"1024\" src=\"https:\/\/www.montceautriathlon.com\/blog\/wp-content\/uploads\/2025\/05\/IMG-20250501-WA0015-768x1024.jpg\" alt=\"\" data-id=\"7515\" data-link=\"https:\/\/www.montceautriathlon.com\/blog\/?attachment_id=7515\" class=\"wp-image-7515\" srcset=\"https:\/\/www.montceautriathlon.com\/blog\/wp-content\/uploads\/2025\/05\/IMG-20250501-WA0015-768x1024.jpg 768w, https:\/\/www.montceautriathlon.com\/blog\/wp-content\/uploads\/2025\/05\/IMG-20250501-WA0015-225x300.jpg 225w, https:\/\/www.montceautriathlon.com\/blog\/wp-content\/uploads\/2025\/05\/IMG-20250501-WA0015-1152x1536.jpg 1152w, https:\/\/www.montceautriathlon.com\/blog\/wp-content\/uploads\/2025\/05\/IMG-20250501-WA0015.jpg 1536w\" sizes=\"(max-width: 768px) 100vw, 768px\" \/><\/a><\/figure><\/li><li class=\"blocks-gallery-item\"><figure><a href=\"https:\/\/www.montceautriathlon.com\/blog\/wp-content\/uploads\/2025\/05\/IMG-20250501-WA0018-768x1024.jpg\"><img data-attachment-id=\"7516\" data-permalink=\"https:\/\/www.montceautriathlon.com\/blog\/2025\/05\/04\/les-jeunes-en-stage-pour-les-vacances-de-printemps\/img-20250501-wa0018\/\" data-orig-file=\"https:\/\/www.montceautriathlon.com\/blog\/wp-content\/uploads\/2025\/05\/IMG-20250501-WA0018.jpg\" data-orig-size=\"1536,2048\" data-comments-opened=\"1\" data-image-meta=\"{&quot;aperture&quot;:&quot;0&quot;,&quot;credit&quot;:&quot;&quot;,&quot;camera&quot;:&quot;&quot;,&quot;caption&quot;:&quot;&quot;,&quot;created_timestamp&quot;:&quot;0&quot;,&quot;copyright&quot;:&quot;&quot;,&quot;focal_length&quot;:&quot;0&quot;,&quot;iso&quot;:&quot;0&quot;,&quot;shutter_speed&quot;:&quot;0&quot;,&quot;title&quot;:&quot;&quot;,&quot;orientation&quot;:&quot;0&quot;}\" data-image-title=\"IMG-20250501-WA0018\" data-image-description=\"\" data-image-caption=\"\" data-medium-file=\"https:\/\/www.montceautriathlon.com\/blog\/wp-content\/uploads\/2025\/05\/IMG-20250501-WA0018-225x300.jpg\" data-large-file=\"https:\/\/www.montceautriathlon.com\/blog\/wp-content\/uploads\/2025\/05\/IMG-20250501-WA0018-768x1024.jpg\" loading=\"lazy\" width=\"768\" height=\"1024\" src=\"https:\/\/www.montceautriathlon.com\/blog\/wp-content\/uploads\/2025\/05\/IMG-20250501-WA0018-768x1024.jpg\" alt=\"\" data-id=\"7516\" data-link=\"https:\/\/www.montceautriathlon.com\/blog\/?attachment_id=7516\" class=\"wp-image-7516\" srcset=\"https:\/\/www.montceautriathlon.com\/blog\/wp-content\/uploads\/2025\/05\/IMG-20250501-WA0018-768x1024.jpg 768w, https:\/\/www.montceautriathlon.com\/blog\/wp-content\/uploads\/2025\/05\/IMG-20250501-WA0018-225x300.jpg 225w, https:\/\/www.montceautriathlon.com\/blog\/wp-content\/uploads\/2025\/05\/IMG-20250501-WA0018-1152x1536.jpg 1152w, https:\/\/www.montceautriathlon.com\/blog\/wp-content\/uploads\/2025\/05\/IMG-20250501-WA0018.jpg 1536w\" sizes=\"(max-width: 768px) 100vw, 768px\" \/><\/a><\/figure><\/li><li class=\"blocks-gallery-item\"><figure><a href=\"https:\/\/www.montceautriathlon.com\/blog\/wp-content\/uploads\/2025\/05\/IMG-20250501-WA0022.jpg\"><img data-attachment-id=\"7517\" data-permalink=\"https:\/\/www.montceautriathlon.com\/blog\/2025\/05\/04\/les-jeunes-en-stage-pour-les-vacances-de-printemps\/img-20250501-wa0022\/\" data-orig-file=\"https:\/\/www.montceautriathlon.com\/blog\/wp-content\/uploads\/2025\/05\/IMG-20250501-WA0022.jpg\" data-orig-size=\"2048,1536\" data-comments-opened=\"1\" data-image-meta=\"{&quot;aperture&quot;:&quot;0&quot;,&quot;credit&quot;:&quot;&quot;,&quot;camera&quot;:&quot;&quot;,&quot;caption&quot;:&quot;&quot;,&quot;created_timestamp&quot;:&quot;0&quot;,&quot;copyright&quot;:&quot;&quot;,&quot;focal_length&quot;:&quot;0&quot;,&quot;iso&quot;:&quot;0&quot;,&quot;shutter_speed&quot;:&quot;0&quot;,&quot;title&quot;:&quot;&quot;,&quot;orientation&quot;:&quot;0&quot;}\" data-image-title=\"IMG-20250501-WA0022\" data-image-description=\"\" data-image-caption=\"\" data-medium-file=\"https:\/\/www.montceautriathlon.com\/blog\/wp-content\/uploads\/2025\/05\/IMG-20250501-WA0022-300x225.jpg\" data-large-file=\"https:\/\/www.montceautriathlon.com\/blog\/wp-content\/uploads\/2025\/05\/IMG-20250501-WA0022-1024x768.jpg\" loading=\"lazy\" width=\"1024\" height=\"768\" src=\"https:\/\/www.montceautriathlon.com\/blog\/wp-content\/uploads\/2025\/05\/IMG-20250501-WA0022-1024x768.jpg\" alt=\"\" data-id=\"7517\" data-full-url=\"https:\/\/www.montceautriathlon.com\/blog\/wp-content\/uploads\/2025\/05\/IMG-20250501-WA0022.jpg\" data-link=\"https:\/\/www.montceautriathlon.com\/blog\/?attachment_id=7517\" class=\"wp-image-7517\" srcset=\"https:\/\/www.montceautriathlon.com\/blog\/wp-content\/uploads\/2025\/05\/IMG-20250501-WA0022-1024x768.jpg 1024w, https:\/\/www.montceautriathlon.com\/blog\/wp-content\/uploads\/2025\/05\/IMG-20250501-WA0022-300x225.jpg 300w, https:\/\/www.montceautriathlon.com\/blog\/wp-content\/uploads\/2025\/05\/IMG-20250501-WA0022-768x576.jpg 768w, https:\/\/www.montceautriathlon.com\/blog\/wp-content\/uploads\/2025\/05\/IMG-20250501-WA0022-1536x1152.jpg 1536w, https:\/\/www.montceautriathlon.com\/blog\/wp-content\/uploads\/2025\/05\/IMG-20250501-WA0022.jpg 2048w\" sizes=\"(max-width: 1024px) 100vw, 1024px\" \/><\/a><\/figure><\/li><\/ul><\/figure>\n","protected":false},"excerpt":{"rendered":"<p>Pendant que les adultes sont en stage dans le sud de la France, les jeunes triathl\u00e8tes montcelliens pr\u00e9parent les prochaines \u00e9ch\u00e9ances sous un beau soleil bourguignon. Ils ont enchain\u00e9 des s\u00e9ances de v\u00e9lo, de cap et de natation. Ils ont \u00e9t\u00e9 mis dans les conditions de l&rsquo;aquathlon qui aura lieu le 11 mai \u00e0 Montceau. [&hellip;]<\/p>\n","protected":false},"author":7,"featured_media":7508,"comment_status":"open","ping_status":"open","sticky":false,"template":"","format":"standard","meta":{"spay_email":"","jetpack_publicize_message":"","jetpack_is_tweetstorm":false},"categories":[1],"tags":[],"jetpack_featured_media_url":"https:\/\/www.montceautriathlon.com\/blog\/wp-content\/uploads\/2025\/05\/20250429_142717-scaled.jpg","jetpack_publicize_connections":[],"jetpack_sharing_enabled":true,"jetpack_shortlink":"https:\/\/wp.me\/p8bwIy-1WR","jetpack-related-posts":[{"id":4013,"url":"https:\/\/www.montceautriathlon.com\/blog\/2021\/04\/28\/retour-sur-les-vacances-de-printemps-2021\/","url_meta":{"origin":7493,"position":0},"title":"Retour sur les vacances de printemps 2021","date":"28 avril 2021","format":false,"excerpt":"Les jeunes de l'Ecole de Triathlon ont particip\u00e9 \u00e0 des entrainements pendant les deux semaines de vacances scolaires. La natation \u00e9tant toujours interdite, les \u00e9ducateurs ont propos\u00e9 d'autres activit\u00e9s: - pour les plus jeunes: VTT, duathlon, Bike and Run, course \u00e0 pied, course d'orientation - pour les ados: sortie v\u00e9lo\u2026","rel":"","context":"Dans &quot;Non class\u00e9&quot;","img":{"alt_text":"","src":"https:\/\/i2.wp.com\/www.montceautriathlon.com\/blog\/wp-content\/uploads\/2021\/04\/ACtC-3cGfJr72ij6s0_sy7-kP14ndmLY20q5CU67tBoAyAw1YpzRYYq59xJiDFUemrTaBSPl5aw6THEk9vjB9aHCSKBMcfyvikhy_NBat3fRieuViWMmDPMj9lJiErZKm2ZBXcdCMpQsNOv2UDfLKL-iba0Ew1168-h876-no.jpg?resize=350%2C200&ssl=1","width":350,"height":200},"classes":[]},{"id":7118,"url":"https:\/\/www.montceautriathlon.com\/blog\/2024\/11\/23\/samedi-14-septembre-animathlon\/","url_meta":{"origin":7493,"position":1},"title":"Samedi 21 septembre: animathlon","date":"23 novembre 2024","format":false,"excerpt":"Montceau Triathlon propose ce samedi un animathlon. Merci aux personnes, jeunes et adultes qui sont venues d\u00e9couvrir le triathlon. Elles ont pu nager dans la piscine, p\u00e9daler sur les home trainer puis courir dans le parc du centre nautique.","rel":"","context":"Dans &quot;Non class\u00e9&quot;","img":{"alt_text":"","src":"https:\/\/i0.wp.com\/www.montceautriathlon.com\/blog\/wp-content\/uploads\/2024\/11\/457254323_1181464399560949_4916779565366762001_n.jpg?resize=350%2C200&ssl=1","width":350,"height":200},"classes":[]},{"id":8436,"url":"https:\/\/www.montceautriathlon.com\/blog\/2025\/11\/01\/formation-secourisme\/","url_meta":{"origin":7493,"position":2},"title":"Formations secourisme","date":"1 novembre 2025","format":false,"excerpt":"Deux autres sessions de secourisme ont eu lieu pendant les vacances de la Toussaint. Le mercredi 29 octobre, la formation s'est adress\u00e9e \u00e0 un groupe de 8 adultes. Florent, Irene, Anne, Joel, Michel, V\u00e9ronique, Marie Agn\u00e8s, Kamel, se sont initi\u00e9s aux gestes des premiers secours. La formation du vendredi 31\u2026","rel":"","context":"Dans &quot;Non class\u00e9&quot;","img":{"alt_text":"","src":"https:\/\/i1.wp.com\/www.montceautriathlon.com\/blog\/wp-content\/uploads\/2025\/11\/20251031_133940-scaled.jpg?resize=350%2C200&ssl=1","width":350,"height":200},"classes":[]},{"id":5017,"url":"https:\/\/www.montceautriathlon.com\/blog\/2022\/04\/15\/sensibilisation-arbitrage-les-jeunes-de-lecole-ont-bien-repondu\/","url_meta":{"origin":7493,"position":3},"title":"Sensibilisation arbitrage : les jeunes de l&rsquo;\u00e9cole ont bien r\u00e9pondu !","date":"15 avril 2022","format":false,"excerpt":"Plusieurs fois report\u00e9e, cette sensibilisation a pu finalement se tenir ce mercredi soir en l'absence d'entra\u00eenement de natation due \u00e0 la fermeture de la piscine... Jean Da Eira formateur des arbitres au sein de la Ligue , accompagn\u00e9 de Nicole Lukowitz nouvelle arbitre du club et des \u00e9ducateurs : Sophie,\u2026","rel":"","context":"Dans &quot;Non class\u00e9&quot;","img":{"alt_text":"","src":"https:\/\/i0.wp.com\/www.montceautriathlon.com\/blog\/wp-content\/uploads\/2022\/04\/arbitrage-4-scaled.jpg?resize=350%2C200&ssl=1","width":350,"height":200},"classes":[]},{"id":4068,"url":"https:\/\/www.montceautriathlon.com\/blog\/2021\/05\/20\/et-plouf-enfin\/","url_meta":{"origin":7493,"position":4},"title":"Et Plouf ! Enfin !","date":"20 mai 2021","format":false,"excerpt":"C'est s\u00fbrement d'un oeil envieux que les accompagnateurs de nos petits triathl\u00e8tes les ont regard\u00e9s regagner les vestiaires de la piscine. C'est s\u00fbrement avec beaucoup d'envie que nos licenci\u00e9s adultes ont pens\u00e9 \u00e0 eux ce mercredi soir. Encore un peu de patience les grands ! Enfin le retour \u00e0 la\u2026","rel":"","context":"Dans &quot;Non class\u00e9&quot;","img":{"alt_text":"","src":"https:\/\/i1.wp.com\/www.montceautriathlon.com\/blog\/wp-content\/uploads\/2021\/05\/jeunes-3-scaled.jpg?resize=350%2C200&ssl=1","width":350,"height":200},"classes":[]},{"id":3394,"url":"https:\/\/www.montceautriathlon.com\/blog\/2020\/01\/13\/12-01-2020-bike-run-chenove-2020-et-non-2000vain-ca-commence-bien\/","url_meta":{"origin":7493,"position":5},"title":"12\/01\/2020, Bike &#038; run Chen\u00f4ve : 2020 et non 2000vain! \u00e7a commence bien !!","date":"13 janvier 2020","format":false,"excerpt":"Neuf \u00e9quipes du club ont fait le d\u00e9placement ce dimanche \u00e0 Chen\u00f4ve. Quatre adultes et cinq jeunes avec de bons r\u00e9sultats \u00e0 la clef. en J1, nos Triranausores(L\u00e9a et Titouan) ont toujours les crocs et\u00a0 continuent leur moisson de podiums en gagnant \u00e0 nouveau leur \u00e9preuve. Les Licornes(Axelle et Sarah)\u2026","rel":"","context":"Dans &quot;Non class\u00e9&quot;","img":{"alt_text":"","src":"","width":0,"height":0},"classes":[]}],"_links":{"self":[{"href":"https:\/\/www.montceautriathlon.com\/blog\/wp-json\/wp\/v2\/posts\/7493"}],"collection":[{"href":"https:\/\/www.montceautriathlon.com\/blog\/wp-json\/wp\/v2\/posts"}],"about":[{"href":"https:\/\/www.montceautriathlon.com\/blog\/wp-json\/wp\/v2\/types\/post"}],"author":[{"embeddable":true,"href":"https:\/\/www.montceautriathlon.com\/blog\/wp-json\/wp\/v2\/users\/7"}],"replies":[{"embeddable":true,"href":"https:\/\/www.montceautriathlon.com\/blog\/wp-json\/wp\/v2\/comments?post=7493"}],"version-history":[{"count":1,"href":"https:\/\/www.montceautriathlon.com\/blog\/wp-json\/wp\/v2\/posts\/7493\/revisions"}],"predecessor-version":[{"id":7518,"href":"https:\/\/www.montceautriathlon.com\/blog\/wp-json\/wp\/v2\/posts\/7493\/revisions\/7518"}],"wp:featuredmedia":[{"embeddable":true,"href":"https:\/\/www.montceautriathlon.com\/blog\/wp-json\/wp\/v2\/media\/7508"}],"wp:attachment":[{"href":"https:\/\/www.montceautriathlon.com\/blog\/wp-json\/wp\/v2\/media?parent=7493"}],"wp:term":[{"taxonomy":"category","embeddable":true,"href":"https:\/\/www.montceautriathlon.com\/blog\/wp-json\/wp\/v2\/categories?post=7493"},{"taxonomy":"post_tag","embeddable":true,"href":"https:\/\/www.montceautriathlon.com\/blog\/wp-json\/wp\/v2\/tags?post=7493"}],"curies":[{"name":"wp","href":"https:\/\/api.w.org\/{rel}","templated":true}]}}