{"id":7475,"date":"2025-05-04T16:45:12","date_gmt":"2025-05-04T15:45:12","guid":{"rendered":"https:\/\/www.montceautriathlon.com\/blog\/?p=7475"},"modified":"2025-05-04T16:45:15","modified_gmt":"2025-05-04T15:45:15","slug":"championnat-de-france-individuel-de-duathlon-macon-le-5-avril","status":"publish","type":"post","link":"https:\/\/www.montceautriathlon.com\/blog\/2025\/05\/04\/championnat-de-france-individuel-de-duathlon-macon-le-5-avril\/","title":{"rendered":"Championnat de France individuel de duathlon &#8211; Macon le 5 avril"},"content":{"rendered":"\n<p>Deux licenci\u00e9s de Montceau Triathlon se sont retrouv\u00e9s \u00e0 Macon ce samedi  pour participer au championnat de France individuel de duathlon  distance S.<\/p>\n\n\n\n<p>Laurent Magnien et Patrick Monnery ont pris le d\u00e9part parmi 122 athl\u00e8tes sous un beau soleil maconnais.<\/p>\n\n\n\n<p>Laurent termine 50e en 1h02&rsquo;02 ce qui lui permet une 17e place sur 28 v\u00e9t\u00e9ran 2.<\/p>\n\n\n\n<p>Patrick, suite \u00e0 une chute en v\u00e9lo, ne pourra malheureusement pas terminer la course.<\/p>\n\n\n\n<p><\/p>\n\n\n\n<figure class=\"wp-block-gallery columns-3 is-cropped\"><ul data-carousel-extra='{\"blog_id\":1,\"permalink\":\"https:\\\/\\\/www.montceautriathlon.com\\\/blog\\\/2025\\\/05\\\/04\\\/championnat-de-france-individuel-de-duathlon-macon-le-5-avril\\\/\"}' class=\"blocks-gallery-grid\"><li class=\"blocks-gallery-item\"><figure><a href=\"https:\/\/www.montceautriathlon.com\/blog\/wp-content\/uploads\/2025\/05\/IMG-20250405-WA0001-472x1024.jpg\"><img data-attachment-id=\"7476\" data-permalink=\"https:\/\/www.montceautriathlon.com\/blog\/2025\/05\/04\/championnat-de-france-individuel-de-duathlon-macon-le-5-avril\/img-20250405-wa0001\/\" data-orig-file=\"https:\/\/www.montceautriathlon.com\/blog\/wp-content\/uploads\/2025\/05\/IMG-20250405-WA0001.jpg\" data-orig-size=\"737,1600\" data-comments-opened=\"1\" data-image-meta=\"{&quot;aperture&quot;:&quot;0&quot;,&quot;credit&quot;:&quot;&quot;,&quot;camera&quot;:&quot;&quot;,&quot;caption&quot;:&quot;&quot;,&quot;created_timestamp&quot;:&quot;0&quot;,&quot;copyright&quot;:&quot;&quot;,&quot;focal_length&quot;:&quot;0&quot;,&quot;iso&quot;:&quot;0&quot;,&quot;shutter_speed&quot;:&quot;0&quot;,&quot;title&quot;:&quot;&quot;,&quot;orientation&quot;:&quot;0&quot;}\" data-image-title=\"IMG-20250405-WA0001\" data-image-description=\"\" data-image-caption=\"\" data-medium-file=\"https:\/\/www.montceautriathlon.com\/blog\/wp-content\/uploads\/2025\/05\/IMG-20250405-WA0001-138x300.jpg\" data-large-file=\"https:\/\/www.montceautriathlon.com\/blog\/wp-content\/uploads\/2025\/05\/IMG-20250405-WA0001-472x1024.jpg\" loading=\"lazy\" width=\"472\" height=\"1024\" src=\"https:\/\/www.montceautriathlon.com\/blog\/wp-content\/uploads\/2025\/05\/IMG-20250405-WA0001-472x1024.jpg\" alt=\"\" data-id=\"7476\" data-link=\"https:\/\/www.montceautriathlon.com\/blog\/?attachment_id=7476\" class=\"wp-image-7476\" srcset=\"https:\/\/www.montceautriathlon.com\/blog\/wp-content\/uploads\/2025\/05\/IMG-20250405-WA0001-472x1024.jpg 472w, https:\/\/www.montceautriathlon.com\/blog\/wp-content\/uploads\/2025\/05\/IMG-20250405-WA0001-138x300.jpg 138w, https:\/\/www.montceautriathlon.com\/blog\/wp-content\/uploads\/2025\/05\/IMG-20250405-WA0001-708x1536.jpg 708w, https:\/\/www.montceautriathlon.com\/blog\/wp-content\/uploads\/2025\/05\/IMG-20250405-WA0001.jpg 737w\" sizes=\"(max-width: 472px) 100vw, 472px\" \/><\/a><\/figure><\/li><li class=\"blocks-gallery-item\"><figure><a href=\"https:\/\/www.montceautriathlon.com\/blog\/wp-content\/uploads\/2025\/05\/IMG-20250405-WA0002-472x1024.jpg\"><img data-attachment-id=\"7477\" data-permalink=\"https:\/\/www.montceautriathlon.com\/blog\/2025\/05\/04\/championnat-de-france-individuel-de-duathlon-macon-le-5-avril\/img-20250405-wa0002\/\" data-orig-file=\"https:\/\/www.montceautriathlon.com\/blog\/wp-content\/uploads\/2025\/05\/IMG-20250405-WA0002.jpg\" data-orig-size=\"737,1600\" data-comments-opened=\"1\" data-image-meta=\"{&quot;aperture&quot;:&quot;0&quot;,&quot;credit&quot;:&quot;&quot;,&quot;camera&quot;:&quot;&quot;,&quot;caption&quot;:&quot;&quot;,&quot;created_timestamp&quot;:&quot;0&quot;,&quot;copyright&quot;:&quot;&quot;,&quot;focal_length&quot;:&quot;0&quot;,&quot;iso&quot;:&quot;0&quot;,&quot;shutter_speed&quot;:&quot;0&quot;,&quot;title&quot;:&quot;&quot;,&quot;orientation&quot;:&quot;0&quot;}\" data-image-title=\"IMG-20250405-WA0002\" data-image-description=\"\" data-image-caption=\"\" data-medium-file=\"https:\/\/www.montceautriathlon.com\/blog\/wp-content\/uploads\/2025\/05\/IMG-20250405-WA0002-138x300.jpg\" data-large-file=\"https:\/\/www.montceautriathlon.com\/blog\/wp-content\/uploads\/2025\/05\/IMG-20250405-WA0002-472x1024.jpg\" loading=\"lazy\" width=\"472\" height=\"1024\" src=\"https:\/\/www.montceautriathlon.com\/blog\/wp-content\/uploads\/2025\/05\/IMG-20250405-WA0002-472x1024.jpg\" alt=\"\" data-id=\"7477\" data-link=\"https:\/\/www.montceautriathlon.com\/blog\/?attachment_id=7477\" class=\"wp-image-7477\" srcset=\"https:\/\/www.montceautriathlon.com\/blog\/wp-content\/uploads\/2025\/05\/IMG-20250405-WA0002-472x1024.jpg 472w, https:\/\/www.montceautriathlon.com\/blog\/wp-content\/uploads\/2025\/05\/IMG-20250405-WA0002-138x300.jpg 138w, https:\/\/www.montceautriathlon.com\/blog\/wp-content\/uploads\/2025\/05\/IMG-20250405-WA0002-708x1536.jpg 708w, https:\/\/www.montceautriathlon.com\/blog\/wp-content\/uploads\/2025\/05\/IMG-20250405-WA0002.jpg 737w\" sizes=\"(max-width: 472px) 100vw, 472px\" \/><\/a><\/figure><\/li><li class=\"blocks-gallery-item\"><figure><a href=\"https:\/\/www.montceautriathlon.com\/blog\/wp-content\/uploads\/2025\/05\/IMG-20250405-WA0006-768x1024.jpg\"><img data-attachment-id=\"7478\" data-permalink=\"https:\/\/www.montceautriathlon.com\/blog\/2025\/05\/04\/championnat-de-france-individuel-de-duathlon-macon-le-5-avril\/img-20250405-wa0006\/\" data-orig-file=\"https:\/\/www.montceautriathlon.com\/blog\/wp-content\/uploads\/2025\/05\/IMG-20250405-WA0006.jpg\" data-orig-size=\"1530,2040\" data-comments-opened=\"1\" data-image-meta=\"{&quot;aperture&quot;:&quot;0&quot;,&quot;credit&quot;:&quot;&quot;,&quot;camera&quot;:&quot;&quot;,&quot;caption&quot;:&quot;&quot;,&quot;created_timestamp&quot;:&quot;0&quot;,&quot;copyright&quot;:&quot;&quot;,&quot;focal_length&quot;:&quot;0&quot;,&quot;iso&quot;:&quot;0&quot;,&quot;shutter_speed&quot;:&quot;0&quot;,&quot;title&quot;:&quot;&quot;,&quot;orientation&quot;:&quot;0&quot;}\" data-image-title=\"IMG-20250405-WA0006\" data-image-description=\"\" data-image-caption=\"\" data-medium-file=\"https:\/\/www.montceautriathlon.com\/blog\/wp-content\/uploads\/2025\/05\/IMG-20250405-WA0006-225x300.jpg\" data-large-file=\"https:\/\/www.montceautriathlon.com\/blog\/wp-content\/uploads\/2025\/05\/IMG-20250405-WA0006-768x1024.jpg\" loading=\"lazy\" width=\"768\" height=\"1024\" src=\"https:\/\/www.montceautriathlon.com\/blog\/wp-content\/uploads\/2025\/05\/IMG-20250405-WA0006-768x1024.jpg\" alt=\"\" data-id=\"7478\" data-link=\"https:\/\/www.montceautriathlon.com\/blog\/?attachment_id=7478\" class=\"wp-image-7478\" srcset=\"https:\/\/www.montceautriathlon.com\/blog\/wp-content\/uploads\/2025\/05\/IMG-20250405-WA0006-768x1024.jpg 768w, https:\/\/www.montceautriathlon.com\/blog\/wp-content\/uploads\/2025\/05\/IMG-20250405-WA0006-225x300.jpg 225w, https:\/\/www.montceautriathlon.com\/blog\/wp-content\/uploads\/2025\/05\/IMG-20250405-WA0006-1152x1536.jpg 1152w, https:\/\/www.montceautriathlon.com\/blog\/wp-content\/uploads\/2025\/05\/IMG-20250405-WA0006.jpg 1530w\" sizes=\"(max-width: 768px) 100vw, 768px\" \/><\/a><\/figure><\/li><li class=\"blocks-gallery-item\"><figure><a href=\"https:\/\/www.montceautriathlon.com\/blog\/wp-content\/uploads\/2025\/05\/IMG-20250405-WA0007.jpg\"><img data-attachment-id=\"7479\" data-permalink=\"https:\/\/www.montceautriathlon.com\/blog\/2025\/05\/04\/championnat-de-france-individuel-de-duathlon-macon-le-5-avril\/img-20250405-wa0007\/\" data-orig-file=\"https:\/\/www.montceautriathlon.com\/blog\/wp-content\/uploads\/2025\/05\/IMG-20250405-WA0007.jpg\" data-orig-size=\"1530,2040\" data-comments-opened=\"1\" data-image-meta=\"{&quot;aperture&quot;:&quot;0&quot;,&quot;credit&quot;:&quot;&quot;,&quot;camera&quot;:&quot;&quot;,&quot;caption&quot;:&quot;&quot;,&quot;created_timestamp&quot;:&quot;0&quot;,&quot;copyright&quot;:&quot;&quot;,&quot;focal_length&quot;:&quot;0&quot;,&quot;iso&quot;:&quot;0&quot;,&quot;shutter_speed&quot;:&quot;0&quot;,&quot;title&quot;:&quot;&quot;,&quot;orientation&quot;:&quot;0&quot;}\" data-image-title=\"IMG-20250405-WA0007\" data-image-description=\"\" data-image-caption=\"\" data-medium-file=\"https:\/\/www.montceautriathlon.com\/blog\/wp-content\/uploads\/2025\/05\/IMG-20250405-WA0007-225x300.jpg\" data-large-file=\"https:\/\/www.montceautriathlon.com\/blog\/wp-content\/uploads\/2025\/05\/IMG-20250405-WA0007-768x1024.jpg\" loading=\"lazy\" width=\"768\" height=\"1024\" src=\"https:\/\/www.montceautriathlon.com\/blog\/wp-content\/uploads\/2025\/05\/IMG-20250405-WA0007-768x1024.jpg\" alt=\"\" data-id=\"7479\" data-full-url=\"https:\/\/www.montceautriathlon.com\/blog\/wp-content\/uploads\/2025\/05\/IMG-20250405-WA0007.jpg\" data-link=\"https:\/\/www.montceautriathlon.com\/blog\/?attachment_id=7479\" class=\"wp-image-7479\" srcset=\"https:\/\/www.montceautriathlon.com\/blog\/wp-content\/uploads\/2025\/05\/IMG-20250405-WA0007-768x1024.jpg 768w, https:\/\/www.montceautriathlon.com\/blog\/wp-content\/uploads\/2025\/05\/IMG-20250405-WA0007-225x300.jpg 225w, https:\/\/www.montceautriathlon.com\/blog\/wp-content\/uploads\/2025\/05\/IMG-20250405-WA0007-1152x1536.jpg 1152w, https:\/\/www.montceautriathlon.com\/blog\/wp-content\/uploads\/2025\/05\/IMG-20250405-WA0007.jpg 1530w\" sizes=\"(max-width: 768px) 100vw, 768px\" \/><\/a><\/figure><\/li><\/ul><\/figure>\n","protected":false},"excerpt":{"rendered":"<p>Deux licenci\u00e9s de Montceau Triathlon se sont retrouv\u00e9s \u00e0 Macon ce samedi pour participer au championnat de France individuel de duathlon distance S. Laurent Magnien et Patrick Monnery ont pris le d\u00e9part parmi 122 athl\u00e8tes sous un beau soleil maconnais. Laurent termine 50e en 1h02&rsquo;02 ce qui lui permet une 17e place sur 28 v\u00e9t\u00e9ran [&hellip;]<\/p>\n","protected":false},"author":7,"featured_media":7478,"comment_status":"open","ping_status":"open","sticky":false,"template":"","format":"standard","meta":{"spay_email":"","jetpack_publicize_message":"","jetpack_is_tweetstorm":false},"categories":[1],"tags":[],"jetpack_featured_media_url":"https:\/\/www.montceautriathlon.com\/blog\/wp-content\/uploads\/2025\/05\/IMG-20250405-WA0006.jpg","jetpack_publicize_connections":[],"jetpack_sharing_enabled":true,"jetpack_shortlink":"https:\/\/wp.me\/p8bwIy-1Wz","jetpack-related-posts":[{"id":6742,"url":"https:\/\/www.montceautriathlon.com\/blog\/2024\/04\/10\/championnat-de-france-de-duathlon-2\/","url_meta":{"origin":7475,"position":0},"title":"Championnat de France de duathlon","date":"10 avril 2024","format":false,"excerpt":"Ce week-end nos triathl\u00e8tes se sont lanc\u00e9s pour les championnats de France de duathlon \u00e0 M\u00e2con. Jean-Luc Bonnetain, 1h03, 52e, 7eV4 Cyrille Berardan, 1h04, 54e, 22eV1 Beno\u00eet Thierry, 1h09, 71e, 14V3 Eric Vaudelin, 1h10\u201935, 73e, 5eV5 Mickael Verdu, 1h10\u201952, 75e, 19eV2 Laurent Boyer, 1h11\u201936, 77e, 12eV4 S\u00e9bastien Roubray, 1h56, 109e,\u2026","rel":"","context":"Dans &quot;Non class\u00e9&quot;","img":{"alt_text":"","src":"https:\/\/i2.wp.com\/www.montceautriathlon.com\/blog\/wp-content\/uploads\/2024\/04\/dua.jpg?resize=350%2C200&ssl=1","width":350,"height":200},"classes":[]},{"id":5904,"url":"https:\/\/www.montceautriathlon.com\/blog\/2023\/05\/10\/championnat-de-france-de-duathlon\/","url_meta":{"origin":7475,"position":1},"title":"Championnat de France de Duathlon","date":"10 mai 2023","format":false,"excerpt":"Jeanne Rondier s'est qualifi\u00e9e aux championnats de France lors du duathlon de M\u00e2con le 26 mars.Ce Championnats de France de duathlon a eu lieu \u00e0 Ch\u00e2teauroux le 9 avril. Jeanne est 49e \u00e0 la fin de la 1e cap. La partie v\u00e9lo d\u00e9bute bien, jeanne est dans un groupe d'une\u2026","rel":"","context":"Dans &quot;Non class\u00e9&quot;","img":{"alt_text":"","src":"https:\/\/i0.wp.com\/www.montceautriathlon.com\/blog\/wp-content\/uploads\/2023\/05\/410fcbcc-4073-450e-b751-da1a72a57702.jpg?resize=350%2C200&ssl=1","width":350,"height":200},"classes":[]},{"id":5031,"url":"https:\/\/www.montceautriathlon.com\/blog\/2022\/05\/10\/championnat-de-france-jeunes-de-duathlon-a-chateauroux-une-nouvelle-bonne-experience-malgre-la-deception\/","url_meta":{"origin":7475,"position":2},"title":"Championnat de France jeunes de duathlon \u00e0 Ch\u00e2teauroux : une nouvelle bonne exp\u00e9rience malgr\u00e9 la d\u00e9ception.","date":"10 mai 2022","format":false,"excerpt":"Ce week-end \u00e0 Ch\u00e2teauroux, Jeanne Rondier se lan\u00e7ait sur ses deuxi\u00e8mes championnats de France minime de duathlon apr\u00e8s s'\u00eatre qualifi\u00e9e il y a peu \u00e0 M\u00e2con lors des s\u00e9lections r\u00e9gionales. Un niveau tr\u00e8s relev\u00e9 auquel est venu s'ajouter les premi\u00e8res chaleurs de la saison. Jeanne a bien n\u00e9goci\u00e9 le premier\u2026","rel":"","context":"Dans &quot;Non class\u00e9&quot;","img":{"alt_text":"","src":"https:\/\/i2.wp.com\/www.montceautriathlon.com\/blog\/wp-content\/uploads\/2022\/05\/IMG-20220508-WA0010.jpg?resize=350%2C200&ssl=1","width":350,"height":200},"classes":[]},{"id":2663,"url":"https:\/\/www.montceautriathlon.com\/blog\/2019\/03\/26\/24-03-19-duathlon-de-macon-debut-de-saison-et-plein-demotions\/","url_meta":{"origin":7475,"position":3},"title":"24\/03\/19, Duathlon de M\u00e2con : d\u00e9but de saison et plein d&rsquo;\u00e9motions !","date":"26 mars 2019","format":false,"excerpt":"M\u00e2con \u00e9tait ce dimanche lieu des Championnats de Bourgogne Franche Comt\u00e9 de Duathlon toutes cat\u00e9gories et \u00e9preuve s\u00e9lective au Championnat de France de Duathlon Jeunes,\u00a0 \u00e0 la Coupe de France des clubs et \u00e0 la demi-finale des championnats de France de D2 f\u00e9minine et D3 masculine. Le printemps et son\u2026","rel":"","context":"Dans &quot;Non class\u00e9&quot;","img":{"alt_text":"","src":"https:\/\/i0.wp.com\/montceautriathlon.com\/blog\/wp-content\/uploads\/2019\/03\/Duathlon-Macon-03-19-38-300x225.jpg?resize=350%2C200","width":350,"height":200},"classes":[]},{"id":4954,"url":"https:\/\/www.montceautriathlon.com\/blog\/2022\/04\/06\/duathlon-de-macon-le-club-bien-represente-des-podiums-pour-lecole-et-une-belle-qualif\/","url_meta":{"origin":7475,"position":4},"title":"Duathlon de M\u00e2con : Le club bien repr\u00e9sent\u00e9, des podiums pour l&rsquo;\u00e9cole et une belle qualif !","date":"6 avril 2022","format":false,"excerpt":"Berteline 1\u00e8re au scratch en J1, dominatrice tout au long de la course ! Jeanne qualifi\u00e9e pour les France de duathlon pour la deuxi\u00e8me ann\u00e9e cons\u00e9cutive 2\u00e8me minime F ! Titouan 2\u00e8me au scratch des J2 apr\u00e8s avoir longtemps fait la course en t\u00eate ! Aristide 3\u00e8me pupille ! Tiana\u2026","rel":"","context":"Dans &quot;Non class\u00e9&quot;","img":{"alt_text":"","src":"https:\/\/i1.wp.com\/www.montceautriathlon.com\/blog\/wp-content\/uploads\/2022\/04\/IMG-20220403-WA0003.jpg?resize=350%2C200&ssl=1","width":350,"height":200},"classes":[]},{"id":4573,"url":"https:\/\/www.montceautriathlon.com\/blog\/2021\/09\/27\/championnat-de-france-de-duathlon-une-premiere-pour-jeanne-rondier\/","url_meta":{"origin":7475,"position":5},"title":"Championnat de France de Duathlon : Une premi\u00e8re pour Jeanne Rondier.","date":"27 septembre 2021","format":false,"excerpt":"Apr\u00e8s Zo\u00e9 Da Eira qualifi\u00e9e pour la premi\u00e8re fois aux Championnats de France d'aquathlon, ce fut le tour de Jeanne Rondier de porter haut les couleurs du club \u00e0 Noyon dans l'Oise ce dimanche matin en duathlon. Une premi\u00e8re aussi ! 72\u00e8me sur 115 participantes. Une belle exp\u00e9rience ! F\u00e9licitations\u2026","rel":"","context":"Dans &quot;Non class\u00e9&quot;","img":{"alt_text":"","src":"https:\/\/i2.wp.com\/www.montceautriathlon.com\/blog\/wp-content\/uploads\/2021\/09\/jeanne-CDF-Noyon.jpg?resize=350%2C200&ssl=1","width":350,"height":200},"classes":[]}],"_links":{"self":[{"href":"https:\/\/www.montceautriathlon.com\/blog\/wp-json\/wp\/v2\/posts\/7475"}],"collection":[{"href":"https:\/\/www.montceautriathlon.com\/blog\/wp-json\/wp\/v2\/posts"}],"about":[{"href":"https:\/\/www.montceautriathlon.com\/blog\/wp-json\/wp\/v2\/types\/post"}],"author":[{"embeddable":true,"href":"https:\/\/www.montceautriathlon.com\/blog\/wp-json\/wp\/v2\/users\/7"}],"replies":[{"embeddable":true,"href":"https:\/\/www.montceautriathlon.com\/blog\/wp-json\/wp\/v2\/comments?post=7475"}],"version-history":[{"count":1,"href":"https:\/\/www.montceautriathlon.com\/blog\/wp-json\/wp\/v2\/posts\/7475\/revisions"}],"predecessor-version":[{"id":7480,"href":"https:\/\/www.montceautriathlon.com\/blog\/wp-json\/wp\/v2\/posts\/7475\/revisions\/7480"}],"wp:featuredmedia":[{"embeddable":true,"href":"https:\/\/www.montceautriathlon.com\/blog\/wp-json\/wp\/v2\/media\/7478"}],"wp:attachment":[{"href":"https:\/\/www.montceautriathlon.com\/blog\/wp-json\/wp\/v2\/media?parent=7475"}],"wp:term":[{"taxonomy":"category","embeddable":true,"href":"https:\/\/www.montceautriathlon.com\/blog\/wp-json\/wp\/v2\/categories?post=7475"},{"taxonomy":"post_tag","embeddable":true,"href":"https:\/\/www.montceautriathlon.com\/blog\/wp-json\/wp\/v2\/tags?post=7475"}],"curies":[{"name":"wp","href":"https:\/\/api.w.org\/{rel}","templated":true}]}}