{"id":7463,"date":"2025-05-04T15:40:18","date_gmt":"2025-05-04T14:40:18","guid":{"rendered":"https:\/\/www.montceautriathlon.com\/blog\/?p=7463"},"modified":"2025-05-04T15:40:21","modified_gmt":"2025-05-04T14:40:21","slug":"les-triathletes-courent-2","status":"publish","type":"post","link":"https:\/\/www.montceautriathlon.com\/blog\/2025\/05\/04\/les-triathletes-courent-2\/","title":{"rendered":"Les triathl\u00e8tes courent&#8230;."},"content":{"rendered":"\n<p>Plusieurs triathl\u00e8tes montcelliens se sont retrouv\u00e9s sur les diff\u00e9rentes \u00e9preuves du Marathon des Vins de la C\u00f4te Chalonnaise.<\/p>\n\n\n\n<p>Sur le marathon, Cyrille B\u00e9rardan fini cette course en 3h14&rsquo;01 en 41e position du g\u00e9n\u00e9ral et 5e\/133 Master 2. Jean Christophe Bernigaud le suit en 3h22&rsquo;10 (70e et top 10 des master1).<\/p>\n\n\n\n<p>Sur le semi marathon, nous avions S\u00e9bastien Toneatti (1h42 et 21e de sa cat\u00e9gorie sur 195), Fr\u00e9d\u00e9ric Perron (1h49&rsquo;58), Elodie Pistoia (2h02, 15e en master 0)), Caroline Alvarez et Kathleen Bathiard arrivent ensemblent en 2h07&rsquo;26 (21e et 22e master 0), delphine Tonnin (2h09&rsquo;51), David Michel (2h12&rsquo;58 et 43e master 4), Sophie Marionnet (2h26&rsquo;31)<\/p>\n\n\n\n<p>Sur le 8km, Maelle Di Giorgio termine la course en 1h04&rsquo;18<\/p>\n\n\n\n<p><\/p>\n\n\n\n<p>Le 13 avril, Sandrine Marchand et Sandrine Ghesqui\u00e8re ont particip\u00e9 au trail du Mont Avril en duo (4 boucles de 7.3km). La doublette ds Sandrine termine 1ere en duo f\u00e9minin en 3h35.<\/p>\n\n\n\n<p><\/p>\n\n\n\n<p>Le 13 avril, Jean Luc Bonnetain s&rsquo;est align\u00e9 sur le Marathon de Montpellier. Il termine les 42.195 km en 3h12&rsquo;44 et monte sur la plus haute marche du podium en M5 (74e au scratch)<\/p>\n\n\n\n<p><\/p>\n\n\n\n<p>La famille Vinck a repr\u00e9sent\u00e9 le club montcellien \u00e0 Culles les Roches le 21 avril. Jules et Louis se retrouvent sur le podium, la maman, Aur\u00e9lie Agius boucle les 8km en 1h06. Laurent Beausoleil, quant \u00e0 lui termine le 17km en 1h46<\/p>\n\n\n\n<p><\/p>\n\n\n\n<p>Le 27 avril, Eric Vaudelin et C\u00e9line De Sousa se sont retrouv\u00e9s \u00e0 Vendenesse sur Arroux pour participer au trail du Mont Dardon, parcours exigent de 12km. Eric termine 11e au scratch et 1r master 5. C\u00e9line, quant \u00e0 elle, soctroie la m\u00e9daille d&rsquo;or chez les f\u00e9minines M3 (72e au scratch)<\/p>\n\n\n\n<figure class=\"wp-block-gallery columns-3 is-cropped\"><ul data-carousel-extra='{\"blog_id\":1,\"permalink\":\"https:\\\/\\\/www.montceautriathlon.com\\\/blog\\\/2025\\\/05\\\/04\\\/les-triathletes-courent-2\\\/\"}' class=\"blocks-gallery-grid\"><li class=\"blocks-gallery-item\"><figure><a href=\"https:\/\/www.montceautriathlon.com\/blog\/wp-content\/uploads\/2025\/05\/IMG-20250421-WA0001-1024x768.jpg\"><img data-attachment-id=\"7464\" data-permalink=\"https:\/\/www.montceautriathlon.com\/blog\/2025\/05\/04\/les-triathletes-courent-2\/img-20250421-wa0001\/\" data-orig-file=\"https:\/\/www.montceautriathlon.com\/blog\/wp-content\/uploads\/2025\/05\/IMG-20250421-WA0001.jpg\" data-orig-size=\"2000,1500\" data-comments-opened=\"1\" data-image-meta=\"{&quot;aperture&quot;:&quot;0&quot;,&quot;credit&quot;:&quot;&quot;,&quot;camera&quot;:&quot;&quot;,&quot;caption&quot;:&quot;&quot;,&quot;created_timestamp&quot;:&quot;0&quot;,&quot;copyright&quot;:&quot;&quot;,&quot;focal_length&quot;:&quot;0&quot;,&quot;iso&quot;:&quot;0&quot;,&quot;shutter_speed&quot;:&quot;0&quot;,&quot;title&quot;:&quot;&quot;,&quot;orientation&quot;:&quot;0&quot;}\" data-image-title=\"IMG-20250421-WA0001\" data-image-description=\"\" data-image-caption=\"\" data-medium-file=\"https:\/\/www.montceautriathlon.com\/blog\/wp-content\/uploads\/2025\/05\/IMG-20250421-WA0001-300x225.jpg\" data-large-file=\"https:\/\/www.montceautriathlon.com\/blog\/wp-content\/uploads\/2025\/05\/IMG-20250421-WA0001-1024x768.jpg\" loading=\"lazy\" width=\"1024\" height=\"768\" src=\"https:\/\/www.montceautriathlon.com\/blog\/wp-content\/uploads\/2025\/05\/IMG-20250421-WA0001-1024x768.jpg\" alt=\"\" data-id=\"7464\" data-link=\"https:\/\/www.montceautriathlon.com\/blog\/?attachment_id=7464\" class=\"wp-image-7464\" srcset=\"https:\/\/www.montceautriathlon.com\/blog\/wp-content\/uploads\/2025\/05\/IMG-20250421-WA0001-1024x768.jpg 1024w, https:\/\/www.montceautriathlon.com\/blog\/wp-content\/uploads\/2025\/05\/IMG-20250421-WA0001-300x225.jpg 300w, https:\/\/www.montceautriathlon.com\/blog\/wp-content\/uploads\/2025\/05\/IMG-20250421-WA0001-768x576.jpg 768w, https:\/\/www.montceautriathlon.com\/blog\/wp-content\/uploads\/2025\/05\/IMG-20250421-WA0001-1536x1152.jpg 1536w, https:\/\/www.montceautriathlon.com\/blog\/wp-content\/uploads\/2025\/05\/IMG-20250421-WA0001.jpg 2000w\" sizes=\"(max-width: 1024px) 100vw, 1024px\" \/><\/a><\/figure><\/li><li class=\"blocks-gallery-item\"><figure><a href=\"https:\/\/www.montceautriathlon.com\/blog\/wp-content\/uploads\/2025\/05\/IMG-20250421-WA0000-1024x768.jpg\"><img data-attachment-id=\"7465\" data-permalink=\"https:\/\/www.montceautriathlon.com\/blog\/2025\/05\/04\/les-triathletes-courent-2\/img-20250421-wa0000\/\" data-orig-file=\"https:\/\/www.montceautriathlon.com\/blog\/wp-content\/uploads\/2025\/05\/IMG-20250421-WA0000.jpg\" data-orig-size=\"2000,1500\" data-comments-opened=\"1\" data-image-meta=\"{&quot;aperture&quot;:&quot;0&quot;,&quot;credit&quot;:&quot;&quot;,&quot;camera&quot;:&quot;&quot;,&quot;caption&quot;:&quot;&quot;,&quot;created_timestamp&quot;:&quot;0&quot;,&quot;copyright&quot;:&quot;&quot;,&quot;focal_length&quot;:&quot;0&quot;,&quot;iso&quot;:&quot;0&quot;,&quot;shutter_speed&quot;:&quot;0&quot;,&quot;title&quot;:&quot;&quot;,&quot;orientation&quot;:&quot;0&quot;}\" data-image-title=\"IMG-20250421-WA0000\" data-image-description=\"\" data-image-caption=\"\" data-medium-file=\"https:\/\/www.montceautriathlon.com\/blog\/wp-content\/uploads\/2025\/05\/IMG-20250421-WA0000-300x225.jpg\" data-large-file=\"https:\/\/www.montceautriathlon.com\/blog\/wp-content\/uploads\/2025\/05\/IMG-20250421-WA0000-1024x768.jpg\" loading=\"lazy\" width=\"1024\" height=\"768\" src=\"https:\/\/www.montceautriathlon.com\/blog\/wp-content\/uploads\/2025\/05\/IMG-20250421-WA0000-1024x768.jpg\" alt=\"\" data-id=\"7465\" data-link=\"https:\/\/www.montceautriathlon.com\/blog\/?attachment_id=7465\" class=\"wp-image-7465\" srcset=\"https:\/\/www.montceautriathlon.com\/blog\/wp-content\/uploads\/2025\/05\/IMG-20250421-WA0000-1024x768.jpg 1024w, https:\/\/www.montceautriathlon.com\/blog\/wp-content\/uploads\/2025\/05\/IMG-20250421-WA0000-300x225.jpg 300w, https:\/\/www.montceautriathlon.com\/blog\/wp-content\/uploads\/2025\/05\/IMG-20250421-WA0000-768x576.jpg 768w, https:\/\/www.montceautriathlon.com\/blog\/wp-content\/uploads\/2025\/05\/IMG-20250421-WA0000-1536x1152.jpg 1536w, https:\/\/www.montceautriathlon.com\/blog\/wp-content\/uploads\/2025\/05\/IMG-20250421-WA0000.jpg 2000w\" sizes=\"(max-width: 1024px) 100vw, 1024px\" \/><\/a><\/figure><\/li><li class=\"blocks-gallery-item\"><figure><a href=\"https:\/\/www.montceautriathlon.com\/blog\/wp-content\/uploads\/2025\/05\/mont-avril.jpg\"><img data-attachment-id=\"7466\" data-permalink=\"https:\/\/www.montceautriathlon.com\/blog\/2025\/05\/04\/les-triathletes-courent-2\/mont-avril\/\" data-orig-file=\"https:\/\/www.montceautriathlon.com\/blog\/wp-content\/uploads\/2025\/05\/mont-avril.jpg\" data-orig-size=\"720,518\" data-comments-opened=\"1\" data-image-meta=\"{&quot;aperture&quot;:&quot;0&quot;,&quot;credit&quot;:&quot;&quot;,&quot;camera&quot;:&quot;&quot;,&quot;caption&quot;:&quot;&quot;,&quot;created_timestamp&quot;:&quot;0&quot;,&quot;copyright&quot;:&quot;&quot;,&quot;focal_length&quot;:&quot;0&quot;,&quot;iso&quot;:&quot;0&quot;,&quot;shutter_speed&quot;:&quot;0&quot;,&quot;title&quot;:&quot;&quot;,&quot;orientation&quot;:&quot;0&quot;}\" data-image-title=\"mont-avril\" data-image-description=\"\" data-image-caption=\"\" data-medium-file=\"https:\/\/www.montceautriathlon.com\/blog\/wp-content\/uploads\/2025\/05\/mont-avril-300x216.jpg\" data-large-file=\"https:\/\/www.montceautriathlon.com\/blog\/wp-content\/uploads\/2025\/05\/mont-avril.jpg\" loading=\"lazy\" width=\"720\" height=\"518\" src=\"https:\/\/www.montceautriathlon.com\/blog\/wp-content\/uploads\/2025\/05\/mont-avril.jpg\" alt=\"\" data-id=\"7466\" data-link=\"https:\/\/www.montceautriathlon.com\/blog\/?attachment_id=7466\" class=\"wp-image-7466\" srcset=\"https:\/\/www.montceautriathlon.com\/blog\/wp-content\/uploads\/2025\/05\/mont-avril.jpg 720w, https:\/\/www.montceautriathlon.com\/blog\/wp-content\/uploads\/2025\/05\/mont-avril-300x216.jpg 300w\" sizes=\"(max-width: 720px) 100vw, 720px\" \/><\/a><\/figure><\/li><li class=\"blocks-gallery-item\"><figure><a href=\"https:\/\/www.montceautriathlon.com\/blog\/wp-content\/uploads\/2025\/05\/montpellier-768x1024.jpg\"><img data-attachment-id=\"7467\" data-permalink=\"https:\/\/www.montceautriathlon.com\/blog\/2025\/05\/04\/les-triathletes-courent-2\/montpellier\/\" data-orig-file=\"https:\/\/www.montceautriathlon.com\/blog\/wp-content\/uploads\/2025\/05\/montpellier.jpg\" data-orig-size=\"1200,1600\" data-comments-opened=\"1\" data-image-meta=\"{&quot;aperture&quot;:&quot;0&quot;,&quot;credit&quot;:&quot;&quot;,&quot;camera&quot;:&quot;&quot;,&quot;caption&quot;:&quot;&quot;,&quot;created_timestamp&quot;:&quot;0&quot;,&quot;copyright&quot;:&quot;&quot;,&quot;focal_length&quot;:&quot;0&quot;,&quot;iso&quot;:&quot;0&quot;,&quot;shutter_speed&quot;:&quot;0&quot;,&quot;title&quot;:&quot;&quot;,&quot;orientation&quot;:&quot;0&quot;}\" data-image-title=\"montpellier\" data-image-description=\"\" data-image-caption=\"\" data-medium-file=\"https:\/\/www.montceautriathlon.com\/blog\/wp-content\/uploads\/2025\/05\/montpellier-225x300.jpg\" data-large-file=\"https:\/\/www.montceautriathlon.com\/blog\/wp-content\/uploads\/2025\/05\/montpellier-768x1024.jpg\" loading=\"lazy\" width=\"768\" height=\"1024\" src=\"https:\/\/www.montceautriathlon.com\/blog\/wp-content\/uploads\/2025\/05\/montpellier-768x1024.jpg\" alt=\"\" data-id=\"7467\" data-link=\"https:\/\/www.montceautriathlon.com\/blog\/?attachment_id=7467\" class=\"wp-image-7467\" srcset=\"https:\/\/www.montceautriathlon.com\/blog\/wp-content\/uploads\/2025\/05\/montpellier-768x1024.jpg 768w, https:\/\/www.montceautriathlon.com\/blog\/wp-content\/uploads\/2025\/05\/montpellier-225x300.jpg 225w, https:\/\/www.montceautriathlon.com\/blog\/wp-content\/uploads\/2025\/05\/montpellier-1152x1536.jpg 1152w, https:\/\/www.montceautriathlon.com\/blog\/wp-content\/uploads\/2025\/05\/montpellier.jpg 1200w\" sizes=\"(max-width: 768px) 100vw, 768px\" \/><\/a><\/figure><\/li><li class=\"blocks-gallery-item\"><figure><a href=\"https:\/\/www.montceautriathlon.com\/blog\/wp-content\/uploads\/2025\/05\/mont-dardon-472x1024.jpg\"><img data-attachment-id=\"7468\" data-permalink=\"https:\/\/www.montceautriathlon.com\/blog\/2025\/05\/04\/les-triathletes-courent-2\/mont-dardon\/\" data-orig-file=\"https:\/\/www.montceautriathlon.com\/blog\/wp-content\/uploads\/2025\/05\/mont-dardon.jpg\" data-orig-size=\"526,1140\" data-comments-opened=\"1\" data-image-meta=\"{&quot;aperture&quot;:&quot;0&quot;,&quot;credit&quot;:&quot;&quot;,&quot;camera&quot;:&quot;&quot;,&quot;caption&quot;:&quot;&quot;,&quot;created_timestamp&quot;:&quot;0&quot;,&quot;copyright&quot;:&quot;&quot;,&quot;focal_length&quot;:&quot;0&quot;,&quot;iso&quot;:&quot;0&quot;,&quot;shutter_speed&quot;:&quot;0&quot;,&quot;title&quot;:&quot;&quot;,&quot;orientation&quot;:&quot;0&quot;}\" data-image-title=\"mont-dardon\" data-image-description=\"\" data-image-caption=\"\" data-medium-file=\"https:\/\/www.montceautriathlon.com\/blog\/wp-content\/uploads\/2025\/05\/mont-dardon-138x300.jpg\" data-large-file=\"https:\/\/www.montceautriathlon.com\/blog\/wp-content\/uploads\/2025\/05\/mont-dardon-472x1024.jpg\" loading=\"lazy\" width=\"472\" height=\"1024\" src=\"https:\/\/www.montceautriathlon.com\/blog\/wp-content\/uploads\/2025\/05\/mont-dardon-472x1024.jpg\" alt=\"\" data-id=\"7468\" data-link=\"https:\/\/www.montceautriathlon.com\/blog\/?attachment_id=7468\" class=\"wp-image-7468\" srcset=\"https:\/\/www.montceautriathlon.com\/blog\/wp-content\/uploads\/2025\/05\/mont-dardon-472x1024.jpg 472w, https:\/\/www.montceautriathlon.com\/blog\/wp-content\/uploads\/2025\/05\/mont-dardon-138x300.jpg 138w, https:\/\/www.montceautriathlon.com\/blog\/wp-content\/uploads\/2025\/05\/mont-dardon.jpg 526w\" sizes=\"(max-width: 472px) 100vw, 472px\" \/><\/a><\/figure><\/li><li class=\"blocks-gallery-item\"><figure><a href=\"https:\/\/www.montceautriathlon.com\/blog\/wp-content\/uploads\/2025\/05\/marathon-vins.jpg\"><img data-attachment-id=\"7469\" data-permalink=\"https:\/\/www.montceautriathlon.com\/blog\/2025\/05\/04\/les-triathletes-courent-2\/marathon-vins\/\" data-orig-file=\"https:\/\/www.montceautriathlon.com\/blog\/wp-content\/uploads\/2025\/05\/marathon-vins.jpg\" data-orig-size=\"526,699\" data-comments-opened=\"1\" data-image-meta=\"{&quot;aperture&quot;:&quot;0&quot;,&quot;credit&quot;:&quot;&quot;,&quot;camera&quot;:&quot;&quot;,&quot;caption&quot;:&quot;&quot;,&quot;created_timestamp&quot;:&quot;0&quot;,&quot;copyright&quot;:&quot;&quot;,&quot;focal_length&quot;:&quot;0&quot;,&quot;iso&quot;:&quot;0&quot;,&quot;shutter_speed&quot;:&quot;0&quot;,&quot;title&quot;:&quot;&quot;,&quot;orientation&quot;:&quot;0&quot;}\" data-image-title=\"marathon-vins\" data-image-description=\"\" data-image-caption=\"\" data-medium-file=\"https:\/\/www.montceautriathlon.com\/blog\/wp-content\/uploads\/2025\/05\/marathon-vins-226x300.jpg\" data-large-file=\"https:\/\/www.montceautriathlon.com\/blog\/wp-content\/uploads\/2025\/05\/marathon-vins.jpg\" loading=\"lazy\" width=\"526\" height=\"699\" src=\"https:\/\/www.montceautriathlon.com\/blog\/wp-content\/uploads\/2025\/05\/marathon-vins.jpg\" alt=\"\" data-id=\"7469\" data-full-url=\"https:\/\/www.montceautriathlon.com\/blog\/wp-content\/uploads\/2025\/05\/marathon-vins.jpg\" data-link=\"https:\/\/www.montceautriathlon.com\/blog\/?attachment_id=7469\" class=\"wp-image-7469\" srcset=\"https:\/\/www.montceautriathlon.com\/blog\/wp-content\/uploads\/2025\/05\/marathon-vins.jpg 526w, https:\/\/www.montceautriathlon.com\/blog\/wp-content\/uploads\/2025\/05\/marathon-vins-226x300.jpg 226w\" sizes=\"(max-width: 526px) 100vw, 526px\" \/><\/a><\/figure><\/li><\/ul><\/figure>\n","protected":false},"excerpt":{"rendered":"<p>Plusieurs triathl\u00e8tes montcelliens se sont retrouv\u00e9s sur les diff\u00e9rentes \u00e9preuves du Marathon des Vins de la C\u00f4te Chalonnaise. Sur le marathon, Cyrille B\u00e9rardan fini cette course en 3h14&rsquo;01 en 41e position du g\u00e9n\u00e9ral et 5e\/133 Master 2. Jean Christophe Bernigaud le suit en 3h22&rsquo;10 (70e et top 10 des master1). Sur le semi marathon, nous [&hellip;]<\/p>\n","protected":false},"author":7,"featured_media":7469,"comment_status":"open","ping_status":"open","sticky":false,"template":"","format":"standard","meta":{"spay_email":"","jetpack_publicize_message":"","jetpack_is_tweetstorm":false},"categories":[1],"tags":[],"jetpack_featured_media_url":"https:\/\/www.montceautriathlon.com\/blog\/wp-content\/uploads\/2025\/05\/marathon-vins.jpg","jetpack_publicize_connections":[],"jetpack_sharing_enabled":true,"jetpack_shortlink":"https:\/\/wp.me\/p8bwIy-1Wn","jetpack-related-posts":[{"id":6612,"url":"https:\/\/www.montceautriathlon.com\/blog\/2024\/03\/19\/trail-des-3-chateaux-et-course-des-lacs\/","url_meta":{"origin":7463,"position":0},"title":"Trail des 3 ch\u00e2teaux et course des lacs","date":"19 mars 2024","format":false,"excerpt":"Samedi 9 mars 2024, certains de nos triathl\u00e8tes se sont attel\u00e9s \u00e0 la mythique course des 3 ch\u00e2teaux : Sur le 27km : Sandrine Marchand , avec un chrono de 3h19\u201951 prend une belle 134e place au scratch ce qui la place en 23e position f\u00e9minine , et a une\u2026","rel":"","context":"Dans &quot;Non class\u00e9&quot;","img":{"alt_text":"","src":"https:\/\/i0.wp.com\/www.montceautriathlon.com\/blog\/wp-content\/uploads\/2024\/03\/course-lac-9.jpg?resize=350%2C200&ssl=1","width":350,"height":200},"classes":[]},{"id":7160,"url":"https:\/\/www.montceautriathlon.com\/blog\/2024\/12\/04\/les-triathletes-courent\/","url_meta":{"origin":7463,"position":1},"title":"Les triathl\u00e8tes courent&#8230;","date":"4 d\u00e9cembre 2024","format":false,"excerpt":"La saison des triathlons touche \u00e0 sa fin. Les triathl\u00e8tes montcelliens se retrouvent donc sur d'autres manifestations. Ils marchent...ils courent... En octobre et novembre, les montcelliens ont particip\u00e9s: Octobre Rose: des triathl\u00e8tes f\u00e9minines se sont retrouv\u00e9es \u00e0 Blanzy le 6 octobre pour participer \u00e0 la randonn\u00e9e propos\u00e9e par la ville\u2026","rel":"","context":"Dans &quot;Non class\u00e9&quot;","img":{"alt_text":"","src":"https:\/\/i0.wp.com\/www.montceautriathlon.com\/blog\/wp-content\/uploads\/2024\/12\/octobre-rose.jpg?resize=350%2C200&ssl=1","width":350,"height":200},"classes":[]},{"id":6399,"url":"https:\/\/www.montceautriathlon.com\/blog\/2023\/10\/26\/les-triathletes-marchent-courent-et-pedalent\/","url_meta":{"origin":7463,"position":2},"title":"Les triathl\u00e8tes marchent, courent et p\u00e9dalent","date":"26 octobre 2023","format":false,"excerpt":"Le week end dernier, les \u00e9preuves n'ont pas manqu\u00e9 pour les licenci\u00e9s. Sandrine Marchand \u00e0 couru le samedi apr\u00e8s midi les 27km du trail du Haut Clunysois. Elle termine le parcours, plut\u00f4t exigeant 52e sur 104 et se classe 8e f\u00e9minine (2e M3F) Fabienne, Eric Vaudelin, et Laure Rochaix se\u2026","rel":"","context":"Dans &quot;Non class\u00e9&quot;","img":{"alt_text":"","src":"https:\/\/i1.wp.com\/www.montceautriathlon.com\/blog\/wp-content\/uploads\/2023\/10\/IMG-20231022-WA0017.jpg?resize=350%2C200&ssl=1","width":350,"height":200},"classes":[]},{"id":7803,"url":"https:\/\/www.montceautriathlon.com\/blog\/2025\/06\/15\/week-end-de-la-pentecote-plusieurs-triathletes-plusieurs-epreuves\/","url_meta":{"origin":7463,"position":3},"title":"Week end de la Pentec\u00f4te: plusieurs  triathl\u00e8tes, plusieurs \u00e9preuves","date":"15 juin 2025","format":false,"excerpt":"Lors de ce long week-end de la Pentec\u00f4te, les triathl\u00e8tes montcelliens se sont d\u00e9plac\u00e9s sur diff\u00e9rentes \u00e9preuves: le triathlon de Chalain dans le Jura, le triathlon de l'\u00e9tang de Baye dans la Ni\u00e8vre, et certains sont partis dans le Forez pour le semi marathon de la bi\u00e8re, ou d'autres sont\u2026","rel":"","context":"Dans &quot;Non class\u00e9&quot;","img":{"alt_text":"","src":"https:\/\/i1.wp.com\/www.montceautriathlon.com\/blog\/wp-content\/uploads\/2025\/06\/IMG_2915-1-scaled.jpg?resize=350%2C200&ssl=1","width":350,"height":200},"classes":[]},{"id":8303,"url":"https:\/\/www.montceautriathlon.com\/blog\/2025\/10\/20\/premier-week-end-doctobre-utmj-run-in-lyon-triathlon-carqueiranne\/","url_meta":{"origin":7463,"position":4},"title":"Premier week end d&rsquo;Octobre: UTMJ, Run in Lyon, Triathlon Carqueiranne, cyclathlon des Bizots","date":"20 octobre 2025","format":false,"excerpt":"Samedi 4 octobre, 2 triathl\u00e8tes montcelliens ont d\u00e9fi\u00e9 le mauvais temps dans les montagnes du Jura. Sandrine Ghesqui\u00e8re s'est engag\u00e9e sur le 105km de l'ultra trail des montagnes du Jura. Apr\u00e8s un changement de parcours \u00e0 la derni\u00e8re minute \u00e0 cause de conditions trop dangereuses, , Sandrine boucle les 90km\u2026","rel":"","context":"Dans &quot;Non class\u00e9&quot;","img":{"alt_text":"","src":"https:\/\/i2.wp.com\/www.montceautriathlon.com\/blog\/wp-content\/uploads\/2025\/10\/557642104_1475656513475068_5211544675592258598_n.jpg?resize=350%2C200&ssl=1","width":350,"height":200},"classes":[]},{"id":6978,"url":"https:\/\/www.montceautriathlon.com\/blog\/2024\/07\/16\/dernier-week-end-de-juin-les-montcelliens-sur-tous-les-fronts\/","url_meta":{"origin":7463,"position":5},"title":"Dernier Week end de juin: les montcelliens sur tous les fronts","date":"16 juillet 2024","format":false,"excerpt":"Les triathl\u00e8tes montcelliens \u00e9taient pour ce dernier week end de juin sur tous les fronts. Une grosse d\u00e9l\u00e9gation \u00e9tait \u00e0 Saint Point pour le triathlon organis\u00e9 pour Macon Triathlon. Nos 2 jeunes \"com\" Sarah et Charline \u00e9taient aux Sables d'Olonnes pour participer \u00e0 leur 1r Half IronMan, et Sandrine et\u2026","rel":"","context":"Dans &quot;Non class\u00e9&quot;","img":{"alt_text":"","src":"https:\/\/i1.wp.com\/www.montceautriathlon.com\/blog\/wp-content\/uploads\/2024\/07\/449702059_1145090549865001_8425172857938717631_n.jpg?resize=350%2C200&ssl=1","width":350,"height":200},"classes":[]}],"_links":{"self":[{"href":"https:\/\/www.montceautriathlon.com\/blog\/wp-json\/wp\/v2\/posts\/7463"}],"collection":[{"href":"https:\/\/www.montceautriathlon.com\/blog\/wp-json\/wp\/v2\/posts"}],"about":[{"href":"https:\/\/www.montceautriathlon.com\/blog\/wp-json\/wp\/v2\/types\/post"}],"author":[{"embeddable":true,"href":"https:\/\/www.montceautriathlon.com\/blog\/wp-json\/wp\/v2\/users\/7"}],"replies":[{"embeddable":true,"href":"https:\/\/www.montceautriathlon.com\/blog\/wp-json\/wp\/v2\/comments?post=7463"}],"version-history":[{"count":1,"href":"https:\/\/www.montceautriathlon.com\/blog\/wp-json\/wp\/v2\/posts\/7463\/revisions"}],"predecessor-version":[{"id":7470,"href":"https:\/\/www.montceautriathlon.com\/blog\/wp-json\/wp\/v2\/posts\/7463\/revisions\/7470"}],"wp:featuredmedia":[{"embeddable":true,"href":"https:\/\/www.montceautriathlon.com\/blog\/wp-json\/wp\/v2\/media\/7469"}],"wp:attachment":[{"href":"https:\/\/www.montceautriathlon.com\/blog\/wp-json\/wp\/v2\/media?parent=7463"}],"wp:term":[{"taxonomy":"category","embeddable":true,"href":"https:\/\/www.montceautriathlon.com\/blog\/wp-json\/wp\/v2\/categories?post=7463"},{"taxonomy":"post_tag","embeddable":true,"href":"https:\/\/www.montceautriathlon.com\/blog\/wp-json\/wp\/v2\/tags?post=7463"}],"curies":[{"name":"wp","href":"https:\/\/api.w.org\/{rel}","templated":true}]}}