{"id":7398,"date":"2025-03-28T11:30:03","date_gmt":"2025-03-28T10:30:03","guid":{"rendered":"https:\/\/www.montceautriathlon.com\/blog\/?p=7398"},"modified":"2025-03-28T11:30:05","modified_gmt":"2025-03-28T10:30:05","slug":"aquathlon-creusot","status":"publish","type":"post","link":"https:\/\/www.montceautriathlon.com\/blog\/2025\/03\/28\/aquathlon-creusot\/","title":{"rendered":"Aquathlon Creusot"},"content":{"rendered":"\n<ul><li>course XS :<\/li><\/ul>\n\n\n\n<p>Titouan Rondier , 8e g\u00e9n\u00e9ral, en 15\u201916<\/p>\n\n\n\n<p>Axelle Da Eira 32e en 19\u201902<\/p>\n\n\n\n<p>Gaston Trapet, 38e en 19\u201957<\/p>\n\n\n\n<p>Frantisishak Anishchanka,45e en 20\u201934<\/p>\n\n\n\n<p>Marceau Giuffrida 50e en 21\u201914<\/p>\n\n\n\n<p>Sarah Thierry 52e en 21\u201922<\/p>\n\n\n\n<p>Rachel Dugne 58e en 22\u201909<\/p>\n\n\n\n<p>Chlo\u00e9 Herrero 61e en 23\u201950<\/p>\n\n\n\n<p>Jules Fernandez Cognard 65e en 26\u201942<\/p>\n\n\n\n<p><\/p>\n\n\n\n<ul><li>course S :<\/li><\/ul>\n\n\n\n<p>Mickael Verdu 32e en 33\u201949<\/p>\n\n\n\n<p>Jeanne Rondier le talonne 33e en 33\u201959<\/p>\n\n\n\n<p>Simon Devoille 37e en 34\u201946<\/p>\n\n\n\n<p>Emma Dufour 50e en 38\u201941<\/p>\n\n\n\n<p>Zo\u00e9 Da Eira juste derri\u00e8re 51e en 38\u201956<\/p>\n\n\n\n<p>Elea Berardan 59e en 43\u201955<\/p>\n\n\n\n<p>Sophie Marionnet 61e en 44\u201932<\/p>\n\n\n\n<p><\/p>\n\n\n\n<ul><li>Course 6\/7 ans :<\/li><\/ul>\n\n\n\n<p>Gaspard Pradier\u00a01er en 6\u201931<\/p>\n\n\n\n<p>Elina Magnien\u00a03\u00e8me au scratch en 7\u201955<\/p>\n\n\n\n<p>Alice Dugne 4e\u00a0en 8\u201906<\/p>\n\n\n\n<p><\/p>\n\n\n\n<ul><li>Course 8\/9 ans :<\/li><\/ul>\n\n\n\n<p>Louis Vinck\u00a01er en 7\u201904<\/p>\n\n\n\n<p>Eliott Rondier 8e en 9\u201904<\/p>\n\n\n\n<p>Tim\u00e9o Duprat 12e en 11\u00b440<\/p>\n\n\n\n<p><\/p>\n\n\n\n<ul><li>Course 10\/11 ans :<\/li><\/ul>\n\n\n\n<p>Jules Vinck\u00a02\u00e8me en 12\u201906<\/p>\n\n\n\n<p>Jules Vendramini 15e en 13\u201923<\/p>\n\n\n\n<p>Come Pradier 20e en 14\u201953<\/p>\n\n\n\n<p>Candice Herrero 24e en 15\u201939<\/p>\n\n\n\n<p>Tiana Magnien 25e en 15\u201948<\/p>\n\n\n\n<p>Come Dessagne 26e en 16\u201952<\/p>\n\n\n\n<figure class=\"wp-block-gallery columns-3 is-cropped\"><ul data-carousel-extra='{\"blog_id\":1,\"permalink\":\"https:\\\/\\\/www.montceautriathlon.com\\\/blog\\\/2025\\\/03\\\/28\\\/aquathlon-creusot\\\/\"}' class=\"blocks-gallery-grid\"><li class=\"blocks-gallery-item\"><figure><a href=\"https:\/\/www.montceautriathlon.com\/blog\/wp-content\/uploads\/2025\/03\/IMG_2655.jpeg\"><img data-attachment-id=\"7399\" data-permalink=\"https:\/\/www.montceautriathlon.com\/blog\/2025\/03\/28\/aquathlon-creusot\/img_2655\/\" data-orig-file=\"https:\/\/www.montceautriathlon.com\/blog\/wp-content\/uploads\/2025\/03\/IMG_2655.jpeg\" data-orig-size=\"810,1080\" data-comments-opened=\"1\" data-image-meta=\"{&quot;aperture&quot;:&quot;0&quot;,&quot;credit&quot;:&quot;&quot;,&quot;camera&quot;:&quot;&quot;,&quot;caption&quot;:&quot;&quot;,&quot;created_timestamp&quot;:&quot;0&quot;,&quot;copyright&quot;:&quot;&quot;,&quot;focal_length&quot;:&quot;0&quot;,&quot;iso&quot;:&quot;0&quot;,&quot;shutter_speed&quot;:&quot;0&quot;,&quot;title&quot;:&quot;&quot;,&quot;orientation&quot;:&quot;1&quot;}\" data-image-title=\"IMG_2655\" data-image-description=\"\" data-image-caption=\"\" data-medium-file=\"https:\/\/www.montceautriathlon.com\/blog\/wp-content\/uploads\/2025\/03\/IMG_2655-225x300.jpeg\" data-large-file=\"https:\/\/www.montceautriathlon.com\/blog\/wp-content\/uploads\/2025\/03\/IMG_2655-768x1024.jpeg\" loading=\"lazy\" width=\"768\" height=\"1024\" src=\"https:\/\/www.montceautriathlon.com\/blog\/wp-content\/uploads\/2025\/03\/IMG_2655-768x1024.jpeg\" alt=\"\" data-id=\"7399\" data-full-url=\"https:\/\/www.montceautriathlon.com\/blog\/wp-content\/uploads\/2025\/03\/IMG_2655.jpeg\" data-link=\"https:\/\/www.montceautriathlon.com\/blog\/?attachment_id=7399\" class=\"wp-image-7399\" srcset=\"https:\/\/www.montceautriathlon.com\/blog\/wp-content\/uploads\/2025\/03\/IMG_2655-768x1024.jpeg 768w, https:\/\/www.montceautriathlon.com\/blog\/wp-content\/uploads\/2025\/03\/IMG_2655-225x300.jpeg 225w, https:\/\/www.montceautriathlon.com\/blog\/wp-content\/uploads\/2025\/03\/IMG_2655.jpeg 810w\" sizes=\"(max-width: 768px) 100vw, 768px\" \/><\/a><\/figure><\/li><li class=\"blocks-gallery-item\"><figure><a href=\"https:\/\/www.montceautriathlon.com\/blog\/wp-content\/uploads\/2025\/03\/IMG_2654.jpeg\"><img data-attachment-id=\"7400\" data-permalink=\"https:\/\/www.montceautriathlon.com\/blog\/2025\/03\/28\/aquathlon-creusot\/img_2654\/\" data-orig-file=\"https:\/\/www.montceautriathlon.com\/blog\/wp-content\/uploads\/2025\/03\/IMG_2654.jpeg\" data-orig-size=\"810,1080\" data-comments-opened=\"1\" data-image-meta=\"{&quot;aperture&quot;:&quot;0&quot;,&quot;credit&quot;:&quot;&quot;,&quot;camera&quot;:&quot;&quot;,&quot;caption&quot;:&quot;&quot;,&quot;created_timestamp&quot;:&quot;0&quot;,&quot;copyright&quot;:&quot;&quot;,&quot;focal_length&quot;:&quot;0&quot;,&quot;iso&quot;:&quot;0&quot;,&quot;shutter_speed&quot;:&quot;0&quot;,&quot;title&quot;:&quot;&quot;,&quot;orientation&quot;:&quot;1&quot;}\" data-image-title=\"IMG_2654\" data-image-description=\"\" data-image-caption=\"\" data-medium-file=\"https:\/\/www.montceautriathlon.com\/blog\/wp-content\/uploads\/2025\/03\/IMG_2654-225x300.jpeg\" data-large-file=\"https:\/\/www.montceautriathlon.com\/blog\/wp-content\/uploads\/2025\/03\/IMG_2654-768x1024.jpeg\" loading=\"lazy\" width=\"768\" height=\"1024\" src=\"https:\/\/www.montceautriathlon.com\/blog\/wp-content\/uploads\/2025\/03\/IMG_2654-768x1024.jpeg\" alt=\"\" data-id=\"7400\" data-full-url=\"https:\/\/www.montceautriathlon.com\/blog\/wp-content\/uploads\/2025\/03\/IMG_2654.jpeg\" data-link=\"https:\/\/www.montceautriathlon.com\/blog\/?attachment_id=7400\" class=\"wp-image-7400\" srcset=\"https:\/\/www.montceautriathlon.com\/blog\/wp-content\/uploads\/2025\/03\/IMG_2654-768x1024.jpeg 768w, https:\/\/www.montceautriathlon.com\/blog\/wp-content\/uploads\/2025\/03\/IMG_2654-225x300.jpeg 225w, https:\/\/www.montceautriathlon.com\/blog\/wp-content\/uploads\/2025\/03\/IMG_2654.jpeg 810w\" sizes=\"(max-width: 768px) 100vw, 768px\" \/><\/a><\/figure><\/li><li class=\"blocks-gallery-item\"><figure><a href=\"https:\/\/www.montceautriathlon.com\/blog\/wp-content\/uploads\/2025\/03\/IMG_2651.jpeg\"><img data-attachment-id=\"7401\" data-permalink=\"https:\/\/www.montceautriathlon.com\/blog\/2025\/03\/28\/aquathlon-creusot\/img_2651\/\" data-orig-file=\"https:\/\/www.montceautriathlon.com\/blog\/wp-content\/uploads\/2025\/03\/IMG_2651.jpeg\" data-orig-size=\"810,1080\" data-comments-opened=\"1\" data-image-meta=\"{&quot;aperture&quot;:&quot;0&quot;,&quot;credit&quot;:&quot;&quot;,&quot;camera&quot;:&quot;&quot;,&quot;caption&quot;:&quot;&quot;,&quot;created_timestamp&quot;:&quot;0&quot;,&quot;copyright&quot;:&quot;&quot;,&quot;focal_length&quot;:&quot;0&quot;,&quot;iso&quot;:&quot;0&quot;,&quot;shutter_speed&quot;:&quot;0&quot;,&quot;title&quot;:&quot;&quot;,&quot;orientation&quot;:&quot;1&quot;}\" data-image-title=\"IMG_2651\" data-image-description=\"\" data-image-caption=\"\" data-medium-file=\"https:\/\/www.montceautriathlon.com\/blog\/wp-content\/uploads\/2025\/03\/IMG_2651-225x300.jpeg\" data-large-file=\"https:\/\/www.montceautriathlon.com\/blog\/wp-content\/uploads\/2025\/03\/IMG_2651-768x1024.jpeg\" loading=\"lazy\" width=\"768\" height=\"1024\" src=\"https:\/\/www.montceautriathlon.com\/blog\/wp-content\/uploads\/2025\/03\/IMG_2651-768x1024.jpeg\" alt=\"\" data-id=\"7401\" data-full-url=\"https:\/\/www.montceautriathlon.com\/blog\/wp-content\/uploads\/2025\/03\/IMG_2651.jpeg\" data-link=\"https:\/\/www.montceautriathlon.com\/blog\/?attachment_id=7401\" class=\"wp-image-7401\" srcset=\"https:\/\/www.montceautriathlon.com\/blog\/wp-content\/uploads\/2025\/03\/IMG_2651-768x1024.jpeg 768w, https:\/\/www.montceautriathlon.com\/blog\/wp-content\/uploads\/2025\/03\/IMG_2651-225x300.jpeg 225w, https:\/\/www.montceautriathlon.com\/blog\/wp-content\/uploads\/2025\/03\/IMG_2651.jpeg 810w\" sizes=\"(max-width: 768px) 100vw, 768px\" \/><\/a><\/figure><\/li><li class=\"blocks-gallery-item\"><figure><a href=\"https:\/\/www.montceautriathlon.com\/blog\/wp-content\/uploads\/2025\/03\/IMG_2649.jpeg\"><img data-attachment-id=\"7402\" data-permalink=\"https:\/\/www.montceautriathlon.com\/blog\/2025\/03\/28\/aquathlon-creusot\/img_2649\/\" data-orig-file=\"https:\/\/www.montceautriathlon.com\/blog\/wp-content\/uploads\/2025\/03\/IMG_2649.jpeg\" data-orig-size=\"810,1080\" data-comments-opened=\"1\" data-image-meta=\"{&quot;aperture&quot;:&quot;0&quot;,&quot;credit&quot;:&quot;&quot;,&quot;camera&quot;:&quot;&quot;,&quot;caption&quot;:&quot;&quot;,&quot;created_timestamp&quot;:&quot;0&quot;,&quot;copyright&quot;:&quot;&quot;,&quot;focal_length&quot;:&quot;0&quot;,&quot;iso&quot;:&quot;0&quot;,&quot;shutter_speed&quot;:&quot;0&quot;,&quot;title&quot;:&quot;&quot;,&quot;orientation&quot;:&quot;1&quot;}\" data-image-title=\"IMG_2649\" data-image-description=\"\" data-image-caption=\"\" data-medium-file=\"https:\/\/www.montceautriathlon.com\/blog\/wp-content\/uploads\/2025\/03\/IMG_2649-225x300.jpeg\" data-large-file=\"https:\/\/www.montceautriathlon.com\/blog\/wp-content\/uploads\/2025\/03\/IMG_2649-768x1024.jpeg\" loading=\"lazy\" width=\"768\" height=\"1024\" src=\"https:\/\/www.montceautriathlon.com\/blog\/wp-content\/uploads\/2025\/03\/IMG_2649-768x1024.jpeg\" alt=\"\" data-id=\"7402\" data-full-url=\"https:\/\/www.montceautriathlon.com\/blog\/wp-content\/uploads\/2025\/03\/IMG_2649.jpeg\" data-link=\"https:\/\/www.montceautriathlon.com\/blog\/?attachment_id=7402\" class=\"wp-image-7402\" srcset=\"https:\/\/www.montceautriathlon.com\/blog\/wp-content\/uploads\/2025\/03\/IMG_2649-768x1024.jpeg 768w, https:\/\/www.montceautriathlon.com\/blog\/wp-content\/uploads\/2025\/03\/IMG_2649-225x300.jpeg 225w, https:\/\/www.montceautriathlon.com\/blog\/wp-content\/uploads\/2025\/03\/IMG_2649.jpeg 810w\" sizes=\"(max-width: 768px) 100vw, 768px\" \/><\/a><\/figure><\/li><li class=\"blocks-gallery-item\"><figure><a href=\"https:\/\/www.montceautriathlon.com\/blog\/wp-content\/uploads\/2025\/03\/IMG_2650.jpeg\"><img data-attachment-id=\"7403\" data-permalink=\"https:\/\/www.montceautriathlon.com\/blog\/2025\/03\/28\/aquathlon-creusot\/img_2650\/\" data-orig-file=\"https:\/\/www.montceautriathlon.com\/blog\/wp-content\/uploads\/2025\/03\/IMG_2650.jpeg\" data-orig-size=\"810,1080\" data-comments-opened=\"1\" data-image-meta=\"{&quot;aperture&quot;:&quot;0&quot;,&quot;credit&quot;:&quot;&quot;,&quot;camera&quot;:&quot;&quot;,&quot;caption&quot;:&quot;&quot;,&quot;created_timestamp&quot;:&quot;0&quot;,&quot;copyright&quot;:&quot;&quot;,&quot;focal_length&quot;:&quot;0&quot;,&quot;iso&quot;:&quot;0&quot;,&quot;shutter_speed&quot;:&quot;0&quot;,&quot;title&quot;:&quot;&quot;,&quot;orientation&quot;:&quot;1&quot;}\" data-image-title=\"IMG_2650\" data-image-description=\"\" data-image-caption=\"\" data-medium-file=\"https:\/\/www.montceautriathlon.com\/blog\/wp-content\/uploads\/2025\/03\/IMG_2650-225x300.jpeg\" data-large-file=\"https:\/\/www.montceautriathlon.com\/blog\/wp-content\/uploads\/2025\/03\/IMG_2650-768x1024.jpeg\" loading=\"lazy\" width=\"768\" height=\"1024\" src=\"https:\/\/www.montceautriathlon.com\/blog\/wp-content\/uploads\/2025\/03\/IMG_2650-768x1024.jpeg\" alt=\"\" data-id=\"7403\" data-full-url=\"https:\/\/www.montceautriathlon.com\/blog\/wp-content\/uploads\/2025\/03\/IMG_2650.jpeg\" data-link=\"https:\/\/www.montceautriathlon.com\/blog\/?attachment_id=7403\" class=\"wp-image-7403\" srcset=\"https:\/\/www.montceautriathlon.com\/blog\/wp-content\/uploads\/2025\/03\/IMG_2650-768x1024.jpeg 768w, https:\/\/www.montceautriathlon.com\/blog\/wp-content\/uploads\/2025\/03\/IMG_2650-225x300.jpeg 225w, https:\/\/www.montceautriathlon.com\/blog\/wp-content\/uploads\/2025\/03\/IMG_2650.jpeg 810w\" sizes=\"(max-width: 768px) 100vw, 768px\" \/><\/a><\/figure><\/li><li class=\"blocks-gallery-item\"><figure><a href=\"https:\/\/www.montceautriathlon.com\/blog\/wp-content\/uploads\/2025\/03\/IMG_2652.jpeg\"><img data-attachment-id=\"7404\" data-permalink=\"https:\/\/www.montceautriathlon.com\/blog\/2025\/03\/28\/aquathlon-creusot\/img_2652\/\" data-orig-file=\"https:\/\/www.montceautriathlon.com\/blog\/wp-content\/uploads\/2025\/03\/IMG_2652.jpeg\" data-orig-size=\"810,1080\" data-comments-opened=\"1\" data-image-meta=\"{&quot;aperture&quot;:&quot;0&quot;,&quot;credit&quot;:&quot;&quot;,&quot;camera&quot;:&quot;&quot;,&quot;caption&quot;:&quot;&quot;,&quot;created_timestamp&quot;:&quot;0&quot;,&quot;copyright&quot;:&quot;&quot;,&quot;focal_length&quot;:&quot;0&quot;,&quot;iso&quot;:&quot;0&quot;,&quot;shutter_speed&quot;:&quot;0&quot;,&quot;title&quot;:&quot;&quot;,&quot;orientation&quot;:&quot;1&quot;}\" data-image-title=\"IMG_2652\" data-image-description=\"\" data-image-caption=\"\" data-medium-file=\"https:\/\/www.montceautriathlon.com\/blog\/wp-content\/uploads\/2025\/03\/IMG_2652-225x300.jpeg\" data-large-file=\"https:\/\/www.montceautriathlon.com\/blog\/wp-content\/uploads\/2025\/03\/IMG_2652-768x1024.jpeg\" loading=\"lazy\" width=\"768\" height=\"1024\" src=\"https:\/\/www.montceautriathlon.com\/blog\/wp-content\/uploads\/2025\/03\/IMG_2652-768x1024.jpeg\" alt=\"\" data-id=\"7404\" data-full-url=\"https:\/\/www.montceautriathlon.com\/blog\/wp-content\/uploads\/2025\/03\/IMG_2652.jpeg\" data-link=\"https:\/\/www.montceautriathlon.com\/blog\/?attachment_id=7404\" class=\"wp-image-7404\" srcset=\"https:\/\/www.montceautriathlon.com\/blog\/wp-content\/uploads\/2025\/03\/IMG_2652-768x1024.jpeg 768w, https:\/\/www.montceautriathlon.com\/blog\/wp-content\/uploads\/2025\/03\/IMG_2652-225x300.jpeg 225w, https:\/\/www.montceautriathlon.com\/blog\/wp-content\/uploads\/2025\/03\/IMG_2652.jpeg 810w\" sizes=\"(max-width: 768px) 100vw, 768px\" \/><\/a><\/figure><\/li><li class=\"blocks-gallery-item\"><figure><a href=\"https:\/\/www.montceautriathlon.com\/blog\/wp-content\/uploads\/2025\/03\/IMG_2653.jpeg\"><img data-attachment-id=\"7405\" data-permalink=\"https:\/\/www.montceautriathlon.com\/blog\/2025\/03\/28\/aquathlon-creusot\/img_2653\/\" data-orig-file=\"https:\/\/www.montceautriathlon.com\/blog\/wp-content\/uploads\/2025\/03\/IMG_2653.jpeg\" data-orig-size=\"810,1080\" data-comments-opened=\"1\" data-image-meta=\"{&quot;aperture&quot;:&quot;0&quot;,&quot;credit&quot;:&quot;&quot;,&quot;camera&quot;:&quot;&quot;,&quot;caption&quot;:&quot;&quot;,&quot;created_timestamp&quot;:&quot;0&quot;,&quot;copyright&quot;:&quot;&quot;,&quot;focal_length&quot;:&quot;0&quot;,&quot;iso&quot;:&quot;0&quot;,&quot;shutter_speed&quot;:&quot;0&quot;,&quot;title&quot;:&quot;&quot;,&quot;orientation&quot;:&quot;1&quot;}\" data-image-title=\"IMG_2653\" data-image-description=\"\" data-image-caption=\"\" data-medium-file=\"https:\/\/www.montceautriathlon.com\/blog\/wp-content\/uploads\/2025\/03\/IMG_2653-225x300.jpeg\" data-large-file=\"https:\/\/www.montceautriathlon.com\/blog\/wp-content\/uploads\/2025\/03\/IMG_2653-768x1024.jpeg\" loading=\"lazy\" width=\"768\" height=\"1024\" src=\"https:\/\/www.montceautriathlon.com\/blog\/wp-content\/uploads\/2025\/03\/IMG_2653-768x1024.jpeg\" alt=\"\" data-id=\"7405\" data-full-url=\"https:\/\/www.montceautriathlon.com\/blog\/wp-content\/uploads\/2025\/03\/IMG_2653.jpeg\" data-link=\"https:\/\/www.montceautriathlon.com\/blog\/?attachment_id=7405\" class=\"wp-image-7405\" srcset=\"https:\/\/www.montceautriathlon.com\/blog\/wp-content\/uploads\/2025\/03\/IMG_2653-768x1024.jpeg 768w, https:\/\/www.montceautriathlon.com\/blog\/wp-content\/uploads\/2025\/03\/IMG_2653-225x300.jpeg 225w, https:\/\/www.montceautriathlon.com\/blog\/wp-content\/uploads\/2025\/03\/IMG_2653.jpeg 810w\" sizes=\"(max-width: 768px) 100vw, 768px\" \/><\/a><\/figure><\/li><li class=\"blocks-gallery-item\"><figure><a href=\"https:\/\/www.montceautriathlon.com\/blog\/wp-content\/uploads\/2025\/03\/IMG_2647.jpeg\"><img data-attachment-id=\"7406\" data-permalink=\"https:\/\/www.montceautriathlon.com\/blog\/2025\/03\/28\/aquathlon-creusot\/img_2647\/\" data-orig-file=\"https:\/\/www.montceautriathlon.com\/blog\/wp-content\/uploads\/2025\/03\/IMG_2647.jpeg\" data-orig-size=\"810,1080\" data-comments-opened=\"1\" data-image-meta=\"{&quot;aperture&quot;:&quot;0&quot;,&quot;credit&quot;:&quot;&quot;,&quot;camera&quot;:&quot;&quot;,&quot;caption&quot;:&quot;&quot;,&quot;created_timestamp&quot;:&quot;0&quot;,&quot;copyright&quot;:&quot;&quot;,&quot;focal_length&quot;:&quot;0&quot;,&quot;iso&quot;:&quot;0&quot;,&quot;shutter_speed&quot;:&quot;0&quot;,&quot;title&quot;:&quot;&quot;,&quot;orientation&quot;:&quot;1&quot;}\" data-image-title=\"IMG_2647\" data-image-description=\"\" data-image-caption=\"\" data-medium-file=\"https:\/\/www.montceautriathlon.com\/blog\/wp-content\/uploads\/2025\/03\/IMG_2647-225x300.jpeg\" data-large-file=\"https:\/\/www.montceautriathlon.com\/blog\/wp-content\/uploads\/2025\/03\/IMG_2647-768x1024.jpeg\" loading=\"lazy\" width=\"768\" height=\"1024\" src=\"https:\/\/www.montceautriathlon.com\/blog\/wp-content\/uploads\/2025\/03\/IMG_2647-768x1024.jpeg\" alt=\"\" data-id=\"7406\" data-full-url=\"https:\/\/www.montceautriathlon.com\/blog\/wp-content\/uploads\/2025\/03\/IMG_2647.jpeg\" data-link=\"https:\/\/www.montceautriathlon.com\/blog\/?attachment_id=7406\" class=\"wp-image-7406\" srcset=\"https:\/\/www.montceautriathlon.com\/blog\/wp-content\/uploads\/2025\/03\/IMG_2647-768x1024.jpeg 768w, https:\/\/www.montceautriathlon.com\/blog\/wp-content\/uploads\/2025\/03\/IMG_2647-225x300.jpeg 225w, https:\/\/www.montceautriathlon.com\/blog\/wp-content\/uploads\/2025\/03\/IMG_2647.jpeg 810w\" sizes=\"(max-width: 768px) 100vw, 768px\" \/><\/a><\/figure><\/li><li class=\"blocks-gallery-item\"><figure><a href=\"https:\/\/www.montceautriathlon.com\/blog\/wp-content\/uploads\/2025\/03\/IMG_2646.jpeg\"><img data-attachment-id=\"7407\" data-permalink=\"https:\/\/www.montceautriathlon.com\/blog\/2025\/03\/28\/aquathlon-creusot\/img_2646\/\" data-orig-file=\"https:\/\/www.montceautriathlon.com\/blog\/wp-content\/uploads\/2025\/03\/IMG_2646.jpeg\" data-orig-size=\"810,1080\" data-comments-opened=\"1\" data-image-meta=\"{&quot;aperture&quot;:&quot;0&quot;,&quot;credit&quot;:&quot;&quot;,&quot;camera&quot;:&quot;&quot;,&quot;caption&quot;:&quot;&quot;,&quot;created_timestamp&quot;:&quot;0&quot;,&quot;copyright&quot;:&quot;&quot;,&quot;focal_length&quot;:&quot;0&quot;,&quot;iso&quot;:&quot;0&quot;,&quot;shutter_speed&quot;:&quot;0&quot;,&quot;title&quot;:&quot;&quot;,&quot;orientation&quot;:&quot;1&quot;}\" data-image-title=\"IMG_2646\" data-image-description=\"\" data-image-caption=\"\" data-medium-file=\"https:\/\/www.montceautriathlon.com\/blog\/wp-content\/uploads\/2025\/03\/IMG_2646-225x300.jpeg\" data-large-file=\"https:\/\/www.montceautriathlon.com\/blog\/wp-content\/uploads\/2025\/03\/IMG_2646-768x1024.jpeg\" loading=\"lazy\" width=\"768\" height=\"1024\" src=\"https:\/\/www.montceautriathlon.com\/blog\/wp-content\/uploads\/2025\/03\/IMG_2646-768x1024.jpeg\" alt=\"\" data-id=\"7407\" data-full-url=\"https:\/\/www.montceautriathlon.com\/blog\/wp-content\/uploads\/2025\/03\/IMG_2646.jpeg\" data-link=\"https:\/\/www.montceautriathlon.com\/blog\/?attachment_id=7407\" class=\"wp-image-7407\" srcset=\"https:\/\/www.montceautriathlon.com\/blog\/wp-content\/uploads\/2025\/03\/IMG_2646-768x1024.jpeg 768w, https:\/\/www.montceautriathlon.com\/blog\/wp-content\/uploads\/2025\/03\/IMG_2646-225x300.jpeg 225w, https:\/\/www.montceautriathlon.com\/blog\/wp-content\/uploads\/2025\/03\/IMG_2646.jpeg 810w\" sizes=\"(max-width: 768px) 100vw, 768px\" \/><\/a><\/figure><\/li><li class=\"blocks-gallery-item\"><figure><a href=\"https:\/\/www.montceautriathlon.com\/blog\/wp-content\/uploads\/2025\/03\/IMG_2644.jpeg\"><img data-attachment-id=\"7408\" data-permalink=\"https:\/\/www.montceautriathlon.com\/blog\/2025\/03\/28\/aquathlon-creusot\/img_2644\/\" data-orig-file=\"https:\/\/www.montceautriathlon.com\/blog\/wp-content\/uploads\/2025\/03\/IMG_2644.jpeg\" data-orig-size=\"810,1080\" data-comments-opened=\"1\" data-image-meta=\"{&quot;aperture&quot;:&quot;0&quot;,&quot;credit&quot;:&quot;&quot;,&quot;camera&quot;:&quot;&quot;,&quot;caption&quot;:&quot;&quot;,&quot;created_timestamp&quot;:&quot;0&quot;,&quot;copyright&quot;:&quot;&quot;,&quot;focal_length&quot;:&quot;0&quot;,&quot;iso&quot;:&quot;0&quot;,&quot;shutter_speed&quot;:&quot;0&quot;,&quot;title&quot;:&quot;&quot;,&quot;orientation&quot;:&quot;1&quot;}\" data-image-title=\"IMG_2644\" data-image-description=\"\" data-image-caption=\"\" data-medium-file=\"https:\/\/www.montceautriathlon.com\/blog\/wp-content\/uploads\/2025\/03\/IMG_2644-225x300.jpeg\" data-large-file=\"https:\/\/www.montceautriathlon.com\/blog\/wp-content\/uploads\/2025\/03\/IMG_2644-768x1024.jpeg\" loading=\"lazy\" width=\"768\" height=\"1024\" src=\"https:\/\/www.montceautriathlon.com\/blog\/wp-content\/uploads\/2025\/03\/IMG_2644-768x1024.jpeg\" alt=\"\" data-id=\"7408\" data-full-url=\"https:\/\/www.montceautriathlon.com\/blog\/wp-content\/uploads\/2025\/03\/IMG_2644.jpeg\" data-link=\"https:\/\/www.montceautriathlon.com\/blog\/?attachment_id=7408\" class=\"wp-image-7408\" srcset=\"https:\/\/www.montceautriathlon.com\/blog\/wp-content\/uploads\/2025\/03\/IMG_2644-768x1024.jpeg 768w, https:\/\/www.montceautriathlon.com\/blog\/wp-content\/uploads\/2025\/03\/IMG_2644-225x300.jpeg 225w, https:\/\/www.montceautriathlon.com\/blog\/wp-content\/uploads\/2025\/03\/IMG_2644.jpeg 810w\" sizes=\"(max-width: 768px) 100vw, 768px\" \/><\/a><\/figure><\/li><li class=\"blocks-gallery-item\"><figure><a href=\"https:\/\/www.montceautriathlon.com\/blog\/wp-content\/uploads\/2025\/03\/IMG_2645.jpeg\"><img data-attachment-id=\"7409\" data-permalink=\"https:\/\/www.montceautriathlon.com\/blog\/2025\/03\/28\/aquathlon-creusot\/img_2645\/\" data-orig-file=\"https:\/\/www.montceautriathlon.com\/blog\/wp-content\/uploads\/2025\/03\/IMG_2645.jpeg\" data-orig-size=\"1080,608\" data-comments-opened=\"1\" data-image-meta=\"{&quot;aperture&quot;:&quot;0&quot;,&quot;credit&quot;:&quot;&quot;,&quot;camera&quot;:&quot;&quot;,&quot;caption&quot;:&quot;&quot;,&quot;created_timestamp&quot;:&quot;0&quot;,&quot;copyright&quot;:&quot;&quot;,&quot;focal_length&quot;:&quot;0&quot;,&quot;iso&quot;:&quot;0&quot;,&quot;shutter_speed&quot;:&quot;0&quot;,&quot;title&quot;:&quot;&quot;,&quot;orientation&quot;:&quot;1&quot;}\" data-image-title=\"IMG_2645\" data-image-description=\"\" data-image-caption=\"\" data-medium-file=\"https:\/\/www.montceautriathlon.com\/blog\/wp-content\/uploads\/2025\/03\/IMG_2645-300x169.jpeg\" data-large-file=\"https:\/\/www.montceautriathlon.com\/blog\/wp-content\/uploads\/2025\/03\/IMG_2645-1024x576.jpeg\" loading=\"lazy\" width=\"1024\" height=\"576\" src=\"https:\/\/www.montceautriathlon.com\/blog\/wp-content\/uploads\/2025\/03\/IMG_2645-1024x576.jpeg\" alt=\"\" data-id=\"7409\" data-full-url=\"https:\/\/www.montceautriathlon.com\/blog\/wp-content\/uploads\/2025\/03\/IMG_2645.jpeg\" data-link=\"https:\/\/www.montceautriathlon.com\/blog\/?attachment_id=7409\" class=\"wp-image-7409\" srcset=\"https:\/\/www.montceautriathlon.com\/blog\/wp-content\/uploads\/2025\/03\/IMG_2645-1024x576.jpeg 1024w, https:\/\/www.montceautriathlon.com\/blog\/wp-content\/uploads\/2025\/03\/IMG_2645-300x169.jpeg 300w, https:\/\/www.montceautriathlon.com\/blog\/wp-content\/uploads\/2025\/03\/IMG_2645-768x432.jpeg 768w, https:\/\/www.montceautriathlon.com\/blog\/wp-content\/uploads\/2025\/03\/IMG_2645.jpeg 1080w\" sizes=\"(max-width: 1024px) 100vw, 1024px\" \/><\/a><\/figure><\/li><li class=\"blocks-gallery-item\"><figure><a href=\"https:\/\/www.montceautriathlon.com\/blog\/wp-content\/uploads\/2025\/03\/IMG_2648.jpeg\"><img data-attachment-id=\"7410\" data-permalink=\"https:\/\/www.montceautriathlon.com\/blog\/2025\/03\/28\/aquathlon-creusot\/img_2648\/\" data-orig-file=\"https:\/\/www.montceautriathlon.com\/blog\/wp-content\/uploads\/2025\/03\/IMG_2648.jpeg\" data-orig-size=\"810,1080\" data-comments-opened=\"1\" data-image-meta=\"{&quot;aperture&quot;:&quot;0&quot;,&quot;credit&quot;:&quot;&quot;,&quot;camera&quot;:&quot;&quot;,&quot;caption&quot;:&quot;&quot;,&quot;created_timestamp&quot;:&quot;0&quot;,&quot;copyright&quot;:&quot;&quot;,&quot;focal_length&quot;:&quot;0&quot;,&quot;iso&quot;:&quot;0&quot;,&quot;shutter_speed&quot;:&quot;0&quot;,&quot;title&quot;:&quot;&quot;,&quot;orientation&quot;:&quot;1&quot;}\" data-image-title=\"IMG_2648\" data-image-description=\"\" data-image-caption=\"\" data-medium-file=\"https:\/\/www.montceautriathlon.com\/blog\/wp-content\/uploads\/2025\/03\/IMG_2648-225x300.jpeg\" data-large-file=\"https:\/\/www.montceautriathlon.com\/blog\/wp-content\/uploads\/2025\/03\/IMG_2648-768x1024.jpeg\" loading=\"lazy\" width=\"768\" height=\"1024\" src=\"https:\/\/www.montceautriathlon.com\/blog\/wp-content\/uploads\/2025\/03\/IMG_2648-768x1024.jpeg\" alt=\"\" data-id=\"7410\" data-full-url=\"https:\/\/www.montceautriathlon.com\/blog\/wp-content\/uploads\/2025\/03\/IMG_2648.jpeg\" data-link=\"https:\/\/www.montceautriathlon.com\/blog\/?attachment_id=7410\" class=\"wp-image-7410\" srcset=\"https:\/\/www.montceautriathlon.com\/blog\/wp-content\/uploads\/2025\/03\/IMG_2648-768x1024.jpeg 768w, https:\/\/www.montceautriathlon.com\/blog\/wp-content\/uploads\/2025\/03\/IMG_2648-225x300.jpeg 225w, https:\/\/www.montceautriathlon.com\/blog\/wp-content\/uploads\/2025\/03\/IMG_2648.jpeg 810w\" sizes=\"(max-width: 768px) 100vw, 768px\" \/><\/a><\/figure><\/li><\/ul><\/figure>\n","protected":false},"excerpt":{"rendered":"<p>course XS : Titouan Rondier , 8e g\u00e9n\u00e9ral, en 15\u201916 Axelle Da Eira 32e en 19\u201902 Gaston Trapet, 38e en 19\u201957 Frantisishak Anishchanka,45e en 20\u201934 Marceau Giuffrida 50e en 21\u201914 Sarah Thierry 52e en 21\u201922 Rachel Dugne 58e en 22\u201909 Chlo\u00e9 Herrero 61e en 23\u201950 Jules Fernandez Cognard 65e en 26\u201942 course S : Mickael [&hellip;]<\/p>\n","protected":false},"author":8,"featured_media":7401,"comment_status":"open","ping_status":"open","sticky":false,"template":"","format":"standard","meta":{"spay_email":"","jetpack_publicize_message":"","jetpack_is_tweetstorm":false},"categories":[1],"tags":[],"jetpack_featured_media_url":"https:\/\/www.montceautriathlon.com\/blog\/wp-content\/uploads\/2025\/03\/IMG_2651.jpeg","jetpack_publicize_connections":[],"jetpack_sharing_enabled":true,"jetpack_shortlink":"https:\/\/wp.me\/p8bwIy-1Vk","jetpack-related-posts":[{"id":7701,"url":"https:\/\/www.montceautriathlon.com\/blog\/2025\/05\/25\/triathlon-du-pilon-18-mai-2025\/","url_meta":{"origin":7398,"position":0},"title":"Triathlon du Pilon: 18 mai 2025","date":"25 mai 2025","format":false,"excerpt":"Ce dimanche, le cluib Creusot Triathlon organisait le triathlon s\u00e9lectif pour les jeunes aux championnats de France de triathlon. Voici les r\u00e9sultats: Sur la course XS, en minime, Titouan Rondier termine 53e en 39'10. Chez les filles, Axelle Da Eira est 32e en 42'34 et Sarah Thierry est 44e en\u2026","rel":"","context":"Dans &quot;Non class\u00e9&quot;","img":{"alt_text":"","src":"https:\/\/i0.wp.com\/www.montceautriathlon.com\/blog\/wp-content\/uploads\/2025\/05\/IMG-20250518-WA0243.jpg?resize=350%2C200&ssl=1","width":350,"height":200},"classes":[]},{"id":7386,"url":"https:\/\/www.montceautriathlon.com\/blog\/2025\/03\/20\/duathlon-dauxonne-2\/","url_meta":{"origin":7398,"position":1},"title":"Duathlon d&rsquo;Auxonne","date":"20 mars 2025","format":false,"excerpt":"Nos\u00a0triathl\u00e8tes \u00e9taient pr\u00e9sents en nombre au duathlon organis\u00e9 par Triathlon Club Auxonnais, et m\u00eame si les conditions m\u00e9t\u00e9o n\u2019\u00e9taient au d\u00e9part pas en leur faveur\u00a0les rayons de\u00a0soleil ont quand m\u00eame rendu la course agr\u00e9able pour tous. Voici les r\u00e9sultats de nos champions du WE : Course S : Laurent Magnien\u2026","rel":"","context":"Dans &quot;Non class\u00e9&quot;","img":{"alt_text":"","src":"https:\/\/i2.wp.com\/www.montceautriathlon.com\/blog\/wp-content\/uploads\/2025\/03\/IMG_2599.jpeg?resize=350%2C200&ssl=1","width":350,"height":200},"classes":[]},{"id":7151,"url":"https:\/\/www.montceautriathlon.com\/blog\/2024\/12\/04\/10-novembre-2024-bike-and-run-de-beaune\/","url_meta":{"origin":7398,"position":2},"title":"10 novembre 2024: bike and run de Beaune","date":"4 d\u00e9cembre 2024","format":false,"excerpt":"Rougeot Beaune Triathlon organisait ce week end leur bike and run des Etangs d'Or. Les montcelliens ont fait le d\u00e9placement: Course jeune 1: les fr\u00e8res Jules et Louis Vinck montent sur la 2e marche du podium (2e \u00e9quipe masculine et 4e \u00e9quipe au scratch) Course jeune 2: Titouan Rondier avec\u2026","rel":"","context":"Dans &quot;Non class\u00e9&quot;","img":{"alt_text":"","src":"https:\/\/i2.wp.com\/www.montceautriathlon.com\/blog\/wp-content\/uploads\/2024\/12\/beaune.jpg?resize=350%2C200&ssl=1","width":350,"height":200},"classes":[]},{"id":4954,"url":"https:\/\/www.montceautriathlon.com\/blog\/2022\/04\/06\/duathlon-de-macon-le-club-bien-represente-des-podiums-pour-lecole-et-une-belle-qualif\/","url_meta":{"origin":7398,"position":3},"title":"Duathlon de M\u00e2con : Le club bien repr\u00e9sent\u00e9, des podiums pour l&rsquo;\u00e9cole et une belle qualif !","date":"6 avril 2022","format":false,"excerpt":"Berteline 1\u00e8re au scratch en J1, dominatrice tout au long de la course ! Jeanne qualifi\u00e9e pour les France de duathlon pour la deuxi\u00e8me ann\u00e9e cons\u00e9cutive 2\u00e8me minime F ! Titouan 2\u00e8me au scratch des J2 apr\u00e8s avoir longtemps fait la course en t\u00eate ! Aristide 3\u00e8me pupille ! Tiana\u2026","rel":"","context":"Dans &quot;Non class\u00e9&quot;","img":{"alt_text":"","src":"https:\/\/i1.wp.com\/www.montceautriathlon.com\/blog\/wp-content\/uploads\/2022\/04\/IMG-20220403-WA0003.jpg?resize=350%2C200&ssl=1","width":350,"height":200},"classes":[]},{"id":4984,"url":"https:\/\/www.montceautriathlon.com\/blog\/2022\/04\/14\/aquathlon-de-la-verrerie-a-ne-pas-mettre-au-pilon\/","url_meta":{"origin":7398,"position":4},"title":"Aquathlon de la Verrerie : A ne pas mettre au pilon !","date":"14 avril 2022","format":false,"excerpt":"Pas de champion(ne) de Bourgogne d'aquathlon malgr\u00e9 une belle participation de notre \u00e9cole de triathlon. Du c\u00f4t\u00e9 des adultes, entre covid, retour de covid, blessures et pr\u00e9paration iron man, peu avaient fait le d\u00e9placement. des r\u00e9sultats corrects dans l'ensemble. A noter que pour sa premi\u00e8re saison, L\u00e9o Kostine continue de\u2026","rel":"","context":"Dans &quot;Non class\u00e9&quot;","img":{"alt_text":"","src":"https:\/\/i0.wp.com\/www.montceautriathlon.com\/blog\/wp-content\/uploads\/2022\/04\/IMG_0088.jpeg?resize=350%2C200&ssl=1","width":350,"height":200},"classes":[]},{"id":7292,"url":"https:\/\/www.montceautriathlon.com\/blog\/2025\/01\/20\/bike-and-run-bourbon-lancy\/","url_meta":{"origin":7398,"position":5},"title":"Bike and run Bourbon Lancy","date":"20 janvier 2025","format":false,"excerpt":"Malgr\u00e9 le froid, les montcelliens se sont d\u00e9plac\u00e9s \u00e0 Bourbon Lancy ce dimanche 19 janvier pour le bike and run organis\u00e9 d'une main de maitre par Yohan et tous les b\u00e9n\u00e9voles du club. Les bin\u00f4mes de jeunes et d'adultes se sont align\u00e9s sur les 3 courses propos\u00e9es. Voici les r\u00e9sultats:\u2026","rel":"","context":"Dans &quot;Non class\u00e9&quot;","img":{"alt_text":"","src":"https:\/\/i1.wp.com\/www.montceautriathlon.com\/blog\/wp-content\/uploads\/2025\/01\/IMG-20250119-WA0004.jpg?resize=350%2C200&ssl=1","width":350,"height":200},"classes":[]}],"_links":{"self":[{"href":"https:\/\/www.montceautriathlon.com\/blog\/wp-json\/wp\/v2\/posts\/7398"}],"collection":[{"href":"https:\/\/www.montceautriathlon.com\/blog\/wp-json\/wp\/v2\/posts"}],"about":[{"href":"https:\/\/www.montceautriathlon.com\/blog\/wp-json\/wp\/v2\/types\/post"}],"author":[{"embeddable":true,"href":"https:\/\/www.montceautriathlon.com\/blog\/wp-json\/wp\/v2\/users\/8"}],"replies":[{"embeddable":true,"href":"https:\/\/www.montceautriathlon.com\/blog\/wp-json\/wp\/v2\/comments?post=7398"}],"version-history":[{"count":1,"href":"https:\/\/www.montceautriathlon.com\/blog\/wp-json\/wp\/v2\/posts\/7398\/revisions"}],"predecessor-version":[{"id":7415,"href":"https:\/\/www.montceautriathlon.com\/blog\/wp-json\/wp\/v2\/posts\/7398\/revisions\/7415"}],"wp:featuredmedia":[{"embeddable":true,"href":"https:\/\/www.montceautriathlon.com\/blog\/wp-json\/wp\/v2\/media\/7401"}],"wp:attachment":[{"href":"https:\/\/www.montceautriathlon.com\/blog\/wp-json\/wp\/v2\/media?parent=7398"}],"wp:term":[{"taxonomy":"category","embeddable":true,"href":"https:\/\/www.montceautriathlon.com\/blog\/wp-json\/wp\/v2\/categories?post=7398"},{"taxonomy":"post_tag","embeddable":true,"href":"https:\/\/www.montceautriathlon.com\/blog\/wp-json\/wp\/v2\/tags?post=7398"}],"curies":[{"name":"wp","href":"https:\/\/api.w.org\/{rel}","templated":true}]}}