{"id":7392,"date":"2025-03-28T11:20:44","date_gmt":"2025-03-28T10:20:44","guid":{"rendered":"https:\/\/www.montceautriathlon.com\/blog\/?p=7392"},"modified":"2025-03-28T11:20:47","modified_gmt":"2025-03-28T10:20:47","slug":"course-des-lacs","status":"publish","type":"post","link":"https:\/\/www.montceautriathlon.com\/blog\/2025\/03\/28\/course-des-lacs\/","title":{"rendered":"Course des lacs"},"content":{"rendered":"\n<ul><li>Sur la course des Lacs (grande)<\/li><\/ul>\n\n\n\n<p>Laurent Magnien, premier repr\u00e9sentant du club , avec un magnifique course le pla\u00e7ant\u00a03\u00e8me au scratch ,\u00a01er de sa cat\u00e9gorie M2 en 1h08\u201927 \u00e0 pr\u00e8s de 4\u201915\/km de moyenne\u00a0<br><br>Fr\u00e9d\u00e9ric Perron , 15e du scratch en 1h20,\u00a0remporte lui aussi sa cat\u00e9gorie d\u2019\u00e2ge M5<\/p>\n\n\n\n<p><br>Laurent Beausoleil pas loin derri\u00e8re, 26e au scratch en 1h26\u201913 le classant\u00a03\u00e8me<br>M3<\/p>\n\n\n\n<ul><li>Sur la course d\u00e9couverte (petite)<\/li><\/ul>\n\n\n\n<p><br>Jean Luc Bonnetain , 6e du g\u00e9n\u00e9ral ,\u00a0gagne sa cat\u00e9gorie M5 en 45\u201949<br><\/p>\n\n\n\n<p>Michel Cannet apr\u00e8s plusieurs ann\u00e9es sans comp\u00e9tition fini 20e au scratch et compl\u00e8te le podium de la cat\u00e9gorie M5 en prenant la\u00a02eme place en 55\u201953\u00a0<\/p>\n\n\n\n<figure class=\"wp-block-gallery columns-3 is-cropped\"><ul data-carousel-extra='{\"blog_id\":1,\"permalink\":\"https:\\\/\\\/www.montceautriathlon.com\\\/blog\\\/2025\\\/03\\\/28\\\/course-des-lacs\\\/\"}' class=\"blocks-gallery-grid\"><li class=\"blocks-gallery-item\"><figure><a href=\"https:\/\/www.montceautriathlon.com\/blog\/wp-content\/uploads\/2025\/03\/IMG_2641.jpeg\"><img data-attachment-id=\"7393\" data-permalink=\"https:\/\/www.montceautriathlon.com\/blog\/2025\/03\/28\/course-des-lacs\/img_2641\/\" data-orig-file=\"https:\/\/www.montceautriathlon.com\/blog\/wp-content\/uploads\/2025\/03\/IMG_2641.jpeg\" data-orig-size=\"1200,1600\" data-comments-opened=\"1\" data-image-meta=\"{&quot;aperture&quot;:&quot;0&quot;,&quot;credit&quot;:&quot;&quot;,&quot;camera&quot;:&quot;&quot;,&quot;caption&quot;:&quot;&quot;,&quot;created_timestamp&quot;:&quot;0&quot;,&quot;copyright&quot;:&quot;&quot;,&quot;focal_length&quot;:&quot;0&quot;,&quot;iso&quot;:&quot;0&quot;,&quot;shutter_speed&quot;:&quot;0&quot;,&quot;title&quot;:&quot;&quot;,&quot;orientation&quot;:&quot;1&quot;}\" data-image-title=\"IMG_2641\" data-image-description=\"\" data-image-caption=\"\" data-medium-file=\"https:\/\/www.montceautriathlon.com\/blog\/wp-content\/uploads\/2025\/03\/IMG_2641-225x300.jpeg\" data-large-file=\"https:\/\/www.montceautriathlon.com\/blog\/wp-content\/uploads\/2025\/03\/IMG_2641-768x1024.jpeg\" loading=\"lazy\" width=\"768\" height=\"1024\" src=\"https:\/\/www.montceautriathlon.com\/blog\/wp-content\/uploads\/2025\/03\/IMG_2641-768x1024.jpeg\" alt=\"\" data-id=\"7393\" data-full-url=\"https:\/\/www.montceautriathlon.com\/blog\/wp-content\/uploads\/2025\/03\/IMG_2641.jpeg\" data-link=\"https:\/\/www.montceautriathlon.com\/blog\/?attachment_id=7393\" class=\"wp-image-7393\" srcset=\"https:\/\/www.montceautriathlon.com\/blog\/wp-content\/uploads\/2025\/03\/IMG_2641-768x1024.jpeg 768w, https:\/\/www.montceautriathlon.com\/blog\/wp-content\/uploads\/2025\/03\/IMG_2641-225x300.jpeg 225w, https:\/\/www.montceautriathlon.com\/blog\/wp-content\/uploads\/2025\/03\/IMG_2641-1152x1536.jpeg 1152w, https:\/\/www.montceautriathlon.com\/blog\/wp-content\/uploads\/2025\/03\/IMG_2641.jpeg 1200w\" sizes=\"(max-width: 768px) 100vw, 768px\" \/><\/a><\/figure><\/li><li class=\"blocks-gallery-item\"><figure><a href=\"https:\/\/www.montceautriathlon.com\/blog\/wp-content\/uploads\/2025\/03\/IMG_2643.jpeg\"><img data-attachment-id=\"7394\" data-permalink=\"https:\/\/www.montceautriathlon.com\/blog\/2025\/03\/28\/course-des-lacs\/img_2643\/\" data-orig-file=\"https:\/\/www.montceautriathlon.com\/blog\/wp-content\/uploads\/2025\/03\/IMG_2643.jpeg\" data-orig-size=\"700,462\" data-comments-opened=\"1\" data-image-meta=\"{&quot;aperture&quot;:&quot;0&quot;,&quot;credit&quot;:&quot;&quot;,&quot;camera&quot;:&quot;&quot;,&quot;caption&quot;:&quot;&quot;,&quot;created_timestamp&quot;:&quot;0&quot;,&quot;copyright&quot;:&quot;&quot;,&quot;focal_length&quot;:&quot;0&quot;,&quot;iso&quot;:&quot;0&quot;,&quot;shutter_speed&quot;:&quot;0&quot;,&quot;title&quot;:&quot;&quot;,&quot;orientation&quot;:&quot;1&quot;}\" data-image-title=\"IMG_2643\" data-image-description=\"\" data-image-caption=\"\" data-medium-file=\"https:\/\/www.montceautriathlon.com\/blog\/wp-content\/uploads\/2025\/03\/IMG_2643-300x198.jpeg\" data-large-file=\"https:\/\/www.montceautriathlon.com\/blog\/wp-content\/uploads\/2025\/03\/IMG_2643.jpeg\" loading=\"lazy\" width=\"700\" height=\"462\" src=\"https:\/\/www.montceautriathlon.com\/blog\/wp-content\/uploads\/2025\/03\/IMG_2643.jpeg\" alt=\"\" data-id=\"7394\" data-full-url=\"https:\/\/www.montceautriathlon.com\/blog\/wp-content\/uploads\/2025\/03\/IMG_2643.jpeg\" data-link=\"https:\/\/www.montceautriathlon.com\/blog\/?attachment_id=7394\" class=\"wp-image-7394\" srcset=\"https:\/\/www.montceautriathlon.com\/blog\/wp-content\/uploads\/2025\/03\/IMG_2643.jpeg 700w, https:\/\/www.montceautriathlon.com\/blog\/wp-content\/uploads\/2025\/03\/IMG_2643-300x198.jpeg 300w\" sizes=\"(max-width: 700px) 100vw, 700px\" \/><\/a><\/figure><\/li><li class=\"blocks-gallery-item\"><figure><a href=\"https:\/\/www.montceautriathlon.com\/blog\/wp-content\/uploads\/2025\/03\/IMG_2640.jpeg\"><img data-attachment-id=\"7395\" data-permalink=\"https:\/\/www.montceautriathlon.com\/blog\/2025\/03\/28\/course-des-lacs\/img_2640\/\" data-orig-file=\"https:\/\/www.montceautriathlon.com\/blog\/wp-content\/uploads\/2025\/03\/IMG_2640.jpeg\" data-orig-size=\"1134,2016\" data-comments-opened=\"1\" data-image-meta=\"{&quot;aperture&quot;:&quot;0&quot;,&quot;credit&quot;:&quot;&quot;,&quot;camera&quot;:&quot;&quot;,&quot;caption&quot;:&quot;&quot;,&quot;created_timestamp&quot;:&quot;0&quot;,&quot;copyright&quot;:&quot;&quot;,&quot;focal_length&quot;:&quot;0&quot;,&quot;iso&quot;:&quot;0&quot;,&quot;shutter_speed&quot;:&quot;0&quot;,&quot;title&quot;:&quot;&quot;,&quot;orientation&quot;:&quot;1&quot;}\" data-image-title=\"IMG_2640\" data-image-description=\"\" data-image-caption=\"\" data-medium-file=\"https:\/\/www.montceautriathlon.com\/blog\/wp-content\/uploads\/2025\/03\/IMG_2640-169x300.jpeg\" data-large-file=\"https:\/\/www.montceautriathlon.com\/blog\/wp-content\/uploads\/2025\/03\/IMG_2640-576x1024.jpeg\" loading=\"lazy\" width=\"576\" height=\"1024\" src=\"https:\/\/www.montceautriathlon.com\/blog\/wp-content\/uploads\/2025\/03\/IMG_2640-576x1024.jpeg\" alt=\"\" data-id=\"7395\" data-full-url=\"https:\/\/www.montceautriathlon.com\/blog\/wp-content\/uploads\/2025\/03\/IMG_2640.jpeg\" data-link=\"https:\/\/www.montceautriathlon.com\/blog\/?attachment_id=7395\" class=\"wp-image-7395\" srcset=\"https:\/\/www.montceautriathlon.com\/blog\/wp-content\/uploads\/2025\/03\/IMG_2640-576x1024.jpeg 576w, https:\/\/www.montceautriathlon.com\/blog\/wp-content\/uploads\/2025\/03\/IMG_2640-169x300.jpeg 169w, https:\/\/www.montceautriathlon.com\/blog\/wp-content\/uploads\/2025\/03\/IMG_2640-768x1365.jpeg 768w, https:\/\/www.montceautriathlon.com\/blog\/wp-content\/uploads\/2025\/03\/IMG_2640-864x1536.jpeg 864w, https:\/\/www.montceautriathlon.com\/blog\/wp-content\/uploads\/2025\/03\/IMG_2640.jpeg 1134w\" sizes=\"(max-width: 576px) 100vw, 576px\" \/><\/a><\/figure><\/li><li class=\"blocks-gallery-item\"><figure><a href=\"https:\/\/www.montceautriathlon.com\/blog\/wp-content\/uploads\/2025\/03\/IMG_2642.jpeg\"><img data-attachment-id=\"7396\" data-permalink=\"https:\/\/www.montceautriathlon.com\/blog\/2025\/03\/28\/course-des-lacs\/img_2642\/\" data-orig-file=\"https:\/\/www.montceautriathlon.com\/blog\/wp-content\/uploads\/2025\/03\/IMG_2642.jpeg\" data-orig-size=\"700,552\" data-comments-opened=\"1\" data-image-meta=\"{&quot;aperture&quot;:&quot;0&quot;,&quot;credit&quot;:&quot;&quot;,&quot;camera&quot;:&quot;&quot;,&quot;caption&quot;:&quot;&quot;,&quot;created_timestamp&quot;:&quot;0&quot;,&quot;copyright&quot;:&quot;&quot;,&quot;focal_length&quot;:&quot;0&quot;,&quot;iso&quot;:&quot;0&quot;,&quot;shutter_speed&quot;:&quot;0&quot;,&quot;title&quot;:&quot;&quot;,&quot;orientation&quot;:&quot;1&quot;}\" data-image-title=\"IMG_2642\" data-image-description=\"\" data-image-caption=\"\" data-medium-file=\"https:\/\/www.montceautriathlon.com\/blog\/wp-content\/uploads\/2025\/03\/IMG_2642-300x237.jpeg\" data-large-file=\"https:\/\/www.montceautriathlon.com\/blog\/wp-content\/uploads\/2025\/03\/IMG_2642.jpeg\" loading=\"lazy\" width=\"700\" height=\"552\" src=\"https:\/\/www.montceautriathlon.com\/blog\/wp-content\/uploads\/2025\/03\/IMG_2642.jpeg\" alt=\"\" data-id=\"7396\" data-full-url=\"https:\/\/www.montceautriathlon.com\/blog\/wp-content\/uploads\/2025\/03\/IMG_2642.jpeg\" data-link=\"https:\/\/www.montceautriathlon.com\/blog\/?attachment_id=7396\" class=\"wp-image-7396\" srcset=\"https:\/\/www.montceautriathlon.com\/blog\/wp-content\/uploads\/2025\/03\/IMG_2642.jpeg 700w, https:\/\/www.montceautriathlon.com\/blog\/wp-content\/uploads\/2025\/03\/IMG_2642-300x237.jpeg 300w\" sizes=\"(max-width: 700px) 100vw, 700px\" \/><\/a><\/figure><\/li><\/ul><\/figure>\n","protected":false},"excerpt":{"rendered":"<p>Sur la course des Lacs (grande) Laurent Magnien, premier repr\u00e9sentant du club , avec un magnifique course le pla\u00e7ant\u00a03\u00e8me au scratch ,\u00a01er de sa cat\u00e9gorie M2 en 1h08\u201927 \u00e0 pr\u00e8s de 4\u201915\/km de moyenne\u00a0 Fr\u00e9d\u00e9ric Perron , 15e du scratch en 1h20,\u00a0remporte lui aussi sa cat\u00e9gorie d\u2019\u00e2ge M5 Laurent Beausoleil pas loin derri\u00e8re, 26e au [&hellip;]<\/p>\n","protected":false},"author":8,"featured_media":7393,"comment_status":"open","ping_status":"open","sticky":false,"template":"","format":"standard","meta":{"spay_email":"","jetpack_publicize_message":"","jetpack_is_tweetstorm":false},"categories":[1],"tags":[],"jetpack_featured_media_url":"https:\/\/www.montceautriathlon.com\/blog\/wp-content\/uploads\/2025\/03\/IMG_2641.jpeg","jetpack_publicize_connections":[],"jetpack_sharing_enabled":true,"jetpack_shortlink":"https:\/\/wp.me\/p8bwIy-1Ve","jetpack-related-posts":[{"id":7260,"url":"https:\/\/www.montceautriathlon.com\/blog\/2024\/12\/23\/corrida-de-saint-gengoux-2\/","url_meta":{"origin":7392,"position":0},"title":"Corrida de Saint Gengoux","date":"23 d\u00e9cembre 2024","format":false,"excerpt":"Pendant que certains triathl\u00e8tes \u00e9taient \u00e0 Dijon pour le bike and run, d'autres courraient \u00e0 Saint Gengoux pour leur Corrida, dont Montceau Triathlon est partenaires depuis quelques ann\u00e9es.. Voici les r\u00e9sultats de nos Athl\u00e8tes: SUR LE 10km: Laurent Magnien , premier repr\u00e9sentant du club franchi la ligne en 13e position\u2026","rel":"","context":"Dans &quot;Non class\u00e9&quot;","img":{"alt_text":"","src":"https:\/\/i1.wp.com\/www.montceautriathlon.com\/blog\/wp-content\/uploads\/2024\/12\/470242708_1257452068628848_960978351182328939_n.jpg?resize=350%2C200&ssl=1","width":350,"height":200},"classes":[]},{"id":8679,"url":"https:\/\/www.montceautriathlon.com\/blog\/2026\/03\/17\/mois-de-fevrier-2026\/","url_meta":{"origin":7392,"position":1},"title":"Mois de F\u00e9vrier 2026","date":"17 mars 2026","format":false,"excerpt":"Tout au long du mois de f\u00e9vrier, plusieurs licenci\u00e9s se sont d\u00e9plac\u00e9s en Chartreuse, dans le Sud, \u00e0 Mornay, \u00e0 la Clayette. Le 1r f\u00e9vrier, Sammy Marc a pris le d\u00e9part du Half Winter Trail (15km) au d\u00e9part de saint Pierre de Chartreuse. Il boucle la distance en 2h01 (202e\u2026","rel":"","context":"Dans &quot;Non class\u00e9&quot;","img":{"alt_text":"","src":"https:\/\/i1.wp.com\/www.montceautriathlon.com\/blog\/wp-content\/uploads\/2026\/03\/645722133_18334680517301262_8636482174715244398_n.jpg?resize=350%2C200&ssl=1","width":350,"height":200},"classes":[]},{"id":6612,"url":"https:\/\/www.montceautriathlon.com\/blog\/2024\/03\/19\/trail-des-3-chateaux-et-course-des-lacs\/","url_meta":{"origin":7392,"position":2},"title":"Trail des 3 ch\u00e2teaux et course des lacs","date":"19 mars 2024","format":false,"excerpt":"Samedi 9 mars 2024, certains de nos triathl\u00e8tes se sont attel\u00e9s \u00e0 la mythique course des 3 ch\u00e2teaux : Sur le 27km : Sandrine Marchand , avec un chrono de 3h19\u201951 prend une belle 134e place au scratch ce qui la place en 23e position f\u00e9minine , et a une\u2026","rel":"","context":"Dans &quot;Non class\u00e9&quot;","img":{"alt_text":"","src":"https:\/\/i0.wp.com\/www.montceautriathlon.com\/blog\/wp-content\/uploads\/2024\/03\/course-lac-9.jpg?resize=350%2C200&ssl=1","width":350,"height":200},"classes":[]},{"id":7463,"url":"https:\/\/www.montceautriathlon.com\/blog\/2025\/05\/04\/les-triathletes-courent-2\/","url_meta":{"origin":7392,"position":3},"title":"Les triathl\u00e8tes courent&#8230;.","date":"4 mai 2025","format":false,"excerpt":"Plusieurs triathl\u00e8tes montcelliens se sont retrouv\u00e9s sur les diff\u00e9rentes \u00e9preuves du Marathon des Vins de la C\u00f4te Chalonnaise. Sur le marathon, Cyrille B\u00e9rardan fini cette course en 3h14'01 en 41e position du g\u00e9n\u00e9ral et 5e\/133 Master 2. Jean Christophe Bernigaud le suit en 3h22'10 (70e et top 10 des master1).\u2026","rel":"","context":"Dans &quot;Non class\u00e9&quot;","img":{"alt_text":"","src":"https:\/\/i0.wp.com\/www.montceautriathlon.com\/blog\/wp-content\/uploads\/2025\/05\/marathon-vins.jpg?resize=350%2C200&ssl=1","width":350,"height":200},"classes":[]},{"id":7160,"url":"https:\/\/www.montceautriathlon.com\/blog\/2024\/12\/04\/les-triathletes-courent\/","url_meta":{"origin":7392,"position":4},"title":"Les triathl\u00e8tes courent&#8230;","date":"4 d\u00e9cembre 2024","format":false,"excerpt":"La saison des triathlons touche \u00e0 sa fin. Les triathl\u00e8tes montcelliens se retrouvent donc sur d'autres manifestations. Ils marchent...ils courent... En octobre et novembre, les montcelliens ont particip\u00e9s: Octobre Rose: des triathl\u00e8tes f\u00e9minines se sont retrouv\u00e9es \u00e0 Blanzy le 6 octobre pour participer \u00e0 la randonn\u00e9e propos\u00e9e par la ville\u2026","rel":"","context":"Dans &quot;Non class\u00e9&quot;","img":{"alt_text":"","src":"https:\/\/i0.wp.com\/www.montceautriathlon.com\/blog\/wp-content\/uploads\/2024\/12\/octobre-rose.jpg?resize=350%2C200&ssl=1","width":350,"height":200},"classes":[]},{"id":8552,"url":"https:\/\/www.montceautriathlon.com\/blog\/2025\/12\/22\/13-et-14-decembre-trail-de-santenay-corrida-de-saint-gengoux-et-10km-de-hericourt\/","url_meta":{"origin":7392,"position":5},"title":"13 et 14 d\u00e9cembre: trail de Santenay, corrida de Saint Gengoux et 10km de H\u00e9ricourt","date":"22 d\u00e9cembre 2025","format":false,"excerpt":"Les triathl\u00e8tes de Montceau ont choisi des lieux diff\u00e9rents pour courir. Le samedi 13 avait lieu le trail de Santenay, organis\u00e9 par Rougeot Beaune Triathlon. Le dimanche 14 \u00e9tait organis\u00e9 la corrida de Saint Gengoux. Claude Monnet s'est quant \u00e0 lui dirig\u00e9 vers la Haute Saone pour participer au 10km\u2026","rel":"","context":"Dans &quot;Non class\u00e9&quot;","img":{"alt_text":"","src":"https:\/\/i0.wp.com\/www.montceautriathlon.com\/blog\/wp-content\/uploads\/2025\/12\/facebook_1766415502346_7408883607153835542.jpg?resize=350%2C200&ssl=1","width":350,"height":200},"classes":[]}],"_links":{"self":[{"href":"https:\/\/www.montceautriathlon.com\/blog\/wp-json\/wp\/v2\/posts\/7392"}],"collection":[{"href":"https:\/\/www.montceautriathlon.com\/blog\/wp-json\/wp\/v2\/posts"}],"about":[{"href":"https:\/\/www.montceautriathlon.com\/blog\/wp-json\/wp\/v2\/types\/post"}],"author":[{"embeddable":true,"href":"https:\/\/www.montceautriathlon.com\/blog\/wp-json\/wp\/v2\/users\/8"}],"replies":[{"embeddable":true,"href":"https:\/\/www.montceautriathlon.com\/blog\/wp-json\/wp\/v2\/comments?post=7392"}],"version-history":[{"count":1,"href":"https:\/\/www.montceautriathlon.com\/blog\/wp-json\/wp\/v2\/posts\/7392\/revisions"}],"predecessor-version":[{"id":7397,"href":"https:\/\/www.montceautriathlon.com\/blog\/wp-json\/wp\/v2\/posts\/7392\/revisions\/7397"}],"wp:featuredmedia":[{"embeddable":true,"href":"https:\/\/www.montceautriathlon.com\/blog\/wp-json\/wp\/v2\/media\/7393"}],"wp:attachment":[{"href":"https:\/\/www.montceautriathlon.com\/blog\/wp-json\/wp\/v2\/media?parent=7392"}],"wp:term":[{"taxonomy":"category","embeddable":true,"href":"https:\/\/www.montceautriathlon.com\/blog\/wp-json\/wp\/v2\/categories?post=7392"},{"taxonomy":"post_tag","embeddable":true,"href":"https:\/\/www.montceautriathlon.com\/blog\/wp-json\/wp\/v2\/tags?post=7392"}],"curies":[{"name":"wp","href":"https:\/\/api.w.org\/{rel}","templated":true}]}}