{"id":7386,"date":"2025-03-20T10:00:59","date_gmt":"2025-03-20T09:00:59","guid":{"rendered":"https:\/\/www.montceautriathlon.com\/blog\/?p=7386"},"modified":"2025-03-20T10:01:02","modified_gmt":"2025-03-20T09:01:02","slug":"duathlon-dauxonne-2","status":"publish","type":"post","link":"https:\/\/www.montceautriathlon.com\/blog\/2025\/03\/20\/duathlon-dauxonne-2\/","title":{"rendered":"Duathlon d&rsquo;Auxonne"},"content":{"rendered":"\n<p>Nos\u00a0triathl\u00e8tes \u00e9taient pr\u00e9sents en nombre au duathlon organis\u00e9 par Triathlon Club Auxonnais, et m\u00eame si les conditions m\u00e9t\u00e9o n\u2019\u00e9taient au d\u00e9part pas en leur faveur\u00a0les rayons de\u00a0soleil ont quand m\u00eame rendu la course agr\u00e9able pour tous.<\/p>\n\n\n\n<p>Voici les r\u00e9sultats de nos champions du WE :<\/p>\n\n\n\n<p>Course S :<\/p>\n\n\n\n<p>Laurent Magnien termin\u00e9 71e, en 1h03\u201923, 5e V2 , et gagne 30 place en v\u00e9lo\u00a0<\/p>\n\n\n\n<p>Alexandre Pradier fini 106e , en 1h06\u201916 , 7eS4, avec une course tr\u00e8s r\u00e9guli\u00e8re\u00a0<\/p>\n\n\n\n<p>Jeanne Rondier , 1h14\u201936 , 10eJu, et 32e, tr\u00e8s bonnes course \u00e0 pied\u00a0<\/p>\n\n\n\n<p>Zo\u00e9 Da Eira, 1h28\u201908, 15eCa au terme d\u2019une course r\u00e9guli\u00e8re\u00a0<\/p>\n\n\n\n<p><\/p>\n\n\n\n<p>Course XS :<\/p>\n\n\n\n<p>Titouan Rondier, 38\u201904 , 17eMi\/56, avec un beau 13e temps au scratche \u00a0<\/p>\n\n\n\n<p>Axelle Da Eira, 40\u201926, 11e Minime et f\u00e9minine , a gard\u00e9 sa place tout au long de la course&nbsp;<\/p>\n\n\n\n<p>Sarah Thierry, 44\u201919, 19eMinime, gagne 6 place en v\u00e9lo\u00a0<\/p>\n\n\n\n<p><\/p>\n\n\n\n<p>Course 10\/13 ans\u00a0:<\/p>\n\n\n\n<p>Gaston Trapet, 19e en 18\u201959 et 11e Be<\/p>\n\n\n\n<p>Jules Vinck , 19\u00b404 , 8e Pu<\/p>\n\n\n\n<p>Jules Vendramini, 21\u201906, 12e Pu , a gagn\u00e9 des places tout au long de la course&nbsp;<\/p>\n\n\n\n<p>Come Pradier , 23\u201926, 17e Pu<\/p>\n\n\n\n<p>\u00a0Rachel Dugne,24\u201918, 35e reprend 5 places en\u00a0v\u00e9lo chez les filles<\/p>\n\n\n\n<p><\/p>\n\n\n\n<p>Course 6\/9ans :<\/p>\n\n\n\n<p>Louis Vinck remporte la course\u00a0en 6\u201915<\/p>\n\n\n\n<p>Eliott Rondier , 4ePou, en 6\u201953, avec le 1er temps sur la 1\u00e8re course \u00e0 pied\u00a0<\/p>\n\n\n\n<p>Gaspard Pradier , 15e ,\u00a01er MiniPou en 7\u201954<\/p>\n\n\n\n<p>Alice Dugne\u00a0deuxi\u00e8me MiniPou en 9\u201953<\/p>\n\n\n\n<figure class=\"wp-block-gallery columns-3 is-cropped\"><ul data-carousel-extra='{\"blog_id\":1,\"permalink\":\"https:\\\/\\\/www.montceautriathlon.com\\\/blog\\\/2025\\\/03\\\/20\\\/duathlon-dauxonne-2\\\/\"}' class=\"blocks-gallery-grid\"><li class=\"blocks-gallery-item\"><figure><a href=\"https:\/\/www.montceautriathlon.com\/blog\/wp-content\/uploads\/2025\/03\/IMG_2597.jpeg\"><img data-attachment-id=\"7387\" data-permalink=\"https:\/\/www.montceautriathlon.com\/blog\/2025\/03\/20\/duathlon-dauxonne-2\/img_2597\/\" data-orig-file=\"https:\/\/www.montceautriathlon.com\/blog\/wp-content\/uploads\/2025\/03\/IMG_2597.jpeg\" data-orig-size=\"2048,1536\" data-comments-opened=\"1\" data-image-meta=\"{&quot;aperture&quot;:&quot;0&quot;,&quot;credit&quot;:&quot;&quot;,&quot;camera&quot;:&quot;&quot;,&quot;caption&quot;:&quot;&quot;,&quot;created_timestamp&quot;:&quot;0&quot;,&quot;copyright&quot;:&quot;&quot;,&quot;focal_length&quot;:&quot;0&quot;,&quot;iso&quot;:&quot;0&quot;,&quot;shutter_speed&quot;:&quot;0&quot;,&quot;title&quot;:&quot;&quot;,&quot;orientation&quot;:&quot;1&quot;}\" data-image-title=\"IMG_2597\" data-image-description=\"\" data-image-caption=\"\" data-medium-file=\"https:\/\/www.montceautriathlon.com\/blog\/wp-content\/uploads\/2025\/03\/IMG_2597-300x225.jpeg\" data-large-file=\"https:\/\/www.montceautriathlon.com\/blog\/wp-content\/uploads\/2025\/03\/IMG_2597-1024x768.jpeg\" loading=\"lazy\" width=\"1024\" height=\"768\" src=\"https:\/\/www.montceautriathlon.com\/blog\/wp-content\/uploads\/2025\/03\/IMG_2597-1024x768.jpeg\" alt=\"\" data-id=\"7387\" data-full-url=\"https:\/\/www.montceautriathlon.com\/blog\/wp-content\/uploads\/2025\/03\/IMG_2597.jpeg\" data-link=\"https:\/\/www.montceautriathlon.com\/blog\/?attachment_id=7387\" class=\"wp-image-7387\" srcset=\"https:\/\/www.montceautriathlon.com\/blog\/wp-content\/uploads\/2025\/03\/IMG_2597-1024x768.jpeg 1024w, https:\/\/www.montceautriathlon.com\/blog\/wp-content\/uploads\/2025\/03\/IMG_2597-300x225.jpeg 300w, https:\/\/www.montceautriathlon.com\/blog\/wp-content\/uploads\/2025\/03\/IMG_2597-768x576.jpeg 768w, https:\/\/www.montceautriathlon.com\/blog\/wp-content\/uploads\/2025\/03\/IMG_2597-1536x1152.jpeg 1536w, https:\/\/www.montceautriathlon.com\/blog\/wp-content\/uploads\/2025\/03\/IMG_2597.jpeg 2048w\" sizes=\"(max-width: 1024px) 100vw, 1024px\" \/><\/a><\/figure><\/li><li class=\"blocks-gallery-item\"><figure><a href=\"https:\/\/www.montceautriathlon.com\/blog\/wp-content\/uploads\/2025\/03\/IMG_2599.jpeg\"><img data-attachment-id=\"7388\" data-permalink=\"https:\/\/www.montceautriathlon.com\/blog\/2025\/03\/20\/duathlon-dauxonne-2\/img_2599\/\" data-orig-file=\"https:\/\/www.montceautriathlon.com\/blog\/wp-content\/uploads\/2025\/03\/IMG_2599.jpeg\" data-orig-size=\"2048,1536\" data-comments-opened=\"1\" data-image-meta=\"{&quot;aperture&quot;:&quot;0&quot;,&quot;credit&quot;:&quot;&quot;,&quot;camera&quot;:&quot;&quot;,&quot;caption&quot;:&quot;&quot;,&quot;created_timestamp&quot;:&quot;0&quot;,&quot;copyright&quot;:&quot;&quot;,&quot;focal_length&quot;:&quot;0&quot;,&quot;iso&quot;:&quot;0&quot;,&quot;shutter_speed&quot;:&quot;0&quot;,&quot;title&quot;:&quot;&quot;,&quot;orientation&quot;:&quot;1&quot;}\" data-image-title=\"IMG_2599\" data-image-description=\"\" data-image-caption=\"\" data-medium-file=\"https:\/\/www.montceautriathlon.com\/blog\/wp-content\/uploads\/2025\/03\/IMG_2599-300x225.jpeg\" data-large-file=\"https:\/\/www.montceautriathlon.com\/blog\/wp-content\/uploads\/2025\/03\/IMG_2599-1024x768.jpeg\" loading=\"lazy\" width=\"1024\" height=\"768\" src=\"https:\/\/www.montceautriathlon.com\/blog\/wp-content\/uploads\/2025\/03\/IMG_2599-1024x768.jpeg\" alt=\"\" data-id=\"7388\" data-full-url=\"https:\/\/www.montceautriathlon.com\/blog\/wp-content\/uploads\/2025\/03\/IMG_2599.jpeg\" data-link=\"https:\/\/www.montceautriathlon.com\/blog\/?attachment_id=7388\" class=\"wp-image-7388\" srcset=\"https:\/\/www.montceautriathlon.com\/blog\/wp-content\/uploads\/2025\/03\/IMG_2599-1024x768.jpeg 1024w, https:\/\/www.montceautriathlon.com\/blog\/wp-content\/uploads\/2025\/03\/IMG_2599-300x225.jpeg 300w, https:\/\/www.montceautriathlon.com\/blog\/wp-content\/uploads\/2025\/03\/IMG_2599-768x576.jpeg 768w, https:\/\/www.montceautriathlon.com\/blog\/wp-content\/uploads\/2025\/03\/IMG_2599-1536x1152.jpeg 1536w, https:\/\/www.montceautriathlon.com\/blog\/wp-content\/uploads\/2025\/03\/IMG_2599.jpeg 2048w\" sizes=\"(max-width: 1024px) 100vw, 1024px\" \/><\/a><\/figure><\/li><li class=\"blocks-gallery-item\"><figure><a href=\"https:\/\/www.montceautriathlon.com\/blog\/wp-content\/uploads\/2025\/03\/IMG_2595.jpeg\"><img data-attachment-id=\"7389\" data-permalink=\"https:\/\/www.montceautriathlon.com\/blog\/2025\/03\/20\/duathlon-dauxonne-2\/img_2595\/\" data-orig-file=\"https:\/\/www.montceautriathlon.com\/blog\/wp-content\/uploads\/2025\/03\/IMG_2595.jpeg\" data-orig-size=\"1600,739\" data-comments-opened=\"1\" data-image-meta=\"{&quot;aperture&quot;:&quot;0&quot;,&quot;credit&quot;:&quot;&quot;,&quot;camera&quot;:&quot;&quot;,&quot;caption&quot;:&quot;&quot;,&quot;created_timestamp&quot;:&quot;0&quot;,&quot;copyright&quot;:&quot;&quot;,&quot;focal_length&quot;:&quot;0&quot;,&quot;iso&quot;:&quot;0&quot;,&quot;shutter_speed&quot;:&quot;0&quot;,&quot;title&quot;:&quot;&quot;,&quot;orientation&quot;:&quot;1&quot;}\" data-image-title=\"IMG_2595\" data-image-description=\"\" data-image-caption=\"\" data-medium-file=\"https:\/\/www.montceautriathlon.com\/blog\/wp-content\/uploads\/2025\/03\/IMG_2595-300x139.jpeg\" data-large-file=\"https:\/\/www.montceautriathlon.com\/blog\/wp-content\/uploads\/2025\/03\/IMG_2595-1024x473.jpeg\" loading=\"lazy\" width=\"1024\" height=\"473\" src=\"https:\/\/www.montceautriathlon.com\/blog\/wp-content\/uploads\/2025\/03\/IMG_2595-1024x473.jpeg\" alt=\"\" data-id=\"7389\" data-full-url=\"https:\/\/www.montceautriathlon.com\/blog\/wp-content\/uploads\/2025\/03\/IMG_2595.jpeg\" data-link=\"https:\/\/www.montceautriathlon.com\/blog\/?attachment_id=7389\" class=\"wp-image-7389\" srcset=\"https:\/\/www.montceautriathlon.com\/blog\/wp-content\/uploads\/2025\/03\/IMG_2595-1024x473.jpeg 1024w, https:\/\/www.montceautriathlon.com\/blog\/wp-content\/uploads\/2025\/03\/IMG_2595-300x139.jpeg 300w, https:\/\/www.montceautriathlon.com\/blog\/wp-content\/uploads\/2025\/03\/IMG_2595-768x355.jpeg 768w, https:\/\/www.montceautriathlon.com\/blog\/wp-content\/uploads\/2025\/03\/IMG_2595-1536x709.jpeg 1536w, https:\/\/www.montceautriathlon.com\/blog\/wp-content\/uploads\/2025\/03\/IMG_2595.jpeg 1600w\" sizes=\"(max-width: 1024px) 100vw, 1024px\" \/><\/a><\/figure><\/li><li class=\"blocks-gallery-item\"><figure><a href=\"https:\/\/www.montceautriathlon.com\/blog\/wp-content\/uploads\/2025\/03\/IMG_2598.jpeg\"><img data-attachment-id=\"7390\" data-permalink=\"https:\/\/www.montceautriathlon.com\/blog\/2025\/03\/20\/duathlon-dauxonne-2\/img_2598\/\" data-orig-file=\"https:\/\/www.montceautriathlon.com\/blog\/wp-content\/uploads\/2025\/03\/IMG_2598.jpeg\" data-orig-size=\"1536,2048\" data-comments-opened=\"1\" data-image-meta=\"{&quot;aperture&quot;:&quot;0&quot;,&quot;credit&quot;:&quot;&quot;,&quot;camera&quot;:&quot;&quot;,&quot;caption&quot;:&quot;&quot;,&quot;created_timestamp&quot;:&quot;0&quot;,&quot;copyright&quot;:&quot;&quot;,&quot;focal_length&quot;:&quot;0&quot;,&quot;iso&quot;:&quot;0&quot;,&quot;shutter_speed&quot;:&quot;0&quot;,&quot;title&quot;:&quot;&quot;,&quot;orientation&quot;:&quot;1&quot;}\" data-image-title=\"IMG_2598\" data-image-description=\"\" data-image-caption=\"\" data-medium-file=\"https:\/\/www.montceautriathlon.com\/blog\/wp-content\/uploads\/2025\/03\/IMG_2598-225x300.jpeg\" data-large-file=\"https:\/\/www.montceautriathlon.com\/blog\/wp-content\/uploads\/2025\/03\/IMG_2598-768x1024.jpeg\" loading=\"lazy\" width=\"768\" height=\"1024\" src=\"https:\/\/www.montceautriathlon.com\/blog\/wp-content\/uploads\/2025\/03\/IMG_2598-768x1024.jpeg\" alt=\"\" data-id=\"7390\" data-full-url=\"https:\/\/www.montceautriathlon.com\/blog\/wp-content\/uploads\/2025\/03\/IMG_2598.jpeg\" data-link=\"https:\/\/www.montceautriathlon.com\/blog\/?attachment_id=7390\" class=\"wp-image-7390\" srcset=\"https:\/\/www.montceautriathlon.com\/blog\/wp-content\/uploads\/2025\/03\/IMG_2598-768x1024.jpeg 768w, https:\/\/www.montceautriathlon.com\/blog\/wp-content\/uploads\/2025\/03\/IMG_2598-225x300.jpeg 225w, https:\/\/www.montceautriathlon.com\/blog\/wp-content\/uploads\/2025\/03\/IMG_2598-1152x1536.jpeg 1152w, https:\/\/www.montceautriathlon.com\/blog\/wp-content\/uploads\/2025\/03\/IMG_2598.jpeg 1536w\" sizes=\"(max-width: 768px) 100vw, 768px\" \/><\/a><\/figure><\/li><\/ul><\/figure>\n","protected":false},"excerpt":{"rendered":"<p>Nos\u00a0triathl\u00e8tes \u00e9taient pr\u00e9sents en nombre au duathlon organis\u00e9 par Triathlon Club Auxonnais, et m\u00eame si les conditions m\u00e9t\u00e9o n\u2019\u00e9taient au d\u00e9part pas en leur faveur\u00a0les rayons de\u00a0soleil ont quand m\u00eame rendu la course agr\u00e9able pour tous. Voici les r\u00e9sultats de nos champions du WE : Course S : Laurent Magnien termin\u00e9 71e, en 1h03\u201923, 5e [&hellip;]<\/p>\n","protected":false},"author":8,"featured_media":7388,"comment_status":"open","ping_status":"open","sticky":false,"template":"","format":"standard","meta":{"spay_email":"","jetpack_publicize_message":"","jetpack_is_tweetstorm":false},"categories":[1],"tags":[],"jetpack_featured_media_url":"https:\/\/www.montceautriathlon.com\/blog\/wp-content\/uploads\/2025\/03\/IMG_2599.jpeg","jetpack_publicize_connections":[],"jetpack_sharing_enabled":true,"jetpack_shortlink":"https:\/\/wp.me\/p8bwIy-1V8","jetpack-related-posts":[{"id":3887,"url":"https:\/\/www.montceautriathlon.com\/blog\/2020\/09\/30\/27-09-2020-cross-duathlon-de-chenove-motives-ces-jeunes\/","url_meta":{"origin":7386,"position":0},"title":"27\/09\/2020, cross duathlon de Chen\u00f4ve : motiv\u00e9s ces jeunes !","date":"30 septembre 2020","format":false,"excerpt":"Marius Grivault, une nouvelle fois sur le podium du XS (3\u00e8me), Antoine Ballet jamais bien loin (5\u00e8me), voulaient pr\u00e9parer les championnats de France de duathlon pour lesquels ils \u00e9taient qualifi\u00e9s. Une belle course de nos deux comp\u00e8res sous la pluie battante et malheureusement plus de France DU \u00e0 Noyon, annul\u00e9s\u2026","rel":"","context":"Dans &quot;Non class\u00e9&quot;","img":{"alt_text":"","src":"","width":0,"height":0},"classes":[]},{"id":8642,"url":"https:\/\/www.montceautriathlon.com\/blog\/2026\/03\/18\/duathlon-de-genlis-8-mars-2026\/","url_meta":{"origin":7386,"position":1},"title":"Duathlon de Genlis: 8 mars 2026","date":"18 mars 2026","format":false,"excerpt":"En ce dimanche ensoleill\u00e9, de nombreux montcelliens se sont retrouv\u00e9s \u00e0 Genlis pour la premi\u00e8re \u00e9preuve de duathlon de la saison. Ce duathlon \u00e9tait s\u00e9lectif pour les championnats de France jeunes de duathlon. Sur la course 6\/9ans, Gaspard Pradier termine 11e PoH Sur la course 10\/13 ans, Jules Vinck termine\u2026","rel":"","context":"Dans &quot;Non class\u00e9&quot;","img":{"alt_text":"","src":"https:\/\/i2.wp.com\/www.montceautriathlon.com\/blog\/wp-content\/uploads\/2026\/03\/650181302_1598501534523898_2374872018225390045_n.jpg?resize=350%2C200&ssl=1","width":350,"height":200},"classes":[]},{"id":4954,"url":"https:\/\/www.montceautriathlon.com\/blog\/2022\/04\/06\/duathlon-de-macon-le-club-bien-represente-des-podiums-pour-lecole-et-une-belle-qualif\/","url_meta":{"origin":7386,"position":2},"title":"Duathlon de M\u00e2con : Le club bien repr\u00e9sent\u00e9, des podiums pour l&rsquo;\u00e9cole et une belle qualif !","date":"6 avril 2022","format":false,"excerpt":"Berteline 1\u00e8re au scratch en J1, dominatrice tout au long de la course ! Jeanne qualifi\u00e9e pour les France de duathlon pour la deuxi\u00e8me ann\u00e9e cons\u00e9cutive 2\u00e8me minime F ! Titouan 2\u00e8me au scratch des J2 apr\u00e8s avoir longtemps fait la course en t\u00eate ! Aristide 3\u00e8me pupille ! Tiana\u2026","rel":"","context":"Dans &quot;Non class\u00e9&quot;","img":{"alt_text":"","src":"https:\/\/i1.wp.com\/www.montceautriathlon.com\/blog\/wp-content\/uploads\/2022\/04\/IMG-20220403-WA0003.jpg?resize=350%2C200&ssl=1","width":350,"height":200},"classes":[]},{"id":906,"url":"https:\/\/www.montceautriathlon.com\/blog\/2016\/10\/12\/coupe-de-france-de-triathlon-et-duathlon-a-la-roche-sur-yon-0809-octobre-2016\/","url_meta":{"origin":7386,"position":3},"title":"Coupe de France de Triathlon et Duathlon \u00e0 La Roche-sur-Yon (08&#038;09 octobre 2016)","date":"12 octobre 2016","format":false,"excerpt":"La coupe de France des clubs s'est d\u00e9roul\u00e9e cette ann\u00e9e \u00e0 la Roche-sur-Yon. 3 \u00e9quipes ont fait le d\u00e9placement. Une \u00e9quipe de Triathlon f\u00e9minin, une \u00e9quipe de Duathlon f\u00e9minin et une \u00e9quipe jeune. L'\u00e9quipe de Triathlon compos\u00e9e de Nicole Lukowitz, Sophie Rousseau, Fabienne Vaudelin et H\u00e9l\u00e8ne Touillon a ouvert le\u2026","rel":"","context":"Dans &quot;Non class\u00e9&quot;","img":{"alt_text":"","src":"","width":0,"height":0},"classes":[]},{"id":4606,"url":"https:\/\/www.montceautriathlon.com\/blog\/2021\/10\/03\/cross-duathlon-de-chenove-4-jeunes-4-podiums\/","url_meta":{"origin":7386,"position":4},"title":"Cross duathlon de Chen\u00f4ve : 4 jeunes, 4 podiums !","date":"3 octobre 2021","format":false,"excerpt":"Le cross duathlon de Chen\u00f4ve \u00e9tait support des championnats de Bourgogne Franche Comt\u00e9 de duathlon et les deux fratries engag\u00e9es ne se seront pas d\u00e9plac\u00e9es pour rien ! Sur le XS Jeanne s'impose chez les f\u00e9minines et devient championne de Bourgogne, Marine 2\u00e8me et premi\u00e8re cadette. Un beau doubl\u00e9 pour\u2026","rel":"","context":"Dans &quot;Non class\u00e9&quot;","img":{"alt_text":"","src":"https:\/\/i0.wp.com\/www.montceautriathlon.com\/blog\/wp-content\/uploads\/2021\/10\/cross-du-4.jpg?resize=350%2C200&ssl=1","width":350,"height":200},"classes":[]},{"id":5843,"url":"https:\/\/www.montceautriathlon.com\/blog\/2023\/05\/10\/duathlon-auxonne\/","url_meta":{"origin":7386,"position":5},"title":"Duathlon Auxonne","date":"10 mai 2023","format":false,"excerpt":"Seulement quelques un de nos jeunes ont particip\u00e9s au premier duathlon d'Auxonne qui a eu lieu le 07\/05. Course XS : Joshua Vandaele\u00a04e au scratch et 2e MiH\u00a0 en 34:09 \/ Simon Devoille\u00a015e au scratch et 9e MiH en 39:56 \/ El\u00e9a B\u00e9rardan\u00a020e au scratch et 8e MiF en 41:49\u2026","rel":"","context":"Dans &quot;Non class\u00e9&quot;","img":{"alt_text":"","src":"https:\/\/i0.wp.com\/www.montceautriathlon.com\/blog\/wp-content\/uploads\/2023\/05\/IMG-126011.jpg?resize=350%2C200&ssl=1","width":350,"height":200},"classes":[]}],"_links":{"self":[{"href":"https:\/\/www.montceautriathlon.com\/blog\/wp-json\/wp\/v2\/posts\/7386"}],"collection":[{"href":"https:\/\/www.montceautriathlon.com\/blog\/wp-json\/wp\/v2\/posts"}],"about":[{"href":"https:\/\/www.montceautriathlon.com\/blog\/wp-json\/wp\/v2\/types\/post"}],"author":[{"embeddable":true,"href":"https:\/\/www.montceautriathlon.com\/blog\/wp-json\/wp\/v2\/users\/8"}],"replies":[{"embeddable":true,"href":"https:\/\/www.montceautriathlon.com\/blog\/wp-json\/wp\/v2\/comments?post=7386"}],"version-history":[{"count":1,"href":"https:\/\/www.montceautriathlon.com\/blog\/wp-json\/wp\/v2\/posts\/7386\/revisions"}],"predecessor-version":[{"id":7391,"href":"https:\/\/www.montceautriathlon.com\/blog\/wp-json\/wp\/v2\/posts\/7386\/revisions\/7391"}],"wp:featuredmedia":[{"embeddable":true,"href":"https:\/\/www.montceautriathlon.com\/blog\/wp-json\/wp\/v2\/media\/7388"}],"wp:attachment":[{"href":"https:\/\/www.montceautriathlon.com\/blog\/wp-json\/wp\/v2\/media?parent=7386"}],"wp:term":[{"taxonomy":"category","embeddable":true,"href":"https:\/\/www.montceautriathlon.com\/blog\/wp-json\/wp\/v2\/categories?post=7386"},{"taxonomy":"post_tag","embeddable":true,"href":"https:\/\/www.montceautriathlon.com\/blog\/wp-json\/wp\/v2\/tags?post=7386"}],"curies":[{"name":"wp","href":"https:\/\/api.w.org\/{rel}","templated":true}]}}