{"id":7372,"date":"2025-03-12T17:52:00","date_gmt":"2025-03-12T16:52:00","guid":{"rendered":"https:\/\/www.montceautriathlon.com\/blog\/?p=7372"},"modified":"2025-03-12T17:52:02","modified_gmt":"2025-03-12T16:52:02","slug":"trail-des-3-chateaux-2","status":"publish","type":"post","link":"https:\/\/www.montceautriathlon.com\/blog\/2025\/03\/12\/trail-des-3-chateaux-2\/","title":{"rendered":"Trail des 3 ch\u00e2teaux"},"content":{"rendered":"\n<p>Samedi notre courageuse tra\u00eeleuse Sandrine Ghesquiere prenait le d\u00e9part du 66km de cette course aussi mythique qu\u2019exigeante. Apr\u00e8s 9h32 de course\u00a0entre chemins et for\u00eats elle est FINISHER\u00a0de cette belle distance , et se classe 68e au scratch , 13e\u00a0f\u00e9minine et deuxi\u00e8me de sa cat\u00e9gorie master 2 !! <\/p>\n\n\n\n<p>Sur la petite Travers\u00e9e T3C 15km :<\/p>\n\n\n\n<p>BATHIARD Kathleen : 1h31, 4e M0F. 16eF, g\u00e9n\u00e9ral: 94e&nbsp;<\/p>\n\n\n\n<p>TONNIN Delphine 1h37, 6e M1F, 27e F, g\u00e9n\u00e9ral: 134e\u00a0<\/p>\n\n\n\n<p>ALVAREZ Caroline: 1h41, 7e M0F, 36e F, G\u00e9n\u00e9ral: 158e\u00a0<\/p>\n\n\n\n<p>MICHEL David : 1h42, 9E M4H, 79e H G\u00e9n\u00e9ral: 165e <\/p>\n","protected":false},"excerpt":{"rendered":"<p>Samedi notre courageuse tra\u00eeleuse Sandrine Ghesquiere prenait le d\u00e9part du 66km de cette course aussi mythique qu\u2019exigeante. Apr\u00e8s 9h32 de course\u00a0entre chemins et for\u00eats elle est FINISHER\u00a0de cette belle distance , et se classe 68e au scratch , 13e\u00a0f\u00e9minine et deuxi\u00e8me de sa cat\u00e9gorie master 2 !! Sur la petite Travers\u00e9e T3C 15km : BATHIARD [&hellip;]<\/p>\n","protected":false},"author":8,"featured_media":0,"comment_status":"open","ping_status":"open","sticky":false,"template":"","format":"standard","meta":{"spay_email":"","jetpack_publicize_message":"","jetpack_is_tweetstorm":false},"categories":[1],"tags":[],"jetpack_featured_media_url":"","jetpack_publicize_connections":[],"jetpack_sharing_enabled":true,"jetpack_shortlink":"https:\/\/wp.me\/p8bwIy-1UU","jetpack-related-posts":[{"id":1489,"url":"https:\/\/www.montceautriathlon.com\/blog\/2017\/09\/11\/tous-les-resultats-pendant-les-vacances-dete\/","url_meta":{"origin":7372,"position":0},"title":"Tous les r\u00e9sultats pendant les vacances d&rsquo;\u00e9t\u00e9","date":"11 septembre 2017","format":false,"excerpt":"Triathlon de la Madeleine (le 26 ao\u00fbt 2017) Le plus dur triathlon S de France ! 1200m de d\u00e9nivel\u00e9 sur 20km ! Et oui , Ludivine LEQUIN a os\u00e9 s'y attaquer . Ce jour, 26 ao\u00fbt sous une forte chaleur, plus de 150 triathl\u00e8tes se sont rendus au lac bleu\u2026","rel":"","context":"Dans &quot;Non class\u00e9&quot;","img":{"alt_text":"","src":"","width":0,"height":0},"classes":[]},{"id":8226,"url":"https:\/\/www.montceautriathlon.com\/blog\/2025\/09\/28\/t24-mont-blanc-passy\/","url_meta":{"origin":7372,"position":1},"title":"T24 Mont Blanc Passy","date":"28 septembre 2025","format":false,"excerpt":"Une grande d\u00e9l\u00e9gation montcellienne s'est retrouv\u00e9e au pied du Mont Blanc pour cette \u00e9preuve de 24h. Le T 24 Mont Blanc Passy 2025 est un triathlon dont l'objectif est de r\u00e9aliser la plus grande distance possible en 4h de natation, 12h de v\u00e9lo et enfin 8h de course \u00e0 pied.\u2026","rel":"","context":"Dans &quot;Non class\u00e9&quot;","img":{"alt_text":"","src":"https:\/\/i2.wp.com\/www.montceautriathlon.com\/blog\/wp-content\/uploads\/2025\/09\/4483978213654323508.jpg?resize=350%2C200&ssl=1","width":350,"height":200},"classes":[]},{"id":6764,"url":"https:\/\/www.montceautriathlon.com\/blog\/2024\/04\/30\/trail-du-dardon-et-rando-de-la-bourgogne-cyclo-gravel\/","url_meta":{"origin":7372,"position":2},"title":"Trail du Dardon et rando de la Bourgogne cyclo gravel","date":"30 avril 2024","format":false,"excerpt":"Nos triathl\u00e8tes se sont lanc\u00e9s sur diff\u00e9rentes courses ce dimanche, Rando de la Bourgogne cyclo gravel Pascal Vaury \u00e9tait pr\u00e9sent sur cette randonn\u00e9e. Trail du Dardon Sur le 26km : Sandrine Marchand, 2\u00e8me du scratch f\u00e9minin, 29e de la course sur 63, en 2h39 Et sa fille : Marjolaine Dangeul,\u2026","rel":"","context":"Dans &quot;Non class\u00e9&quot;","img":{"alt_text":"","src":"https:\/\/i1.wp.com\/www.montceautriathlon.com\/blog\/wp-content\/uploads\/2024\/04\/trail.jpg?resize=350%2C200&ssl=1","width":350,"height":200},"classes":[]},{"id":6050,"url":"https:\/\/www.montceautriathlon.com\/blog\/2023\/07\/05\/trail-des-2-roches\/","url_meta":{"origin":7372,"position":3},"title":"Trail des 2 roches","date":"5 juillet 2023","format":false,"excerpt":"Trois de nos triathl\u00e8tes ont particip\u00e9es au trail des 2 roches ce dernier week end de juin. 27km\/1000mD+ : Berthier Charline en 3h44, classement g\u00e9n\u00e9ral 78e\/96e, 9EF\/14F et 5e SEF 17km\/750mD+ : Emorine Sarah en 2h47, classement g\u00e9n\u00e9ral 45e F et 13e SEF Ghesquiere Sandrine en 2h03, classement g\u00e9n\u00e9ral 82e\/225,\u2026","rel":"","context":"Dans &quot;Non class\u00e9&quot;","img":{"alt_text":"","src":"https:\/\/i0.wp.com\/www.montceautriathlon.com\/blog\/wp-content\/uploads\/2023\/07\/image_6483441-13.jpg?resize=350%2C200&ssl=1","width":350,"height":200},"classes":[]},{"id":2600,"url":"https:\/\/www.montceautriathlon.com\/blog\/2019\/01\/22\/bike-run-bourbon-20-01-2019-avec-ou-sans-glace\/","url_meta":{"origin":7372,"position":4},"title":"Bike &#038; Run Bourbon 20\/01\/2019: Avec ou sans glace ?","date":"22 janvier 2019","format":false,"excerpt":"L'ann\u00e9e derni\u00e8re, le club s'\u00e9tait d\u00e9plac\u00e9 en masse. Cette ann\u00e9e, seules trois \u00e9quipes adultes ont fait le d\u00e9placement. Dommage ! Le froid, la crainte de routes verglac\u00e9es et la pr\u00e9sence de plusieurs triathl\u00e8tes sur l'Oxyrace expliquent peut-\u00eatre cette d\u00e9saffection. 25 \u00e9quipages ont pris le d\u00e9part.\u00a0 N\u00e9anmoins, victoire de l'\u00e9quipe f\u00e9minine\u2026","rel":"","context":"Dans &quot;Non class\u00e9&quot;","img":{"alt_text":"","src":"https:\/\/i1.wp.com\/montceautriathlon.com\/blog\/wp-content\/uploads\/2019\/01\/BR-Bourbon-213x300.jpg?resize=350%2C200","width":350,"height":200},"classes":[]},{"id":5147,"url":"https:\/\/www.montceautriathlon.com\/blog\/2022\/07\/01\/triathlon-du-lac-de-st-point-pres-de-pontarlier-macon-cest-ce-week-end\/","url_meta":{"origin":7372,"position":5},"title":"Triathlon du lac de St Point : Pr\u00e8s de Pontarlier ! M\u00e2con c&rsquo;est ce week-end !","date":"1 juillet 2022","format":false,"excerpt":"Quelques jeunes du club ont fait le d\u00e9placement pr\u00e8s de Pontarlier avec Sophie et se sont align\u00e9s sur des courses jeunes et des courses relais. A signaler la nouvelle victoire de Berteline sur la course J1 dans sa cat\u00e9gorie(scratch M+F) . Une belle 3\u00e8me place F\u00e9minine d'Axelle en pupilles F.\u2026","rel":"","context":"Dans &quot;Non class\u00e9&quot;","img":{"alt_text":"","src":"https:\/\/i2.wp.com\/www.montceautriathlon.com\/blog\/wp-content\/uploads\/2022\/07\/St-Point-scaled.jpg?resize=350%2C200&ssl=1","width":350,"height":200},"classes":[]}],"_links":{"self":[{"href":"https:\/\/www.montceautriathlon.com\/blog\/wp-json\/wp\/v2\/posts\/7372"}],"collection":[{"href":"https:\/\/www.montceautriathlon.com\/blog\/wp-json\/wp\/v2\/posts"}],"about":[{"href":"https:\/\/www.montceautriathlon.com\/blog\/wp-json\/wp\/v2\/types\/post"}],"author":[{"embeddable":true,"href":"https:\/\/www.montceautriathlon.com\/blog\/wp-json\/wp\/v2\/users\/8"}],"replies":[{"embeddable":true,"href":"https:\/\/www.montceautriathlon.com\/blog\/wp-json\/wp\/v2\/comments?post=7372"}],"version-history":[{"count":1,"href":"https:\/\/www.montceautriathlon.com\/blog\/wp-json\/wp\/v2\/posts\/7372\/revisions"}],"predecessor-version":[{"id":7373,"href":"https:\/\/www.montceautriathlon.com\/blog\/wp-json\/wp\/v2\/posts\/7372\/revisions\/7373"}],"wp:attachment":[{"href":"https:\/\/www.montceautriathlon.com\/blog\/wp-json\/wp\/v2\/media?parent=7372"}],"wp:term":[{"taxonomy":"category","embeddable":true,"href":"https:\/\/www.montceautriathlon.com\/blog\/wp-json\/wp\/v2\/categories?post=7372"},{"taxonomy":"post_tag","embeddable":true,"href":"https:\/\/www.montceautriathlon.com\/blog\/wp-json\/wp\/v2\/tags?post=7372"}],"curies":[{"name":"wp","href":"https:\/\/api.w.org\/{rel}","templated":true}]}}