{"id":7254,"date":"2024-12-23T09:51:24","date_gmt":"2024-12-23T08:51:24","guid":{"rendered":"https:\/\/www.montceautriathlon.com\/blog\/?p=7254"},"modified":"2024-12-23T09:51:27","modified_gmt":"2024-12-23T08:51:27","slug":"bike-and-run-de-dijon-15-decembre-2024","status":"publish","type":"post","link":"https:\/\/www.montceautriathlon.com\/blog\/2024\/12\/23\/bike-and-run-de-dijon-15-decembre-2024\/","title":{"rendered":"Bike and run de Dijon 15 d\u00e9cembre 2024"},"content":{"rendered":"\n<p><\/p>\n\n\n\n<p>Ce dimanche, Dijon Triathlon organisait le dernier bike and run de 2024. <\/p>\n\n\n\n<p>Certains de nos athl\u00e8tes ont fait le d\u00e9placement dans le d\u00e9partement voisin pour un bike and run avec un parcours exigeant .<\/p>\n\n\n\n<p>Voici leurs r\u00e9sultats:<\/p>\n\n\n\n<p>Course jeune1: Jules Vinck et jules Vendramini montent sur la 3e marche du podium en 10&rsquo;27. Come Pradier et Eliott Rondier sont 9e de la course \u00e0 2&prime; derri\u00e8re leurs camarades de club.<\/p>\n\n\n\n<p>Course xs: Eliott Lhote et C\u00e9lian Schaffer sont les 1rs repr\u00e9sentants du club en terminant 15e au scratch en 53&rsquo;15 (4e cadet\/junior). Delphine Tonnin et Cyrille B\u00e9rardan prennent la 25e place (1e binome v\u00e9t\u00e9rans mixtes). Emma Dufour et jeanne Rondier montent sur la 3e marche du podium en cadettes\/juniores en 1h02. puis Zo\u00e9 da Eira et El\u00e9a B\u00e9rardan terminent la course en 1h18 (56e au scratch)<\/p>\n\n\n\n<figure class=\"wp-block-gallery columns-3 is-cropped\"><ul data-carousel-extra='{\"blog_id\":1,\"permalink\":\"https:\\\/\\\/www.montceautriathlon.com\\\/blog\\\/2024\\\/12\\\/23\\\/bike-and-run-de-dijon-15-decembre-2024\\\/\"}' class=\"blocks-gallery-grid\"><li class=\"blocks-gallery-item\"><figure><a href=\"https:\/\/www.montceautriathlon.com\/blog\/wp-content\/uploads\/2024\/12\/470809326_1260256101681778_208181115576010591_n.jpg\"><img data-attachment-id=\"7255\" data-permalink=\"https:\/\/www.montceautriathlon.com\/blog\/2024\/12\/23\/bike-and-run-de-dijon-15-decembre-2024\/470809326_1260256101681778_208181115576010591_n\/\" data-orig-file=\"https:\/\/www.montceautriathlon.com\/blog\/wp-content\/uploads\/2024\/12\/470809326_1260256101681778_208181115576010591_n.jpg\" data-orig-size=\"600,449\" data-comments-opened=\"1\" data-image-meta=\"{&quot;aperture&quot;:&quot;0&quot;,&quot;credit&quot;:&quot;&quot;,&quot;camera&quot;:&quot;&quot;,&quot;caption&quot;:&quot;&quot;,&quot;created_timestamp&quot;:&quot;0&quot;,&quot;copyright&quot;:&quot;&quot;,&quot;focal_length&quot;:&quot;0&quot;,&quot;iso&quot;:&quot;0&quot;,&quot;shutter_speed&quot;:&quot;0&quot;,&quot;title&quot;:&quot;&quot;,&quot;orientation&quot;:&quot;0&quot;}\" data-image-title=\"470809326_1260256101681778_208181115576010591_n\" data-image-description=\"\" data-image-caption=\"\" data-medium-file=\"https:\/\/www.montceautriathlon.com\/blog\/wp-content\/uploads\/2024\/12\/470809326_1260256101681778_208181115576010591_n-300x225.jpg\" data-large-file=\"https:\/\/www.montceautriathlon.com\/blog\/wp-content\/uploads\/2024\/12\/470809326_1260256101681778_208181115576010591_n.jpg\" loading=\"lazy\" width=\"600\" height=\"449\" src=\"https:\/\/www.montceautriathlon.com\/blog\/wp-content\/uploads\/2024\/12\/470809326_1260256101681778_208181115576010591_n.jpg\" alt=\"\" data-id=\"7255\" data-link=\"https:\/\/www.montceautriathlon.com\/blog\/?attachment_id=7255\" class=\"wp-image-7255\" srcset=\"https:\/\/www.montceautriathlon.com\/blog\/wp-content\/uploads\/2024\/12\/470809326_1260256101681778_208181115576010591_n.jpg 600w, https:\/\/www.montceautriathlon.com\/blog\/wp-content\/uploads\/2024\/12\/470809326_1260256101681778_208181115576010591_n-300x225.jpg 300w\" sizes=\"(max-width: 600px) 100vw, 600px\" \/><\/a><\/figure><\/li><li class=\"blocks-gallery-item\"><figure><a href=\"https:\/\/www.montceautriathlon.com\/blog\/wp-content\/uploads\/2024\/12\/471170623_1260256348348420_7564327753177307277_n.jpg\"><img data-attachment-id=\"7256\" data-permalink=\"https:\/\/www.montceautriathlon.com\/blog\/2024\/12\/23\/bike-and-run-de-dijon-15-decembre-2024\/471170623_1260256348348420_7564327753177307277_n\/\" data-orig-file=\"https:\/\/www.montceautriathlon.com\/blog\/wp-content\/uploads\/2024\/12\/471170623_1260256348348420_7564327753177307277_n.jpg\" data-orig-size=\"450,600\" data-comments-opened=\"1\" data-image-meta=\"{&quot;aperture&quot;:&quot;0&quot;,&quot;credit&quot;:&quot;&quot;,&quot;camera&quot;:&quot;&quot;,&quot;caption&quot;:&quot;&quot;,&quot;created_timestamp&quot;:&quot;0&quot;,&quot;copyright&quot;:&quot;&quot;,&quot;focal_length&quot;:&quot;0&quot;,&quot;iso&quot;:&quot;0&quot;,&quot;shutter_speed&quot;:&quot;0&quot;,&quot;title&quot;:&quot;&quot;,&quot;orientation&quot;:&quot;0&quot;}\" data-image-title=\"471170623_1260256348348420_7564327753177307277_n\" data-image-description=\"\" data-image-caption=\"\" data-medium-file=\"https:\/\/www.montceautriathlon.com\/blog\/wp-content\/uploads\/2024\/12\/471170623_1260256348348420_7564327753177307277_n-225x300.jpg\" data-large-file=\"https:\/\/www.montceautriathlon.com\/blog\/wp-content\/uploads\/2024\/12\/471170623_1260256348348420_7564327753177307277_n.jpg\" loading=\"lazy\" width=\"450\" height=\"600\" src=\"https:\/\/www.montceautriathlon.com\/blog\/wp-content\/uploads\/2024\/12\/471170623_1260256348348420_7564327753177307277_n.jpg\" alt=\"\" data-id=\"7256\" data-link=\"https:\/\/www.montceautriathlon.com\/blog\/?attachment_id=7256\" class=\"wp-image-7256\" srcset=\"https:\/\/www.montceautriathlon.com\/blog\/wp-content\/uploads\/2024\/12\/471170623_1260256348348420_7564327753177307277_n.jpg 450w, https:\/\/www.montceautriathlon.com\/blog\/wp-content\/uploads\/2024\/12\/471170623_1260256348348420_7564327753177307277_n-225x300.jpg 225w\" sizes=\"(max-width: 450px) 100vw, 450px\" \/><\/a><\/figure><\/li><li class=\"blocks-gallery-item\"><figure><a href=\"https:\/\/www.montceautriathlon.com\/blog\/wp-content\/uploads\/2024\/12\/471200584_1260256381681750_7583562769307201594_n.jpg\"><img data-attachment-id=\"7257\" data-permalink=\"https:\/\/www.montceautriathlon.com\/blog\/2024\/12\/23\/bike-and-run-de-dijon-15-decembre-2024\/471200584_1260256381681750_7583562769307201594_n\/\" data-orig-file=\"https:\/\/www.montceautriathlon.com\/blog\/wp-content\/uploads\/2024\/12\/471200584_1260256381681750_7583562769307201594_n.jpg\" data-orig-size=\"450,600\" data-comments-opened=\"1\" data-image-meta=\"{&quot;aperture&quot;:&quot;0&quot;,&quot;credit&quot;:&quot;&quot;,&quot;camera&quot;:&quot;&quot;,&quot;caption&quot;:&quot;&quot;,&quot;created_timestamp&quot;:&quot;0&quot;,&quot;copyright&quot;:&quot;&quot;,&quot;focal_length&quot;:&quot;0&quot;,&quot;iso&quot;:&quot;0&quot;,&quot;shutter_speed&quot;:&quot;0&quot;,&quot;title&quot;:&quot;&quot;,&quot;orientation&quot;:&quot;0&quot;}\" data-image-title=\"471200584_1260256381681750_7583562769307201594_n\" data-image-description=\"\" data-image-caption=\"\" data-medium-file=\"https:\/\/www.montceautriathlon.com\/blog\/wp-content\/uploads\/2024\/12\/471200584_1260256381681750_7583562769307201594_n-225x300.jpg\" data-large-file=\"https:\/\/www.montceautriathlon.com\/blog\/wp-content\/uploads\/2024\/12\/471200584_1260256381681750_7583562769307201594_n.jpg\" loading=\"lazy\" width=\"450\" height=\"600\" src=\"https:\/\/www.montceautriathlon.com\/blog\/wp-content\/uploads\/2024\/12\/471200584_1260256381681750_7583562769307201594_n.jpg\" alt=\"\" data-id=\"7257\" data-link=\"https:\/\/www.montceautriathlon.com\/blog\/?attachment_id=7257\" class=\"wp-image-7257\" srcset=\"https:\/\/www.montceautriathlon.com\/blog\/wp-content\/uploads\/2024\/12\/471200584_1260256381681750_7583562769307201594_n.jpg 450w, https:\/\/www.montceautriathlon.com\/blog\/wp-content\/uploads\/2024\/12\/471200584_1260256381681750_7583562769307201594_n-225x300.jpg 225w\" sizes=\"(max-width: 450px) 100vw, 450px\" \/><\/a><\/figure><\/li><li class=\"blocks-gallery-item\"><figure><a href=\"https:\/\/www.montceautriathlon.com\/blog\/wp-content\/uploads\/2024\/12\/471203449_1260256318348423_8174965824878778964_n.jpg\"><img data-attachment-id=\"7258\" data-permalink=\"https:\/\/www.montceautriathlon.com\/blog\/2024\/12\/23\/bike-and-run-de-dijon-15-decembre-2024\/471203449_1260256318348423_8174965824878778964_n\/\" data-orig-file=\"https:\/\/www.montceautriathlon.com\/blog\/wp-content\/uploads\/2024\/12\/471203449_1260256318348423_8174965824878778964_n.jpg\" data-orig-size=\"450,600\" data-comments-opened=\"1\" data-image-meta=\"{&quot;aperture&quot;:&quot;0&quot;,&quot;credit&quot;:&quot;&quot;,&quot;camera&quot;:&quot;&quot;,&quot;caption&quot;:&quot;&quot;,&quot;created_timestamp&quot;:&quot;0&quot;,&quot;copyright&quot;:&quot;&quot;,&quot;focal_length&quot;:&quot;0&quot;,&quot;iso&quot;:&quot;0&quot;,&quot;shutter_speed&quot;:&quot;0&quot;,&quot;title&quot;:&quot;&quot;,&quot;orientation&quot;:&quot;0&quot;}\" data-image-title=\"471203449_1260256318348423_8174965824878778964_n\" data-image-description=\"\" data-image-caption=\"\" data-medium-file=\"https:\/\/www.montceautriathlon.com\/blog\/wp-content\/uploads\/2024\/12\/471203449_1260256318348423_8174965824878778964_n-225x300.jpg\" data-large-file=\"https:\/\/www.montceautriathlon.com\/blog\/wp-content\/uploads\/2024\/12\/471203449_1260256318348423_8174965824878778964_n.jpg\" loading=\"lazy\" width=\"450\" height=\"600\" src=\"https:\/\/www.montceautriathlon.com\/blog\/wp-content\/uploads\/2024\/12\/471203449_1260256318348423_8174965824878778964_n.jpg\" alt=\"\" data-id=\"7258\" data-full-url=\"https:\/\/www.montceautriathlon.com\/blog\/wp-content\/uploads\/2024\/12\/471203449_1260256318348423_8174965824878778964_n.jpg\" data-link=\"https:\/\/www.montceautriathlon.com\/blog\/?attachment_id=7258\" class=\"wp-image-7258\" srcset=\"https:\/\/www.montceautriathlon.com\/blog\/wp-content\/uploads\/2024\/12\/471203449_1260256318348423_8174965824878778964_n.jpg 450w, https:\/\/www.montceautriathlon.com\/blog\/wp-content\/uploads\/2024\/12\/471203449_1260256318348423_8174965824878778964_n-225x300.jpg 225w\" sizes=\"(max-width: 450px) 100vw, 450px\" \/><\/a><\/figure><\/li><\/ul><\/figure>\n","protected":false},"excerpt":{"rendered":"<p>Ce dimanche, Dijon Triathlon organisait le dernier bike and run de 2024. Certains de nos athl\u00e8tes ont fait le d\u00e9placement dans le d\u00e9partement voisin pour un bike and run avec un parcours exigeant . Voici leurs r\u00e9sultats: Course jeune1: Jules Vinck et jules Vendramini montent sur la 3e marche du podium en 10&rsquo;27. Come Pradier [&hellip;]<\/p>\n","protected":false},"author":7,"featured_media":7255,"comment_status":"open","ping_status":"open","sticky":false,"template":"","format":"standard","meta":{"spay_email":"","jetpack_publicize_message":"","jetpack_is_tweetstorm":false},"categories":[1],"tags":[],"jetpack_featured_media_url":"https:\/\/www.montceautriathlon.com\/blog\/wp-content\/uploads\/2024\/12\/470809326_1260256101681778_208181115576010591_n.jpg","jetpack_publicize_connections":[],"jetpack_sharing_enabled":true,"jetpack_shortlink":"https:\/\/wp.me\/p8bwIy-1T0","jetpack-related-posts":[{"id":7273,"url":"https:\/\/www.montceautriathlon.com\/blog\/2025\/01\/12\/bike-and-run-de-chenove-et-corrida-de-buxy\/","url_meta":{"origin":7254,"position":0},"title":"Bike and run  de Chenove et corrida de Buxy","date":"12 janvier 2025","format":false,"excerpt":"Par ce week end tr\u00e8s frais, certains licenci\u00e9s courraient \u00e0 Buxy alors que d'autres \u00e9taient \u00e0 Chenove pour le bike and run. BIKE AND RUN DE CHENOVE C'est sous un beau soleil hivernal que la journ\u00e9e s'est termin\u00e9e. Les jeunes et moins jeunes \u00e9taient pr\u00e9sents \u00e0 Chenove pour le premier\u2026","rel":"","context":"Dans &quot;Non class\u00e9&quot;","img":{"alt_text":"","src":"https:\/\/i0.wp.com\/www.montceautriathlon.com\/blog\/wp-content\/uploads\/2025\/01\/897126307000611409.jpg?resize=350%2C200&ssl=1","width":350,"height":200},"classes":[]},{"id":8420,"url":"https:\/\/www.montceautriathlon.com\/blog\/2025\/11\/01\/les-resultats-des-differents-challenge-de-la-saison-2025\/","url_meta":{"origin":7254,"position":1},"title":"Les r\u00e9sultats des diff\u00e9rents challenges de la saison 2025","date":"1 novembre 2025","format":false,"excerpt":"Les licenci\u00e9s ont particip\u00e9 \u00e0 de nombreuses comp\u00e9titions en Bourgogne Franche Comt\u00e9, ce qui leur permet d'acc\u00e9der aux podiumes des diff\u00e9rents challenges. Challenge bike and run: En jeune 1, Come Pradier et Eliott Rondier montent sur la 2e marche du podium. Sur le XS: Eliott Lhote et C\u00e9lian Schaffer sont\u2026","rel":"","context":"Dans &quot;Non class\u00e9&quot;","img":{"alt_text":"","src":"https:\/\/i0.wp.com\/www.montceautriathlon.com\/blog\/wp-content\/uploads\/2025\/11\/IMG-20250831-WA0001.jpg?resize=350%2C200&ssl=1","width":350,"height":200},"classes":[]},{"id":7292,"url":"https:\/\/www.montceautriathlon.com\/blog\/2025\/01\/20\/bike-and-run-bourbon-lancy\/","url_meta":{"origin":7254,"position":2},"title":"Bike and run Bourbon Lancy","date":"20 janvier 2025","format":false,"excerpt":"Malgr\u00e9 le froid, les montcelliens se sont d\u00e9plac\u00e9s \u00e0 Bourbon Lancy ce dimanche 19 janvier pour le bike and run organis\u00e9 d'une main de maitre par Yohan et tous les b\u00e9n\u00e9voles du club. Les bin\u00f4mes de jeunes et d'adultes se sont align\u00e9s sur les 3 courses propos\u00e9es. Voici les r\u00e9sultats:\u2026","rel":"","context":"Dans &quot;Non class\u00e9&quot;","img":{"alt_text":"","src":"https:\/\/i1.wp.com\/www.montceautriathlon.com\/blog\/wp-content\/uploads\/2025\/01\/IMG-20250119-WA0004.jpg?resize=350%2C200&ssl=1","width":350,"height":200},"classes":[]},{"id":7153,"url":"https:\/\/www.montceautriathlon.com\/blog\/2024\/12\/08\/bike-and-run-de-dole-2\/","url_meta":{"origin":7254,"position":3},"title":"Bike and run de Dole","date":"8 d\u00e9cembre 2024","format":false,"excerpt":"Le dimanche 24 novembre, le club de Dole organisait son bike and run. Malgr\u00e9 un temps tres venteux, cette \u00e9preuve a pu se faire. Les montcelliens ont fait le d\u00e9placement. Course jeune 1: les fr\u00e8res Jules et Louis Vinck terminent 4e \u00e9quipe homme, et Come Pradier et Eliott Rondier sont\u2026","rel":"","context":"Dans &quot;Non class\u00e9&quot;","img":{"alt_text":"","src":"https:\/\/i0.wp.com\/www.montceautriathlon.com\/blog\/wp-content\/uploads\/2024\/12\/IMG_5444-scaled.jpeg?resize=350%2C200&ssl=1","width":350,"height":200},"classes":[]},{"id":7151,"url":"https:\/\/www.montceautriathlon.com\/blog\/2024\/12\/04\/10-novembre-2024-bike-and-run-de-beaune\/","url_meta":{"origin":7254,"position":4},"title":"10 novembre 2024: bike and run de Beaune","date":"4 d\u00e9cembre 2024","format":false,"excerpt":"Rougeot Beaune Triathlon organisait ce week end leur bike and run des Etangs d'Or. Les montcelliens ont fait le d\u00e9placement: Course jeune 1: les fr\u00e8res Jules et Louis Vinck montent sur la 2e marche du podium (2e \u00e9quipe masculine et 4e \u00e9quipe au scratch) Course jeune 2: Titouan Rondier avec\u2026","rel":"","context":"Dans &quot;Non class\u00e9&quot;","img":{"alt_text":"","src":"https:\/\/i2.wp.com\/www.montceautriathlon.com\/blog\/wp-content\/uploads\/2024\/12\/beaune.jpg?resize=350%2C200&ssl=1","width":350,"height":200},"classes":[]},{"id":6967,"url":"https:\/\/www.montceautriathlon.com\/blog\/2024\/07\/16\/triathlon-autun-2\/","url_meta":{"origin":7254,"position":5},"title":"Triathlon Autun","date":"16 juillet 2024","format":false,"excerpt":"Les triathl\u00e8tes montcelliens \u00e9taient pr\u00e9sents surtoutes les \u00e9preuves du triathlon d'Autun le dimanche 23 juin. Voici les r\u00e9sultats: Course 6\/8 ans: Tiana Magnien monte sur la 3e marche du podium en poussine (5e au scratch) et Eliott Rondier sur la 2e marche en poussin (6e au scratch). Course 9\/11 ans:\u2026","rel":"","context":"Dans &quot;Non class\u00e9&quot;","img":{"alt_text":"","src":"https:\/\/i0.wp.com\/www.montceautriathlon.com\/blog\/wp-content\/uploads\/2024\/07\/448968625_1141027143604675_8033343820953004543_n.jpg?resize=350%2C200&ssl=1","width":350,"height":200},"classes":[]}],"_links":{"self":[{"href":"https:\/\/www.montceautriathlon.com\/blog\/wp-json\/wp\/v2\/posts\/7254"}],"collection":[{"href":"https:\/\/www.montceautriathlon.com\/blog\/wp-json\/wp\/v2\/posts"}],"about":[{"href":"https:\/\/www.montceautriathlon.com\/blog\/wp-json\/wp\/v2\/types\/post"}],"author":[{"embeddable":true,"href":"https:\/\/www.montceautriathlon.com\/blog\/wp-json\/wp\/v2\/users\/7"}],"replies":[{"embeddable":true,"href":"https:\/\/www.montceautriathlon.com\/blog\/wp-json\/wp\/v2\/comments?post=7254"}],"version-history":[{"count":1,"href":"https:\/\/www.montceautriathlon.com\/blog\/wp-json\/wp\/v2\/posts\/7254\/revisions"}],"predecessor-version":[{"id":7259,"href":"https:\/\/www.montceautriathlon.com\/blog\/wp-json\/wp\/v2\/posts\/7254\/revisions\/7259"}],"wp:featuredmedia":[{"embeddable":true,"href":"https:\/\/www.montceautriathlon.com\/blog\/wp-json\/wp\/v2\/media\/7255"}],"wp:attachment":[{"href":"https:\/\/www.montceautriathlon.com\/blog\/wp-json\/wp\/v2\/media?parent=7254"}],"wp:term":[{"taxonomy":"category","embeddable":true,"href":"https:\/\/www.montceautriathlon.com\/blog\/wp-json\/wp\/v2\/categories?post=7254"},{"taxonomy":"post_tag","embeddable":true,"href":"https:\/\/www.montceautriathlon.com\/blog\/wp-json\/wp\/v2\/tags?post=7254"}],"curies":[{"name":"wp","href":"https:\/\/api.w.org\/{rel}","templated":true}]}}