{"id":7176,"date":"2024-12-04T15:21:26","date_gmt":"2024-12-04T14:21:26","guid":{"rendered":"https:\/\/www.montceautriathlon.com\/blog\/?p=7176"},"modified":"2024-12-04T15:21:29","modified_gmt":"2024-12-04T14:21:29","slug":"5-octobre-benoit-au-mont-saint-michel","status":"publish","type":"post","link":"https:\/\/www.montceautriathlon.com\/blog\/2024\/12\/04\/5-octobre-benoit-au-mont-saint-michel\/","title":{"rendered":"5 octobre: Benoit au Mont Saint Michel"},"content":{"rendered":"\n<p>Le samedi 5 octobre notre soci\u00e9taire <a href=\"https:\/\/www.facebook.com\/benoit.thierry.942?__cft__[0]=AZVxIXIGcmoUhgy3JJf_dOMr-DhGSLV6GfmySWMsPqH0uErrSoNbI_BFr-ZfFZ4jTEMqECLc2ydARlBfv0qJ9-ZidWWbRrpClkbv1_DZSA9Vm6O43-NkU0o__M_QSyxZ7SrHTBwAHifbhb-u8sHGIC7TuvsLDLRlHXrTaFyy4kxdnA&amp;__tn__=-]K-R\">Beno\u00eet Thierry<\/a> a pris le d\u00e9part en Rolling start  sur le Bayman au Mont saint Michel. <\/p>\n\n\n\n<p>Il termine les 38.km de natation, 180km de v\u00e9lo et 42.195 km de course \u00e0 pied en 11:50:19, ce qui le classe 58e sur 149.<\/p>\n\n\n\n<p><\/p>\n\n\n\n<p>Un grand bravo \u00e0 toi et bonne r\u00e9cup\u00e9ration.<\/p>\n\n\n\n<figure class=\"wp-block-gallery columns-3 is-cropped\"><ul data-carousel-extra='{\"blog_id\":1,\"permalink\":\"https:\\\/\\\/www.montceautriathlon.com\\\/blog\\\/2024\\\/12\\\/04\\\/5-octobre-benoit-au-mont-saint-michel\\\/\"}' class=\"blocks-gallery-grid\"><li class=\"blocks-gallery-item\"><figure><a href=\"https:\/\/www.montceautriathlon.com\/blog\/wp-content\/uploads\/2024\/12\/MSM2-712x1024.jpg\"><img data-attachment-id=\"7177\" data-permalink=\"https:\/\/www.montceautriathlon.com\/blog\/2024\/12\/04\/5-octobre-benoit-au-mont-saint-michel\/msm2\/\" data-orig-file=\"https:\/\/www.montceautriathlon.com\/blog\/wp-content\/uploads\/2024\/12\/MSM2.jpg\" data-orig-size=\"1179,1695\" data-comments-opened=\"1\" data-image-meta=\"{&quot;aperture&quot;:&quot;0&quot;,&quot;credit&quot;:&quot;&quot;,&quot;camera&quot;:&quot;&quot;,&quot;caption&quot;:&quot;&quot;,&quot;created_timestamp&quot;:&quot;0&quot;,&quot;copyright&quot;:&quot;&quot;,&quot;focal_length&quot;:&quot;0&quot;,&quot;iso&quot;:&quot;0&quot;,&quot;shutter_speed&quot;:&quot;0&quot;,&quot;title&quot;:&quot;&quot;,&quot;orientation&quot;:&quot;0&quot;}\" data-image-title=\"MSM2\" data-image-description=\"\" data-image-caption=\"\" data-medium-file=\"https:\/\/www.montceautriathlon.com\/blog\/wp-content\/uploads\/2024\/12\/MSM2-209x300.jpg\" data-large-file=\"https:\/\/www.montceautriathlon.com\/blog\/wp-content\/uploads\/2024\/12\/MSM2-712x1024.jpg\" loading=\"lazy\" width=\"712\" height=\"1024\" src=\"https:\/\/www.montceautriathlon.com\/blog\/wp-content\/uploads\/2024\/12\/MSM2-712x1024.jpg\" alt=\"\" data-id=\"7177\" data-link=\"https:\/\/www.montceautriathlon.com\/blog\/?attachment_id=7177\" class=\"wp-image-7177\" srcset=\"https:\/\/www.montceautriathlon.com\/blog\/wp-content\/uploads\/2024\/12\/MSM2-712x1024.jpg 712w, https:\/\/www.montceautriathlon.com\/blog\/wp-content\/uploads\/2024\/12\/MSM2-209x300.jpg 209w, https:\/\/www.montceautriathlon.com\/blog\/wp-content\/uploads\/2024\/12\/MSM2-768x1104.jpg 768w, https:\/\/www.montceautriathlon.com\/blog\/wp-content\/uploads\/2024\/12\/MSM2-1068x1536.jpg 1068w, https:\/\/www.montceautriathlon.com\/blog\/wp-content\/uploads\/2024\/12\/MSM2.jpg 1179w\" sizes=\"(max-width: 712px) 100vw, 712px\" \/><\/a><\/figure><\/li><li class=\"blocks-gallery-item\"><figure><a href=\"https:\/\/www.montceautriathlon.com\/blog\/wp-content\/uploads\/2024\/12\/MSM-473x1024.jpg\"><img data-attachment-id=\"7178\" data-permalink=\"https:\/\/www.montceautriathlon.com\/blog\/2024\/12\/04\/5-octobre-benoit-au-mont-saint-michel\/msm\/\" data-orig-file=\"https:\/\/www.montceautriathlon.com\/blog\/wp-content\/uploads\/2024\/12\/MSM.jpg\" data-orig-size=\"945,2048\" data-comments-opened=\"1\" data-image-meta=\"{&quot;aperture&quot;:&quot;0&quot;,&quot;credit&quot;:&quot;&quot;,&quot;camera&quot;:&quot;&quot;,&quot;caption&quot;:&quot;&quot;,&quot;created_timestamp&quot;:&quot;0&quot;,&quot;copyright&quot;:&quot;&quot;,&quot;focal_length&quot;:&quot;0&quot;,&quot;iso&quot;:&quot;0&quot;,&quot;shutter_speed&quot;:&quot;0&quot;,&quot;title&quot;:&quot;&quot;,&quot;orientation&quot;:&quot;0&quot;}\" data-image-title=\"MSM\" data-image-description=\"\" data-image-caption=\"\" data-medium-file=\"https:\/\/www.montceautriathlon.com\/blog\/wp-content\/uploads\/2024\/12\/MSM-138x300.jpg\" data-large-file=\"https:\/\/www.montceautriathlon.com\/blog\/wp-content\/uploads\/2024\/12\/MSM-473x1024.jpg\" loading=\"lazy\" width=\"473\" height=\"1024\" src=\"https:\/\/www.montceautriathlon.com\/blog\/wp-content\/uploads\/2024\/12\/MSM-473x1024.jpg\" alt=\"\" data-id=\"7178\" data-link=\"https:\/\/www.montceautriathlon.com\/blog\/?attachment_id=7178\" class=\"wp-image-7178\" srcset=\"https:\/\/www.montceautriathlon.com\/blog\/wp-content\/uploads\/2024\/12\/MSM-473x1024.jpg 473w, https:\/\/www.montceautriathlon.com\/blog\/wp-content\/uploads\/2024\/12\/MSM-138x300.jpg 138w, https:\/\/www.montceautriathlon.com\/blog\/wp-content\/uploads\/2024\/12\/MSM-768x1664.jpg 768w, https:\/\/www.montceautriathlon.com\/blog\/wp-content\/uploads\/2024\/12\/MSM-709x1536.jpg 709w, https:\/\/www.montceautriathlon.com\/blog\/wp-content\/uploads\/2024\/12\/MSM.jpg 945w\" sizes=\"(max-width: 473px) 100vw, 473px\" \/><\/a><\/figure><\/li><li class=\"blocks-gallery-item\"><figure><a href=\"https:\/\/www.montceautriathlon.com\/blog\/wp-content\/uploads\/2024\/12\/IMG-20241005-WA00061-461x1024.jpg\"><img data-attachment-id=\"7179\" data-permalink=\"https:\/\/www.montceautriathlon.com\/blog\/2024\/12\/04\/5-octobre-benoit-au-mont-saint-michel\/img-20241005-wa00061\/\" data-orig-file=\"https:\/\/www.montceautriathlon.com\/blog\/wp-content\/uploads\/2024\/12\/IMG-20241005-WA00061.jpg\" data-orig-size=\"908,2016\" data-comments-opened=\"1\" data-image-meta=\"{&quot;aperture&quot;:&quot;0&quot;,&quot;credit&quot;:&quot;&quot;,&quot;camera&quot;:&quot;&quot;,&quot;caption&quot;:&quot;&quot;,&quot;created_timestamp&quot;:&quot;0&quot;,&quot;copyright&quot;:&quot;&quot;,&quot;focal_length&quot;:&quot;0&quot;,&quot;iso&quot;:&quot;0&quot;,&quot;shutter_speed&quot;:&quot;0&quot;,&quot;title&quot;:&quot;&quot;,&quot;orientation&quot;:&quot;0&quot;}\" data-image-title=\"IMG-20241005-WA00061\" data-image-description=\"\" data-image-caption=\"\" data-medium-file=\"https:\/\/www.montceautriathlon.com\/blog\/wp-content\/uploads\/2024\/12\/IMG-20241005-WA00061-135x300.jpg\" data-large-file=\"https:\/\/www.montceautriathlon.com\/blog\/wp-content\/uploads\/2024\/12\/IMG-20241005-WA00061-461x1024.jpg\" loading=\"lazy\" width=\"461\" height=\"1024\" src=\"https:\/\/www.montceautriathlon.com\/blog\/wp-content\/uploads\/2024\/12\/IMG-20241005-WA00061-461x1024.jpg\" alt=\"\" data-id=\"7179\" data-link=\"https:\/\/www.montceautriathlon.com\/blog\/?attachment_id=7179\" class=\"wp-image-7179\" srcset=\"https:\/\/www.montceautriathlon.com\/blog\/wp-content\/uploads\/2024\/12\/IMG-20241005-WA00061-461x1024.jpg 461w, https:\/\/www.montceautriathlon.com\/blog\/wp-content\/uploads\/2024\/12\/IMG-20241005-WA00061-135x300.jpg 135w, https:\/\/www.montceautriathlon.com\/blog\/wp-content\/uploads\/2024\/12\/IMG-20241005-WA00061-768x1705.jpg 768w, https:\/\/www.montceautriathlon.com\/blog\/wp-content\/uploads\/2024\/12\/IMG-20241005-WA00061-692x1536.jpg 692w, https:\/\/www.montceautriathlon.com\/blog\/wp-content\/uploads\/2024\/12\/IMG-20241005-WA00061.jpg 908w\" sizes=\"(max-width: 461px) 100vw, 461px\" \/><\/a><\/figure><\/li><li class=\"blocks-gallery-item\"><figure><a href=\"https:\/\/www.montceautriathlon.com\/blog\/wp-content\/uploads\/2024\/12\/IMG-20241005-WA0001-461x1024.jpg\"><img data-attachment-id=\"7181\" data-permalink=\"https:\/\/www.montceautriathlon.com\/blog\/2024\/12\/04\/5-octobre-benoit-au-mont-saint-michel\/img-20241005-wa0001\/\" data-orig-file=\"https:\/\/www.montceautriathlon.com\/blog\/wp-content\/uploads\/2024\/12\/IMG-20241005-WA0001.jpg\" data-orig-size=\"900,2000\" data-comments-opened=\"1\" data-image-meta=\"{&quot;aperture&quot;:&quot;0&quot;,&quot;credit&quot;:&quot;&quot;,&quot;camera&quot;:&quot;&quot;,&quot;caption&quot;:&quot;&quot;,&quot;created_timestamp&quot;:&quot;0&quot;,&quot;copyright&quot;:&quot;&quot;,&quot;focal_length&quot;:&quot;0&quot;,&quot;iso&quot;:&quot;0&quot;,&quot;shutter_speed&quot;:&quot;0&quot;,&quot;title&quot;:&quot;&quot;,&quot;orientation&quot;:&quot;0&quot;}\" data-image-title=\"IMG-20241005-WA0001\" data-image-description=\"\" data-image-caption=\"\" data-medium-file=\"https:\/\/www.montceautriathlon.com\/blog\/wp-content\/uploads\/2024\/12\/IMG-20241005-WA0001-135x300.jpg\" data-large-file=\"https:\/\/www.montceautriathlon.com\/blog\/wp-content\/uploads\/2024\/12\/IMG-20241005-WA0001-461x1024.jpg\" loading=\"lazy\" width=\"461\" height=\"1024\" src=\"https:\/\/www.montceautriathlon.com\/blog\/wp-content\/uploads\/2024\/12\/IMG-20241005-WA0001-461x1024.jpg\" alt=\"\" data-id=\"7181\" data-link=\"https:\/\/www.montceautriathlon.com\/blog\/?attachment_id=7181\" class=\"wp-image-7181\" srcset=\"https:\/\/www.montceautriathlon.com\/blog\/wp-content\/uploads\/2024\/12\/IMG-20241005-WA0001-461x1024.jpg 461w, https:\/\/www.montceautriathlon.com\/blog\/wp-content\/uploads\/2024\/12\/IMG-20241005-WA0001-135x300.jpg 135w, https:\/\/www.montceautriathlon.com\/blog\/wp-content\/uploads\/2024\/12\/IMG-20241005-WA0001-768x1707.jpg 768w, https:\/\/www.montceautriathlon.com\/blog\/wp-content\/uploads\/2024\/12\/IMG-20241005-WA0001-691x1536.jpg 691w, https:\/\/www.montceautriathlon.com\/blog\/wp-content\/uploads\/2024\/12\/IMG-20241005-WA0001.jpg 900w\" sizes=\"(max-width: 461px) 100vw, 461px\" \/><\/a><\/figure><\/li><li class=\"blocks-gallery-item\"><figure><a href=\"https:\/\/www.montceautriathlon.com\/blog\/wp-content\/uploads\/2024\/12\/IMG-20241005-WA0016-780x1024.jpg\"><img data-attachment-id=\"7182\" data-permalink=\"https:\/\/www.montceautriathlon.com\/blog\/2024\/12\/04\/5-octobre-benoit-au-mont-saint-michel\/img-20241005-wa0016\/\" data-orig-file=\"https:\/\/www.montceautriathlon.com\/blog\/wp-content\/uploads\/2024\/12\/IMG-20241005-WA0016.jpg\" data-orig-size=\"1153,1513\" data-comments-opened=\"1\" data-image-meta=\"{&quot;aperture&quot;:&quot;0&quot;,&quot;credit&quot;:&quot;&quot;,&quot;camera&quot;:&quot;&quot;,&quot;caption&quot;:&quot;&quot;,&quot;created_timestamp&quot;:&quot;0&quot;,&quot;copyright&quot;:&quot;&quot;,&quot;focal_length&quot;:&quot;0&quot;,&quot;iso&quot;:&quot;0&quot;,&quot;shutter_speed&quot;:&quot;0&quot;,&quot;title&quot;:&quot;&quot;,&quot;orientation&quot;:&quot;0&quot;}\" data-image-title=\"IMG-20241005-WA0016\" data-image-description=\"\" data-image-caption=\"\" data-medium-file=\"https:\/\/www.montceautriathlon.com\/blog\/wp-content\/uploads\/2024\/12\/IMG-20241005-WA0016-229x300.jpg\" data-large-file=\"https:\/\/www.montceautriathlon.com\/blog\/wp-content\/uploads\/2024\/12\/IMG-20241005-WA0016-780x1024.jpg\" loading=\"lazy\" width=\"780\" height=\"1024\" src=\"https:\/\/www.montceautriathlon.com\/blog\/wp-content\/uploads\/2024\/12\/IMG-20241005-WA0016-780x1024.jpg\" alt=\"\" data-id=\"7182\" data-link=\"https:\/\/www.montceautriathlon.com\/blog\/?attachment_id=7182\" class=\"wp-image-7182\" srcset=\"https:\/\/www.montceautriathlon.com\/blog\/wp-content\/uploads\/2024\/12\/IMG-20241005-WA0016-780x1024.jpg 780w, https:\/\/www.montceautriathlon.com\/blog\/wp-content\/uploads\/2024\/12\/IMG-20241005-WA0016-229x300.jpg 229w, https:\/\/www.montceautriathlon.com\/blog\/wp-content\/uploads\/2024\/12\/IMG-20241005-WA0016-768x1008.jpg 768w, https:\/\/www.montceautriathlon.com\/blog\/wp-content\/uploads\/2024\/12\/IMG-20241005-WA0016.jpg 1153w\" sizes=\"(max-width: 780px) 100vw, 780px\" \/><\/a><\/figure><\/li><li class=\"blocks-gallery-item\"><figure><a href=\"https:\/\/www.montceautriathlon.com\/blog\/wp-content\/uploads\/2024\/12\/IMG-20241005-WA0018.jpg\"><img data-attachment-id=\"7183\" data-permalink=\"https:\/\/www.montceautriathlon.com\/blog\/2024\/12\/04\/5-octobre-benoit-au-mont-saint-michel\/img-20241005-wa0018\/\" data-orig-file=\"https:\/\/www.montceautriathlon.com\/blog\/wp-content\/uploads\/2024\/12\/IMG-20241005-WA0018.jpg\" data-orig-size=\"1297,1663\" data-comments-opened=\"1\" data-image-meta=\"{&quot;aperture&quot;:&quot;0&quot;,&quot;credit&quot;:&quot;&quot;,&quot;camera&quot;:&quot;&quot;,&quot;caption&quot;:&quot;&quot;,&quot;created_timestamp&quot;:&quot;0&quot;,&quot;copyright&quot;:&quot;&quot;,&quot;focal_length&quot;:&quot;0&quot;,&quot;iso&quot;:&quot;0&quot;,&quot;shutter_speed&quot;:&quot;0&quot;,&quot;title&quot;:&quot;&quot;,&quot;orientation&quot;:&quot;0&quot;}\" data-image-title=\"IMG-20241005-WA0018\" data-image-description=\"\" data-image-caption=\"\" data-medium-file=\"https:\/\/www.montceautriathlon.com\/blog\/wp-content\/uploads\/2024\/12\/IMG-20241005-WA0018-234x300.jpg\" data-large-file=\"https:\/\/www.montceautriathlon.com\/blog\/wp-content\/uploads\/2024\/12\/IMG-20241005-WA0018-799x1024.jpg\" loading=\"lazy\" width=\"799\" height=\"1024\" src=\"https:\/\/www.montceautriathlon.com\/blog\/wp-content\/uploads\/2024\/12\/IMG-20241005-WA0018-799x1024.jpg\" alt=\"\" data-id=\"7183\" data-full-url=\"https:\/\/www.montceautriathlon.com\/blog\/wp-content\/uploads\/2024\/12\/IMG-20241005-WA0018.jpg\" data-link=\"https:\/\/www.montceautriathlon.com\/blog\/?attachment_id=7183\" class=\"wp-image-7183\" srcset=\"https:\/\/www.montceautriathlon.com\/blog\/wp-content\/uploads\/2024\/12\/IMG-20241005-WA0018-799x1024.jpg 799w, https:\/\/www.montceautriathlon.com\/blog\/wp-content\/uploads\/2024\/12\/IMG-20241005-WA0018-234x300.jpg 234w, https:\/\/www.montceautriathlon.com\/blog\/wp-content\/uploads\/2024\/12\/IMG-20241005-WA0018-768x985.jpg 768w, https:\/\/www.montceautriathlon.com\/blog\/wp-content\/uploads\/2024\/12\/IMG-20241005-WA0018-1198x1536.jpg 1198w, https:\/\/www.montceautriathlon.com\/blog\/wp-content\/uploads\/2024\/12\/IMG-20241005-WA0018.jpg 1297w\" sizes=\"(max-width: 799px) 100vw, 799px\" \/><\/a><\/figure><\/li><\/ul><\/figure>\n","protected":false},"excerpt":{"rendered":"<p>Le samedi 5 octobre notre soci\u00e9taire Beno\u00eet Thierry a pris le d\u00e9part en Rolling start sur le Bayman au Mont saint Michel. Il termine les 38.km de natation, 180km de v\u00e9lo et 42.195 km de course \u00e0 pied en 11:50:19, ce qui le classe 58e sur 149. Un grand bravo \u00e0 toi et bonne r\u00e9cup\u00e9ration.<\/p>\n","protected":false},"author":7,"featured_media":7178,"comment_status":"open","ping_status":"open","sticky":false,"template":"","format":"standard","meta":{"spay_email":"","jetpack_publicize_message":"","jetpack_is_tweetstorm":false},"categories":[1],"tags":[],"jetpack_featured_media_url":"https:\/\/www.montceautriathlon.com\/blog\/wp-content\/uploads\/2024\/12\/MSM.jpg","jetpack_publicize_connections":[],"jetpack_sharing_enabled":true,"jetpack_shortlink":"https:\/\/wp.me\/p8bwIy-1RK","jetpack-related-posts":[{"id":7160,"url":"https:\/\/www.montceautriathlon.com\/blog\/2024\/12\/04\/les-triathletes-courent\/","url_meta":{"origin":7176,"position":0},"title":"Les triathl\u00e8tes courent&#8230;","date":"4 d\u00e9cembre 2024","format":false,"excerpt":"La saison des triathlons touche \u00e0 sa fin. Les triathl\u00e8tes montcelliens se retrouvent donc sur d'autres manifestations. Ils marchent...ils courent... En octobre et novembre, les montcelliens ont particip\u00e9s: Octobre Rose: des triathl\u00e8tes f\u00e9minines se sont retrouv\u00e9es \u00e0 Blanzy le 6 octobre pour participer \u00e0 la randonn\u00e9e propos\u00e9e par la ville\u2026","rel":"","context":"Dans &quot;Non class\u00e9&quot;","img":{"alt_text":"","src":"https:\/\/i0.wp.com\/www.montceautriathlon.com\/blog\/wp-content\/uploads\/2024\/12\/octobre-rose.jpg?resize=350%2C200&ssl=1","width":350,"height":200},"classes":[]},{"id":7033,"url":"https:\/\/www.montceautriathlon.com\/blog\/2024\/09\/17\/triathlon-de-gerardmer\/","url_meta":{"origin":7176,"position":1},"title":"Triathlon de Gerardmer","date":"17 septembre 2024","format":false,"excerpt":"Dans une ambiance folle , l\u2019\u00e9preuve XL s\u2019est d\u00e9roul\u00e9e en terrain Vosgien avec sur la start list 6 de nos athl\u00e8tes , tous pr\u00eats \u00e0 relever le d\u00e9fi Mission r\u00e9ussi car les 6 soldats du jour sont tous finishers de cette superbe \u00e9preuve , aussi exigeante que dingue ! Benoit\u2026","rel":"","context":"Dans &quot;Non class\u00e9&quot;","img":{"alt_text":"","src":"https:\/\/i1.wp.com\/www.montceautriathlon.com\/blog\/wp-content\/uploads\/2024\/09\/458794548_1188013298906059_7843769885833819135_n.jpg?resize=350%2C200&ssl=1","width":350,"height":200},"classes":[]},{"id":448,"url":"https:\/\/www.montceautriathlon.com\/blog\/2016\/05\/18\/resultats-des-foulees-de-blanzy-du-trail-du-mont-saint-vincent-8-mai-2016\/","url_meta":{"origin":7176,"position":2},"title":"R\u00e9sultats des foul\u00e9es de Blanzy &#038; du Trail du Mont Saint Vincent (8 mai 2016)","date":"18 mai 2016","format":false,"excerpt":"Le dimanche 8 Mai 2016 , l'AS Michelin organisait : La 11\u00e8me \u00c9dition des Foul\u00e9es de Blanzy avec : - le 10 km ( nouveau parcours ) - une course enfants ( la \"KID Race\" , n\u00e9s entre 2003 et 2009) La 1\u00e8re Edition du Trail du Mont St Vincent\u2026","rel":"","context":"Dans &quot;Non class\u00e9&quot;","img":{"alt_text":"","src":"https:\/\/i1.wp.com\/www.montceautriathlon.com\/blog\/wp-content\/uploads\/2016\/05\/photo_trail_MontSaintVincent.jpg?resize=350%2C200&ssl=1","width":350,"height":200},"classes":[]},{"id":8226,"url":"https:\/\/www.montceautriathlon.com\/blog\/2025\/09\/28\/t24-mont-blanc-passy\/","url_meta":{"origin":7176,"position":3},"title":"T24 Mont Blanc Passy","date":"28 septembre 2025","format":false,"excerpt":"Une grande d\u00e9l\u00e9gation montcellienne s'est retrouv\u00e9e au pied du Mont Blanc pour cette \u00e9preuve de 24h. Le T 24 Mont Blanc Passy 2025 est un triathlon dont l'objectif est de r\u00e9aliser la plus grande distance possible en 4h de natation, 12h de v\u00e9lo et enfin 8h de course \u00e0 pied.\u2026","rel":"","context":"Dans &quot;Non class\u00e9&quot;","img":{"alt_text":"","src":"https:\/\/i2.wp.com\/www.montceautriathlon.com\/blog\/wp-content\/uploads\/2025\/09\/4483978213654323508.jpg?resize=350%2C200&ssl=1","width":350,"height":200},"classes":[]},{"id":1899,"url":"https:\/\/www.montceautriathlon.com\/blog\/2018\/04\/24\/22-trail-du-mont-avril\/","url_meta":{"origin":7176,"position":4},"title":"22 ! Trail du Mont Avril.","date":"24 avril 2018","format":false,"excerpt":"Belle performance de Pascal Vaury sur le 27 Km. 14\u00e8me au scratch sur 118 class\u00e9s en 2h30'24\". 5\u00e8me VEM et 2\u00e8me VE2M . Joli classement \u00e9galement pour Cyrille B\u00e9rardan, 28\u00e8me en 2h39'58\" et 13\u00e8me SEM ! Bravo \u00e0 eux deux !","rel":"","context":"Dans &quot;Non class\u00e9&quot;","img":{"alt_text":"","src":"","width":0,"height":0},"classes":[]},{"id":8675,"url":"https:\/\/www.montceautriathlon.com\/blog\/2026\/03\/18\/7-et-8-mars-montceau-triathlon-sur-tous-les-fronts\/","url_meta":{"origin":7176,"position":5},"title":"7 et 8 mars: Montceau Triathlon sur tous les fronts","date":"18 mars 2026","format":false,"excerpt":"Ce week end de mars, les triathl\u00e8tes de Montceau \u00e9taient sur tous les fronts: le Trail des 3 Chateaux, le duathlon de Genlis et la Course des lacs de Sanvignes. Le samedi 7, plusieurs triathl\u00e8tes se sont align\u00e9s sur les diff\u00e9rentes distances du Trail des 3 Chateaux. Sur le 15\u2026","rel":"","context":"Dans &quot;Non class\u00e9&quot;","img":{"alt_text":"","src":"https:\/\/i1.wp.com\/www.montceautriathlon.com\/blog\/wp-content\/uploads\/2026\/03\/649475710_18335741212301262_2741201008037167742_n.jpg?resize=350%2C200&ssl=1","width":350,"height":200},"classes":[]}],"_links":{"self":[{"href":"https:\/\/www.montceautriathlon.com\/blog\/wp-json\/wp\/v2\/posts\/7176"}],"collection":[{"href":"https:\/\/www.montceautriathlon.com\/blog\/wp-json\/wp\/v2\/posts"}],"about":[{"href":"https:\/\/www.montceautriathlon.com\/blog\/wp-json\/wp\/v2\/types\/post"}],"author":[{"embeddable":true,"href":"https:\/\/www.montceautriathlon.com\/blog\/wp-json\/wp\/v2\/users\/7"}],"replies":[{"embeddable":true,"href":"https:\/\/www.montceautriathlon.com\/blog\/wp-json\/wp\/v2\/comments?post=7176"}],"version-history":[{"count":1,"href":"https:\/\/www.montceautriathlon.com\/blog\/wp-json\/wp\/v2\/posts\/7176\/revisions"}],"predecessor-version":[{"id":7184,"href":"https:\/\/www.montceautriathlon.com\/blog\/wp-json\/wp\/v2\/posts\/7176\/revisions\/7184"}],"wp:featuredmedia":[{"embeddable":true,"href":"https:\/\/www.montceautriathlon.com\/blog\/wp-json\/wp\/v2\/media\/7178"}],"wp:attachment":[{"href":"https:\/\/www.montceautriathlon.com\/blog\/wp-json\/wp\/v2\/media?parent=7176"}],"wp:term":[{"taxonomy":"category","embeddable":true,"href":"https:\/\/www.montceautriathlon.com\/blog\/wp-json\/wp\/v2\/categories?post=7176"},{"taxonomy":"post_tag","embeddable":true,"href":"https:\/\/www.montceautriathlon.com\/blog\/wp-json\/wp\/v2\/tags?post=7176"}],"curies":[{"name":"wp","href":"https:\/\/api.w.org\/{rel}","templated":true}]}}