{"id":7160,"date":"2024-12-04T15:33:01","date_gmt":"2024-12-04T14:33:01","guid":{"rendered":"https:\/\/www.montceautriathlon.com\/blog\/?p=7160"},"modified":"2024-12-04T15:33:04","modified_gmt":"2024-12-04T14:33:04","slug":"les-triathletes-courent","status":"publish","type":"post","link":"https:\/\/www.montceautriathlon.com\/blog\/2024\/12\/04\/les-triathletes-courent\/","title":{"rendered":"Les triathl\u00e8tes courent&#8230;"},"content":{"rendered":"\n<p>La saison des triathlons touche \u00e0 sa fin. Les triathl\u00e8tes montcelliens se retrouvent donc sur d&rsquo;autres manifestations. Ils marchent&#8230;ils courent&#8230;<\/p>\n\n\n\n<p>En octobre et novembre, les montcelliens ont particip\u00e9s:<\/p>\n\n\n\n<p>   <em>Octobre Rose<\/em>: des triathl\u00e8tes f\u00e9minines se sont retrouv\u00e9es \u00e0 Blanzy le 6 octobre pour participer \u00e0 la randonn\u00e9e propos\u00e9e par la ville de Blanzy<\/p>\n\n\n\n<p>   <em>Marathon des Grands Crus:<\/em> Jean Christophe Bernigaud, pour un premier marathon termine en 3h35&rsquo;20, ce qui le place 26e de sa cat\u00e9gorie et 162e au scratch.<\/p>\n\n\n\n<p>   <em>Cyclathlon des Bizots<\/em>: Ce dimanche 6 octobre, certains triathl\u00e8tes \u00e9taient au Byzots: Les Laurents Magnien de Beausoleil terminent respectivement \u00e0 la 2e et 4e place en individuel, Thomas Okrezik termeine avec son partenaire  au pied du podium, Charline Berthier est 3e en \u00e9quipe mixte et Laurent Boyer est 6e en \u00e9quipe masculine.<\/p>\n\n\n\n<p>   <em>Semi marathon Marseille Cassis<\/em>. Le dimanche 27 octobre, 6 montcelliens se sont retrouv\u00e9s pour cette course mythique reliant Marseille \u00e0 Cassis:<\/p>\n\n\n\n<p>Laurent Magnien (1h21&rsquo;29), Jean Luc Bonnetain (1h22&rsquo;59), C\u00e9line De Sousa (1h56&rsquo;31), Camille Bonnetain (1h59&rsquo;20), Irene Vulin (2h33&rsquo;29) et Isabelle Vaury (2h41)<\/p>\n\n\n\n<p>   <em>Randonn\u00e9e des Chataignes:<\/em> ce dimanche 27 octobre, sous un beau soleil,  nous \u00e9tions nombreux \u00e0 repr\u00e9senter les couleurs de Montceau triathlon sur cette randonn\u00e9e des Chataignes, en vtt, en cap ou en randonn\u00e9e.<\/p>\n\n\n\n<p>   <em>Trail D&rsquo;Aluze<\/em>: Comme tous les 31 octobre, des coureurs montcelliens se retrouvent pour le trail nocturne d&rsquo;Aluze.<\/p>\n\n\n\n<p>Delphine Tonnin termine le 1.2km en 1h19 (39e au scratch). Sur le 16.2 km, ont particip\u00e9 Fr\u00e9d\u00e9ric Ghesqui\u00e8re (1h42, 83e au scratch), Benoit Thierry (1h42, 84e au scratch) et Sandrine Ghesqui\u00e8re (1h43, 8e f\u00e9minine sur 23)<\/p>\n\n\n\n<p>   <em>Marathon Nice Cannes<\/em>: pour le 1r week end de novembre, Marjolaine Dangeul a parcouru les 42.195 km de l&rsquo;\u00e9preuve reine de la course \u00e0 pied en 4h01&rsquo;07, ce qui la classe 312e de sa cat\u00e9gorie sur 968 participantes.<\/p>\n\n\n\n<p>   <em>Trail des Cuisses <\/em>(9 novembre) : Nos triathl\u00e8tes ont chauss\u00e9s leurs baskets de trail et mis leurs frontales pour s&rsquo;\u00e9lancer sur le trail des Cuisses au d\u00e9part d&rsquo;Ecuisses.<\/p>\n\n\n\n<p>Sur le 11km, nous retrouvons Mickael Boyer (1h10, ce qui le place 9e de sa cat\u00e9gorie), Elodie Pistoia &lsquo;1h11, 14e f\u00e9minine et 3e de sa cat\u00e9gorie), David Michel en 1h14 prend la 5e place chez les master 4, et qui combinait l&rsquo;\u00e9preuve duo avec Emeline sa fille qui sur le 16 km fini en 1h48 les classant 13e duo.<\/p>\n\n\n\n<p>Sur le 16km: Fr\u00e9d\u00e9ric Ghesqui\u00e8re fini en 1h26&rsquo;39 (5e master 3), Sandrine Marchand est 2e f\u00e9minine en 1h26&rsquo;41 (1e master 3), Sandrine Ghesqui\u00e8re termine en 1h29&rsquo;39 (1e de sa cat\u00e9gorie d&rsquo;age), Joel Francois en 1h35 (3e de sa cat\u00e9gorie).<\/p>\n\n\n\n<p>   Pendant que certains \u00e9taient au bike and run de Dole ce dernier week end de novembre, Jean Luc Bonnetain et Kathleen Bathiard se retrouvaient dans le Beaujolais pour son mythique <em>Marathon du Beaujolais<\/em>. Ils terminent respectivement en 3h22&rsquo;47 lui offrant une victoire dans sa cat\u00e9gorie d&rsquo;age et en 5h08&rsquo;35 (80e de sa cat\u00e9gorie). Laurent Magnien a quant \u00e0 lui pris la direction de la Ni\u00e8vre  pour le <em>Marathon de Nevers<\/em> dont le d\u00e9part se fait sur le circuit de Magny Cours. Il le termine en 3h12&rsquo;06 (5e master 2 et 28e toutes cat\u00e9gories confondues).<\/p>\n\n\n\n<figure class=\"wp-block-gallery columns-3 is-cropped\"><ul data-carousel-extra='{\"blog_id\":1,\"permalink\":\"https:\\\/\\\/www.montceautriathlon.com\\\/blog\\\/2024\\\/12\\\/04\\\/les-triathletes-courent\\\/\"}' class=\"blocks-gallery-grid\"><li class=\"blocks-gallery-item\"><figure><a href=\"https:\/\/www.montceautriathlon.com\/blog\/wp-content\/uploads\/2024\/12\/IMG-20241027-WA0015-1024x768.jpg\"><img data-attachment-id=\"7165\" data-permalink=\"https:\/\/www.montceautriathlon.com\/blog\/2024\/12\/04\/les-triathletes-courent\/img-20241027-wa0015\/\" data-orig-file=\"https:\/\/www.montceautriathlon.com\/blog\/wp-content\/uploads\/2024\/12\/IMG-20241027-WA0015.jpg\" data-orig-size=\"1600,1200\" data-comments-opened=\"1\" data-image-meta=\"{&quot;aperture&quot;:&quot;0&quot;,&quot;credit&quot;:&quot;&quot;,&quot;camera&quot;:&quot;&quot;,&quot;caption&quot;:&quot;&quot;,&quot;created_timestamp&quot;:&quot;0&quot;,&quot;copyright&quot;:&quot;&quot;,&quot;focal_length&quot;:&quot;0&quot;,&quot;iso&quot;:&quot;0&quot;,&quot;shutter_speed&quot;:&quot;0&quot;,&quot;title&quot;:&quot;&quot;,&quot;orientation&quot;:&quot;0&quot;}\" data-image-title=\"IMG-20241027-WA0015\" data-image-description=\"\" data-image-caption=\"\" data-medium-file=\"https:\/\/www.montceautriathlon.com\/blog\/wp-content\/uploads\/2024\/12\/IMG-20241027-WA0015-300x225.jpg\" data-large-file=\"https:\/\/www.montceautriathlon.com\/blog\/wp-content\/uploads\/2024\/12\/IMG-20241027-WA0015-1024x768.jpg\" loading=\"lazy\" width=\"1024\" height=\"768\" src=\"https:\/\/www.montceautriathlon.com\/blog\/wp-content\/uploads\/2024\/12\/IMG-20241027-WA0015-1024x768.jpg\" alt=\"\" data-id=\"7165\" data-link=\"https:\/\/www.montceautriathlon.com\/blog\/?attachment_id=7165\" class=\"wp-image-7165\" srcset=\"https:\/\/www.montceautriathlon.com\/blog\/wp-content\/uploads\/2024\/12\/IMG-20241027-WA0015-1024x768.jpg 1024w, https:\/\/www.montceautriathlon.com\/blog\/wp-content\/uploads\/2024\/12\/IMG-20241027-WA0015-300x225.jpg 300w, https:\/\/www.montceautriathlon.com\/blog\/wp-content\/uploads\/2024\/12\/IMG-20241027-WA0015-768x576.jpg 768w, https:\/\/www.montceautriathlon.com\/blog\/wp-content\/uploads\/2024\/12\/IMG-20241027-WA0015-1536x1152.jpg 1536w, https:\/\/www.montceautriathlon.com\/blog\/wp-content\/uploads\/2024\/12\/IMG-20241027-WA0015.jpg 1600w\" sizes=\"(max-width: 1024px) 100vw, 1024px\" \/><\/a><\/figure><\/li><li class=\"blocks-gallery-item\"><figure><a href=\"https:\/\/www.montceautriathlon.com\/blog\/wp-content\/uploads\/2024\/12\/IMG-20241027-WA0014-576x1024.jpg\"><img data-attachment-id=\"7167\" data-permalink=\"https:\/\/www.montceautriathlon.com\/blog\/2024\/12\/04\/les-triathletes-courent\/img-20241027-wa0014\/\" data-orig-file=\"https:\/\/www.montceautriathlon.com\/blog\/wp-content\/uploads\/2024\/12\/IMG-20241027-WA0014.jpg\" data-orig-size=\"900,1600\" data-comments-opened=\"1\" data-image-meta=\"{&quot;aperture&quot;:&quot;0&quot;,&quot;credit&quot;:&quot;&quot;,&quot;camera&quot;:&quot;&quot;,&quot;caption&quot;:&quot;&quot;,&quot;created_timestamp&quot;:&quot;0&quot;,&quot;copyright&quot;:&quot;&quot;,&quot;focal_length&quot;:&quot;0&quot;,&quot;iso&quot;:&quot;0&quot;,&quot;shutter_speed&quot;:&quot;0&quot;,&quot;title&quot;:&quot;&quot;,&quot;orientation&quot;:&quot;0&quot;}\" data-image-title=\"IMG-20241027-WA0014\" data-image-description=\"\" data-image-caption=\"\" data-medium-file=\"https:\/\/www.montceautriathlon.com\/blog\/wp-content\/uploads\/2024\/12\/IMG-20241027-WA0014-169x300.jpg\" data-large-file=\"https:\/\/www.montceautriathlon.com\/blog\/wp-content\/uploads\/2024\/12\/IMG-20241027-WA0014-576x1024.jpg\" loading=\"lazy\" width=\"576\" height=\"1024\" src=\"https:\/\/www.montceautriathlon.com\/blog\/wp-content\/uploads\/2024\/12\/IMG-20241027-WA0014-576x1024.jpg\" alt=\"\" data-id=\"7167\" data-link=\"https:\/\/www.montceautriathlon.com\/blog\/?attachment_id=7167\" class=\"wp-image-7167\" srcset=\"https:\/\/www.montceautriathlon.com\/blog\/wp-content\/uploads\/2024\/12\/IMG-20241027-WA0014-576x1024.jpg 576w, https:\/\/www.montceautriathlon.com\/blog\/wp-content\/uploads\/2024\/12\/IMG-20241027-WA0014-169x300.jpg 169w, https:\/\/www.montceautriathlon.com\/blog\/wp-content\/uploads\/2024\/12\/IMG-20241027-WA0014-768x1365.jpg 768w, https:\/\/www.montceautriathlon.com\/blog\/wp-content\/uploads\/2024\/12\/IMG-20241027-WA0014-864x1536.jpg 864w, https:\/\/www.montceautriathlon.com\/blog\/wp-content\/uploads\/2024\/12\/IMG-20241027-WA0014.jpg 900w\" sizes=\"(max-width: 576px) 100vw, 576px\" \/><\/a><\/figure><\/li><li class=\"blocks-gallery-item\"><figure><a href=\"https:\/\/www.montceautriathlon.com\/blog\/wp-content\/uploads\/2024\/12\/IMG-20241124-WA0000-472x1024.jpg\"><img data-attachment-id=\"7168\" data-permalink=\"https:\/\/www.montceautriathlon.com\/blog\/2024\/12\/04\/les-triathletes-courent\/img-20241124-wa0000\/\" data-orig-file=\"https:\/\/www.montceautriathlon.com\/blog\/wp-content\/uploads\/2024\/12\/IMG-20241124-WA0000.jpg\" data-orig-size=\"922,2000\" data-comments-opened=\"1\" data-image-meta=\"{&quot;aperture&quot;:&quot;0&quot;,&quot;credit&quot;:&quot;&quot;,&quot;camera&quot;:&quot;&quot;,&quot;caption&quot;:&quot;&quot;,&quot;created_timestamp&quot;:&quot;0&quot;,&quot;copyright&quot;:&quot;&quot;,&quot;focal_length&quot;:&quot;0&quot;,&quot;iso&quot;:&quot;0&quot;,&quot;shutter_speed&quot;:&quot;0&quot;,&quot;title&quot;:&quot;&quot;,&quot;orientation&quot;:&quot;0&quot;}\" data-image-title=\"IMG-20241124-WA0000\" data-image-description=\"\" data-image-caption=\"\" data-medium-file=\"https:\/\/www.montceautriathlon.com\/blog\/wp-content\/uploads\/2024\/12\/IMG-20241124-WA0000-138x300.jpg\" data-large-file=\"https:\/\/www.montceautriathlon.com\/blog\/wp-content\/uploads\/2024\/12\/IMG-20241124-WA0000-472x1024.jpg\" loading=\"lazy\" width=\"472\" height=\"1024\" src=\"https:\/\/www.montceautriathlon.com\/blog\/wp-content\/uploads\/2024\/12\/IMG-20241124-WA0000-472x1024.jpg\" alt=\"\" data-id=\"7168\" data-link=\"https:\/\/www.montceautriathlon.com\/blog\/?attachment_id=7168\" class=\"wp-image-7168\" srcset=\"https:\/\/www.montceautriathlon.com\/blog\/wp-content\/uploads\/2024\/12\/IMG-20241124-WA0000-472x1024.jpg 472w, https:\/\/www.montceautriathlon.com\/blog\/wp-content\/uploads\/2024\/12\/IMG-20241124-WA0000-138x300.jpg 138w, https:\/\/www.montceautriathlon.com\/blog\/wp-content\/uploads\/2024\/12\/IMG-20241124-WA0000-768x1666.jpg 768w, https:\/\/www.montceautriathlon.com\/blog\/wp-content\/uploads\/2024\/12\/IMG-20241124-WA0000-708x1536.jpg 708w, https:\/\/www.montceautriathlon.com\/blog\/wp-content\/uploads\/2024\/12\/IMG-20241124-WA0000.jpg 922w\" sizes=\"(max-width: 472px) 100vw, 472px\" \/><\/a><\/figure><\/li><li class=\"blocks-gallery-item\"><figure><a href=\"https:\/\/www.montceautriathlon.com\/blog\/wp-content\/uploads\/2024\/12\/aluze-1024x490.jpg\"><img data-attachment-id=\"7172\" data-permalink=\"https:\/\/www.montceautriathlon.com\/blog\/2024\/12\/04\/les-triathletes-courent\/aluze-3\/\" data-orig-file=\"https:\/\/www.montceautriathlon.com\/blog\/wp-content\/uploads\/2024\/12\/aluze.jpg\" data-orig-size=\"1060,507\" data-comments-opened=\"1\" data-image-meta=\"{&quot;aperture&quot;:&quot;0&quot;,&quot;credit&quot;:&quot;&quot;,&quot;camera&quot;:&quot;&quot;,&quot;caption&quot;:&quot;&quot;,&quot;created_timestamp&quot;:&quot;0&quot;,&quot;copyright&quot;:&quot;&quot;,&quot;focal_length&quot;:&quot;0&quot;,&quot;iso&quot;:&quot;0&quot;,&quot;shutter_speed&quot;:&quot;0&quot;,&quot;title&quot;:&quot;&quot;,&quot;orientation&quot;:&quot;0&quot;}\" data-image-title=\"aluze\" data-image-description=\"\" data-image-caption=\"\" data-medium-file=\"https:\/\/www.montceautriathlon.com\/blog\/wp-content\/uploads\/2024\/12\/aluze-300x143.jpg\" data-large-file=\"https:\/\/www.montceautriathlon.com\/blog\/wp-content\/uploads\/2024\/12\/aluze-1024x490.jpg\" loading=\"lazy\" width=\"1024\" height=\"490\" src=\"https:\/\/www.montceautriathlon.com\/blog\/wp-content\/uploads\/2024\/12\/aluze-1024x490.jpg\" alt=\"\" data-id=\"7172\" data-link=\"https:\/\/www.montceautriathlon.com\/blog\/?attachment_id=7172\" class=\"wp-image-7172\" srcset=\"https:\/\/www.montceautriathlon.com\/blog\/wp-content\/uploads\/2024\/12\/aluze-1024x490.jpg 1024w, https:\/\/www.montceautriathlon.com\/blog\/wp-content\/uploads\/2024\/12\/aluze-300x143.jpg 300w, https:\/\/www.montceautriathlon.com\/blog\/wp-content\/uploads\/2024\/12\/aluze-768x367.jpg 768w, https:\/\/www.montceautriathlon.com\/blog\/wp-content\/uploads\/2024\/12\/aluze.jpg 1060w\" sizes=\"(max-width: 1024px) 100vw, 1024px\" \/><\/a><\/figure><\/li><li class=\"blocks-gallery-item\"><figure><a href=\"https:\/\/www.montceautriathlon.com\/blog\/wp-content\/uploads\/2024\/12\/octobre-rose-1024x472.jpg\"><img data-attachment-id=\"7173\" data-permalink=\"https:\/\/www.montceautriathlon.com\/blog\/2024\/12\/04\/les-triathletes-courent\/octobre-rose\/\" data-orig-file=\"https:\/\/www.montceautriathlon.com\/blog\/wp-content\/uploads\/2024\/12\/octobre-rose.jpg\" data-orig-size=\"2000,922\" data-comments-opened=\"1\" data-image-meta=\"{&quot;aperture&quot;:&quot;0&quot;,&quot;credit&quot;:&quot;&quot;,&quot;camera&quot;:&quot;&quot;,&quot;caption&quot;:&quot;&quot;,&quot;created_timestamp&quot;:&quot;0&quot;,&quot;copyright&quot;:&quot;&quot;,&quot;focal_length&quot;:&quot;0&quot;,&quot;iso&quot;:&quot;0&quot;,&quot;shutter_speed&quot;:&quot;0&quot;,&quot;title&quot;:&quot;&quot;,&quot;orientation&quot;:&quot;0&quot;}\" data-image-title=\"octobre-rose\" data-image-description=\"\" data-image-caption=\"\" data-medium-file=\"https:\/\/www.montceautriathlon.com\/blog\/wp-content\/uploads\/2024\/12\/octobre-rose-300x138.jpg\" data-large-file=\"https:\/\/www.montceautriathlon.com\/blog\/wp-content\/uploads\/2024\/12\/octobre-rose-1024x472.jpg\" loading=\"lazy\" width=\"1024\" height=\"472\" src=\"https:\/\/www.montceautriathlon.com\/blog\/wp-content\/uploads\/2024\/12\/octobre-rose-1024x472.jpg\" alt=\"\" data-id=\"7173\" data-link=\"https:\/\/www.montceautriathlon.com\/blog\/?attachment_id=7173\" class=\"wp-image-7173\" srcset=\"https:\/\/www.montceautriathlon.com\/blog\/wp-content\/uploads\/2024\/12\/octobre-rose-1024x472.jpg 1024w, https:\/\/www.montceautriathlon.com\/blog\/wp-content\/uploads\/2024\/12\/octobre-rose-300x138.jpg 300w, https:\/\/www.montceautriathlon.com\/blog\/wp-content\/uploads\/2024\/12\/octobre-rose-768x354.jpg 768w, https:\/\/www.montceautriathlon.com\/blog\/wp-content\/uploads\/2024\/12\/octobre-rose-1536x708.jpg 1536w, https:\/\/www.montceautriathlon.com\/blog\/wp-content\/uploads\/2024\/12\/octobre-rose.jpg 2000w\" sizes=\"(max-width: 1024px) 100vw, 1024px\" \/><\/a><\/figure><\/li><li class=\"blocks-gallery-item\"><figure><a href=\"https:\/\/www.montceautriathlon.com\/blog\/wp-content\/uploads\/2024\/12\/nice-cannes.jpg\"><img data-attachment-id=\"7174\" data-permalink=\"https:\/\/www.montceautriathlon.com\/blog\/2024\/12\/04\/les-triathletes-courent\/nice-cannes\/\" data-orig-file=\"https:\/\/www.montceautriathlon.com\/blog\/wp-content\/uploads\/2024\/12\/nice-cannes.jpg\" data-orig-size=\"1037,774\" data-comments-opened=\"1\" data-image-meta=\"{&quot;aperture&quot;:&quot;0&quot;,&quot;credit&quot;:&quot;&quot;,&quot;camera&quot;:&quot;&quot;,&quot;caption&quot;:&quot;&quot;,&quot;created_timestamp&quot;:&quot;0&quot;,&quot;copyright&quot;:&quot;&quot;,&quot;focal_length&quot;:&quot;0&quot;,&quot;iso&quot;:&quot;0&quot;,&quot;shutter_speed&quot;:&quot;0&quot;,&quot;title&quot;:&quot;&quot;,&quot;orientation&quot;:&quot;0&quot;}\" data-image-title=\"nice-cannes\" data-image-description=\"\" data-image-caption=\"\" data-medium-file=\"https:\/\/www.montceautriathlon.com\/blog\/wp-content\/uploads\/2024\/12\/nice-cannes-300x224.jpg\" data-large-file=\"https:\/\/www.montceautriathlon.com\/blog\/wp-content\/uploads\/2024\/12\/nice-cannes-1024x764.jpg\" loading=\"lazy\" width=\"1024\" height=\"764\" src=\"https:\/\/www.montceautriathlon.com\/blog\/wp-content\/uploads\/2024\/12\/nice-cannes-1024x764.jpg\" alt=\"\" data-id=\"7174\" data-full-url=\"https:\/\/www.montceautriathlon.com\/blog\/wp-content\/uploads\/2024\/12\/nice-cannes.jpg\" data-link=\"https:\/\/www.montceautriathlon.com\/blog\/?attachment_id=7174\" class=\"wp-image-7174\" srcset=\"https:\/\/www.montceautriathlon.com\/blog\/wp-content\/uploads\/2024\/12\/nice-cannes-1024x764.jpg 1024w, https:\/\/www.montceautriathlon.com\/blog\/wp-content\/uploads\/2024\/12\/nice-cannes-300x224.jpg 300w, https:\/\/www.montceautriathlon.com\/blog\/wp-content\/uploads\/2024\/12\/nice-cannes-768x573.jpg 768w, https:\/\/www.montceautriathlon.com\/blog\/wp-content\/uploads\/2024\/12\/nice-cannes.jpg 1037w\" sizes=\"(max-width: 1024px) 100vw, 1024px\" \/><\/a><\/figure><\/li><\/ul><\/figure>\n\n\n\n<p><\/p>\n","protected":false},"excerpt":{"rendered":"<p>La saison des triathlons touche \u00e0 sa fin. Les triathl\u00e8tes montcelliens se retrouvent donc sur d&rsquo;autres manifestations. Ils marchent&#8230;ils courent&#8230; En octobre et novembre, les montcelliens ont particip\u00e9s: Octobre Rose: des triathl\u00e8tes f\u00e9minines se sont retrouv\u00e9es \u00e0 Blanzy le 6 octobre pour participer \u00e0 la randonn\u00e9e propos\u00e9e par la ville de Blanzy Marathon des Grands [&hellip;]<\/p>\n","protected":false},"author":7,"featured_media":7173,"comment_status":"open","ping_status":"open","sticky":false,"template":"","format":"standard","meta":{"spay_email":"","jetpack_publicize_message":"","jetpack_is_tweetstorm":false},"categories":[1],"tags":[],"jetpack_featured_media_url":"https:\/\/www.montceautriathlon.com\/blog\/wp-content\/uploads\/2024\/12\/octobre-rose.jpg","jetpack_publicize_connections":[],"jetpack_sharing_enabled":true,"jetpack_shortlink":"https:\/\/wp.me\/p8bwIy-1Ru","jetpack-related-posts":[{"id":8485,"url":"https:\/\/www.montceautriathlon.com\/blog\/2025\/11\/24\/les-triathletes-courent-3\/","url_meta":{"origin":7160,"position":0},"title":"Les triathl\u00e8tes courent&#8230;","date":"24 novembre 2025","format":false,"excerpt":"Les triathl\u00e8tes montcelliens mettent les baskets et parcourent des distances plus ou moins longues, dans des r\u00e9gions vari\u00e9es. Le mardi 11 Novembre, Charline Berthier s'est d\u00e9plac\u00e9e \u00e0 Arnay le Ducs pour leur cross d\u00e9couverte. Charline termine \u00e0 la 5e place chez les f\u00e9minines en 7:28. Elle ses classe 44e au\u2026","rel":"","context":"Dans &quot;Non class\u00e9&quot;","img":{"alt_text":"","src":"https:\/\/i1.wp.com\/www.montceautriathlon.com\/blog\/wp-content\/uploads\/2025\/11\/583351153_1510814899959229_8259623273459348883_n.jpg?resize=350%2C200&ssl=1","width":350,"height":200},"classes":[]},{"id":7463,"url":"https:\/\/www.montceautriathlon.com\/blog\/2025\/05\/04\/les-triathletes-courent-2\/","url_meta":{"origin":7160,"position":1},"title":"Les triathl\u00e8tes courent&#8230;.","date":"4 mai 2025","format":false,"excerpt":"Plusieurs triathl\u00e8tes montcelliens se sont retrouv\u00e9s sur les diff\u00e9rentes \u00e9preuves du Marathon des Vins de la C\u00f4te Chalonnaise. Sur le marathon, Cyrille B\u00e9rardan fini cette course en 3h14'01 en 41e position du g\u00e9n\u00e9ral et 5e\/133 Master 2. Jean Christophe Bernigaud le suit en 3h22'10 (70e et top 10 des master1).\u2026","rel":"","context":"Dans &quot;Non class\u00e9&quot;","img":{"alt_text":"","src":"https:\/\/i0.wp.com\/www.montceautriathlon.com\/blog\/wp-content\/uploads\/2025\/05\/marathon-vins.jpg?resize=350%2C200&ssl=1","width":350,"height":200},"classes":[]},{"id":7785,"url":"https:\/\/www.montceautriathlon.com\/blog\/2025\/06\/01\/week-end-de-lascension-les-triathletes-montcelliens-courent\/","url_meta":{"origin":7160,"position":2},"title":"Week end de l&rsquo;ascension: les triathl\u00e8tes montcelliens courent","date":"1 juin 2025","format":false,"excerpt":"Les familles Rondier et Vinck se sont retrouv\u00e9es ce jeudi de l'ascension \u00e0 Chatenoy pour les foul\u00e9es du parc. Sur les courses jeunes, Louis Vinck termine 1r et est suivi \u00e0 la 3e place par Eliott Rondier. Sur la 2e course, Jules Vinck a la m\u00e9daille en chocolat (4e). Sur\u2026","rel":"","context":"Dans &quot;Non class\u00e9&quot;","img":{"alt_text":"","src":"https:\/\/i0.wp.com\/www.montceautriathlon.com\/blog\/wp-content\/uploads\/2025\/06\/IMG-20250530-WA0006.jpg?resize=350%2C200&ssl=1","width":350,"height":200},"classes":[]},{"id":1983,"url":"https:\/\/www.montceautriathlon.com\/blog\/2018\/06\/06\/week-end-du-2-et-3-juin\/","url_meta":{"origin":7160,"position":3},"title":"week-end du 2 et 3 juin","date":"6 juin 2018","format":false,"excerpt":"Week-end omnisport au programme avec des triathl\u00e8tes sur tous les fronts : du triathlon,\u00a0 du\u00a0 Raid \u00e0 Autun(rien \u00e0 voir avec le GIGN) et une 4\u00e8me place en mixte pour Sammy Marc et Catherine Mauro , de la course p\u00e9destre \u00e0 Paray et du swimrun\u00a0 \u00e0 Montrevel ! Certains de\u2026","rel":"","context":"Dans &quot;Non class\u00e9&quot;","img":{"alt_text":"","src":"","width":0,"height":0},"classes":[]},{"id":8303,"url":"https:\/\/www.montceautriathlon.com\/blog\/2025\/10\/20\/premier-week-end-doctobre-utmj-run-in-lyon-triathlon-carqueiranne\/","url_meta":{"origin":7160,"position":4},"title":"Premier week end d&rsquo;Octobre: UTMJ, Run in Lyon, Triathlon Carqueiranne, cyclathlon des Bizots","date":"20 octobre 2025","format":false,"excerpt":"Samedi 4 octobre, 2 triathl\u00e8tes montcelliens ont d\u00e9fi\u00e9 le mauvais temps dans les montagnes du Jura. Sandrine Ghesqui\u00e8re s'est engag\u00e9e sur le 105km de l'ultra trail des montagnes du Jura. Apr\u00e8s un changement de parcours \u00e0 la derni\u00e8re minute \u00e0 cause de conditions trop dangereuses, , Sandrine boucle les 90km\u2026","rel":"","context":"Dans &quot;Non class\u00e9&quot;","img":{"alt_text":"","src":"https:\/\/i2.wp.com\/www.montceautriathlon.com\/blog\/wp-content\/uploads\/2025\/10\/557642104_1475656513475068_5211544675592258598_n.jpg?resize=350%2C200&ssl=1","width":350,"height":200},"classes":[]},{"id":7750,"url":"https:\/\/www.montceautriathlon.com\/blog\/2025\/05\/25\/24-25-mai-les-triathletes-montcelliens-sur-tous-les-fronts\/","url_meta":{"origin":7160,"position":5},"title":"24\/25 mai: les triathl\u00e8tes montcelliens sur tous les fronts (1\/2)","date":"25 mai 2025","format":false,"excerpt":"Ce week end, il \u00e9tait possible de voir les triathl\u00e8tes montcelliens dans diverses courses de triathlon, swim run, cyclo, trail. Le club de Dijon Triathlon organisait son traditionnel triathlon. Le samedi, David Michel a \u00e9t\u00e9 le premier \u00e0 se jeter dans une eau plutot frisquette (15\u00b0) pour parcourir les 1500m\u2026","rel":"","context":"Dans &quot;Non class\u00e9&quot;","img":{"alt_text":"","src":"https:\/\/i1.wp.com\/www.montceautriathlon.com\/blog\/wp-content\/uploads\/2025\/05\/IMG-20250525-WA0012.jpg?resize=350%2C200&ssl=1","width":350,"height":200},"classes":[]}],"_links":{"self":[{"href":"https:\/\/www.montceautriathlon.com\/blog\/wp-json\/wp\/v2\/posts\/7160"}],"collection":[{"href":"https:\/\/www.montceautriathlon.com\/blog\/wp-json\/wp\/v2\/posts"}],"about":[{"href":"https:\/\/www.montceautriathlon.com\/blog\/wp-json\/wp\/v2\/types\/post"}],"author":[{"embeddable":true,"href":"https:\/\/www.montceautriathlon.com\/blog\/wp-json\/wp\/v2\/users\/7"}],"replies":[{"embeddable":true,"href":"https:\/\/www.montceautriathlon.com\/blog\/wp-json\/wp\/v2\/comments?post=7160"}],"version-history":[{"count":4,"href":"https:\/\/www.montceautriathlon.com\/blog\/wp-json\/wp\/v2\/posts\/7160\/revisions"}],"predecessor-version":[{"id":7175,"href":"https:\/\/www.montceautriathlon.com\/blog\/wp-json\/wp\/v2\/posts\/7160\/revisions\/7175"}],"wp:featuredmedia":[{"embeddable":true,"href":"https:\/\/www.montceautriathlon.com\/blog\/wp-json\/wp\/v2\/media\/7173"}],"wp:attachment":[{"href":"https:\/\/www.montceautriathlon.com\/blog\/wp-json\/wp\/v2\/media?parent=7160"}],"wp:term":[{"taxonomy":"category","embeddable":true,"href":"https:\/\/www.montceautriathlon.com\/blog\/wp-json\/wp\/v2\/categories?post=7160"},{"taxonomy":"post_tag","embeddable":true,"href":"https:\/\/www.montceautriathlon.com\/blog\/wp-json\/wp\/v2\/tags?post=7160"}],"curies":[{"name":"wp","href":"https:\/\/api.w.org\/{rel}","templated":true}]}}