{"id":7151,"date":"2024-12-04T15:28:14","date_gmt":"2024-12-04T14:28:14","guid":{"rendered":"https:\/\/www.montceautriathlon.com\/blog\/?p=7151"},"modified":"2024-12-04T15:28:17","modified_gmt":"2024-12-04T14:28:17","slug":"10-novembre-2024-bike-and-run-de-beaune","status":"publish","type":"post","link":"https:\/\/www.montceautriathlon.com\/blog\/2024\/12\/04\/10-novembre-2024-bike-and-run-de-beaune\/","title":{"rendered":"10 novembre 2024: bike and run de Beaune"},"content":{"rendered":"\n<p>Rougeot Beaune Triathlon organisait ce week end leur bike and run des Etangs d&rsquo;Or.<\/p>\n\n\n\n<p>Les montcelliens ont fait le d\u00e9placement:<\/p>\n\n\n\n<p>Course jeune 1: les fr\u00e8res Jules et Louis Vinck montent sur la 2e marche du podium (2e \u00e9quipe masculine et 4e \u00e9quipe au scratch)<\/p>\n\n\n\n<p>Course jeune 2: Titouan Rondier avec sa cousine non licenci\u00e9e Z\u00e9lie terminent 3e au scratch et 2e \u00e9quipe mixte. Axelle Da Eira et Sarah Thierry sont 22e au scratch et 4e \u00e9quipe f\u00e9minine. Le 2e binome f\u00e9minin Rachel dugne et Chlo\u00e9 Herrero termine 43e au scratch et 12e \u00e9quipe f\u00e9minine.<\/p>\n\n\n\n<p>Course xs: C\u00e9lian Schaffer et Eliott Lhote monte sur la 2e marche du podium en cadet\/junior (7e au scratch en 47&rsquo;47. En master Benoit Thierry et Arnaud Rondier sont 14e au scratch, 12e \u00e9quipe masculine et 51&rsquo;08. Puis viennent Simon Devoille et Marine Da Eira en 52&rsquo;36 (23e au scratch) et Delphine Tonnin et Cyrille B\u00e9rardan en 52&rsquo;42 (24e au scratch). Chez les f\u00e9minines, Emma Dufour et Jeanne Rondier sont 32e au scratch et 5e f\u00e9minine, et pr\u00e9c\u00e8dent Zo\u00e9 Da Eira et El\u00e9a B\u00e9rardan (59e au scratch et 11e f\u00e9minine) et Catherine Piter et Sophie Rousseau (60e au scratch et 12e f\u00e9minine)<\/p>\n\n\n\n<figure class=\"wp-block-gallery columns-3 is-cropped\"><ul data-carousel-extra='{\"blog_id\":1,\"permalink\":\"https:\\\/\\\/www.montceautriathlon.com\\\/blog\\\/2024\\\/12\\\/04\\\/10-novembre-2024-bike-and-run-de-beaune\\\/\"}' class=\"blocks-gallery-grid\"><li class=\"blocks-gallery-item\"><figure><a href=\"https:\/\/www.montceautriathlon.com\/blog\/wp-content\/uploads\/2024\/12\/beaune-1024x750.jpg\"><img data-attachment-id=\"7185\" data-permalink=\"https:\/\/www.montceautriathlon.com\/blog\/2024\/12\/04\/10-novembre-2024-bike-and-run-de-beaune\/beaune\/\" data-orig-file=\"https:\/\/www.montceautriathlon.com\/blog\/wp-content\/uploads\/2024\/12\/beaune.jpg\" data-orig-size=\"1179,864\" data-comments-opened=\"1\" data-image-meta=\"{&quot;aperture&quot;:&quot;0&quot;,&quot;credit&quot;:&quot;&quot;,&quot;camera&quot;:&quot;&quot;,&quot;caption&quot;:&quot;&quot;,&quot;created_timestamp&quot;:&quot;0&quot;,&quot;copyright&quot;:&quot;&quot;,&quot;focal_length&quot;:&quot;0&quot;,&quot;iso&quot;:&quot;0&quot;,&quot;shutter_speed&quot;:&quot;0&quot;,&quot;title&quot;:&quot;&quot;,&quot;orientation&quot;:&quot;0&quot;}\" data-image-title=\"beaune\" data-image-description=\"\" data-image-caption=\"\" data-medium-file=\"https:\/\/www.montceautriathlon.com\/blog\/wp-content\/uploads\/2024\/12\/beaune-300x220.jpg\" data-large-file=\"https:\/\/www.montceautriathlon.com\/blog\/wp-content\/uploads\/2024\/12\/beaune-1024x750.jpg\" loading=\"lazy\" width=\"1024\" height=\"750\" src=\"https:\/\/www.montceautriathlon.com\/blog\/wp-content\/uploads\/2024\/12\/beaune-1024x750.jpg\" alt=\"\" data-id=\"7185\" data-link=\"https:\/\/www.montceautriathlon.com\/blog\/?attachment_id=7185\" class=\"wp-image-7185\" srcset=\"https:\/\/www.montceautriathlon.com\/blog\/wp-content\/uploads\/2024\/12\/beaune-1024x750.jpg 1024w, https:\/\/www.montceautriathlon.com\/blog\/wp-content\/uploads\/2024\/12\/beaune-300x220.jpg 300w, https:\/\/www.montceautriathlon.com\/blog\/wp-content\/uploads\/2024\/12\/beaune-768x563.jpg 768w, https:\/\/www.montceautriathlon.com\/blog\/wp-content\/uploads\/2024\/12\/beaune.jpg 1179w\" sizes=\"(max-width: 1024px) 100vw, 1024px\" \/><\/a><\/figure><\/li><li class=\"blocks-gallery-item\"><figure><a href=\"https:\/\/www.montceautriathlon.com\/blog\/wp-content\/uploads\/2024\/12\/beaune2-473x1024.jpg\"><img data-attachment-id=\"7186\" data-permalink=\"https:\/\/www.montceautriathlon.com\/blog\/2024\/12\/04\/10-novembre-2024-bike-and-run-de-beaune\/beaune2\/\" data-orig-file=\"https:\/\/www.montceautriathlon.com\/blog\/wp-content\/uploads\/2024\/12\/beaune2.jpg\" data-orig-size=\"739,1600\" data-comments-opened=\"1\" data-image-meta=\"{&quot;aperture&quot;:&quot;0&quot;,&quot;credit&quot;:&quot;&quot;,&quot;camera&quot;:&quot;&quot;,&quot;caption&quot;:&quot;&quot;,&quot;created_timestamp&quot;:&quot;0&quot;,&quot;copyright&quot;:&quot;&quot;,&quot;focal_length&quot;:&quot;0&quot;,&quot;iso&quot;:&quot;0&quot;,&quot;shutter_speed&quot;:&quot;0&quot;,&quot;title&quot;:&quot;&quot;,&quot;orientation&quot;:&quot;0&quot;}\" data-image-title=\"beaune2\" data-image-description=\"\" data-image-caption=\"\" data-medium-file=\"https:\/\/www.montceautriathlon.com\/blog\/wp-content\/uploads\/2024\/12\/beaune2-139x300.jpg\" data-large-file=\"https:\/\/www.montceautriathlon.com\/blog\/wp-content\/uploads\/2024\/12\/beaune2-473x1024.jpg\" loading=\"lazy\" width=\"473\" height=\"1024\" src=\"https:\/\/www.montceautriathlon.com\/blog\/wp-content\/uploads\/2024\/12\/beaune2-473x1024.jpg\" alt=\"\" data-id=\"7186\" data-link=\"https:\/\/www.montceautriathlon.com\/blog\/?attachment_id=7186\" class=\"wp-image-7186\" srcset=\"https:\/\/www.montceautriathlon.com\/blog\/wp-content\/uploads\/2024\/12\/beaune2-473x1024.jpg 473w, https:\/\/www.montceautriathlon.com\/blog\/wp-content\/uploads\/2024\/12\/beaune2-139x300.jpg 139w, https:\/\/www.montceautriathlon.com\/blog\/wp-content\/uploads\/2024\/12\/beaune2-709x1536.jpg 709w, https:\/\/www.montceautriathlon.com\/blog\/wp-content\/uploads\/2024\/12\/beaune2.jpg 739w\" sizes=\"(max-width: 473px) 100vw, 473px\" \/><\/a><\/figure><\/li><li class=\"blocks-gallery-item\"><figure><a href=\"https:\/\/www.montceautriathlon.com\/blog\/wp-content\/uploads\/2024\/12\/beaune3.jpg\"><img data-attachment-id=\"7187\" data-permalink=\"https:\/\/www.montceautriathlon.com\/blog\/2024\/12\/04\/10-novembre-2024-bike-and-run-de-beaune\/beaune3\/\" data-orig-file=\"https:\/\/www.montceautriathlon.com\/blog\/wp-content\/uploads\/2024\/12\/beaune3.jpg\" data-orig-size=\"1536,2048\" data-comments-opened=\"1\" data-image-meta=\"{&quot;aperture&quot;:&quot;0&quot;,&quot;credit&quot;:&quot;&quot;,&quot;camera&quot;:&quot;&quot;,&quot;caption&quot;:&quot;&quot;,&quot;created_timestamp&quot;:&quot;0&quot;,&quot;copyright&quot;:&quot;&quot;,&quot;focal_length&quot;:&quot;0&quot;,&quot;iso&quot;:&quot;0&quot;,&quot;shutter_speed&quot;:&quot;0&quot;,&quot;title&quot;:&quot;&quot;,&quot;orientation&quot;:&quot;0&quot;}\" data-image-title=\"beaune3\" data-image-description=\"\" data-image-caption=\"\" data-medium-file=\"https:\/\/www.montceautriathlon.com\/blog\/wp-content\/uploads\/2024\/12\/beaune3-225x300.jpg\" data-large-file=\"https:\/\/www.montceautriathlon.com\/blog\/wp-content\/uploads\/2024\/12\/beaune3-768x1024.jpg\" loading=\"lazy\" width=\"768\" height=\"1024\" src=\"https:\/\/www.montceautriathlon.com\/blog\/wp-content\/uploads\/2024\/12\/beaune3-768x1024.jpg\" alt=\"\" data-id=\"7187\" data-full-url=\"https:\/\/www.montceautriathlon.com\/blog\/wp-content\/uploads\/2024\/12\/beaune3.jpg\" data-link=\"https:\/\/www.montceautriathlon.com\/blog\/?attachment_id=7187\" class=\"wp-image-7187\" srcset=\"https:\/\/www.montceautriathlon.com\/blog\/wp-content\/uploads\/2024\/12\/beaune3-768x1024.jpg 768w, https:\/\/www.montceautriathlon.com\/blog\/wp-content\/uploads\/2024\/12\/beaune3-225x300.jpg 225w, https:\/\/www.montceautriathlon.com\/blog\/wp-content\/uploads\/2024\/12\/beaune3-1152x1536.jpg 1152w, https:\/\/www.montceautriathlon.com\/blog\/wp-content\/uploads\/2024\/12\/beaune3.jpg 1536w\" sizes=\"(max-width: 768px) 100vw, 768px\" \/><\/a><\/figure><\/li><\/ul><\/figure>\n","protected":false},"excerpt":{"rendered":"<p>Rougeot Beaune Triathlon organisait ce week end leur bike and run des Etangs d&rsquo;Or. Les montcelliens ont fait le d\u00e9placement: Course jeune 1: les fr\u00e8res Jules et Louis Vinck montent sur la 2e marche du podium (2e \u00e9quipe masculine et 4e \u00e9quipe au scratch) Course jeune 2: Titouan Rondier avec sa cousine non licenci\u00e9e Z\u00e9lie [&hellip;]<\/p>\n","protected":false},"author":7,"featured_media":7185,"comment_status":"open","ping_status":"open","sticky":false,"template":"","format":"standard","meta":{"spay_email":"","jetpack_publicize_message":"","jetpack_is_tweetstorm":false},"categories":[1],"tags":[],"jetpack_featured_media_url":"https:\/\/www.montceautriathlon.com\/blog\/wp-content\/uploads\/2024\/12\/beaune.jpg","jetpack_publicize_connections":[],"jetpack_sharing_enabled":true,"jetpack_shortlink":"https:\/\/wp.me\/p8bwIy-1Rl","jetpack-related-posts":[{"id":6967,"url":"https:\/\/www.montceautriathlon.com\/blog\/2024\/07\/16\/triathlon-autun-2\/","url_meta":{"origin":7151,"position":0},"title":"Triathlon Autun","date":"16 juillet 2024","format":false,"excerpt":"Les triathl\u00e8tes montcelliens \u00e9taient pr\u00e9sents surtoutes les \u00e9preuves du triathlon d'Autun le dimanche 23 juin. Voici les r\u00e9sultats: Course 6\/8 ans: Tiana Magnien monte sur la 3e marche du podium en poussine (5e au scratch) et Eliott Rondier sur la 2e marche en poussin (6e au scratch). Course 9\/11 ans:\u2026","rel":"","context":"Dans &quot;Non class\u00e9&quot;","img":{"alt_text":"","src":"https:\/\/i0.wp.com\/www.montceautriathlon.com\/blog\/wp-content\/uploads\/2024\/07\/448968625_1141027143604675_8033343820953004543_n.jpg?resize=350%2C200&ssl=1","width":350,"height":200},"classes":[]},{"id":7292,"url":"https:\/\/www.montceautriathlon.com\/blog\/2025\/01\/20\/bike-and-run-bourbon-lancy\/","url_meta":{"origin":7151,"position":1},"title":"Bike and run Bourbon Lancy","date":"20 janvier 2025","format":false,"excerpt":"Malgr\u00e9 le froid, les montcelliens se sont d\u00e9plac\u00e9s \u00e0 Bourbon Lancy ce dimanche 19 janvier pour le bike and run organis\u00e9 d'une main de maitre par Yohan et tous les b\u00e9n\u00e9voles du club. Les bin\u00f4mes de jeunes et d'adultes se sont align\u00e9s sur les 3 courses propos\u00e9es. Voici les r\u00e9sultats:\u2026","rel":"","context":"Dans &quot;Non class\u00e9&quot;","img":{"alt_text":"","src":"https:\/\/i1.wp.com\/www.montceautriathlon.com\/blog\/wp-content\/uploads\/2025\/01\/IMG-20250119-WA0004.jpg?resize=350%2C200&ssl=1","width":350,"height":200},"classes":[]},{"id":8458,"url":"https:\/\/www.montceautriathlon.com\/blog\/2025\/11\/10\/09-11-bike-and-run-de-beaune\/","url_meta":{"origin":7151,"position":2},"title":"09\/11: bike and run de Beaune","date":"10 novembre 2025","format":false,"excerpt":"Rougoet Beaune Triathlon a organis\u00e9 son bike and run ce dimanche, sous un beau soleil, aux Etangs d'Or. Une d\u00e9l\u00e9gation montcelienne avait fait le d\u00e9placement. Voici les r\u00e9sultats: Dans la course jeunes 1, Come Pradier et Tim\u00e9o Kleingaertner, pour sa 1e participation, se classent 10e au scratch et 7e \u00e9quipe\u2026","rel":"","context":"Dans &quot;Non class\u00e9&quot;","img":{"alt_text":"","src":"https:\/\/i0.wp.com\/www.montceautriathlon.com\/blog\/wp-content\/uploads\/2025\/11\/IMG_7042.jpg?resize=350%2C200&ssl=1","width":350,"height":200},"classes":[]},{"id":8500,"url":"https:\/\/www.montceautriathlon.com\/blog\/2025\/11\/24\/23-novembre-bike-and-run-de-dole\/","url_meta":{"origin":7151,"position":3},"title":"23 Novembre: Bike and run de Dole","date":"24 novembre 2025","format":false,"excerpt":"Une \u00e9quipe de jeunes a brav\u00e9 le froid du Jura pour participer au bike and run de Dole. Voici les r\u00e9sultats: Course jeunes1: Louis Vinck et Eliott Rondier terminent 12e au scratch (10e \u00e9quipe masculine) et Come Pradier et Tim\u00e9o Kleingaertner sont 15e au scratch et 12 \u00e9quipe masculine. En\u2026","rel":"","context":"Dans &quot;Non class\u00e9&quot;","img":{"alt_text":"","src":"https:\/\/i0.wp.com\/www.montceautriathlon.com\/blog\/wp-content\/uploads\/2025\/11\/IMG-20251123-WA0017.jpg?resize=350%2C200&ssl=1","width":350,"height":200},"classes":[]},{"id":7273,"url":"https:\/\/www.montceautriathlon.com\/blog\/2025\/01\/12\/bike-and-run-de-chenove-et-corrida-de-buxy\/","url_meta":{"origin":7151,"position":4},"title":"Bike and run  de Chenove et corrida de Buxy","date":"12 janvier 2025","format":false,"excerpt":"Par ce week end tr\u00e8s frais, certains licenci\u00e9s courraient \u00e0 Buxy alors que d'autres \u00e9taient \u00e0 Chenove pour le bike and run. BIKE AND RUN DE CHENOVE C'est sous un beau soleil hivernal que la journ\u00e9e s'est termin\u00e9e. Les jeunes et moins jeunes \u00e9taient pr\u00e9sents \u00e0 Chenove pour le premier\u2026","rel":"","context":"Dans &quot;Non class\u00e9&quot;","img":{"alt_text":"","src":"https:\/\/i0.wp.com\/www.montceautriathlon.com\/blog\/wp-content\/uploads\/2025\/01\/897126307000611409.jpg?resize=350%2C200&ssl=1","width":350,"height":200},"classes":[]},{"id":6486,"url":"https:\/\/www.montceautriathlon.com\/blog\/2023\/11\/26\/bike-and-run-de-dole\/","url_meta":{"origin":7151,"position":5},"title":"Bike and run de Dole","date":"26 novembre 2023","format":false,"excerpt":"Une d\u00e9l\u00e9gation montcellienne s'est d\u00e9plac\u00e9e ce dernier dimanche de novembre chez nos voisins jurassiens de Dole. C'est sous un beau soleil que les diff\u00e9rentes courses se sont d\u00e9roul\u00e9es. Les r\u00e9sultats: Course jeune 1: Come Pradier et Eliott Rondier terminent 19e et 7e \u00e9quipe masculine. Roxanne et Candice, pour leur premier\u2026","rel":"","context":"Dans &quot;Non class\u00e9&quot;","img":{"alt_text":"","src":"https:\/\/i2.wp.com\/www.montceautriathlon.com\/blog\/wp-content\/uploads\/2023\/11\/20231126_124121-scaled.jpg?resize=350%2C200&ssl=1","width":350,"height":200},"classes":[]}],"_links":{"self":[{"href":"https:\/\/www.montceautriathlon.com\/blog\/wp-json\/wp\/v2\/posts\/7151"}],"collection":[{"href":"https:\/\/www.montceautriathlon.com\/blog\/wp-json\/wp\/v2\/posts"}],"about":[{"href":"https:\/\/www.montceautriathlon.com\/blog\/wp-json\/wp\/v2\/types\/post"}],"author":[{"embeddable":true,"href":"https:\/\/www.montceautriathlon.com\/blog\/wp-json\/wp\/v2\/users\/7"}],"replies":[{"embeddable":true,"href":"https:\/\/www.montceautriathlon.com\/blog\/wp-json\/wp\/v2\/comments?post=7151"}],"version-history":[{"count":3,"href":"https:\/\/www.montceautriathlon.com\/blog\/wp-json\/wp\/v2\/posts\/7151\/revisions"}],"predecessor-version":[{"id":7188,"href":"https:\/\/www.montceautriathlon.com\/blog\/wp-json\/wp\/v2\/posts\/7151\/revisions\/7188"}],"wp:featuredmedia":[{"embeddable":true,"href":"https:\/\/www.montceautriathlon.com\/blog\/wp-json\/wp\/v2\/media\/7185"}],"wp:attachment":[{"href":"https:\/\/www.montceautriathlon.com\/blog\/wp-json\/wp\/v2\/media?parent=7151"}],"wp:term":[{"taxonomy":"category","embeddable":true,"href":"https:\/\/www.montceautriathlon.com\/blog\/wp-json\/wp\/v2\/categories?post=7151"},{"taxonomy":"post_tag","embeddable":true,"href":"https:\/\/www.montceautriathlon.com\/blog\/wp-json\/wp\/v2\/tags?post=7151"}],"curies":[{"name":"wp","href":"https:\/\/api.w.org\/{rel}","templated":true}]}}