{"id":7148,"date":"2024-12-04T15:32:06","date_gmt":"2024-12-04T14:32:06","guid":{"rendered":"https:\/\/www.montceautriathlon.com\/blog\/?p=7148"},"modified":"2024-12-08T11:46:50","modified_gmt":"2024-12-08T10:46:50","slug":"stage-jeunes-293031-octobre","status":"publish","type":"post","link":"https:\/\/www.montceautriathlon.com\/blog\/2024\/12\/04\/stage-jeunes-293031-octobre\/","title":{"rendered":"Stage Jeunes: 29,30,31 octobre"},"content":{"rendered":"\n<p>Pendant la Toussaint, les ados de Montceau triathlon ne sont pas en vacances. Un stage de 3 jours leur a \u00e9t\u00e9 organis\u00e9 par leur entraineurs du club.<\/p>\n\n\n\n<p>Au programme:<\/p>\n\n\n\n<p>mardi:  course \u00e0 pied  et jeux collectifs le matin, v\u00e9lo  et natation l&rsquo;apr\u00e8s midi.<\/p>\n\n\n\n<p>mercredi: natation et course \u00e0 pied le matin, enchainement v\u00e9lo\/cap et natation l&rsquo;apr\u00e8s midi<\/p>\n\n\n\n<p>jeudi: natation et course \u00e0 pied le matin, bike and run et jeux \u00e0 la piscine l&rsquo;apr\u00e8s midi.<\/p>\n\n\n\n<p>F\u00e9licitations aux 15 de jeunes pr\u00e9sents et bon week end de repos.<\/p>\n\n\n\n<p>Merci aux encadrants.<\/p>\n\n\n\n<figure class=\"wp-block-gallery columns-1 is-cropped\"><ul data-carousel-extra='{\"blog_id\":1,\"permalink\":\"https:\\\/\\\/www.montceautriathlon.com\\\/blog\\\/2024\\\/12\\\/04\\\/stage-jeunes-293031-octobre\\\/\"}' class=\"blocks-gallery-grid\"><li class=\"blocks-gallery-item\"><figure><a href=\"https:\/\/www.montceautriathlon.com\/blog\/wp-content\/uploads\/2024\/12\/20241031_132718-scaled.jpg\"><img data-attachment-id=\"7149\" data-permalink=\"https:\/\/www.montceautriathlon.com\/blog\/2024\/12\/04\/stage-jeunes-293031-octobre\/20241031_132718\/\" data-orig-file=\"https:\/\/www.montceautriathlon.com\/blog\/wp-content\/uploads\/2024\/12\/20241031_132718-scaled.jpg\" data-orig-size=\"2560,1920\" data-comments-opened=\"1\" data-image-meta=\"{&quot;aperture&quot;:&quot;1.8&quot;,&quot;credit&quot;:&quot;&quot;,&quot;camera&quot;:&quot;SM-A145R&quot;,&quot;caption&quot;:&quot;&quot;,&quot;created_timestamp&quot;:&quot;1730381238&quot;,&quot;copyright&quot;:&quot;&quot;,&quot;focal_length&quot;:&quot;3.98&quot;,&quot;iso&quot;:&quot;100&quot;,&quot;shutter_speed&quot;:&quot;0.005&quot;,&quot;title&quot;:&quot;&quot;,&quot;orientation&quot;:&quot;1&quot;}\" data-image-title=\"20241031_132718\" data-image-description=\"\" data-image-caption=\"\" data-medium-file=\"https:\/\/www.montceautriathlon.com\/blog\/wp-content\/uploads\/2024\/12\/20241031_132718-300x225.jpg\" data-large-file=\"https:\/\/www.montceautriathlon.com\/blog\/wp-content\/uploads\/2024\/12\/20241031_132718-1024x768.jpg\" loading=\"lazy\" width=\"1024\" height=\"768\" src=\"https:\/\/www.montceautriathlon.com\/blog\/wp-content\/uploads\/2024\/12\/20241031_132718-1024x768.jpg\" alt=\"\" data-id=\"7149\" data-full-url=\"https:\/\/www.montceautriathlon.com\/blog\/wp-content\/uploads\/2024\/12\/20241031_132718-scaled.jpg\" data-link=\"https:\/\/www.montceautriathlon.com\/blog\/?attachment_id=7149\" class=\"wp-image-7149\" srcset=\"https:\/\/www.montceautriathlon.com\/blog\/wp-content\/uploads\/2024\/12\/20241031_132718-1024x768.jpg 1024w, https:\/\/www.montceautriathlon.com\/blog\/wp-content\/uploads\/2024\/12\/20241031_132718-300x225.jpg 300w, https:\/\/www.montceautriathlon.com\/blog\/wp-content\/uploads\/2024\/12\/20241031_132718-768x576.jpg 768w, https:\/\/www.montceautriathlon.com\/blog\/wp-content\/uploads\/2024\/12\/20241031_132718-1536x1152.jpg 1536w, https:\/\/www.montceautriathlon.com\/blog\/wp-content\/uploads\/2024\/12\/20241031_132718-2048x1536.jpg 2048w\" sizes=\"(max-width: 1024px) 100vw, 1024px\" \/><\/a><\/figure><\/li><\/ul><\/figure>\n\n\n\n<p><a href=\"https:\/\/www.facebook.com\/share\/v\/17ucJQMp3R\/\">https:\/\/www.facebook.com\/share\/v\/17ucJQMp3R\/<\/a><\/p>\n","protected":false},"excerpt":{"rendered":"<p>Pendant la Toussaint, les ados de Montceau triathlon ne sont pas en vacances. Un stage de 3 jours leur a \u00e9t\u00e9 organis\u00e9 par leur entraineurs du club. Au programme: mardi: course \u00e0 pied et jeux collectifs le matin, v\u00e9lo et natation l&rsquo;apr\u00e8s midi. mercredi: natation et course \u00e0 pied le matin, enchainement v\u00e9lo\/cap et natation [&hellip;]<\/p>\n","protected":false},"author":7,"featured_media":7149,"comment_status":"open","ping_status":"open","sticky":false,"template":"","format":"standard","meta":{"spay_email":"","jetpack_publicize_message":"","jetpack_is_tweetstorm":false},"categories":[1],"tags":[],"jetpack_featured_media_url":"https:\/\/www.montceautriathlon.com\/blog\/wp-content\/uploads\/2024\/12\/20241031_132718-scaled.jpg","jetpack_publicize_connections":[],"jetpack_sharing_enabled":true,"jetpack_shortlink":"https:\/\/wp.me\/p8bwIy-1Ri","jetpack-related-posts":[{"id":742,"url":"https:\/\/www.montceautriathlon.com\/blog\/2016\/07\/08\/tests-de-certification-de-lecole-francaise-de-triathlon-02-juillet-2016\/","url_meta":{"origin":7148,"position":0},"title":"Tests de certification de l&rsquo;\u00e9cole fran\u00e7aise de triathlon (02 juillet 2016)","date":"8 juillet 2016","format":false,"excerpt":"Samedi 02 juillet \u00e0 Autun, une cinquantaine de jeunes de diff\u00e9rents clubs de la ligue (Autun, Dijon, Chenove, Nevers, Le creusot et Montceau) ont pu r\u00e9aliser les tests de certification de l'\u00e9cole fran\u00e7aise de triathlon. 12 Jeunes du club ont particip\u00e9. Les ateliers natation se sont d\u00e9roul\u00e9s le matin dans\u2026","rel":"","context":"Dans &quot;slide show&quot;","img":{"alt_text":"","src":"https:\/\/i2.wp.com\/www.montceautriathlon.com\/blog\/wp-content\/uploads\/2016\/07\/Test_Autun_2016.jpg?resize=350%2C200&ssl=1","width":350,"height":200},"classes":[]},{"id":1508,"url":"https:\/\/www.montceautriathlon.com\/blog\/2017\/09\/11\/cest-egalement-la-rentree-pour-montceau-triathlon\/","url_meta":{"origin":7148,"position":1},"title":"C&rsquo;est \u00e9galement la rentr\u00e9e pour Montceau Triathlon !","date":"11 septembre 2017","format":false,"excerpt":"Horaires d'entrainement pour la rentr\u00e9e 2017-2018 : Pour les jeunes (mini poussins \u00e0 benjamins) : Course \u00e0 pied: tous les mardi de 18h30 \u00e0 19h30, au stade Jean Bouveri\u00a0(\u00e0 partir du 19 septembre) Natation: mercredi de 18h \u00e0 19h au centre nautique (\u00e0 partir du 27 septembre) V\u00e9lo: samedi de\u2026","rel":"","context":"Dans &quot;Non class\u00e9&quot;","img":{"alt_text":"","src":"","width":0,"height":0},"classes":[]},{"id":6356,"url":"https:\/\/www.montceautriathlon.com\/blog\/2023\/10\/18\/meeting-de-saone-et-loire\/","url_meta":{"origin":7148,"position":2},"title":"Meeting de Sa\u00f4ne et Loire","date":"18 octobre 2023","format":false,"excerpt":"Les triathl\u00e8tes de Sa\u00f4ne et Loire se sont retrouv\u00e9s \u00e0 Autun ce dimanche 15 octobre pour le meeting d\u00e9partemental organis\u00e9 par le comit\u00e9 d\u00e9partemental de triathlon. Le but: parcourir la plus grande distance en course \u00e0 pied le matin et en natation l'apr\u00e8s midi, pendant une heure pour chaque \u00e9preuve,\u2026","rel":"","context":"Dans &quot;Non class\u00e9&quot;","img":{"alt_text":"","src":"https:\/\/i0.wp.com\/www.montceautriathlon.com\/blog\/wp-content\/uploads\/2023\/10\/20231015_115135.jpg?resize=350%2C200&ssl=1","width":350,"height":200},"classes":[]},{"id":8414,"url":"https:\/\/www.montceautriathlon.com\/blog\/2025\/11\/01\/meeting-du-comite-departemental-de-saone-et-loire\/","url_meta":{"origin":7148,"position":3},"title":"Meeting du Comit\u00e9 D\u00e9partemental de Sa\u00f4ne et Loire.","date":"1 novembre 2025","format":false,"excerpt":"Ce dimanche 26 octobre, le comit\u00e9 d\u00e9partemental de triathlon organisait son meeting au Creusot. Une d\u00e9l\u00e9gation montcellienne a fait le d\u00e9placement. Le principe est simple: une \u00e9quipe de 5 \u00e0 10 personnes, licenci\u00e9es ou non, jeunes ou moins jeunes. Le matin les \u00e9quipes ont fait un relais en course \u00e0\u2026","rel":"","context":"Dans &quot;Non class\u00e9&quot;","img":{"alt_text":"","src":"https:\/\/i1.wp.com\/www.montceautriathlon.com\/blog\/wp-content\/uploads\/2025\/11\/IMG_8902-scaled.jpeg?resize=350%2C200&ssl=1","width":350,"height":200},"classes":[]},{"id":3443,"url":"https:\/\/www.montceautriathlon.com\/blog\/2020\/02\/10\/9-02-2020-classtri-interclubs-a-montceau-55-jeunes-face-au-chrono\/","url_meta":{"origin":7148,"position":4},"title":"9\/02\/2020, ClassTri interclubs \u00e0 Montceau : 55 jeunes face au chrono","date":"10 f\u00e9vrier 2020","format":false,"excerpt":"Les \u00e9coles de triathlon de M\u00e2con, Bourbon Lancy, Nevers, Autun et bien entendu Montceau s'\u00e9taient donn\u00e9 rendez-vous ce dimanche au stade\u00a0 le matin puis \u00e0 la piscine l'apr\u00e8s-midi pour obtenir leur bar\u00e8me ClassTri. 1000 m sur piste pour les benjamin(e)s et minimes, 1500m pour les cadet(te)s et 3000 pour les\u2026","rel":"","context":"Dans &quot;Non class\u00e9&quot;","img":{"alt_text":"","src":"https:\/\/i2.wp.com\/www.montceautriathlon.com\/blog\/wp-content\/uploads\/2020\/02\/classtri-1.jpg?resize=350%2C200&ssl=1","width":350,"height":200},"classes":[]},{"id":3777,"url":"https:\/\/www.montceautriathlon.com\/blog\/2020\/09\/02\/reprise-des-entrainements-saison-2020-2021-a-partir-du-7-septembre\/","url_meta":{"origin":7148,"position":5},"title":"REPRISE DES ENTRAINEMENTS SAISON 2020\/2021 \u00e0 partir du 7 septembre","date":"2 septembre 2020","format":false,"excerpt":"Il faut bien reprendre !\u00a0 Avec les mesures sanitaires contre la Covid bien entendu ! Si vous \u00eates une personne int\u00e9ress\u00e9e et qui d\u00e9couvrez cette page, vous pouvez nous rejoindre aux horaires indiqu\u00e9s pour une prise de contact. Vous pouvez nous contacter \u00e9galement\u00a0 et nous apporter un pass club pour\u2026","rel":"","context":"Dans &quot;Non class\u00e9&quot;","img":{"alt_text":"","src":"","width":0,"height":0},"classes":[]}],"_links":{"self":[{"href":"https:\/\/www.montceautriathlon.com\/blog\/wp-json\/wp\/v2\/posts\/7148"}],"collection":[{"href":"https:\/\/www.montceautriathlon.com\/blog\/wp-json\/wp\/v2\/posts"}],"about":[{"href":"https:\/\/www.montceautriathlon.com\/blog\/wp-json\/wp\/v2\/types\/post"}],"author":[{"embeddable":true,"href":"https:\/\/www.montceautriathlon.com\/blog\/wp-json\/wp\/v2\/users\/7"}],"replies":[{"embeddable":true,"href":"https:\/\/www.montceautriathlon.com\/blog\/wp-json\/wp\/v2\/comments?post=7148"}],"version-history":[{"count":3,"href":"https:\/\/www.montceautriathlon.com\/blog\/wp-json\/wp\/v2\/posts\/7148\/revisions"}],"predecessor-version":[{"id":7206,"href":"https:\/\/www.montceautriathlon.com\/blog\/wp-json\/wp\/v2\/posts\/7148\/revisions\/7206"}],"wp:featuredmedia":[{"embeddable":true,"href":"https:\/\/www.montceautriathlon.com\/blog\/wp-json\/wp\/v2\/media\/7149"}],"wp:attachment":[{"href":"https:\/\/www.montceautriathlon.com\/blog\/wp-json\/wp\/v2\/media?parent=7148"}],"wp:term":[{"taxonomy":"category","embeddable":true,"href":"https:\/\/www.montceautriathlon.com\/blog\/wp-json\/wp\/v2\/categories?post=7148"},{"taxonomy":"post_tag","embeddable":true,"href":"https:\/\/www.montceautriathlon.com\/blog\/wp-json\/wp\/v2\/tags?post=7148"}],"curies":[{"name":"wp","href":"https:\/\/api.w.org\/{rel}","templated":true}]}}