{"id":7143,"date":"2024-12-01T12:33:11","date_gmt":"2024-12-01T11:33:11","guid":{"rendered":"https:\/\/www.montceautriathlon.com\/blog\/?p=7143"},"modified":"2024-12-04T15:37:45","modified_gmt":"2024-12-04T14:37:45","slug":"29-septembre-2024-cross-duathlon-de-chenove","status":"publish","type":"post","link":"https:\/\/www.montceautriathlon.com\/blog\/2024\/12\/01\/29-septembre-2024-cross-duathlon-de-chenove\/","title":{"rendered":"29 septembre 2024: cross duathlon de Chenove"},"content":{"rendered":"\n<p>C&rsquo;est sous le soleil que quelques montcelliens ont fait le d\u00e9placement \u00e0 Chenove pour leur cross duathlon.<\/p>\n\n\n\n<p>Voici les r\u00e9sultats:<\/p>\n\n\n\n<p>course 6\/9 ans: Louis Vinck termine 5e poussin (5e scratch) suivi par les fr\u00e8res  Pradier Come 9e poussin (14e au scratch) et Gaspard 7e mini poussin et 32e au scratch<\/p>\n\n\n\n<p>Course 10\/13 ans: Jules Vendramini termine sa course \u00e0 la 34e place au scratch (9e pupille) et Jules Vinck finit, apr\u00e8s des probl\u00e8mes techniques, \u00e0 la 42e place et 14e pupille.<\/p>\n\n\n\n<p>Course xs: Alexandre Pradier est 17e au scratch (3e S4) en 48&rsquo;01, suivi par Simon Devoille en 52&rsquo;35 (30e au scratch et 10 minime) et Marine Da Eira est 35e au scratch en 54&rsquo;23 et 1e juniore. Sophie Rousseau doit abandonner pour crevaison.<\/p>\n\n\n\n<p>En relais S, Alexandre Vendramini et Nicolas Vinck sont 8e \u00e9quipe homme et 10e au scratch en 1h30.<\/p>\n\n\n\n<figure class=\"wp-block-gallery columns-3 is-cropped\"><ul data-carousel-extra='{\"blog_id\":1,\"permalink\":\"https:\\\/\\\/www.montceautriathlon.com\\\/blog\\\/2024\\\/12\\\/01\\\/29-septembre-2024-cross-duathlon-de-chenove\\\/\"}' class=\"blocks-gallery-grid\"><li class=\"blocks-gallery-item\"><figure><a href=\"https:\/\/www.montceautriathlon.com\/blog\/wp-content\/uploads\/2024\/12\/2-768x1024.jpg\"><img data-attachment-id=\"7190\" data-permalink=\"https:\/\/www.montceautriathlon.com\/blog\/2024\/12\/01\/29-septembre-2024-cross-duathlon-de-chenove\/2-6\/\" data-orig-file=\"https:\/\/www.montceautriathlon.com\/blog\/wp-content\/uploads\/2024\/12\/2.jpg\" data-orig-size=\"1536,2048\" data-comments-opened=\"1\" data-image-meta=\"{&quot;aperture&quot;:&quot;0&quot;,&quot;credit&quot;:&quot;&quot;,&quot;camera&quot;:&quot;&quot;,&quot;caption&quot;:&quot;&quot;,&quot;created_timestamp&quot;:&quot;0&quot;,&quot;copyright&quot;:&quot;&quot;,&quot;focal_length&quot;:&quot;0&quot;,&quot;iso&quot;:&quot;0&quot;,&quot;shutter_speed&quot;:&quot;0&quot;,&quot;title&quot;:&quot;&quot;,&quot;orientation&quot;:&quot;0&quot;}\" data-image-title=\"2\" data-image-description=\"\" data-image-caption=\"\" data-medium-file=\"https:\/\/www.montceautriathlon.com\/blog\/wp-content\/uploads\/2024\/12\/2-225x300.jpg\" data-large-file=\"https:\/\/www.montceautriathlon.com\/blog\/wp-content\/uploads\/2024\/12\/2-768x1024.jpg\" loading=\"lazy\" width=\"768\" height=\"1024\" src=\"https:\/\/www.montceautriathlon.com\/blog\/wp-content\/uploads\/2024\/12\/2-768x1024.jpg\" alt=\"\" data-id=\"7190\" data-link=\"https:\/\/www.montceautriathlon.com\/blog\/2024\/12\/01\/29-septembre-2024-cross-duathlon-de-chenove\/2-6\/\" class=\"wp-image-7190\" srcset=\"https:\/\/www.montceautriathlon.com\/blog\/wp-content\/uploads\/2024\/12\/2-768x1024.jpg 768w, https:\/\/www.montceautriathlon.com\/blog\/wp-content\/uploads\/2024\/12\/2-225x300.jpg 225w, https:\/\/www.montceautriathlon.com\/blog\/wp-content\/uploads\/2024\/12\/2-1152x1536.jpg 1152w, https:\/\/www.montceautriathlon.com\/blog\/wp-content\/uploads\/2024\/12\/2.jpg 1536w\" sizes=\"(max-width: 768px) 100vw, 768px\" \/><\/a><\/figure><\/li><li class=\"blocks-gallery-item\"><figure><a href=\"https:\/\/www.montceautriathlon.com\/blog\/wp-content\/uploads\/2024\/12\/chenove-768x1024.jpg\"><img data-attachment-id=\"7191\" data-permalink=\"https:\/\/www.montceautriathlon.com\/blog\/2024\/12\/01\/29-septembre-2024-cross-duathlon-de-chenove\/chenove\/\" data-orig-file=\"https:\/\/www.montceautriathlon.com\/blog\/wp-content\/uploads\/2024\/12\/chenove.jpg\" data-orig-size=\"1536,2048\" data-comments-opened=\"1\" data-image-meta=\"{&quot;aperture&quot;:&quot;0&quot;,&quot;credit&quot;:&quot;&quot;,&quot;camera&quot;:&quot;&quot;,&quot;caption&quot;:&quot;&quot;,&quot;created_timestamp&quot;:&quot;0&quot;,&quot;copyright&quot;:&quot;&quot;,&quot;focal_length&quot;:&quot;0&quot;,&quot;iso&quot;:&quot;0&quot;,&quot;shutter_speed&quot;:&quot;0&quot;,&quot;title&quot;:&quot;&quot;,&quot;orientation&quot;:&quot;0&quot;}\" data-image-title=\"chenove\" data-image-description=\"\" data-image-caption=\"\" data-medium-file=\"https:\/\/www.montceautriathlon.com\/blog\/wp-content\/uploads\/2024\/12\/chenove-225x300.jpg\" data-large-file=\"https:\/\/www.montceautriathlon.com\/blog\/wp-content\/uploads\/2024\/12\/chenove-768x1024.jpg\" loading=\"lazy\" width=\"768\" height=\"1024\" src=\"https:\/\/www.montceautriathlon.com\/blog\/wp-content\/uploads\/2024\/12\/chenove-768x1024.jpg\" alt=\"\" data-id=\"7191\" data-link=\"https:\/\/www.montceautriathlon.com\/blog\/2024\/12\/01\/29-septembre-2024-cross-duathlon-de-chenove\/chenove\/\" class=\"wp-image-7191\" srcset=\"https:\/\/www.montceautriathlon.com\/blog\/wp-content\/uploads\/2024\/12\/chenove-768x1024.jpg 768w, https:\/\/www.montceautriathlon.com\/blog\/wp-content\/uploads\/2024\/12\/chenove-225x300.jpg 225w, https:\/\/www.montceautriathlon.com\/blog\/wp-content\/uploads\/2024\/12\/chenove-1152x1536.jpg 1152w, https:\/\/www.montceautriathlon.com\/blog\/wp-content\/uploads\/2024\/12\/chenove.jpg 1536w\" sizes=\"(max-width: 768px) 100vw, 768px\" \/><\/a><\/figure><\/li><li class=\"blocks-gallery-item\"><figure><a href=\"https:\/\/www.montceautriathlon.com\/blog\/wp-content\/uploads\/2024\/12\/chenove-3.jpg\"><img data-attachment-id=\"7194\" data-permalink=\"https:\/\/www.montceautriathlon.com\/blog\/2024\/12\/01\/29-septembre-2024-cross-duathlon-de-chenove\/chenove-3\/\" data-orig-file=\"https:\/\/www.montceautriathlon.com\/blog\/wp-content\/uploads\/2024\/12\/chenove-3.jpg\" data-orig-size=\"1536,2048\" data-comments-opened=\"1\" data-image-meta=\"{&quot;aperture&quot;:&quot;0&quot;,&quot;credit&quot;:&quot;&quot;,&quot;camera&quot;:&quot;&quot;,&quot;caption&quot;:&quot;&quot;,&quot;created_timestamp&quot;:&quot;0&quot;,&quot;copyright&quot;:&quot;&quot;,&quot;focal_length&quot;:&quot;0&quot;,&quot;iso&quot;:&quot;0&quot;,&quot;shutter_speed&quot;:&quot;0&quot;,&quot;title&quot;:&quot;&quot;,&quot;orientation&quot;:&quot;0&quot;}\" data-image-title=\"chenove-3\" data-image-description=\"\" data-image-caption=\"\" data-medium-file=\"https:\/\/www.montceautriathlon.com\/blog\/wp-content\/uploads\/2024\/12\/chenove-3-225x300.jpg\" data-large-file=\"https:\/\/www.montceautriathlon.com\/blog\/wp-content\/uploads\/2024\/12\/chenove-3-768x1024.jpg\" loading=\"lazy\" width=\"768\" height=\"1024\" src=\"https:\/\/www.montceautriathlon.com\/blog\/wp-content\/uploads\/2024\/12\/chenove-3-768x1024.jpg\" alt=\"\" data-id=\"7194\" data-full-url=\"https:\/\/www.montceautriathlon.com\/blog\/wp-content\/uploads\/2024\/12\/chenove-3.jpg\" data-link=\"https:\/\/www.montceautriathlon.com\/blog\/2024\/12\/01\/29-septembre-2024-cross-duathlon-de-chenove\/chenove-3\/\" class=\"wp-image-7194\" srcset=\"https:\/\/www.montceautriathlon.com\/blog\/wp-content\/uploads\/2024\/12\/chenove-3-768x1024.jpg 768w, https:\/\/www.montceautriathlon.com\/blog\/wp-content\/uploads\/2024\/12\/chenove-3-225x300.jpg 225w, https:\/\/www.montceautriathlon.com\/blog\/wp-content\/uploads\/2024\/12\/chenove-3-1152x1536.jpg 1152w, https:\/\/www.montceautriathlon.com\/blog\/wp-content\/uploads\/2024\/12\/chenove-3.jpg 1536w\" sizes=\"(max-width: 768px) 100vw, 768px\" \/><\/a><\/figure><\/li><\/ul><\/figure>\n\n\n\n<p><\/p>\n","protected":false},"excerpt":{"rendered":"<p>C&rsquo;est sous le soleil que quelques montcelliens ont fait le d\u00e9placement \u00e0 Chenove pour leur cross duathlon. Voici les r\u00e9sultats: course 6\/9 ans: Louis Vinck termine 5e poussin (5e scratch) suivi par les fr\u00e8res Pradier Come 9e poussin (14e au scratch) et Gaspard 7e mini poussin et 32e au scratch Course 10\/13 ans: Jules Vendramini [&hellip;]<\/p>\n","protected":false},"author":7,"featured_media":7194,"comment_status":"open","ping_status":"open","sticky":false,"template":"","format":"standard","meta":{"spay_email":"","jetpack_publicize_message":"","jetpack_is_tweetstorm":false},"categories":[1],"tags":[],"jetpack_featured_media_url":"https:\/\/www.montceautriathlon.com\/blog\/wp-content\/uploads\/2024\/12\/chenove-3.jpg","jetpack_publicize_connections":[],"jetpack_sharing_enabled":true,"jetpack_shortlink":"https:\/\/wp.me\/p8bwIy-1Rd","jetpack-related-posts":[{"id":6967,"url":"https:\/\/www.montceautriathlon.com\/blog\/2024\/07\/16\/triathlon-autun-2\/","url_meta":{"origin":7143,"position":0},"title":"Triathlon Autun","date":"16 juillet 2024","format":false,"excerpt":"Les triathl\u00e8tes montcelliens \u00e9taient pr\u00e9sents surtoutes les \u00e9preuves du triathlon d'Autun le dimanche 23 juin. Voici les r\u00e9sultats: Course 6\/8 ans: Tiana Magnien monte sur la 3e marche du podium en poussine (5e au scratch) et Eliott Rondier sur la 2e marche en poussin (6e au scratch). Course 9\/11 ans:\u2026","rel":"","context":"Dans &quot;Non class\u00e9&quot;","img":{"alt_text":"","src":"https:\/\/i0.wp.com\/www.montceautriathlon.com\/blog\/wp-content\/uploads\/2024\/07\/448968625_1141027143604675_8033343820953004543_n.jpg?resize=350%2C200&ssl=1","width":350,"height":200},"classes":[]},{"id":8119,"url":"https:\/\/www.montceautriathlon.com\/blog\/2025\/09\/14\/7-septembre-triathlon-de-chalon-sur-saone\/","url_meta":{"origin":7143,"position":1},"title":"7 Septembre: Triathlon de Chalon sur Sa\u00f4ne","date":"14 septembre 2025","format":false,"excerpt":"Une d\u00e9l\u00e9gation montcellienne s'est retrouv\u00e9e chez nos voisins chalonnais pour leur traditionnel triathlon. Les 2 courses jeunes et le XS se faisaient en piscine. La natation du triathlon S contre la montre \u00e9tait dans la Sa\u00f4ne. Chez les plus jeunes, Louis Vinck termine 1r de la course. Gaspard Pradier est\u2026","rel":"","context":"Dans &quot;Non class\u00e9&quot;","img":{"alt_text":"","src":"https:\/\/i2.wp.com\/www.montceautriathlon.com\/blog\/wp-content\/uploads\/2025\/09\/IMG_5930.jpg?resize=350%2C200&ssl=1","width":350,"height":200},"classes":[]},{"id":7887,"url":"https:\/\/www.montceautriathlon.com\/blog\/2025\/07\/11\/dernier-week-end-de-juin-un-week-end-tres-riche-en-competitions-ultra-marin-vichy-macon-et-nice\/","url_meta":{"origin":7143,"position":2},"title":"Dernier week end de juin: un week end tr\u00e8s riche en comp\u00e9titions (Ultra Marin, Vichy, Macon et Nice)","date":"11 juillet 2025","format":false,"excerpt":"Fr\u00e9d\u00e9ric Ghesqui\u00e8re et Benoit Thierry ont ouvert le bal en prenant le d\u00e9part vendredi soir de l'Ultra Marin dans le golf du Morbihan. C'est un trail de 175km avec 1400m de d\u00e9nivel\u00e9 + pour effectu\u00e9 le tour complet du golfe du Morbihan. Nos deux comp\u00e8res ont fait, comme \u00e0 l\u2019entra\u00eenement,\u2026","rel":"","context":"Dans &quot;Non class\u00e9&quot;","img":{"alt_text":"","src":"https:\/\/i2.wp.com\/www.montceautriathlon.com\/blog\/wp-content\/uploads\/2025\/07\/IMG_4293-scaled.jpg?resize=350%2C200&ssl=1","width":350,"height":200},"classes":[]},{"id":6294,"url":"https:\/\/www.montceautriathlon.com\/blog\/2023\/10\/11\/triathlon-de-louhans\/","url_meta":{"origin":7143,"position":3},"title":"Triathlon de Louhans","date":"11 octobre 2023","format":false,"excerpt":"Les triathl\u00e8tes montcelliens se sont retrouv\u00e9s pour la derni\u00e8re \u00e9preuve de la saison \u00e0 Louhans. Ils ont nag\u00e9 dans la piscine de Louhans puis ont pu p\u00e9daler et courir sous un beau soleil. Voici les r\u00e9sultats des diff\u00e9rentes \u00e9preuves: Course 6\/9 ans: Jules Vendramini termine 8e au scratch et 6e\u2026","rel":"","context":"Dans &quot;Non class\u00e9&quot;","img":{"alt_text":"","src":"https:\/\/i2.wp.com\/www.montceautriathlon.com\/blog\/wp-content\/uploads\/2023\/10\/IMG-20231009-WA0004.jpg?resize=350%2C200&ssl=1","width":350,"height":200},"classes":[]},{"id":6251,"url":"https:\/\/www.montceautriathlon.com\/blog\/2023\/10\/02\/les-triathletes-montcelliens-sur-tous-les-fronts\/","url_meta":{"origin":7143,"position":4},"title":"Les triathl\u00e8tes montcelliens sur tous les fronts.","date":"2 octobre 2023","format":false,"excerpt":"Ce premier dimanche d'octobre, les triathl\u00e8tes ont particip\u00e9 \u00e0 diverses \u00e9preuves. Nous avons pu les retrouver \u00e0 Chen\u00f4ve pour le cross duathlon organis\u00e9 par le club de Chen\u00f4ve triathlon, aux Bizots pour le cyclathlon, \u00e0 Bourg en Bresse pour la cyclosportive La Bisou ou encore dans le Jura pour le\u2026","rel":"","context":"Dans &quot;Non class\u00e9&quot;","img":{"alt_text":"","src":"https:\/\/i0.wp.com\/www.montceautriathlon.com\/blog\/wp-content\/uploads\/2023\/10\/IMG_9010-scaled.jpeg?resize=350%2C200&ssl=1","width":350,"height":200},"classes":[]},{"id":7935,"url":"https:\/\/www.montceautriathlon.com\/blog\/2025\/07\/11\/22-juin-triathlon-dautun\/","url_meta":{"origin":7143,"position":5},"title":"22 juin: Triathlon d&rsquo;Autun","date":"11 juillet 2025","format":false,"excerpt":"Une d\u00e9l\u00e9gation montcellienne s'est d\u00e9plac\u00e9e chez nos voisins d'Autun pour leur triathlon. C'est avec un soleil tr\u00e8s pr\u00e9sent et de grosses chaleurs que les triathl\u00e8tes ont montr\u00e9 les couleurs de Montceau triathlon. Voici les r\u00e9sultats des diff\u00e9rentes courses: Sur la course XS, Titouan Rondier termine \u00e0 la 11e place au\u2026","rel":"","context":"Dans &quot;Non class\u00e9&quot;","img":{"alt_text":"","src":"https:\/\/i1.wp.com\/www.montceautriathlon.com\/blog\/wp-content\/uploads\/2025\/07\/IMG_3418-scaled.jpg?resize=350%2C200&ssl=1","width":350,"height":200},"classes":[]}],"_links":{"self":[{"href":"https:\/\/www.montceautriathlon.com\/blog\/wp-json\/wp\/v2\/posts\/7143"}],"collection":[{"href":"https:\/\/www.montceautriathlon.com\/blog\/wp-json\/wp\/v2\/posts"}],"about":[{"href":"https:\/\/www.montceautriathlon.com\/blog\/wp-json\/wp\/v2\/types\/post"}],"author":[{"embeddable":true,"href":"https:\/\/www.montceautriathlon.com\/blog\/wp-json\/wp\/v2\/users\/7"}],"replies":[{"embeddable":true,"href":"https:\/\/www.montceautriathlon.com\/blog\/wp-json\/wp\/v2\/comments?post=7143"}],"version-history":[{"count":2,"href":"https:\/\/www.montceautriathlon.com\/blog\/wp-json\/wp\/v2\/posts\/7143\/revisions"}],"predecessor-version":[{"id":7195,"href":"https:\/\/www.montceautriathlon.com\/blog\/wp-json\/wp\/v2\/posts\/7143\/revisions\/7195"}],"wp:featuredmedia":[{"embeddable":true,"href":"https:\/\/www.montceautriathlon.com\/blog\/wp-json\/wp\/v2\/media\/7194"}],"wp:attachment":[{"href":"https:\/\/www.montceautriathlon.com\/blog\/wp-json\/wp\/v2\/media?parent=7143"}],"wp:term":[{"taxonomy":"category","embeddable":true,"href":"https:\/\/www.montceautriathlon.com\/blog\/wp-json\/wp\/v2\/categories?post=7143"},{"taxonomy":"post_tag","embeddable":true,"href":"https:\/\/www.montceautriathlon.com\/blog\/wp-json\/wp\/v2\/tags?post=7143"}],"curies":[{"name":"wp","href":"https:\/\/api.w.org\/{rel}","templated":true}]}}