{"id":7138,"date":"2024-12-01T12:11:48","date_gmt":"2024-12-01T11:11:48","guid":{"rendered":"https:\/\/www.montceautriathlon.com\/blog\/?p=7138"},"modified":"2024-12-01T12:12:36","modified_gmt":"2024-12-01T11:12:36","slug":"triathlon-de-paladru-21-septembre-2024","status":"publish","type":"post","link":"https:\/\/www.montceautriathlon.com\/blog\/2024\/12\/01\/triathlon-de-paladru-21-septembre-2024\/","title":{"rendered":"Triathlon de Paladru (21 septembre 2024)"},"content":{"rendered":"\n<p>Deux \u00e9quipes de Montceay ont fait le d\u00e9placement \u00e0 Paladru pour le triathlon L par \u00e9quipes.<\/p>\n\n\n\n<p>La Belle et les b\u00eates ( Sandrine Marchand, Arnaud Rondier, Sammy Marc, Frederic Ghesquiere et Philippe Bongrand) termine en 5h33 (99e au scratch et 33e \u00e9quipe mixte)<\/p>\n\n\n\n<p>Les Piplettes du Montceau ( Sophie Boyer, Irene Vulin, Sandrine Ghesquiere, Laure Rochaix et Isabelle Vaury termine leur course en 6h25 (130e au scratch et 9e \u00e9quipe f\u00e9minine).<\/p>\n\n\n\n<p>Merci \u00e0 Aur\u00e9lien , photographe p\u00f4ur cette journ\u00e9e.<\/p>\n\n\n\n<p><a href=\"https:\/\/www.facebook.com\/share\/p\/1DN7r6e9ry\/\">https:\/\/www.facebook.com\/share\/p\/1DN7r6e9ry\/<\/a><\/p>\n\n\n\n<figure class=\"wp-block-gallery columns-3 is-cropped\"><ul data-carousel-extra='{\"blog_id\":1,\"permalink\":\"https:\\\/\\\/www.montceautriathlon.com\\\/blog\\\/2024\\\/12\\\/01\\\/triathlon-de-paladru-21-septembre-2024\\\/\"}' class=\"blocks-gallery-grid\"><li class=\"blocks-gallery-item\"><figure><a href=\"https:\/\/www.montceautriathlon.com\/blog\/wp-content\/uploads\/2024\/12\/paladru-2-1024x682.jpg\"><img data-attachment-id=\"7139\" data-permalink=\"https:\/\/www.montceautriathlon.com\/blog\/2024\/12\/01\/triathlon-de-paladru-21-septembre-2024\/paladru-2\/\" data-orig-file=\"https:\/\/www.montceautriathlon.com\/blog\/wp-content\/uploads\/2024\/12\/paladru-2.jpg\" data-orig-size=\"1600,1066\" data-comments-opened=\"1\" data-image-meta=\"{&quot;aperture&quot;:&quot;0&quot;,&quot;credit&quot;:&quot;&quot;,&quot;camera&quot;:&quot;&quot;,&quot;caption&quot;:&quot;&quot;,&quot;created_timestamp&quot;:&quot;0&quot;,&quot;copyright&quot;:&quot;&quot;,&quot;focal_length&quot;:&quot;0&quot;,&quot;iso&quot;:&quot;0&quot;,&quot;shutter_speed&quot;:&quot;0&quot;,&quot;title&quot;:&quot;&quot;,&quot;orientation&quot;:&quot;0&quot;}\" data-image-title=\"paladru-2\" data-image-description=\"\" data-image-caption=\"\" data-medium-file=\"https:\/\/www.montceautriathlon.com\/blog\/wp-content\/uploads\/2024\/12\/paladru-2-300x200.jpg\" data-large-file=\"https:\/\/www.montceautriathlon.com\/blog\/wp-content\/uploads\/2024\/12\/paladru-2-1024x682.jpg\" loading=\"lazy\" width=\"1024\" height=\"682\" src=\"https:\/\/www.montceautriathlon.com\/blog\/wp-content\/uploads\/2024\/12\/paladru-2-1024x682.jpg\" alt=\"\" data-id=\"7139\" data-link=\"https:\/\/www.montceautriathlon.com\/blog\/?attachment_id=7139\" class=\"wp-image-7139\" srcset=\"https:\/\/www.montceautriathlon.com\/blog\/wp-content\/uploads\/2024\/12\/paladru-2-1024x682.jpg 1024w, https:\/\/www.montceautriathlon.com\/blog\/wp-content\/uploads\/2024\/12\/paladru-2-300x200.jpg 300w, https:\/\/www.montceautriathlon.com\/blog\/wp-content\/uploads\/2024\/12\/paladru-2-768x512.jpg 768w, https:\/\/www.montceautriathlon.com\/blog\/wp-content\/uploads\/2024\/12\/paladru-2-1536x1023.jpg 1536w, https:\/\/www.montceautriathlon.com\/blog\/wp-content\/uploads\/2024\/12\/paladru-2.jpg 1600w\" sizes=\"(max-width: 1024px) 100vw, 1024px\" \/><\/a><\/figure><\/li><li class=\"blocks-gallery-item\"><figure><a href=\"https:\/\/www.montceautriathlon.com\/blog\/wp-content\/uploads\/2024\/12\/paladru-3-1024x575.jpg\"><img data-attachment-id=\"7140\" data-permalink=\"https:\/\/www.montceautriathlon.com\/blog\/2024\/12\/01\/triathlon-de-paladru-21-septembre-2024\/paladru-3\/\" data-orig-file=\"https:\/\/www.montceautriathlon.com\/blog\/wp-content\/uploads\/2024\/12\/paladru-3.jpg\" data-orig-size=\"1600,899\" data-comments-opened=\"1\" data-image-meta=\"{&quot;aperture&quot;:&quot;0&quot;,&quot;credit&quot;:&quot;&quot;,&quot;camera&quot;:&quot;&quot;,&quot;caption&quot;:&quot;&quot;,&quot;created_timestamp&quot;:&quot;0&quot;,&quot;copyright&quot;:&quot;&quot;,&quot;focal_length&quot;:&quot;0&quot;,&quot;iso&quot;:&quot;0&quot;,&quot;shutter_speed&quot;:&quot;0&quot;,&quot;title&quot;:&quot;&quot;,&quot;orientation&quot;:&quot;0&quot;}\" data-image-title=\"paladru-3\" data-image-description=\"\" data-image-caption=\"\" data-medium-file=\"https:\/\/www.montceautriathlon.com\/blog\/wp-content\/uploads\/2024\/12\/paladru-3-300x169.jpg\" data-large-file=\"https:\/\/www.montceautriathlon.com\/blog\/wp-content\/uploads\/2024\/12\/paladru-3-1024x575.jpg\" loading=\"lazy\" width=\"1024\" height=\"575\" src=\"https:\/\/www.montceautriathlon.com\/blog\/wp-content\/uploads\/2024\/12\/paladru-3-1024x575.jpg\" alt=\"\" data-id=\"7140\" data-link=\"https:\/\/www.montceautriathlon.com\/blog\/?attachment_id=7140\" class=\"wp-image-7140\" srcset=\"https:\/\/www.montceautriathlon.com\/blog\/wp-content\/uploads\/2024\/12\/paladru-3-1024x575.jpg 1024w, https:\/\/www.montceautriathlon.com\/blog\/wp-content\/uploads\/2024\/12\/paladru-3-300x169.jpg 300w, https:\/\/www.montceautriathlon.com\/blog\/wp-content\/uploads\/2024\/12\/paladru-3-768x432.jpg 768w, https:\/\/www.montceautriathlon.com\/blog\/wp-content\/uploads\/2024\/12\/paladru-3-1536x863.jpg 1536w, https:\/\/www.montceautriathlon.com\/blog\/wp-content\/uploads\/2024\/12\/paladru-3.jpg 1600w\" sizes=\"(max-width: 1024px) 100vw, 1024px\" \/><\/a><\/figure><\/li><li class=\"blocks-gallery-item\"><figure><a href=\"https:\/\/www.montceautriathlon.com\/blog\/wp-content\/uploads\/2024\/12\/paladru.jpg\"><img data-attachment-id=\"7141\" data-permalink=\"https:\/\/www.montceautriathlon.com\/blog\/2024\/12\/01\/triathlon-de-paladru-21-septembre-2024\/paladru-4\/\" data-orig-file=\"https:\/\/www.montceautriathlon.com\/blog\/wp-content\/uploads\/2024\/12\/paladru.jpg\" data-orig-size=\"600,338\" data-comments-opened=\"1\" data-image-meta=\"{&quot;aperture&quot;:&quot;0&quot;,&quot;credit&quot;:&quot;&quot;,&quot;camera&quot;:&quot;&quot;,&quot;caption&quot;:&quot;&quot;,&quot;created_timestamp&quot;:&quot;0&quot;,&quot;copyright&quot;:&quot;&quot;,&quot;focal_length&quot;:&quot;0&quot;,&quot;iso&quot;:&quot;0&quot;,&quot;shutter_speed&quot;:&quot;0&quot;,&quot;title&quot;:&quot;&quot;,&quot;orientation&quot;:&quot;0&quot;}\" data-image-title=\"paladru\" data-image-description=\"\" data-image-caption=\"\" data-medium-file=\"https:\/\/www.montceautriathlon.com\/blog\/wp-content\/uploads\/2024\/12\/paladru-300x169.jpg\" data-large-file=\"https:\/\/www.montceautriathlon.com\/blog\/wp-content\/uploads\/2024\/12\/paladru.jpg\" loading=\"lazy\" width=\"600\" height=\"338\" src=\"https:\/\/www.montceautriathlon.com\/blog\/wp-content\/uploads\/2024\/12\/paladru.jpg\" alt=\"\" data-id=\"7141\" data-full-url=\"https:\/\/www.montceautriathlon.com\/blog\/wp-content\/uploads\/2024\/12\/paladru.jpg\" data-link=\"https:\/\/www.montceautriathlon.com\/blog\/?attachment_id=7141\" class=\"wp-image-7141\" srcset=\"https:\/\/www.montceautriathlon.com\/blog\/wp-content\/uploads\/2024\/12\/paladru.jpg 600w, https:\/\/www.montceautriathlon.com\/blog\/wp-content\/uploads\/2024\/12\/paladru-300x169.jpg 300w\" sizes=\"(max-width: 600px) 100vw, 600px\" \/><\/a><\/figure><\/li><\/ul><\/figure>\n","protected":false},"excerpt":{"rendered":"<p>Deux \u00e9quipes de Montceay ont fait le d\u00e9placement \u00e0 Paladru pour le triathlon L par \u00e9quipes. La Belle et les b\u00eates ( Sandrine Marchand, Arnaud Rondier, Sammy Marc, Frederic Ghesquiere et Philippe Bongrand) termine en 5h33 (99e au scratch et 33e \u00e9quipe mixte) Les Piplettes du Montceau ( Sophie Boyer, Irene Vulin, Sandrine Ghesquiere, Laure [&hellip;]<\/p>\n","protected":false},"author":7,"featured_media":7140,"comment_status":"open","ping_status":"open","sticky":false,"template":"","format":"standard","meta":{"spay_email":"","jetpack_publicize_message":"","jetpack_is_tweetstorm":false},"categories":[1],"tags":[],"jetpack_featured_media_url":"https:\/\/www.montceautriathlon.com\/blog\/wp-content\/uploads\/2024\/12\/paladru-3.jpg","jetpack_publicize_connections":[],"jetpack_sharing_enabled":true,"jetpack_shortlink":"https:\/\/wp.me\/p8bwIy-1R8","jetpack-related-posts":[{"id":6192,"url":"https:\/\/www.montceautriathlon.com\/blog\/2023\/09\/27\/triathlon-de-paladru\/","url_meta":{"origin":7138,"position":0},"title":"Triathlon de Paladru","date":"27 septembre 2023","format":false,"excerpt":"Une importante d\u00e9l\u00e9gation de Montceau Triathlon s'est retrouv\u00e9e \u00e0 Paladru (Is\u00e8re) pour le triathlon en \u00e9quipe. Les 32 triathl\u00e8tes, composant 7 \u00e9quipes, se sont engag\u00e9es sur un triathlon distance L. Avec une m\u00e9t\u00e9o favorable, tous et toutes ont aval\u00e9s les 1700m de natation, 80 km de v\u00e9lo et 17km de\u2026","rel":"","context":"Dans &quot;Non class\u00e9&quot;","img":{"alt_text":"","src":"https:\/\/i2.wp.com\/www.montceautriathlon.com\/blog\/wp-content\/uploads\/2023\/09\/IMG-20230923-WA00021-1.jpg?resize=350%2C200&ssl=1","width":350,"height":200},"classes":[]},{"id":3206,"url":"https:\/\/www.montceautriathlon.com\/blog\/2019\/09\/24\/21-09-19-triathlon-de-paladru-jamais-decus-encore-convaincus\/","url_meta":{"origin":7138,"position":1},"title":"21\/09\/ 19, Triathlon de Paladru : Jamais d\u00e9\u00e7us, encore convaincus !","date":"24 septembre 2019","format":false,"excerpt":"Paladru a encore convaincu ! Si certains ne comptent plus leur nombre de participation \u00e0 ce magnifique triathlon L par \u00e9quipe, les nouvelles recrues qui pour certains gouttaient \u00e0 leur premier longue distance, ne sont pas repartis d\u00e9\u00e7us. Joli parcours, lac avec une eau limpide, m\u00e9t\u00e9o nickel, convivialit\u00e9 et super\u2026","rel":"","context":"Dans &quot;Non class\u00e9&quot;","img":{"alt_text":"","src":"","width":0,"height":0},"classes":[]},{"id":8207,"url":"https:\/\/www.montceautriathlon.com\/blog\/2025\/09\/28\/20-septembre-10-km-de-digoin-et-triathlon-de-paladru\/","url_meta":{"origin":7138,"position":2},"title":"20 Septembre: 10 km de Digoin et triathlon de Paladru","date":"28 septembre 2025","format":false,"excerpt":"Ce samedi 20 septembre avait lieu les 10km de Digoin en soir\u00e9e et le triathlon par \u00e9quipe de Paladru. Nos athl\u00e8tes Montcelliens Laurent, Alice et Manon ont eu chaud \u00e0 Digoin. Laurent Magnien franchit la ligne apr\u00e8s 47\u201944 d\u2019effort le classant 49e au scratch et 5e M2. Manon Vaury termine\u2026","rel":"","context":"Dans &quot;Non class\u00e9&quot;","img":{"alt_text":"","src":"https:\/\/i0.wp.com\/www.montceautriathlon.com\/blog\/wp-content\/uploads\/2025\/09\/552373338_1462736178100435_5327505072818221935_n.jpg?resize=350%2C200&ssl=1","width":350,"height":200},"classes":[]},{"id":1541,"url":"https:\/\/www.montceautriathlon.com\/blog\/2017\/09\/24\/triathlon-de-paladru-samedi-23-septembre-2017\/","url_meta":{"origin":7138,"position":3},"title":"Triathlon de Paladru (Samedi 23 septembre 2017)","date":"24 septembre 2017","format":false,"excerpt":"Avec 4 \u00e9quipes propos\u00e9es sur 150 \u00e9quipes engag\u00e9es, notre club a une nouvelle fois particip\u00e9 en nombre au Triathlon de Paladru\u00a0qui, pour ceux qui ne se situent pas, est entre Bourgoin-Jailleu et Voiron, proche\u00a0de Grenoble. Le soleil \u00e9tait une nouvelle fois au rendez-vous ainsi que la joie et la bonne\u2026","rel":"","context":"Dans &quot;Non class\u00e9&quot;","img":{"alt_text":"","src":"","width":0,"height":0},"classes":[]},{"id":3895,"url":"https:\/\/www.montceautriathlon.com\/blog\/2020\/09\/30\/26-09-2020-cl-equipes-de-paladru-dru-dru-dru-but-not-dry\/","url_meta":{"origin":7138,"position":4},"title":"26\/09\/2020, CL\/\u00e9quipes de Paladru : dru dru dru, but not dry !","date":"30 septembre 2020","format":false,"excerpt":"Comme tous les ans, plusieurs \u00e9quipes du club sont all\u00e9es se d\u00e9fier en contre la montre sur le magnifique site du lac de Paladru.\u00a0 Un beau triathlon maintenu\u00a0 ! Des souvenirs plein la t\u00eate des \u00e9ditions pr\u00e9c\u00e9dentes. La f\u00eate devait \u00eatre belle ! Et de nouveaux beaux souvenirs \u00e0 la\u2026","rel":"","context":"Dans &quot;Non class\u00e9&quot;","img":{"alt_text":"","src":"https:\/\/i1.wp.com\/www.montceautriathlon.com\/blog\/wp-content\/uploads\/2020\/09\/IMG-20200926-WA0021.jpg?resize=350%2C200&ssl=1","width":350,"height":200},"classes":[]},{"id":7995,"url":"https:\/\/www.montceautriathlon.com\/blog\/2025\/07\/14\/12-et-13-juillet-2025-triathlon-du-lac-du-bouchet\/","url_meta":{"origin":7138,"position":5},"title":"12 et 13 juillet 2025: Triathlon du lac du Bouchet","date":"14 juillet 2025","format":false,"excerpt":"Une petite d\u00e9l\u00e9gation du club s'est retrouv\u00e9e en Auvergne, dans le d\u00e9partement de la Haute Loire pour participer aux triathlons du lac du Bouchet. Les triathl\u00e8tes montcelliens se sont align\u00e9s en individuel ou en \u00e9quipe sut les courses M et L. Voici les r\u00e9sultats: D\u00e8s le samedi matin, 7 d'entre\u2026","rel":"","context":"Dans &quot;Non class\u00e9&quot;","img":{"alt_text":"","src":"https:\/\/i0.wp.com\/www.montceautriathlon.com\/blog\/wp-content\/uploads\/2025\/07\/IMG-20250712-WA0000.jpg?resize=350%2C200&ssl=1","width":350,"height":200},"classes":[]}],"_links":{"self":[{"href":"https:\/\/www.montceautriathlon.com\/blog\/wp-json\/wp\/v2\/posts\/7138"}],"collection":[{"href":"https:\/\/www.montceautriathlon.com\/blog\/wp-json\/wp\/v2\/posts"}],"about":[{"href":"https:\/\/www.montceautriathlon.com\/blog\/wp-json\/wp\/v2\/types\/post"}],"author":[{"embeddable":true,"href":"https:\/\/www.montceautriathlon.com\/blog\/wp-json\/wp\/v2\/users\/7"}],"replies":[{"embeddable":true,"href":"https:\/\/www.montceautriathlon.com\/blog\/wp-json\/wp\/v2\/comments?post=7138"}],"version-history":[{"count":1,"href":"https:\/\/www.montceautriathlon.com\/blog\/wp-json\/wp\/v2\/posts\/7138\/revisions"}],"predecessor-version":[{"id":7142,"href":"https:\/\/www.montceautriathlon.com\/blog\/wp-json\/wp\/v2\/posts\/7138\/revisions\/7142"}],"wp:featuredmedia":[{"embeddable":true,"href":"https:\/\/www.montceautriathlon.com\/blog\/wp-json\/wp\/v2\/media\/7140"}],"wp:attachment":[{"href":"https:\/\/www.montceautriathlon.com\/blog\/wp-json\/wp\/v2\/media?parent=7138"}],"wp:term":[{"taxonomy":"category","embeddable":true,"href":"https:\/\/www.montceautriathlon.com\/blog\/wp-json\/wp\/v2\/categories?post=7138"},{"taxonomy":"post_tag","embeddable":true,"href":"https:\/\/www.montceautriathlon.com\/blog\/wp-json\/wp\/v2\/tags?post=7138"}],"curies":[{"name":"wp","href":"https:\/\/api.w.org\/{rel}","templated":true}]}}