{"id":7130,"date":"2024-12-01T12:38:48","date_gmt":"2024-12-01T11:38:48","guid":{"rendered":"https:\/\/www.montceautriathlon.com\/blog\/?p=7130"},"modified":"2024-12-01T12:38:51","modified_gmt":"2024-12-01T11:38:51","slug":"triathlon-de-louhans-2","status":"publish","type":"post","link":"https:\/\/www.montceautriathlon.com\/blog\/2024\/12\/01\/triathlon-de-louhans-2\/","title":{"rendered":"Triathlon de Louhans"},"content":{"rendered":"\n<p>Les montcelliens ont fait le d\u00e9placement pour le dernier triathlon bourguignon de la saison \u00e0 Louhans.<\/p>\n\n\n\n<p><\/p>\n\n\n\n<p>Voici les r\u00e9sultats de nos triathl\u00e8tes  sur les diff\u00e9rentes courses :<\/p>\n\n\n\n<p>Sur le format S : <\/p>\n\n\n\n<p>en relais les \u00ab <a href=\"https:\/\/www.facebook.com\/people\/Run-Cycling-71\/100091400054700\/?__cft__[0]=AZUNMBUTBUST80knQA2lSqSyMXWX26KrMxQye82EaUNjV1mFOeUJbNrdzWmEuMR_lEhF0dSSt-8bRX1RSpgsnfDadpgZsY3BT_7bFVSEufWlJU5vFvTW76KbXT9iBASViMi1o4UVClDaIgEtRDmGAmOlJ1urf0jWMfND1GM2_BIjJg&amp;__tn__=-]K-R\">Run &amp; Cycling 71<\/a> \u00bb avec Arnaud Rondier en nageur montent sur la plus haute marche du podium avec ses 2 partenaires non licenci\u00e9s en 1h05\u201907<\/p>\n\n\n\n<p>en individuel,  Alexandre Pradier fini 35e au scratch, 5e Senior 4 en 1h08\u201954,  Jeanne Rondier boucle l\u2019\u00e9preuve en 1h09\u201946 et prend la 2e place chez les Cadette , Emma Dufour est 5e Cadette en 1h22\u201906 et  Delphine Tonnin ,1e V1 en 1h23\u201939<\/p>\n\n\n\n<p>Sur le XS : Simon Devoile 28e et 18e Minime en 38\u201951, Zo\u00e9 Da Eira 1e Cadette en 41\u201932, et Elea Berardan 6e minime en 43\u201901<\/p>\n\n\n\n<p>Sur les 10\/13 ans : Axelle Da Eira , premi\u00e8re repr\u00e9sentante du club prend la 6e place Benjamine en 19\u201923,  Jules Vinck , 3e pupille en 20\u00b451, et Rachel Dugne, 10e pupille en 23\u201943<\/p>\n\n\n\n<p>Sur les 6\/9 ans :  Louis Vinck est 3e , Come Pradier termine en 10\u00b458 lui offrant le 5e position en Poussin, et  Eliott Rondier 12e au scratch 8e poussin en 11\u201956<\/p>\n\n\n\n<figure class=\"wp-block-gallery columns-3 is-cropped\"><ul data-carousel-extra='{\"blog_id\":1,\"permalink\":\"https:\\\/\\\/www.montceautriathlon.com\\\/blog\\\/2024\\\/12\\\/01\\\/triathlon-de-louhans-2\\\/\"}' class=\"blocks-gallery-grid\"><li class=\"blocks-gallery-item\"><figure><a href=\"https:\/\/www.montceautriathlon.com\/blog\/wp-content\/uploads\/2024\/11\/462960282_1213087916398597_6865351226409572743_n-694x1024.jpg\"><img data-attachment-id=\"7132\" data-permalink=\"https:\/\/www.montceautriathlon.com\/blog\/2024\/12\/01\/triathlon-de-louhans-2\/462960282_1213087916398597_6865351226409572743_n\/\" data-orig-file=\"https:\/\/www.montceautriathlon.com\/blog\/wp-content\/uploads\/2024\/11\/462960282_1213087916398597_6865351226409572743_n.jpg\" data-orig-size=\"844,1246\" data-comments-opened=\"1\" data-image-meta=\"{&quot;aperture&quot;:&quot;0&quot;,&quot;credit&quot;:&quot;&quot;,&quot;camera&quot;:&quot;&quot;,&quot;caption&quot;:&quot;&quot;,&quot;created_timestamp&quot;:&quot;0&quot;,&quot;copyright&quot;:&quot;&quot;,&quot;focal_length&quot;:&quot;0&quot;,&quot;iso&quot;:&quot;0&quot;,&quot;shutter_speed&quot;:&quot;0&quot;,&quot;title&quot;:&quot;&quot;,&quot;orientation&quot;:&quot;0&quot;}\" data-image-title=\"462960282_1213087916398597_6865351226409572743_n\" data-image-description=\"\" data-image-caption=\"\" data-medium-file=\"https:\/\/www.montceautriathlon.com\/blog\/wp-content\/uploads\/2024\/11\/462960282_1213087916398597_6865351226409572743_n-203x300.jpg\" data-large-file=\"https:\/\/www.montceautriathlon.com\/blog\/wp-content\/uploads\/2024\/11\/462960282_1213087916398597_6865351226409572743_n-694x1024.jpg\" loading=\"lazy\" width=\"694\" height=\"1024\" src=\"https:\/\/www.montceautriathlon.com\/blog\/wp-content\/uploads\/2024\/11\/462960282_1213087916398597_6865351226409572743_n-694x1024.jpg\" alt=\"\" data-id=\"7132\" data-link=\"https:\/\/www.montceautriathlon.com\/blog\/?attachment_id=7132\" class=\"wp-image-7132\" srcset=\"https:\/\/www.montceautriathlon.com\/blog\/wp-content\/uploads\/2024\/11\/462960282_1213087916398597_6865351226409572743_n-694x1024.jpg 694w, https:\/\/www.montceautriathlon.com\/blog\/wp-content\/uploads\/2024\/11\/462960282_1213087916398597_6865351226409572743_n-203x300.jpg 203w, https:\/\/www.montceautriathlon.com\/blog\/wp-content\/uploads\/2024\/11\/462960282_1213087916398597_6865351226409572743_n-768x1134.jpg 768w, https:\/\/www.montceautriathlon.com\/blog\/wp-content\/uploads\/2024\/11\/462960282_1213087916398597_6865351226409572743_n.jpg 844w\" sizes=\"(max-width: 694px) 100vw, 694px\" \/><\/a><\/figure><\/li><li class=\"blocks-gallery-item\"><figure><a href=\"https:\/\/www.montceautriathlon.com\/blog\/wp-content\/uploads\/2024\/11\/463152567_1213087936398595_4678537224815227068_n-773x1024.jpg\"><img data-attachment-id=\"7133\" data-permalink=\"https:\/\/www.montceautriathlon.com\/blog\/2024\/12\/01\/triathlon-de-louhans-2\/463152567_1213087936398595_4678537224815227068_n\/\" data-orig-file=\"https:\/\/www.montceautriathlon.com\/blog\/wp-content\/uploads\/2024\/11\/463152567_1213087936398595_4678537224815227068_n.jpg\" data-orig-size=\"1179,1561\" data-comments-opened=\"1\" data-image-meta=\"{&quot;aperture&quot;:&quot;0&quot;,&quot;credit&quot;:&quot;&quot;,&quot;camera&quot;:&quot;&quot;,&quot;caption&quot;:&quot;&quot;,&quot;created_timestamp&quot;:&quot;0&quot;,&quot;copyright&quot;:&quot;&quot;,&quot;focal_length&quot;:&quot;0&quot;,&quot;iso&quot;:&quot;0&quot;,&quot;shutter_speed&quot;:&quot;0&quot;,&quot;title&quot;:&quot;&quot;,&quot;orientation&quot;:&quot;0&quot;}\" data-image-title=\"463152567_1213087936398595_4678537224815227068_n\" data-image-description=\"\" data-image-caption=\"\" data-medium-file=\"https:\/\/www.montceautriathlon.com\/blog\/wp-content\/uploads\/2024\/11\/463152567_1213087936398595_4678537224815227068_n-227x300.jpg\" data-large-file=\"https:\/\/www.montceautriathlon.com\/blog\/wp-content\/uploads\/2024\/11\/463152567_1213087936398595_4678537224815227068_n-773x1024.jpg\" loading=\"lazy\" width=\"773\" height=\"1024\" src=\"https:\/\/www.montceautriathlon.com\/blog\/wp-content\/uploads\/2024\/11\/463152567_1213087936398595_4678537224815227068_n-773x1024.jpg\" alt=\"\" data-id=\"7133\" data-link=\"https:\/\/www.montceautriathlon.com\/blog\/?attachment_id=7133\" class=\"wp-image-7133\" srcset=\"https:\/\/www.montceautriathlon.com\/blog\/wp-content\/uploads\/2024\/11\/463152567_1213087936398595_4678537224815227068_n-773x1024.jpg 773w, https:\/\/www.montceautriathlon.com\/blog\/wp-content\/uploads\/2024\/11\/463152567_1213087936398595_4678537224815227068_n-227x300.jpg 227w, https:\/\/www.montceautriathlon.com\/blog\/wp-content\/uploads\/2024\/11\/463152567_1213087936398595_4678537224815227068_n-768x1017.jpg 768w, https:\/\/www.montceautriathlon.com\/blog\/wp-content\/uploads\/2024\/11\/463152567_1213087936398595_4678537224815227068_n-1160x1536.jpg 1160w, https:\/\/www.montceautriathlon.com\/blog\/wp-content\/uploads\/2024\/11\/463152567_1213087936398595_4678537224815227068_n.jpg 1179w\" sizes=\"(max-width: 773px) 100vw, 773px\" \/><\/a><\/figure><\/li><li class=\"blocks-gallery-item\"><figure><a href=\"https:\/\/www.montceautriathlon.com\/blog\/wp-content\/uploads\/2024\/11\/462775638_1213087223065333_8923782909015182498_n.jpg\"><img data-attachment-id=\"7134\" data-permalink=\"https:\/\/www.montceautriathlon.com\/blog\/2024\/12\/01\/triathlon-de-louhans-2\/462775638_1213087223065333_8923782909015182498_n\/\" data-orig-file=\"https:\/\/www.montceautriathlon.com\/blog\/wp-content\/uploads\/2024\/11\/462775638_1213087223065333_8923782909015182498_n.jpg\" data-orig-size=\"941,643\" data-comments-opened=\"1\" data-image-meta=\"{&quot;aperture&quot;:&quot;0&quot;,&quot;credit&quot;:&quot;&quot;,&quot;camera&quot;:&quot;&quot;,&quot;caption&quot;:&quot;&quot;,&quot;created_timestamp&quot;:&quot;0&quot;,&quot;copyright&quot;:&quot;&quot;,&quot;focal_length&quot;:&quot;0&quot;,&quot;iso&quot;:&quot;0&quot;,&quot;shutter_speed&quot;:&quot;0&quot;,&quot;title&quot;:&quot;&quot;,&quot;orientation&quot;:&quot;0&quot;}\" data-image-title=\"462775638_1213087223065333_8923782909015182498_n\" data-image-description=\"\" data-image-caption=\"\" data-medium-file=\"https:\/\/www.montceautriathlon.com\/blog\/wp-content\/uploads\/2024\/11\/462775638_1213087223065333_8923782909015182498_n-300x205.jpg\" data-large-file=\"https:\/\/www.montceautriathlon.com\/blog\/wp-content\/uploads\/2024\/11\/462775638_1213087223065333_8923782909015182498_n.jpg\" loading=\"lazy\" width=\"941\" height=\"643\" src=\"https:\/\/www.montceautriathlon.com\/blog\/wp-content\/uploads\/2024\/11\/462775638_1213087223065333_8923782909015182498_n.jpg\" alt=\"\" data-id=\"7134\" data-full-url=\"https:\/\/www.montceautriathlon.com\/blog\/wp-content\/uploads\/2024\/11\/462775638_1213087223065333_8923782909015182498_n.jpg\" data-link=\"https:\/\/www.montceautriathlon.com\/blog\/?attachment_id=7134\" class=\"wp-image-7134\" srcset=\"https:\/\/www.montceautriathlon.com\/blog\/wp-content\/uploads\/2024\/11\/462775638_1213087223065333_8923782909015182498_n.jpg 941w, https:\/\/www.montceautriathlon.com\/blog\/wp-content\/uploads\/2024\/11\/462775638_1213087223065333_8923782909015182498_n-300x205.jpg 300w, https:\/\/www.montceautriathlon.com\/blog\/wp-content\/uploads\/2024\/11\/462775638_1213087223065333_8923782909015182498_n-768x525.jpg 768w\" sizes=\"(max-width: 941px) 100vw, 941px\" \/><\/a><\/figure><\/li><\/ul><\/figure>\n\n\n\n<p><\/p>\n","protected":false},"excerpt":{"rendered":"<p>Les montcelliens ont fait le d\u00e9placement pour le dernier triathlon bourguignon de la saison \u00e0 Louhans. Voici les r\u00e9sultats de nos triathl\u00e8tes sur les diff\u00e9rentes courses : Sur le format S : en relais les \u00ab Run &amp; Cycling 71 \u00bb avec Arnaud Rondier en nageur montent sur la plus haute marche du podium avec [&hellip;]<\/p>\n","protected":false},"author":7,"featured_media":7132,"comment_status":"open","ping_status":"open","sticky":false,"template":"","format":"standard","meta":{"spay_email":"","jetpack_publicize_message":"","jetpack_is_tweetstorm":false},"categories":[1],"tags":[],"jetpack_featured_media_url":"https:\/\/www.montceautriathlon.com\/blog\/wp-content\/uploads\/2024\/11\/462960282_1213087916398597_6865351226409572743_n.jpg","jetpack_publicize_connections":[],"jetpack_sharing_enabled":true,"jetpack_shortlink":"https:\/\/wp.me\/p8bwIy-1R0","jetpack-related-posts":[{"id":8325,"url":"https:\/\/www.montceautriathlon.com\/blog\/2025\/10\/20\/week-end-du-11-12-octobre-la-bourbonienne-octobre-rose-triathlon-de-louhans\/","url_meta":{"origin":7130,"position":0},"title":"Week end du 11\/12 octobre: la Bourbonienne, octobre rose, triathlon de Louhans","date":"20 octobre 2025","format":false,"excerpt":"Th\u00e9o Michon, Eric et Fabienne Vaudelin se sont lanc\u00e9s sur les parcours exigeants en nocturne de la Bourbonienne. Sur le 10km Eric termine 16e en 44min22, Th\u00e9o est 42e en 48min46. Fabienne termine les 5km en 29min, se classe 29e au scratch et 1e M5. En mode rando gourmande, Sandrine,\u2026","rel":"","context":"Dans &quot;Non class\u00e9&quot;","img":{"alt_text":"","src":"https:\/\/i1.wp.com\/www.montceautriathlon.com\/blog\/wp-content\/uploads\/2025\/10\/20251012_122053-scaled.jpg?resize=350%2C200&ssl=1","width":350,"height":200},"classes":[]},{"id":5395,"url":"https:\/\/www.montceautriathlon.com\/blog\/2022\/10\/15\/9-octobre-1er-triathlon-bressan-montceau-triathlon-a-decouvert-cette-nouvelle-epreuve-10-km-de-dole-pascal-sur-le-podium\/","url_meta":{"origin":7130,"position":1},"title":"9 octobre, 1er triathlon bressan : Montceau Triathlon a d\u00e9couvert cette nouvelle \u00e9preuve.                                                          10 km de D\u00f4le : Pascal sur le podium.","date":"15 octobre 2022","format":false,"excerpt":"Le Club Nautique de Louhans organisait le week-end dernier son premier triathlon avec natation en piscine. Course classique pour les J1 et J2 et contre la montre individuel pour les courses S et XS. Quelques podiums pour les jeunes et premi\u00e8re comp\u00e9tition sous les couleurs du club pour Simon Devoille\u2026","rel":"","context":"Dans &quot;Non class\u00e9&quot;","img":{"alt_text":"","src":"https:\/\/i0.wp.com\/www.montceautriathlon.com\/blog\/wp-content\/uploads\/2022\/10\/IMG-20221010-WA0004.jpg?resize=350%2C200&ssl=1","width":350,"height":200},"classes":[]},{"id":6294,"url":"https:\/\/www.montceautriathlon.com\/blog\/2023\/10\/11\/triathlon-de-louhans\/","url_meta":{"origin":7130,"position":2},"title":"Triathlon de Louhans","date":"11 octobre 2023","format":false,"excerpt":"Les triathl\u00e8tes montcelliens se sont retrouv\u00e9s pour la derni\u00e8re \u00e9preuve de la saison \u00e0 Louhans. Ils ont nag\u00e9 dans la piscine de Louhans puis ont pu p\u00e9daler et courir sous un beau soleil. Voici les r\u00e9sultats des diff\u00e9rentes \u00e9preuves: Course 6\/9 ans: Jules Vendramini termine 8e au scratch et 6e\u2026","rel":"","context":"Dans &quot;Non class\u00e9&quot;","img":{"alt_text":"","src":"https:\/\/i2.wp.com\/www.montceautriathlon.com\/blog\/wp-content\/uploads\/2023\/10\/IMG-20231009-WA0004.jpg?resize=350%2C200&ssl=1","width":350,"height":200},"classes":[]},{"id":8692,"url":"https:\/\/www.montceautriathlon.com\/blog\/2026\/03\/18\/les-class-triathlon-interclubs\/","url_meta":{"origin":7130,"position":3},"title":"Les class triathlon interclubs","date":"18 mars 2026","format":false,"excerpt":"Le dimanche 1r mars, Montceau triathlon et le Comit\u00e9 d\u00e9partemental de triathlon organisait \u00e0 Montceau les class triathlon interclubs. Les jeunes des clubs de Macon, Bourbon Lancy, Chalon sur Saone, Louhans, Autun, Beaune et Montceau sont venus pour faire leurs meilleurs temps en course \u00e0 pieds et en natation. F\u00e9licitations\u2026","rel":"","context":"Dans &quot;Non class\u00e9&quot;","img":{"alt_text":"","src":"https:\/\/i2.wp.com\/www.montceautriathlon.com\/blog\/wp-content\/uploads\/2026\/03\/643581209_18334296373301262_5429731650827311407_n.jpg?resize=350%2C200&ssl=1","width":350,"height":200},"classes":[]},{"id":4485,"url":"https:\/\/www.montceautriathlon.com\/blog\/2021\/09\/14\/triathlon-dauxonne-pas-une-course-a-lechalote-mais-une-course-aux-petits-oignons\/","url_meta":{"origin":7130,"position":4},"title":"Triathlon d&rsquo;Auxonne : pas une course \u00e0 l&rsquo;\u00e9chalote ! Mais une course aux petits oignons !","date":"14 septembre 2021","format":false,"excerpt":"Joli d\u00e9placement du Club \u00e0 Auxonne ce dimanche ! L'\u00e9cole de tri avec de bons r\u00e9sultats ! Un Titouan Rondier encore dominateur en J2, Une Berteline toujours bien pr\u00e9sente sur la plus haute marche en J1 f\u00e9minine et petit oignon sur le g\u00e2teau, la qualification de Jeanne Rondier aux France\u2026","rel":"","context":"Dans &quot;Non class\u00e9&quot;","img":{"alt_text":"","src":"https:\/\/i0.wp.com\/www.montceautriathlon.com\/blog\/wp-content\/uploads\/2021\/09\/auxonne-6.jpg?resize=350%2C200&ssl=1","width":350,"height":200},"classes":[]},{"id":7030,"url":"https:\/\/www.montceautriathlon.com\/blog\/2024\/09\/17\/triathlon-de-chalon-sur-saone\/","url_meta":{"origin":7130,"position":5},"title":"Triathlon de Chalon-Sur-Saone","date":"17 septembre 2024","format":false,"excerpt":"SUR LA COURSE JEUNE 1: Come Pradier, se classe 8e, 6e Po en 9\u201950 Eliott Rondier fini 17e, 11e Po en 11\u201918 SUR LA COURSE JEUNE 2: Axelle Da Eira prend la 19e position, 5eBe, en 22\u201956 Jules Vinck, 27e, 4ePu en 24\u2019 Jules Vendramini, 37e, 12e Pu en 25\u201933\u2026","rel":"","context":"Dans &quot;Non class\u00e9&quot;","img":{"alt_text":"","src":"https:\/\/i2.wp.com\/www.montceautriathlon.com\/blog\/wp-content\/uploads\/2024\/09\/458117778_1184794572561265_2187860429831655496_n.jpg?resize=350%2C200&ssl=1","width":350,"height":200},"classes":[]}],"_links":{"self":[{"href":"https:\/\/www.montceautriathlon.com\/blog\/wp-json\/wp\/v2\/posts\/7130"}],"collection":[{"href":"https:\/\/www.montceautriathlon.com\/blog\/wp-json\/wp\/v2\/posts"}],"about":[{"href":"https:\/\/www.montceautriathlon.com\/blog\/wp-json\/wp\/v2\/types\/post"}],"author":[{"embeddable":true,"href":"https:\/\/www.montceautriathlon.com\/blog\/wp-json\/wp\/v2\/users\/7"}],"replies":[{"embeddable":true,"href":"https:\/\/www.montceautriathlon.com\/blog\/wp-json\/wp\/v2\/comments?post=7130"}],"version-history":[{"count":2,"href":"https:\/\/www.montceautriathlon.com\/blog\/wp-json\/wp\/v2\/posts\/7130\/revisions"}],"predecessor-version":[{"id":7135,"href":"https:\/\/www.montceautriathlon.com\/blog\/wp-json\/wp\/v2\/posts\/7130\/revisions\/7135"}],"wp:featuredmedia":[{"embeddable":true,"href":"https:\/\/www.montceautriathlon.com\/blog\/wp-json\/wp\/v2\/media\/7132"}],"wp:attachment":[{"href":"https:\/\/www.montceautriathlon.com\/blog\/wp-json\/wp\/v2\/media?parent=7130"}],"wp:term":[{"taxonomy":"category","embeddable":true,"href":"https:\/\/www.montceautriathlon.com\/blog\/wp-json\/wp\/v2\/categories?post=7130"},{"taxonomy":"post_tag","embeddable":true,"href":"https:\/\/www.montceautriathlon.com\/blog\/wp-json\/wp\/v2\/tags?post=7130"}],"curies":[{"name":"wp","href":"https:\/\/api.w.org\/{rel}","templated":true}]}}