{"id":7121,"date":"2024-12-01T12:35:53","date_gmt":"2024-12-01T11:35:53","guid":{"rendered":"https:\/\/www.montceautriathlon.com\/blog\/?p=7121"},"modified":"2024-12-01T12:37:16","modified_gmt":"2024-12-01T11:37:16","slug":"inauguration","status":"publish","type":"post","link":"https:\/\/www.montceautriathlon.com\/blog\/2024\/12\/01\/inauguration\/","title":{"rendered":"Inauguration"},"content":{"rendered":"\n<p>Le vendredi 11 octobre,nous avons \u00e9t\u00e9 re\u00e7u chez Volkswagen Suma \u00e0 Montceau les Mines pour l\u2019inauguration de notre tout nouveau MINIBUS <\/p>\n\n\n\n<p>Autour d\u2019un pot de l\u2019amiti\u00e9 , nous avons invit\u00e9s nos partenaires \u00e0 venir d\u00e9couvrir , ce qui, gr\u00e2ce \u00e0 eux nous sera d\u2019une grande utilit\u00e9 pour nous d\u00e9placer sur les comp\u00e9titions locales, r\u00e9gionales et nationales. Ce camion sillonnera les routes  avec une priorit\u00e9 pour notre \u00e9cole de triathlon , et nous apportera une visibilit\u00e9 pour le club et tous les partenaires qui y figurent.<\/p>\n\n\n\n<p>Merci \u00e0 tous nos partenaires d\u2019avoir particip\u00e9 \u00e0 la concr\u00e9tisation de ce projet.<\/p>\n\n\n\n<figure class=\"wp-block-gallery columns-3 is-cropped\"><ul data-carousel-extra='{\"blog_id\":1,\"permalink\":\"https:\\\/\\\/www.montceautriathlon.com\\\/blog\\\/2024\\\/12\\\/01\\\/inauguration\\\/\"}' class=\"blocks-gallery-grid\"><li class=\"blocks-gallery-item\"><figure><a href=\"https:\/\/www.montceautriathlon.com\/blog\/wp-content\/uploads\/2024\/11\/462752828_1211475556559833_6046551744140944962_n-1024x768.jpg\"><img data-attachment-id=\"7122\" data-permalink=\"https:\/\/www.montceautriathlon.com\/blog\/2024\/12\/01\/inauguration\/462752828_1211475556559833_6046551744140944962_n\/\" data-orig-file=\"https:\/\/www.montceautriathlon.com\/blog\/wp-content\/uploads\/2024\/11\/462752828_1211475556559833_6046551744140944962_n.jpg\" data-orig-size=\"2048,1536\" data-comments-opened=\"1\" data-image-meta=\"{&quot;aperture&quot;:&quot;0&quot;,&quot;credit&quot;:&quot;&quot;,&quot;camera&quot;:&quot;&quot;,&quot;caption&quot;:&quot;&quot;,&quot;created_timestamp&quot;:&quot;0&quot;,&quot;copyright&quot;:&quot;&quot;,&quot;focal_length&quot;:&quot;0&quot;,&quot;iso&quot;:&quot;0&quot;,&quot;shutter_speed&quot;:&quot;0&quot;,&quot;title&quot;:&quot;&quot;,&quot;orientation&quot;:&quot;0&quot;}\" data-image-title=\"462752828_1211475556559833_6046551744140944962_n\" data-image-description=\"\" data-image-caption=\"\" data-medium-file=\"https:\/\/www.montceautriathlon.com\/blog\/wp-content\/uploads\/2024\/11\/462752828_1211475556559833_6046551744140944962_n-300x225.jpg\" data-large-file=\"https:\/\/www.montceautriathlon.com\/blog\/wp-content\/uploads\/2024\/11\/462752828_1211475556559833_6046551744140944962_n-1024x768.jpg\" loading=\"lazy\" width=\"1024\" height=\"768\" src=\"https:\/\/www.montceautriathlon.com\/blog\/wp-content\/uploads\/2024\/11\/462752828_1211475556559833_6046551744140944962_n-1024x768.jpg\" alt=\"\" data-id=\"7122\" data-link=\"https:\/\/www.montceautriathlon.com\/blog\/?attachment_id=7122\" class=\"wp-image-7122\" srcset=\"https:\/\/www.montceautriathlon.com\/blog\/wp-content\/uploads\/2024\/11\/462752828_1211475556559833_6046551744140944962_n-1024x768.jpg 1024w, https:\/\/www.montceautriathlon.com\/blog\/wp-content\/uploads\/2024\/11\/462752828_1211475556559833_6046551744140944962_n-300x225.jpg 300w, https:\/\/www.montceautriathlon.com\/blog\/wp-content\/uploads\/2024\/11\/462752828_1211475556559833_6046551744140944962_n-768x576.jpg 768w, https:\/\/www.montceautriathlon.com\/blog\/wp-content\/uploads\/2024\/11\/462752828_1211475556559833_6046551744140944962_n-1536x1152.jpg 1536w, https:\/\/www.montceautriathlon.com\/blog\/wp-content\/uploads\/2024\/11\/462752828_1211475556559833_6046551744140944962_n.jpg 2048w\" sizes=\"(max-width: 1024px) 100vw, 1024px\" \/><\/a><\/figure><\/li><li class=\"blocks-gallery-item\"><figure><a href=\"https:\/\/www.montceautriathlon.com\/blog\/wp-content\/uploads\/2024\/11\/462777476_1211475569893165_1818176285910231304_n-768x1024.jpg\"><img data-attachment-id=\"7123\" data-permalink=\"https:\/\/www.montceautriathlon.com\/blog\/2024\/12\/01\/inauguration\/462777476_1211475569893165_1818176285910231304_n\/\" data-orig-file=\"https:\/\/www.montceautriathlon.com\/blog\/wp-content\/uploads\/2024\/11\/462777476_1211475569893165_1818176285910231304_n.jpg\" data-orig-size=\"1536,2048\" data-comments-opened=\"1\" data-image-meta=\"{&quot;aperture&quot;:&quot;0&quot;,&quot;credit&quot;:&quot;&quot;,&quot;camera&quot;:&quot;&quot;,&quot;caption&quot;:&quot;&quot;,&quot;created_timestamp&quot;:&quot;0&quot;,&quot;copyright&quot;:&quot;&quot;,&quot;focal_length&quot;:&quot;0&quot;,&quot;iso&quot;:&quot;0&quot;,&quot;shutter_speed&quot;:&quot;0&quot;,&quot;title&quot;:&quot;&quot;,&quot;orientation&quot;:&quot;0&quot;}\" data-image-title=\"462777476_1211475569893165_1818176285910231304_n\" data-image-description=\"\" data-image-caption=\"\" data-medium-file=\"https:\/\/www.montceautriathlon.com\/blog\/wp-content\/uploads\/2024\/11\/462777476_1211475569893165_1818176285910231304_n-225x300.jpg\" data-large-file=\"https:\/\/www.montceautriathlon.com\/blog\/wp-content\/uploads\/2024\/11\/462777476_1211475569893165_1818176285910231304_n-768x1024.jpg\" loading=\"lazy\" width=\"768\" height=\"1024\" src=\"https:\/\/www.montceautriathlon.com\/blog\/wp-content\/uploads\/2024\/11\/462777476_1211475569893165_1818176285910231304_n-768x1024.jpg\" alt=\"\" data-id=\"7123\" data-link=\"https:\/\/www.montceautriathlon.com\/blog\/?attachment_id=7123\" class=\"wp-image-7123\" srcset=\"https:\/\/www.montceautriathlon.com\/blog\/wp-content\/uploads\/2024\/11\/462777476_1211475569893165_1818176285910231304_n-768x1024.jpg 768w, https:\/\/www.montceautriathlon.com\/blog\/wp-content\/uploads\/2024\/11\/462777476_1211475569893165_1818176285910231304_n-225x300.jpg 225w, https:\/\/www.montceautriathlon.com\/blog\/wp-content\/uploads\/2024\/11\/462777476_1211475569893165_1818176285910231304_n-1152x1536.jpg 1152w, https:\/\/www.montceautriathlon.com\/blog\/wp-content\/uploads\/2024\/11\/462777476_1211475569893165_1818176285910231304_n.jpg 1536w\" sizes=\"(max-width: 768px) 100vw, 768px\" \/><\/a><\/figure><\/li><li class=\"blocks-gallery-item\"><figure><a href=\"https:\/\/www.montceautriathlon.com\/blog\/wp-content\/uploads\/2024\/11\/462961264_1211475656559823_6826113971447834309_n.jpg\"><img data-attachment-id=\"7125\" data-permalink=\"https:\/\/www.montceautriathlon.com\/blog\/2024\/12\/01\/inauguration\/462961264_1211475656559823_6826113971447834309_n\/\" data-orig-file=\"https:\/\/www.montceautriathlon.com\/blog\/wp-content\/uploads\/2024\/11\/462961264_1211475656559823_6826113971447834309_n.jpg\" data-orig-size=\"1536,2048\" data-comments-opened=\"1\" data-image-meta=\"{&quot;aperture&quot;:&quot;0&quot;,&quot;credit&quot;:&quot;&quot;,&quot;camera&quot;:&quot;&quot;,&quot;caption&quot;:&quot;&quot;,&quot;created_timestamp&quot;:&quot;0&quot;,&quot;copyright&quot;:&quot;&quot;,&quot;focal_length&quot;:&quot;0&quot;,&quot;iso&quot;:&quot;0&quot;,&quot;shutter_speed&quot;:&quot;0&quot;,&quot;title&quot;:&quot;&quot;,&quot;orientation&quot;:&quot;0&quot;}\" data-image-title=\"462961264_1211475656559823_6826113971447834309_n\" data-image-description=\"\" data-image-caption=\"\" data-medium-file=\"https:\/\/www.montceautriathlon.com\/blog\/wp-content\/uploads\/2024\/11\/462961264_1211475656559823_6826113971447834309_n-225x300.jpg\" data-large-file=\"https:\/\/www.montceautriathlon.com\/blog\/wp-content\/uploads\/2024\/11\/462961264_1211475656559823_6826113971447834309_n-768x1024.jpg\" loading=\"lazy\" width=\"768\" height=\"1024\" src=\"https:\/\/www.montceautriathlon.com\/blog\/wp-content\/uploads\/2024\/11\/462961264_1211475656559823_6826113971447834309_n-768x1024.jpg\" alt=\"\" data-id=\"7125\" data-full-url=\"https:\/\/www.montceautriathlon.com\/blog\/wp-content\/uploads\/2024\/11\/462961264_1211475656559823_6826113971447834309_n.jpg\" data-link=\"https:\/\/www.montceautriathlon.com\/blog\/?attachment_id=7125\" class=\"wp-image-7125\" srcset=\"https:\/\/www.montceautriathlon.com\/blog\/wp-content\/uploads\/2024\/11\/462961264_1211475656559823_6826113971447834309_n-768x1024.jpg 768w, https:\/\/www.montceautriathlon.com\/blog\/wp-content\/uploads\/2024\/11\/462961264_1211475656559823_6826113971447834309_n-225x300.jpg 225w, https:\/\/www.montceautriathlon.com\/blog\/wp-content\/uploads\/2024\/11\/462961264_1211475656559823_6826113971447834309_n-1152x1536.jpg 1152w, https:\/\/www.montceautriathlon.com\/blog\/wp-content\/uploads\/2024\/11\/462961264_1211475656559823_6826113971447834309_n.jpg 1536w\" sizes=\"(max-width: 768px) 100vw, 768px\" \/><\/a><\/figure><\/li><\/ul><\/figure>\n","protected":false},"excerpt":{"rendered":"<p>Le vendredi 11 octobre,nous avons \u00e9t\u00e9 re\u00e7u chez Volkswagen Suma \u00e0 Montceau les Mines pour l\u2019inauguration de notre tout nouveau MINIBUS Autour d\u2019un pot de l\u2019amiti\u00e9 , nous avons invit\u00e9s nos partenaires \u00e0 venir d\u00e9couvrir , ce qui, gr\u00e2ce \u00e0 eux nous sera d\u2019une grande utilit\u00e9 pour nous d\u00e9placer sur les comp\u00e9titions locales, r\u00e9gionales et [&hellip;]<\/p>\n","protected":false},"author":7,"featured_media":7122,"comment_status":"open","ping_status":"open","sticky":false,"template":"","format":"standard","meta":{"spay_email":"","jetpack_publicize_message":"","jetpack_is_tweetstorm":false},"categories":[1],"tags":[],"jetpack_featured_media_url":"https:\/\/www.montceautriathlon.com\/blog\/wp-content\/uploads\/2024\/11\/462752828_1211475556559833_6046551744140944962_n.jpg","jetpack_publicize_connections":[],"jetpack_sharing_enabled":true,"jetpack_shortlink":"https:\/\/wp.me\/p8bwIy-1QR","jetpack-related-posts":[{"id":7265,"url":"https:\/\/www.montceautriathlon.com\/blog\/2024\/12\/23\/assemblee-generale\/","url_meta":{"origin":7121,"position":0},"title":"Assembl\u00e9e G\u00e9n\u00e9rale","date":"23 d\u00e9cembre 2024","format":false,"excerpt":"Pour rappel, vendredi 13 d\u00e9cembre a eu lieu notre assembl\u00e9e g\u00e9n\u00e9rale. Voici les points importants qui ont \u00e9t\u00e9 \u00e9voqu\u00e9s durant ce rassemblement , une fois les rapports moraux , financiers \u2026 approuv\u00e9s 2024 a \u00e9t\u00e9 riche en projet notamment l\u2019achat de notre MINIBUS qui nous sert d\u00e9j\u00e0 \u00e0 emmener nos\u2026","rel":"","context":"Dans &quot;Non class\u00e9&quot;","img":{"alt_text":"","src":"https:\/\/i0.wp.com\/www.montceautriathlon.com\/blog\/wp-content\/uploads\/2024\/12\/470240773_1256744798699575_4421158001058668398_n.jpg?resize=350%2C200&ssl=1","width":350,"height":200},"classes":[]},{"id":8515,"url":"https:\/\/www.montceautriathlon.com\/blog\/2025\/12\/05\/relevez-le-defi\/","url_meta":{"origin":7121,"position":1},"title":"Relevez le d\u00e9fi!","date":"5 d\u00e9cembre 2025","format":false,"excerpt":"Montceau Triathlon vous lance un challenge : 24 heures de v\u00e9lo sur home-trainer, pour parcourir un maximum de kilom\u00e8tres au profit du T\u00e9l\u00e9thon ! Que vous soyez licenci\u00e9 du club, passionn\u00e9 de sport, simple curieux ou juste quelqu\u2019un qui souhaite faire une bonne action, vous \u00eates les bienvenus! Pas besoin\u2026","rel":"","context":"Dans &quot;Non class\u00e9&quot;","img":{"alt_text":"","src":"https:\/\/i0.wp.com\/www.montceautriathlon.com\/blog\/wp-content\/uploads\/2025\/12\/telethon.jpg?resize=350%2C200&ssl=1","width":350,"height":200},"classes":[]},{"id":2742,"url":"https:\/\/www.montceautriathlon.com\/blog\/2019\/04\/03\/annulation-swimrun-de-la-pyramide-du-2-juin\/","url_meta":{"origin":7121,"position":2},"title":"ANNULATION SWIMRUN  DE LA PYRAMIDE DU 2 JUIN","date":"3 avril 2019","format":false,"excerpt":"Malgr\u00e9 toutes nos tentatives et de nombreux rendez-vous, nous n\u2019avons pas r\u00e9ussi \u00e0 obtenir toutes les autorisations n\u00e9cessaires \u00e0 l\u2019organisation de notre Swimrun de la Pyramide pr\u00e9vu le 2 juin et c\u2019est avec grand regret que nous devons renoncer ! Malgr\u00e9 tout et apr\u00e8s d\u00e9lib\u00e9ration du comit\u00e9 directeur, nous avons\u2026","rel":"","context":"Dans &quot;Non class\u00e9&quot;","img":{"alt_text":"","src":"","width":0,"height":0},"classes":[]},{"id":1298,"url":"https:\/\/www.montceautriathlon.com\/blog\/2017\/06\/07\/finale-du-championnat-de-france-jeunes-de-triathlon-samedi-03-juin-2017\/","url_meta":{"origin":7121,"position":3},"title":"Finale du championnat de France Jeunes de Triathlon (Samedi 03 juin 2017)","date":"7 juin 2017","format":false,"excerpt":"Ce week-end avait lieu les\u00a0championnats de France Jeunes de Triathlon qui se d\u00e9roulaient \u00e0 Pierrelatte et organis\u00e9s par\u00a0le Tricastin Triathlon Club. Nous avions 3 jeunes triathl\u00e8tes qui ont repr\u00e9sent\u00e9 brillamment les couleurs de notre\u00a0club et\u00a0bravo \u00e0 eux ! Tous les r\u00e9sultats: Ludivine LEQUIN : 51\u00b0 \/ CAF \/ 01:10:10 Maryl\u00e8ne\u2026","rel":"","context":"Dans &quot;Non class\u00e9&quot;","img":{"alt_text":"","src":"","width":0,"height":0},"classes":[]},{"id":818,"url":"https:\/\/www.montceautriathlon.com\/blog\/2016\/09\/09\/resultats-du-triathlon-de-gerardmer-34-septembre-2016\/","url_meta":{"origin":7121,"position":4},"title":"R\u00e9sultats du triathlon de G\u00e9rardmer (3&#038;4 septembre 2016)","date":"9 septembre 2016","format":false,"excerpt":"Nous part\u00eemes 13 triathl\u00e8tes de la Team Montceau triathlon et par un prompt renfort de supporters nous nous v\u00eemes une arm\u00e9e... En effet, le jour J, 7 triathl\u00e8tes f\u00e9minines et 6 masculins ont pris le d\u00e9part du triathlon XL de G\u00e9rardmer. Pour certains et certaines, c'\u00e9tait le 1er triathlon longue\u2026","rel":"","context":"Dans &quot;Non class\u00e9&quot;","img":{"alt_text":"","src":"","width":0,"height":0},"classes":[]},{"id":4109,"url":"https:\/\/www.montceautriathlon.com\/blog\/2021\/05\/26\/aquathlon-ouverture-des-inscriptions\/","url_meta":{"origin":7121,"position":5},"title":"AQUATHLON : Ouverture des inscriptions","date":"26 mai 2021","format":false,"excerpt":"L'aquathlon, c'est dans un mois ! ce sera le premier aquathlon r\u00e9gional et la troisi\u00e8me comp\u00e9tition post confinement ! Et les inscriptions sont ouvertes depuis ce lundi 24 mai ! Pour les courses jeunes s\u00e9lectives au Championnat de France seulement pour le moment. Pour les courses open, attendre le lundi\u2026","rel":"","context":"Dans &quot;Non class\u00e9&quot;","img":{"alt_text":"","src":"https:\/\/i2.wp.com\/www.montceautriathlon.com\/blog\/wp-content\/uploads\/2021\/03\/affiche-aquathlon-couleur-avec-combine.jpg?resize=350%2C200&ssl=1","width":350,"height":200},"classes":[]}],"_links":{"self":[{"href":"https:\/\/www.montceautriathlon.com\/blog\/wp-json\/wp\/v2\/posts\/7121"}],"collection":[{"href":"https:\/\/www.montceautriathlon.com\/blog\/wp-json\/wp\/v2\/posts"}],"about":[{"href":"https:\/\/www.montceautriathlon.com\/blog\/wp-json\/wp\/v2\/types\/post"}],"author":[{"embeddable":true,"href":"https:\/\/www.montceautriathlon.com\/blog\/wp-json\/wp\/v2\/users\/7"}],"replies":[{"embeddable":true,"href":"https:\/\/www.montceautriathlon.com\/blog\/wp-json\/wp\/v2\/comments?post=7121"}],"version-history":[{"count":3,"href":"https:\/\/www.montceautriathlon.com\/blog\/wp-json\/wp\/v2\/posts\/7121\/revisions"}],"predecessor-version":[{"id":7146,"href":"https:\/\/www.montceautriathlon.com\/blog\/wp-json\/wp\/v2\/posts\/7121\/revisions\/7146"}],"wp:featuredmedia":[{"embeddable":true,"href":"https:\/\/www.montceautriathlon.com\/blog\/wp-json\/wp\/v2\/media\/7122"}],"wp:attachment":[{"href":"https:\/\/www.montceautriathlon.com\/blog\/wp-json\/wp\/v2\/media?parent=7121"}],"wp:term":[{"taxonomy":"category","embeddable":true,"href":"https:\/\/www.montceautriathlon.com\/blog\/wp-json\/wp\/v2\/categories?post=7121"},{"taxonomy":"post_tag","embeddable":true,"href":"https:\/\/www.montceautriathlon.com\/blog\/wp-json\/wp\/v2\/tags?post=7121"}],"curies":[{"name":"wp","href":"https:\/\/api.w.org\/{rel}","templated":true}]}}