{"id":7033,"date":"2024-09-17T09:57:52","date_gmt":"2024-09-17T08:57:52","guid":{"rendered":"https:\/\/www.montceautriathlon.com\/blog\/?p=7033"},"modified":"2024-09-17T09:57:56","modified_gmt":"2024-09-17T08:57:56","slug":"triathlon-de-gerardmer","status":"publish","type":"post","link":"https:\/\/www.montceautriathlon.com\/blog\/2024\/09\/17\/triathlon-de-gerardmer\/","title":{"rendered":"Triathlon de Gerardmer"},"content":{"rendered":"\n<p>Dans une ambiance folle , l\u2019\u00e9preuve XL s\u2019est d\u00e9roul\u00e9e en terrain Vosgien avec sur la start list 6 de nos athl\u00e8tes , tous pr\u00eats \u00e0 relever le d\u00e9fi <img loading=\"lazy\" height=\"16\" width=\"16\" alt=\"&#x1f525;\" src=\"https:\/\/static.xx.fbcdn.net\/images\/emoji.php\/v9\/t50\/1\/16\/1f525.png\"><img loading=\"lazy\" height=\"16\" width=\"16\" alt=\"&#x1f3c6;\" src=\"https:\/\/static.xx.fbcdn.net\/images\/emoji.php\/v9\/tbe\/1\/16\/1f3c6.png\">Mission r\u00e9ussi car les 6 soldats du jour sont tous finishers de cette superbe \u00e9preuve , aussi exigeante que dingue ! <\/p>\n\n\n\n<p><img loading=\"lazy\" height=\"16\" width=\"16\" alt=\"&#x27a1;&#xfe0f;\" src=\"https:\/\/static.xx.fbcdn.net\/images\/emoji.php\/v9\/t9e\/1\/16\/27a1.png\"> Benoit Thierry en pleine pr\u00e9paration d\u2019un triathlon longue distance au mont saint Michel, signe la meilleure performance du club en 5h57\u201935 <img loading=\"lazy\" height=\"16\" width=\"16\" alt=\"&#x1f44f;&#x1f3fc;\" src=\"https:\/\/static.xx.fbcdn.net\/images\/emoji.php\/v9\/t7a\/1\/16\/1f44f_1f3fc.png\"><\/p>\n\n\n\n<p><img loading=\"lazy\" height=\"16\" width=\"16\" alt=\"&#x27a1;&#xfe0f;\" src=\"https:\/\/static.xx.fbcdn.net\/images\/emoji.php\/v9\/t9e\/1\/16\/27a1.png\"> Mickael Verdu talonne de tr\u00e8s pr\u00e8s son camarade de club <img loading=\"lazy\" height=\"16\" width=\"16\" alt=\"&#x1f535;\" src=\"https:\/\/static.xx.fbcdn.net\/images\/emoji.php\/v9\/tef\/1\/16\/1f535.png\"><img loading=\"lazy\" height=\"16\" width=\"16\" alt=\"&#x1f534;\" src=\"https:\/\/static.xx.fbcdn.net\/images\/emoji.php\/v9\/t6e\/1\/16\/1f534.png\"> en franchissant la ligne en 5h57\u201942 <\/p>\n\n\n\n<p><img loading=\"lazy\" height=\"16\" width=\"16\" alt=\"&#x27a1;&#xfe0f;\" src=\"https:\/\/static.xx.fbcdn.net\/images\/emoji.php\/v9\/t9e\/1\/16\/27a1.png\">Pierre Vaury apr\u00e8s avoir pris le dossard de son papa sur blessure termine cette course en 6h08\u201939<img loading=\"lazy\" height=\"16\" width=\"16\" alt=\"&#x1f44f;&#x1f3fc;\" src=\"https:\/\/static.xx.fbcdn.net\/images\/emoji.php\/v9\/t7a\/1\/16\/1f44f_1f3fc.png\"><img loading=\"lazy\" height=\"16\" width=\"16\" alt=\"&#x1f525;\" src=\"https:\/\/static.xx.fbcdn.net\/images\/emoji.php\/v9\/t50\/1\/16\/1f525.png\"><\/p>\n\n\n\n<p><img loading=\"lazy\" height=\"16\" width=\"16\" alt=\"&#x27a1;&#xfe0f;\" src=\"https:\/\/static.xx.fbcdn.net\/images\/emoji.php\/v9\/t9e\/1\/16\/27a1.png\"> Catherine Piter , premi\u00e8re repr\u00e9sentante f\u00e9minine du club passe l\u2019arche d\u2019arriv\u00e9 en 6h53\u201955 <img loading=\"lazy\" height=\"16\" width=\"16\" alt=\"&#x1f3c1;\" src=\"https:\/\/static.xx.fbcdn.net\/images\/emoji.php\/v9\/t39\/1\/16\/1f3c1.png\"><\/p>\n\n\n\n<p><img loading=\"lazy\" height=\"16\" width=\"16\" alt=\"&#x27a1;&#xfe0f;\" src=\"https:\/\/static.xx.fbcdn.net\/images\/emoji.php\/v9\/t9e\/1\/16\/27a1.png\"> Christophe Delblouwe, malgres une douleur persistante en CAP est finisher en 7h12\u201953 , bravo \u00e0 lui <img loading=\"lazy\" height=\"16\" width=\"16\" alt=\"&#x1f4aa;&#x1f3fc;\" src=\"https:\/\/static.xx.fbcdn.net\/images\/emoji.php\/v9\/t68\/1\/16\/1f4aa_1f3fc.png\"><\/p>\n\n\n\n<p><img loading=\"lazy\" height=\"16\" width=\"16\" alt=\"&#x27a1;&#xfe0f;\" src=\"https:\/\/static.xx.fbcdn.net\/images\/emoji.php\/v9\/t9e\/1\/16\/27a1.png\"> Isabelle Vaury, prend la <img loading=\"lazy\" height=\"16\" width=\"16\" alt=\"&#x1f949;\" src=\"https:\/\/static.xx.fbcdn.net\/images\/emoji.php\/v9\/t96\/1\/16\/1f949.png\">place de sa cat\u00e9gorie d\u2019\u00e2ge en 8h28\u201910 <img loading=\"lazy\" height=\"16\" width=\"16\" alt=\"&#x1f44f;&#x1f3fc;\" src=\"https:\/\/static.xx.fbcdn.net\/images\/emoji.php\/v9\/t7a\/1\/16\/1f44f_1f3fc.png\"><\/p>\n","protected":false},"excerpt":{"rendered":"<p>Dans une ambiance folle , l\u2019\u00e9preuve XL s\u2019est d\u00e9roul\u00e9e en terrain Vosgien avec sur la start list 6 de nos athl\u00e8tes , tous pr\u00eats \u00e0 relever le d\u00e9fi Mission r\u00e9ussi car les 6 soldats du jour sont tous finishers de cette superbe \u00e9preuve , aussi exigeante que dingue ! Benoit Thierry en pleine pr\u00e9paration d\u2019un [&hellip;]<\/p>\n","protected":false},"author":8,"featured_media":7034,"comment_status":"open","ping_status":"open","sticky":false,"template":"","format":"standard","meta":{"spay_email":"","jetpack_publicize_message":"","jetpack_is_tweetstorm":false},"categories":[1],"tags":[],"jetpack_featured_media_url":"https:\/\/www.montceautriathlon.com\/blog\/wp-content\/uploads\/2024\/09\/458794548_1188013298906059_7843769885833819135_n.jpg","jetpack_publicize_connections":[],"jetpack_sharing_enabled":true,"jetpack_shortlink":"https:\/\/wp.me\/p8bwIy-1Pr","jetpack-related-posts":[{"id":658,"url":"https:\/\/www.montceautriathlon.com\/blog\/2016\/06\/14\/resultats-du-triathlon-dautun-12-juin-2016\/","url_meta":{"origin":7033,"position":0},"title":"R\u00e9sultats du triathlon d&rsquo;Autun (12 juin 2016)","date":"14 juin 2016","format":false,"excerpt":"Malgr\u00e9 une m\u00e9t\u00e9o capricieuse, nos triathl\u00e8tes sont venus en nombre et se sont brillamment illustr\u00e9s. A cette occasion, le triathlon d'Autun \u00e9tait support des championnats de notre ligue de triathlon, ce qui a permis \u00e0 Ludivine (Cadette) et Maryl\u00e8ne (Juinor F) de s'emparer chacune, du titre de championne de Bourgogne\u2026","rel":"","context":"Dans &quot;Non class\u00e9&quot;","img":{"alt_text":"","src":"","width":0,"height":0},"classes":[]},{"id":1298,"url":"https:\/\/www.montceautriathlon.com\/blog\/2017\/06\/07\/finale-du-championnat-de-france-jeunes-de-triathlon-samedi-03-juin-2017\/","url_meta":{"origin":7033,"position":1},"title":"Finale du championnat de France Jeunes de Triathlon (Samedi 03 juin 2017)","date":"7 juin 2017","format":false,"excerpt":"Ce week-end avait lieu les\u00a0championnats de France Jeunes de Triathlon qui se d\u00e9roulaient \u00e0 Pierrelatte et organis\u00e9s par\u00a0le Tricastin Triathlon Club. Nous avions 3 jeunes triathl\u00e8tes qui ont repr\u00e9sent\u00e9 brillamment les couleurs de notre\u00a0club et\u00a0bravo \u00e0 eux ! Tous les r\u00e9sultats: Ludivine LEQUIN : 51\u00b0 \/ CAF \/ 01:10:10 Maryl\u00e8ne\u2026","rel":"","context":"Dans &quot;Non class\u00e9&quot;","img":{"alt_text":"","src":"","width":0,"height":0},"classes":[]},{"id":722,"url":"https:\/\/www.montceautriathlon.com\/blog\/2016\/07\/01\/resultats-du-triathlon-du-lac-st-point-26-juin-2016\/","url_meta":{"origin":7033,"position":2},"title":"R\u00e9sultats du Triathlon du Lac St Point (26 juin 2016)","date":"1 juillet 2016","format":false,"excerpt":"Tous les r\u00e9sultats: Avenir 1 Avenir 2 S F\u00e9minin S Relais F\u00e9minin S Masculin S Relais Masculin M individuel M Relais","rel":"","context":"Dans &quot;Non class\u00e9&quot;","img":{"alt_text":"","src":"https:\/\/i2.wp.com\/www.montceautriathlon.com\/blog\/wp-content\/uploads\/2016\/07\/Affiche_Triathlon_Lac_St_Point_2016.png?resize=350%2C200&ssl=1","width":350,"height":200},"classes":[]},{"id":707,"url":"https:\/\/www.montceautriathlon.com\/blog\/2016\/07\/01\/resultats-du-triathlon-de-dijon-25-26-juin-2016\/","url_meta":{"origin":7033,"position":3},"title":"R\u00e9sultats du Triathlon de Dijon (25-26 juin 2016)","date":"1 juillet 2016","format":false,"excerpt":"Tous les r\u00e9sultats: Poussins-Pupilles Benjamins Minimes S Individuel L Individuel L Relais","rel":"","context":"Dans &quot;Non class\u00e9&quot;","img":{"alt_text":"","src":"https:\/\/i2.wp.com\/www.montceautriathlon.com\/blog\/wp-content\/uploads\/2016\/06\/Triathlon_Dijon_2016.jpg?resize=350%2C200&ssl=1","width":350,"height":200},"classes":[]},{"id":736,"url":"https:\/\/www.montceautriathlon.com\/blog\/2016\/07\/05\/resultats-du-1ier-triathlon-de-langres-03-juillet-2016\/","url_meta":{"origin":7033,"position":4},"title":"R\u00e9sultats du 1ier Triathlon de Langres (03 juillet 2016)","date":"5 juillet 2016","format":false,"excerpt":"C'\u00e9tait la 1ere \u00e9dition pour ce triathlon nature de Langres, avec un beau soleil et une belle ambiance ... Le club de Montceau Triathlon \u00e9tait au rendez-vous sur le M avec Nadine DORME et Sandrine GHESQUIERE en individuel et en relais pour Ir\u00e8ne VULIN et Jean Jacques BOULAY (malheureusement abandon\u2026","rel":"","context":"Dans &quot;slide show&quot;","img":{"alt_text":"","src":"https:\/\/i2.wp.com\/www.montceautriathlon.com\/blog\/wp-content\/uploads\/2016\/07\/triathlon-langres.jpg?resize=350%2C200&ssl=1","width":350,"height":200},"classes":[]},{"id":555,"url":"https:\/\/www.montceautriathlon.com\/blog\/2016\/05\/30\/resultats-du-triathlon-de-bourbon\/","url_meta":{"origin":7033,"position":5},"title":"R\u00e9sultats du triathlon de Bourbon Lancy (29 mai 2016)","date":"30 mai 2016","format":false,"excerpt":"Belle participation de notre club sur le premier triathlon S de la r\u00e9gion, avec au moins 20 class\u00e9s sur 154 participants. Il y a eu de tr\u00e8s belles performances de nos jeunes, \u00e0 1 semaine des France, de nos plus jeunes avec plusieurs podiums et de nos moins jeunes avec\u2026","rel":"","context":"Dans &quot;slide show&quot;","img":{"alt_text":"","src":"https:\/\/i2.wp.com\/www.montceautriathlon.com\/blog\/wp-content\/uploads\/2016\/05\/IMG_0635-2.jpg?resize=350%2C200&ssl=1","width":350,"height":200},"classes":[]}],"_links":{"self":[{"href":"https:\/\/www.montceautriathlon.com\/blog\/wp-json\/wp\/v2\/posts\/7033"}],"collection":[{"href":"https:\/\/www.montceautriathlon.com\/blog\/wp-json\/wp\/v2\/posts"}],"about":[{"href":"https:\/\/www.montceautriathlon.com\/blog\/wp-json\/wp\/v2\/types\/post"}],"author":[{"embeddable":true,"href":"https:\/\/www.montceautriathlon.com\/blog\/wp-json\/wp\/v2\/users\/8"}],"replies":[{"embeddable":true,"href":"https:\/\/www.montceautriathlon.com\/blog\/wp-json\/wp\/v2\/comments?post=7033"}],"version-history":[{"count":1,"href":"https:\/\/www.montceautriathlon.com\/blog\/wp-json\/wp\/v2\/posts\/7033\/revisions"}],"predecessor-version":[{"id":7035,"href":"https:\/\/www.montceautriathlon.com\/blog\/wp-json\/wp\/v2\/posts\/7033\/revisions\/7035"}],"wp:featuredmedia":[{"embeddable":true,"href":"https:\/\/www.montceautriathlon.com\/blog\/wp-json\/wp\/v2\/media\/7034"}],"wp:attachment":[{"href":"https:\/\/www.montceautriathlon.com\/blog\/wp-json\/wp\/v2\/media?parent=7033"}],"wp:term":[{"taxonomy":"category","embeddable":true,"href":"https:\/\/www.montceautriathlon.com\/blog\/wp-json\/wp\/v2\/categories?post=7033"},{"taxonomy":"post_tag","embeddable":true,"href":"https:\/\/www.montceautriathlon.com\/blog\/wp-json\/wp\/v2\/tags?post=7033"}],"curies":[{"name":"wp","href":"https:\/\/api.w.org\/{rel}","templated":true}]}}