{"id":7030,"date":"2024-09-17T09:50:19","date_gmt":"2024-09-17T08:50:19","guid":{"rendered":"https:\/\/www.montceautriathlon.com\/blog\/?p=7030"},"modified":"2024-09-17T09:50:23","modified_gmt":"2024-09-17T08:50:23","slug":"triathlon-de-chalon-sur-saone","status":"publish","type":"post","link":"https:\/\/www.montceautriathlon.com\/blog\/2024\/09\/17\/triathlon-de-chalon-sur-saone\/","title":{"rendered":"Triathlon de Chalon-Sur-Saone"},"content":{"rendered":"\n<p><img loading=\"lazy\" height=\"16\" width=\"16\" alt=\"&#x1f3c1;\" src=\"https:\/\/static.xx.fbcdn.net\/images\/emoji.php\/v9\/t39\/1\/16\/1f3c1.png\"> SUR LA COURSE JEUNE 1:<\/p>\n\n\n\n<p><img loading=\"lazy\" height=\"16\" width=\"16\" alt=\"&#x27a1;&#xfe0f;\" src=\"https:\/\/static.xx.fbcdn.net\/images\/emoji.php\/v9\/t9e\/1\/16\/27a1.png\"> Come Pradier, se classe 8e, 6e Po en 9\u201950<\/p>\n\n\n\n<p><img loading=\"lazy\" height=\"16\" width=\"16\" alt=\"&#x27a1;&#xfe0f;\" src=\"https:\/\/static.xx.fbcdn.net\/images\/emoji.php\/v9\/t9e\/1\/16\/27a1.png\"> Eliott Rondier fini 17e, 11e Po en 11\u201918<\/p>\n\n\n\n<p><img loading=\"lazy\" height=\"16\" width=\"16\" alt=\"&#x1f3c1;\" src=\"https:\/\/static.xx.fbcdn.net\/images\/emoji.php\/v9\/t39\/1\/16\/1f3c1.png\"> SUR LA COURSE JEUNE 2:<\/p>\n\n\n\n<p><img loading=\"lazy\" height=\"16\" width=\"16\" alt=\"&#x27a1;&#xfe0f;\" src=\"https:\/\/static.xx.fbcdn.net\/images\/emoji.php\/v9\/t9e\/1\/16\/27a1.png\"> Axelle Da Eira prend la 19e position, 5eBe, en 22\u201956<\/p>\n\n\n\n<p><img loading=\"lazy\" height=\"16\" width=\"16\" alt=\"&#x27a1;&#xfe0f;\" src=\"https:\/\/static.xx.fbcdn.net\/images\/emoji.php\/v9\/t9e\/1\/16\/27a1.png\"> Jules Vinck, 27e, 4ePu en 24\u2019<\/p>\n\n\n\n<p><img loading=\"lazy\" height=\"16\" width=\"16\" alt=\"&#x27a1;&#xfe0f;\" src=\"https:\/\/static.xx.fbcdn.net\/images\/emoji.php\/v9\/t9e\/1\/16\/27a1.png\"> Jules Vendramini, 37e, 12e Pu en 25\u201933<\/p>\n\n\n\n<p><img loading=\"lazy\" height=\"16\" width=\"16\" alt=\"&#x27a1;&#xfe0f;\" src=\"https:\/\/static.xx.fbcdn.net\/images\/emoji.php\/v9\/t9e\/1\/16\/27a1.png\"> Rachel Dugne , 65e, 13ePu en 29\u00b441<\/p>\n\n\n\n<p><img loading=\"lazy\" height=\"16\" width=\"16\" alt=\"&#x1f3c1;\" src=\"https:\/\/static.xx.fbcdn.net\/images\/emoji.php\/v9\/t39\/1\/16\/1f3c1.png\"> SUR LE XS CLM: <\/p>\n\n\n\n<p><img loading=\"lazy\" height=\"16\" width=\"16\" alt=\"&#x27a1;&#xfe0f;\" src=\"https:\/\/static.xx.fbcdn.net\/images\/emoji.php\/v9\/t9e\/1\/16\/27a1.png\">Joshua Vandaele 11e au scratch s\u2019offre la <img loading=\"lazy\" height=\"16\" width=\"16\" alt=\"&#x1f949;\" src=\"https:\/\/static.xx.fbcdn.net\/images\/emoji.php\/v9\/t96\/1\/16\/1f949.png\">place Cadet en 38\u201930<\/p>\n\n\n\n<p><img loading=\"lazy\" height=\"16\" width=\"16\" alt=\"&#x27a1;&#xfe0f;\" src=\"https:\/\/static.xx.fbcdn.net\/images\/emoji.php\/v9\/t9e\/1\/16\/27a1.png\">Laurent Beausoleil <img loading=\"lazy\" height=\"16\" width=\"16\" alt=\"&#x1f947;\" src=\"https:\/\/static.xx.fbcdn.net\/images\/emoji.php\/v9\/t94\/1\/16\/1f947.png\">V3 en 38\u201958<\/p>\n\n\n\n<p><img loading=\"lazy\" height=\"16\" width=\"16\" alt=\"&#x27a1;&#xfe0f;\" src=\"https:\/\/static.xx.fbcdn.net\/images\/emoji.php\/v9\/t9e\/1\/16\/27a1.png\">Titouan Rondier , 15e, 5e Mi en 39\u201916<\/p>\n\n\n\n<p><img loading=\"lazy\" height=\"16\" width=\"16\" alt=\"&#x27a1;&#xfe0f;\" src=\"https:\/\/static.xx.fbcdn.net\/images\/emoji.php\/v9\/t9e\/1\/16\/27a1.png\"> Celian Schaffer Fouel, 23e , 10eMi, en 40\u201956<\/p>\n\n\n\n<p><img loading=\"lazy\" height=\"16\" width=\"16\" alt=\"&#x27a1;&#xfe0f;\" src=\"https:\/\/static.xx.fbcdn.net\/images\/emoji.php\/v9\/t9e\/1\/16\/27a1.png\">Eliott Lhote,13eMien 42\u201941<\/p>\n\n\n\n<p><img loading=\"lazy\" height=\"16\" width=\"16\" alt=\"&#x27a1;&#xfe0f;\" src=\"https:\/\/static.xx.fbcdn.net\/images\/emoji.php\/v9\/t9e\/1\/16\/27a1.png\">43e Simon Devoile, 16eMi en 44\u201911<\/p>\n\n\n\n<p><img loading=\"lazy\" height=\"16\" width=\"16\" alt=\"&#x27a1;&#xfe0f;\" src=\"https:\/\/static.xx.fbcdn.net\/images\/emoji.php\/v9\/t9e\/1\/16\/27a1.png\">Jean-Luc Bonnetain termine 50e , <img loading=\"lazy\" height=\"16\" width=\"16\" alt=\"&#x1f949;\" src=\"https:\/\/static.xx.fbcdn.net\/images\/emoji.php\/v9\/t96\/1\/16\/1f949.png\">V4 en 45\u201941<\/p>\n\n\n\n<p><img loading=\"lazy\" height=\"16\" width=\"16\" alt=\"&#x27a1;&#xfe0f;\" src=\"https:\/\/static.xx.fbcdn.net\/images\/emoji.php\/v9\/t9e\/1\/16\/27a1.png\"> Elea Berardan fini 26e<img loading=\"lazy\" height=\"16\" width=\"16\" alt=\"&#x1f6ba;\" src=\"https:\/\/static.xx.fbcdn.net\/images\/emoji.php\/v9\/t8d\/1\/16\/1f6ba.png\">\/49, 8eMi en 51\u201955<\/p>\n\n\n\n<p><img loading=\"lazy\" height=\"16\" width=\"16\" alt=\"&#x1f3c1;\" src=\"https:\/\/static.xx.fbcdn.net\/images\/emoji.php\/v9\/t39\/1\/16\/1f3c1.png\"> Sur le S CLM en \u00e9quipe :<\/p>\n\n\n\n<p><img loading=\"lazy\" height=\"16\" width=\"16\" alt=\"&#x27a1;&#xfe0f;\" src=\"https:\/\/static.xx.fbcdn.net\/images\/emoji.php\/v9\/t9e\/1\/16\/27a1.png\"> \u00ab la belle et les b\u00eates \u00bb compos\u00e9e de Sandrine Marchand\/ Arnaud Rondier \/ Samy Marc , termine 15e\/27, 8e \u00e9quipe mixte en 1h31<\/p>\n\n\n\n<p><img loading=\"lazy\" height=\"16\" width=\"16\" alt=\"&#x27a1;&#xfe0f;\" src=\"https:\/\/static.xx.fbcdn.net\/images\/emoji.php\/v9\/t9e\/1\/16\/27a1.png\"> \u00ab les girls of montceau \u00bb avec Zo\u00e9 Da Eira\/ Jeanne Rondier \/ Charline Berthier , prennent la <img loading=\"lazy\" height=\"16\" width=\"16\" alt=\"&#x1f947;\" src=\"https:\/\/static.xx.fbcdn.net\/images\/emoji.php\/v9\/t94\/1\/16\/1f947.png\"> chez les <img loading=\"lazy\" height=\"16\" width=\"16\" alt=\"&#x1f6ba;\" src=\"https:\/\/static.xx.fbcdn.net\/images\/emoji.php\/v9\/t8d\/1\/16\/1f6ba.png\"> et 16e au scratch <\/p>\n\n\n\n<p><img loading=\"lazy\" height=\"16\" width=\"16\" alt=\"&#x27a1;&#xfe0f;\" src=\"https:\/\/static.xx.fbcdn.net\/images\/emoji.php\/v9\/t9e\/1\/16\/27a1.png\"> \u00ab Cyrille et ses dr\u00f4les de dames \u00bb Cyrille Berardan\/ Delphine Tonin \/ une amie \u00e0 eux finissent 19e en 1h35 , 10e mixte <\/p>\n\n\n\n<p><img loading=\"lazy\" height=\"16\" width=\"16\" alt=\"&#x27a1;&#xfe0f;\" src=\"https:\/\/static.xx.fbcdn.net\/images\/emoji.php\/v9\/t9e\/1\/16\/27a1.png\"> \u00ab Joli Soleil \u00bb avec Laurent Beausoleil et sa famille termine quand \u00e0 eux 20e et 11e mixte en 1h36<\/p>\n","protected":false},"excerpt":{"rendered":"<p>SUR LA COURSE JEUNE 1: Come Pradier, se classe 8e, 6e Po en 9\u201950 Eliott Rondier fini 17e, 11e Po en 11\u201918 SUR LA COURSE JEUNE 2: Axelle Da Eira prend la 19e position, 5eBe, en 22\u201956 Jules Vinck, 27e, 4ePu en 24\u2019 Jules Vendramini, 37e, 12e Pu en 25\u201933 Rachel Dugne , 65e, 13ePu [&hellip;]<\/p>\n","protected":false},"author":8,"featured_media":7031,"comment_status":"open","ping_status":"open","sticky":false,"template":"","format":"standard","meta":{"spay_email":"","jetpack_publicize_message":"","jetpack_is_tweetstorm":false},"categories":[1],"tags":[],"jetpack_featured_media_url":"https:\/\/www.montceautriathlon.com\/blog\/wp-content\/uploads\/2024\/09\/458117778_1184794572561265_2187860429831655496_n.jpg","jetpack_publicize_connections":[],"jetpack_sharing_enabled":true,"jetpack_shortlink":"https:\/\/wp.me\/p8bwIy-1Po","jetpack-related-posts":[{"id":7200,"url":"https:\/\/www.montceautriathlon.com\/blog\/2024\/12\/08\/17-novembre-bike-and-run-de-montceau\/","url_meta":{"origin":7030,"position":0},"title":"17 novembre: Bike and run de Montceau","date":"8 d\u00e9cembre 2024","format":false,"excerpt":"De nombreux montcelliens, petits et grands, \u00e9taient pr\u00e9sents au Grands Parcs ce dimanche sur les diff\u00e9rents parcours de notre bike and run. F\u00e9licitations \u00e0 toutes et tous pour votre participation et un grand merci aux b\u00e9n\u00e9voles. Voici tous les r\u00e9sultats: Course jeune 1 (2 km): Course jeune 2 (4 km):\u2026","rel":"","context":"Dans &quot;Non class\u00e9&quot;","img":{"alt_text":"","src":"https:\/\/i1.wp.com\/www.montceautriathlon.com\/blog\/wp-content\/uploads\/2024\/12\/vtparc-181124161035.webp?resize=350%2C200&ssl=1","width":350,"height":200},"classes":[]},{"id":671,"url":"https:\/\/www.montceautriathlon.com\/blog\/2016\/06\/14\/triathlon-du-senonais-19-juin-2016-2\/","url_meta":{"origin":7030,"position":1},"title":"Triathlon du S\u00e9nonais (19 juin 2016)","date":"14 juin 2016","format":false,"excerpt":"Le dimanche 19 juin, le club de Sens triathlon organise sa 6\u00e8me \u00e9dition du triathlon du S\u00e9nonais. Lieu: plan d'eau de GRON (89). Programme: 9h30: Distance S et Relais S ( \u00e0 partir de cadet) 12h00 : course Cross triathlon Jeune 1 (poussin-pupille) 12h45: course Cross triathlon Jeune 2 (Benjamin-Minime)\u2026","rel":"","context":"Dans &quot;Non class\u00e9&quot;","img":{"alt_text":"","src":"https:\/\/i2.wp.com\/www.montceautriathlon.com\/blog\/wp-content\/uploads\/2016\/06\/Affiche-sens-tri-sans-sponsor-258x300.png?resize=350%2C200&ssl=1","width":350,"height":200},"classes":[]},{"id":7153,"url":"https:\/\/www.montceautriathlon.com\/blog\/2024\/12\/08\/bike-and-run-de-dole-2\/","url_meta":{"origin":7030,"position":2},"title":"Bike and run de Dole","date":"8 d\u00e9cembre 2024","format":false,"excerpt":"Le dimanche 24 novembre, le club de Dole organisait son bike and run. Malgr\u00e9 un temps tres venteux, cette \u00e9preuve a pu se faire. Les montcelliens ont fait le d\u00e9placement. Course jeune 1: les fr\u00e8res Jules et Louis Vinck terminent 4e \u00e9quipe homme, et Come Pradier et Eliott Rondier sont\u2026","rel":"","context":"Dans &quot;Non class\u00e9&quot;","img":{"alt_text":"","src":"https:\/\/i0.wp.com\/www.montceautriathlon.com\/blog\/wp-content\/uploads\/2024\/12\/IMG_5444-scaled.jpeg?resize=350%2C200&ssl=1","width":350,"height":200},"classes":[]},{"id":6450,"url":"https:\/\/www.montceautriathlon.com\/blog\/2023\/11\/19\/2e-week-end-de-novembre\/","url_meta":{"origin":7030,"position":3},"title":"2e week end de Novembre","date":"19 novembre 2023","format":false,"excerpt":"Ce WE a \u00e9t\u00e9 sportif pour Montceau Triathlon avec beaucoup de podiumset de m\u00e9dailles Bravo \u00e0 nos athl\u00e8tes qui ont port\u00e9s haut les couleurs de notre club CROSS DE DEMIGNY: - Joshua Vandaele, sur le cross court (3km) scratch Minime\/Cadet et surclass\u00e9 au scratch en cat\u00e9gorie D1 JU\/SE\/VET CROSS ARNAY\u2026","rel":"","context":"Dans &quot;Non class\u00e9&quot;","img":{"alt_text":"","src":"https:\/\/i0.wp.com\/www.montceautriathlon.com\/blog\/wp-content\/uploads\/2023\/11\/br-beaune3.jpg?resize=350%2C200&ssl=1","width":350,"height":200},"classes":[]},{"id":2558,"url":"https:\/\/www.montceautriathlon.com\/blog\/2018\/12\/04\/2-12-2018-corrida-de-chalon-en-famille-mais-bien-seuls\/","url_meta":{"origin":7030,"position":4},"title":"2\/12\/ 2018, Corrida de Chalon : En famille !","date":"4 d\u00e9cembre 2018","format":false,"excerpt":"Seules deux familles ont mouill\u00e9 le maillot \u00e0 Chalon ce dimanche ! Famille Rondier et famille Demorti\u00e8re avec d'excellents r\u00e9sultats ! Faudrait inventer la course famille avec un syst\u00e8me de points et le club serait au top sur ce genre de comp\u00e9tition !!! Julie , 9\u00e8me sur 38 en 4'20\u00a0pour\u2026","rel":"","context":"Dans &quot;Non class\u00e9&quot;","img":{"alt_text":"","src":"","width":0,"height":0},"classes":[]},{"id":7260,"url":"https:\/\/www.montceautriathlon.com\/blog\/2024\/12\/23\/corrida-de-saint-gengoux-2\/","url_meta":{"origin":7030,"position":5},"title":"Corrida de Saint Gengoux","date":"23 d\u00e9cembre 2024","format":false,"excerpt":"Pendant que certains triathl\u00e8tes \u00e9taient \u00e0 Dijon pour le bike and run, d'autres courraient \u00e0 Saint Gengoux pour leur Corrida, dont Montceau Triathlon est partenaires depuis quelques ann\u00e9es.. Voici les r\u00e9sultats de nos Athl\u00e8tes: SUR LE 10km: Laurent Magnien , premier repr\u00e9sentant du club franchi la ligne en 13e position\u2026","rel":"","context":"Dans &quot;Non class\u00e9&quot;","img":{"alt_text":"","src":"https:\/\/i1.wp.com\/www.montceautriathlon.com\/blog\/wp-content\/uploads\/2024\/12\/470242708_1257452068628848_960978351182328939_n.jpg?resize=350%2C200&ssl=1","width":350,"height":200},"classes":[]}],"_links":{"self":[{"href":"https:\/\/www.montceautriathlon.com\/blog\/wp-json\/wp\/v2\/posts\/7030"}],"collection":[{"href":"https:\/\/www.montceautriathlon.com\/blog\/wp-json\/wp\/v2\/posts"}],"about":[{"href":"https:\/\/www.montceautriathlon.com\/blog\/wp-json\/wp\/v2\/types\/post"}],"author":[{"embeddable":true,"href":"https:\/\/www.montceautriathlon.com\/blog\/wp-json\/wp\/v2\/users\/8"}],"replies":[{"embeddable":true,"href":"https:\/\/www.montceautriathlon.com\/blog\/wp-json\/wp\/v2\/comments?post=7030"}],"version-history":[{"count":1,"href":"https:\/\/www.montceautriathlon.com\/blog\/wp-json\/wp\/v2\/posts\/7030\/revisions"}],"predecessor-version":[{"id":7032,"href":"https:\/\/www.montceautriathlon.com\/blog\/wp-json\/wp\/v2\/posts\/7030\/revisions\/7032"}],"wp:featuredmedia":[{"embeddable":true,"href":"https:\/\/www.montceautriathlon.com\/blog\/wp-json\/wp\/v2\/media\/7031"}],"wp:attachment":[{"href":"https:\/\/www.montceautriathlon.com\/blog\/wp-json\/wp\/v2\/media?parent=7030"}],"wp:term":[{"taxonomy":"category","embeddable":true,"href":"https:\/\/www.montceautriathlon.com\/blog\/wp-json\/wp\/v2\/categories?post=7030"},{"taxonomy":"post_tag","embeddable":true,"href":"https:\/\/www.montceautriathlon.com\/blog\/wp-json\/wp\/v2\/tags?post=7030"}],"curies":[{"name":"wp","href":"https:\/\/api.w.org\/{rel}","templated":true}]}}