{"id":698,"date":"2016-07-01T12:22:25","date_gmt":"2016-07-01T11:22:25","guid":{"rendered":"http:\/\/montceautriathlon.com\/blog\/?p=698"},"modified":"2016-07-01T12:39:37","modified_gmt":"2016-07-01T11:39:37","slug":"video-du-championnat-de-france-triathlon-jeunes-2016","status":"publish","type":"post","link":"https:\/\/www.montceautriathlon.com\/blog\/2016\/07\/01\/video-du-championnat-de-france-triathlon-jeunes-2016\/","title":{"rendered":"Vid\u00e9o du championnat de France Triathlon Jeunes 2016"},"content":{"rendered":"<p>Nous remercions Daniel CHEVALIER pour cette vid\u00e9o du Championnat de France Triathon Jeunes 2016.<\/p>\n<p><a href=\"http:\/\/inscriptions-teve.fr\/championnats-de-france-jeunes-de-triathlon-2016\" target=\"_blank\"><span style=\"text-decoration: underline;\"><div class=\"su-button-center\"><a href=\"https:\/\/goo.gl\/photos\/LFnV6G2Z9MUuHLLE6\" class=\"su-button su-button-style-default\" style=\"color:#FFFFFF;background-color:#2D89EF;border-color:#246ec0;border-radius:5px;-moz-border-radius:5px;-webkit-border-radius:5px\" target=\"_blank\" rel=\"noopener noreferrer\"><span style=\"color:#FFFFFF;padding:0px 16px;font-size:13px;line-height:26px;border-color:#6cadf4;border-radius:5px;-moz-border-radius:5px;-webkit-border-radius:5px;text-shadow:none;-moz-text-shadow:none;-webkit-text-shadow:none\"> Vid\u00e9o<\/span><\/a><\/div><\/span><\/a><\/p>\n<p>&nbsp;<\/p>\n","protected":false},"excerpt":{"rendered":"<p>Nous remercions Daniel CHEVALIER pour cette vid\u00e9o du Championnat de France Triathon Jeunes 2016. &nbsp;<\/p>\n","protected":false},"author":1,"featured_media":0,"comment_status":"open","ping_status":"open","sticky":false,"template":"","format":"standard","meta":{"spay_email":"","jetpack_publicize_message":"","jetpack_is_tweetstorm":false},"categories":[1],"tags":[],"jetpack_featured_media_url":"","jetpack_publicize_connections":[],"jetpack_sharing_enabled":true,"jetpack_shortlink":"https:\/\/wp.me\/p8bwIy-bg","jetpack-related-posts":[{"id":608,"url":"https:\/\/www.montceautriathlon.com\/blog\/2016\/06\/06\/resultats-du-championnat-de-france-triathlon-jeunes-2016\/","url_meta":{"origin":698,"position":0},"title":"R\u00e9sultats du Championnat de France Triathlon Jeunes 2016","date":"6 juin 2016","format":false,"excerpt":"Vous pouvez retrouver tous les r\u00e9sultats du Championnat de France Jeunes 2016, en cliquant sur le bouton ci-dessous : Quelques articles parus aujourd'hui : Site de la FFTri Le Journal de Sa\u00f4ne et Loire (JSL) Montceau News Trimes Triathl\u00e8te Magazine Un grand merci \u00e0 Daniel CHAVALIER pour toutes ces photos\u2026","rel":"","context":"Dans &quot;Non class\u00e9&quot;","img":{"alt_text":"","src":"https:\/\/i1.wp.com\/www.montceautriathlon.com\/blog\/wp-content\/uploads\/2016\/05\/affiche_sponsors.jpg?resize=350%2C200&ssl=1","width":350,"height":200},"classes":[]},{"id":1259,"url":"https:\/\/www.montceautriathlon.com\/blog\/2017\/05\/17\/12-finale-du-championnat-de-france-triathlon-jeunes-14-mai-2017\/","url_meta":{"origin":698,"position":1},"title":"1\/2 Finale du championnat de France Triathlon Jeunes (14 mai 2017)","date":"17 mai 2017","format":false,"excerpt":"Ce weekend avait lieu les qualifications pour le championnat de France de triathlon jeunes qui se d\u00e9roulaient \u00e0 Vesoul. Trois\u00a0de nos jeunes se sont brillamment qualifi\u00e9s pour la finale qui aura lieu le samedi 03 juin \u00e0 Pierrelatte. Ludivine LEQUIN : 9\u00b0 scratch \/ 9\u00b0 CAF \/ 01:11:40 Maryl\u00e8ne LEQUIN\u2026","rel":"","context":"Dans &quot;Non class\u00e9&quot;","img":{"alt_text":"","src":"","width":0,"height":0},"classes":[]},{"id":92,"url":"https:\/\/www.montceautriathlon.com\/blog\/2016\/03\/10\/clip-de-la-12-finale-du-championnat-de-france-triathlon-jeunes-2015-a-montceau-les-mines\/","url_meta":{"origin":698,"position":2},"title":"Clip de la 1\/2 finale du Championnat de France Triathlon Jeunes 2015 \u00e0 Montceau-les-Mines","date":"10 mars 2016","format":false,"excerpt":"","rel":"","context":"Dans &quot;Non class\u00e9&quot;","img":{"alt_text":"","src":"","width":0,"height":0},"classes":[]},{"id":1298,"url":"https:\/\/www.montceautriathlon.com\/blog\/2017\/06\/07\/finale-du-championnat-de-france-jeunes-de-triathlon-samedi-03-juin-2017\/","url_meta":{"origin":698,"position":3},"title":"Finale du championnat de France Jeunes de Triathlon (Samedi 03 juin 2017)","date":"7 juin 2017","format":false,"excerpt":"Ce week-end avait lieu les\u00a0championnats de France Jeunes de Triathlon qui se d\u00e9roulaient \u00e0 Pierrelatte et organis\u00e9s par\u00a0le Tricastin Triathlon Club. Nous avions 3 jeunes triathl\u00e8tes qui ont repr\u00e9sent\u00e9 brillamment les couleurs de notre\u00a0club et\u00a0bravo \u00e0 eux ! Tous les r\u00e9sultats: Ludivine LEQUIN : 51\u00b0 \/ CAF \/ 01:10:10 Maryl\u00e8ne\u2026","rel":"","context":"Dans &quot;Non class\u00e9&quot;","img":{"alt_text":"","src":"","width":0,"height":0},"classes":[]},{"id":1,"url":"https:\/\/www.montceautriathlon.com\/blog\/2015\/11\/06\/bonjour-tout-le-monde\/","url_meta":{"origin":698,"position":4},"title":"L&rsquo;affiche du Championnat de France Jeunes 2016","date":"6 novembre 2015","format":false,"excerpt":"Le club Montceau Triathlon a le plaisir de vous pr\u00e9senter l'affiche du CHAMPIONNAT DE FRANCE JEUNES qui aura lieu \u00e0 Montceau-les-Mines le 05 juin 2016.","rel":"","context":"Dans &quot;Non class\u00e9&quot;","img":{"alt_text":"","src":"https:\/\/i1.wp.com\/www.montceautriathlon.com\/blog\/wp-content\/uploads\/2015\/11\/affiche_finale_sans_sponsors.jpg?resize=350%2C200&ssl=1","width":350,"height":200},"classes":[]},{"id":304,"url":"https:\/\/www.montceautriathlon.com\/blog\/2016\/04\/27\/championnat-de-france-duathlon-jeunes-2016-10-avril-2016\/","url_meta":{"origin":698,"position":5},"title":"Championnat de France Duathlon Jeunes 2016 (10 avril 2016)","date":"27 avril 2016","format":false,"excerpt":"2 athl\u00e8tes f\u00e9minines ont \u00e9t\u00e9 s\u00e9lectionn\u00e9es \u00e0 Chalon sur Sa\u00f4ne pour participer au championnat de France de Duathlon jeune \u00e0 Albertville. N'ayant pas \u00e9t\u00e9 au mieux de sa forme, la cadette Ludivine LEQUIN\u00a0 a termin\u00e9 \u00e0 la 71\u00e8me place. Quant \u00e0 Maryl\u00e8ne LEQUIN, qui participait dans la cat\u00e9gorie junior, elle\u2026","rel":"","context":"Dans &quot;Non class\u00e9&quot;","img":{"alt_text":"","src":"","width":0,"height":0},"classes":[]}],"_links":{"self":[{"href":"https:\/\/www.montceautriathlon.com\/blog\/wp-json\/wp\/v2\/posts\/698"}],"collection":[{"href":"https:\/\/www.montceautriathlon.com\/blog\/wp-json\/wp\/v2\/posts"}],"about":[{"href":"https:\/\/www.montceautriathlon.com\/blog\/wp-json\/wp\/v2\/types\/post"}],"author":[{"embeddable":true,"href":"https:\/\/www.montceautriathlon.com\/blog\/wp-json\/wp\/v2\/users\/1"}],"replies":[{"embeddable":true,"href":"https:\/\/www.montceautriathlon.com\/blog\/wp-json\/wp\/v2\/comments?post=698"}],"version-history":[{"count":8,"href":"https:\/\/www.montceautriathlon.com\/blog\/wp-json\/wp\/v2\/posts\/698\/revisions"}],"predecessor-version":[{"id":706,"href":"https:\/\/www.montceautriathlon.com\/blog\/wp-json\/wp\/v2\/posts\/698\/revisions\/706"}],"wp:attachment":[{"href":"https:\/\/www.montceautriathlon.com\/blog\/wp-json\/wp\/v2\/media?parent=698"}],"wp:term":[{"taxonomy":"category","embeddable":true,"href":"https:\/\/www.montceautriathlon.com\/blog\/wp-json\/wp\/v2\/categories?post=698"},{"taxonomy":"post_tag","embeddable":true,"href":"https:\/\/www.montceautriathlon.com\/blog\/wp-json\/wp\/v2\/tags?post=698"}],"curies":[{"name":"wp","href":"https:\/\/api.w.org\/{rel}","templated":true}]}}