{"id":6978,"date":"2024-07-16T15:55:01","date_gmt":"2024-07-16T14:55:01","guid":{"rendered":"https:\/\/www.montceautriathlon.com\/blog\/?p=6978"},"modified":"2024-07-16T15:55:05","modified_gmt":"2024-07-16T14:55:05","slug":"dernier-week-end-de-juin-les-montcelliens-sur-tous-les-fronts","status":"publish","type":"post","link":"https:\/\/www.montceautriathlon.com\/blog\/2024\/07\/16\/dernier-week-end-de-juin-les-montcelliens-sur-tous-les-fronts\/","title":{"rendered":"Dernier Week end de juin: les montcelliens sur tous les fronts"},"content":{"rendered":"\n<p>Les triathl\u00e8tes montcelliens \u00e9taient pour ce dernier week end de juin sur tous les fronts.<\/p>\n\n\n\n<p> Une grosse d\u00e9l\u00e9gation \u00e9tait \u00e0 Saint Point pour le triathlon organis\u00e9 pour Macon Triathlon. Nos 2 jeunes \u00ab\u00a0com\u00a0\u00bb Sarah et Charline \u00e9taient aux Sables d&rsquo;Olonnes pour participer \u00e0 leur 1r Half IronMan, et Sandrine et Fred\u00e9ric Ghesqui\u00e8re se sont align\u00e9s sur le marathon du Mont Blanc.<\/p>\n\n\n\n<p>Voici tous les r\u00e9sultats:<\/p>\n\n\n\n<p><em>Triathlon de Mac<strong>on au lac de Saint Point:<\/strong><\/em><\/p>\n\n\n\n<p>Course 10\/13ans: En pupille, Rachel Dugne termine 8e (47e au scratch). Chez les gar\u00e7ons, Jules Vinck est 4e ( 25e au scratch), Jules Vendramini est 5e (28e au scratch) et Arthur Boisard est 11e (42e au scratch). En benjamine Axelle Da Eira termine 4e (11e au scratch)<\/p>\n\n\n\n<p>Course XS: En minime, El\u00e9a B\u00e9rardan termine 11e et 51e au scratch. Chez les gar\u00e7ons, C\u00e9lian Schaffer est 8e et 30e au_ scratch, Simon Devoille est 12e et 45e au scratch. Chez les cadet(te)s, ,Joshua Vandaele est 7e et 15e au scratch, Jeanne Rondier monte sur la 2e marche du podium (25e au scratch), Emma Dufour est 3e cadette et 49e au scratch, suivie par Zo\u00e9 Da Eira (4e cadette et 52e au scratch). Chez les juniore, Marine Da Eira est 4e et 35e au scratch.<\/p>\n\n\n\n<p>Course M: Cyrille B\u00e9rardan qui gagne 49e place en v\u00e9lo et 13 en cap termine 25e au scratch en 2h23 et 3e V. Il est suivi d&rsquo;Eric Vaudelin 38e en 2h30 et 1r V5 et Arnaud Rondier 63e en 2h39 et 7e V3.<\/p>\n\n\n\n<p>Course M relais. \u00ab\u00a0Les Jules moins bien\u00a0\u00bb compos\u00e9s d&rsquo;Aur\u00e9lie Agius, Nicolas Vinck et Elodie Pistoia terminent  l&rsquo;\u00e9preuve \u00e0 la 9e place en 3h32 (5e \u00e9quipe mixte). Maelle Di Giorgio accompagn\u00e9e de Vincent et Thierry finissent en 10e position (6e \u00e9quipe mixte en 2h34). <\/p>\n\n\n\n<p>Montceau triathlon (derri\u00e8re Macon triathlon) est le club le plus repr\u00e9sent\u00e9 sur les diff\u00e9rentes \u00e9preuves.<\/p>\n\n\n\n<figure class=\"wp-block-gallery columns-3 is-cropped\"><ul data-carousel-extra='{\"blog_id\":1,\"permalink\":\"https:\\\/\\\/www.montceautriathlon.com\\\/blog\\\/2024\\\/07\\\/16\\\/dernier-week-end-de-juin-les-montcelliens-sur-tous-les-fronts\\\/\"}' class=\"blocks-gallery-grid\"><li class=\"blocks-gallery-item\"><figure><a href=\"https:\/\/www.montceautriathlon.com\/blog\/wp-content\/uploads\/2024\/07\/449363350_1145119186528804_1153562239002114269_n-768x1024.jpg\"><img data-attachment-id=\"6979\" data-permalink=\"https:\/\/www.montceautriathlon.com\/blog\/2024\/07\/16\/dernier-week-end-de-juin-les-montcelliens-sur-tous-les-fronts\/449363350_1145119186528804_1153562239002114269_n\/\" data-orig-file=\"https:\/\/www.montceautriathlon.com\/blog\/wp-content\/uploads\/2024\/07\/449363350_1145119186528804_1153562239002114269_n.jpg\" data-orig-size=\"1200,1600\" data-comments-opened=\"1\" data-image-meta=\"{&quot;aperture&quot;:&quot;0&quot;,&quot;credit&quot;:&quot;&quot;,&quot;camera&quot;:&quot;&quot;,&quot;caption&quot;:&quot;&quot;,&quot;created_timestamp&quot;:&quot;0&quot;,&quot;copyright&quot;:&quot;&quot;,&quot;focal_length&quot;:&quot;0&quot;,&quot;iso&quot;:&quot;0&quot;,&quot;shutter_speed&quot;:&quot;0&quot;,&quot;title&quot;:&quot;&quot;,&quot;orientation&quot;:&quot;0&quot;}\" data-image-title=\"449363350_1145119186528804_1153562239002114269_n\" data-image-description=\"\" data-image-caption=\"\" data-medium-file=\"https:\/\/www.montceautriathlon.com\/blog\/wp-content\/uploads\/2024\/07\/449363350_1145119186528804_1153562239002114269_n-225x300.jpg\" data-large-file=\"https:\/\/www.montceautriathlon.com\/blog\/wp-content\/uploads\/2024\/07\/449363350_1145119186528804_1153562239002114269_n-768x1024.jpg\" loading=\"lazy\" width=\"768\" height=\"1024\" src=\"https:\/\/www.montceautriathlon.com\/blog\/wp-content\/uploads\/2024\/07\/449363350_1145119186528804_1153562239002114269_n-768x1024.jpg\" alt=\"\" data-id=\"6979\" data-link=\"https:\/\/www.montceautriathlon.com\/blog\/?attachment_id=6979\" class=\"wp-image-6979\" srcset=\"https:\/\/www.montceautriathlon.com\/blog\/wp-content\/uploads\/2024\/07\/449363350_1145119186528804_1153562239002114269_n-768x1024.jpg 768w, https:\/\/www.montceautriathlon.com\/blog\/wp-content\/uploads\/2024\/07\/449363350_1145119186528804_1153562239002114269_n-225x300.jpg 225w, https:\/\/www.montceautriathlon.com\/blog\/wp-content\/uploads\/2024\/07\/449363350_1145119186528804_1153562239002114269_n-1152x1536.jpg 1152w, https:\/\/www.montceautriathlon.com\/blog\/wp-content\/uploads\/2024\/07\/449363350_1145119186528804_1153562239002114269_n.jpg 1200w\" sizes=\"(max-width: 768px) 100vw, 768px\" \/><\/a><\/figure><\/li><li class=\"blocks-gallery-item\"><figure><a href=\"https:\/\/www.montceautriathlon.com\/blog\/wp-content\/uploads\/2024\/07\/449682618_1145119199862136_1750035998068304961_n-768x1024.jpg\"><img data-attachment-id=\"6980\" data-permalink=\"https:\/\/www.montceautriathlon.com\/blog\/2024\/07\/16\/dernier-week-end-de-juin-les-montcelliens-sur-tous-les-fronts\/449682618_1145119199862136_1750035998068304961_n\/\" data-orig-file=\"https:\/\/www.montceautriathlon.com\/blog\/wp-content\/uploads\/2024\/07\/449682618_1145119199862136_1750035998068304961_n.jpg\" data-orig-size=\"1200,1600\" data-comments-opened=\"1\" data-image-meta=\"{&quot;aperture&quot;:&quot;0&quot;,&quot;credit&quot;:&quot;&quot;,&quot;camera&quot;:&quot;&quot;,&quot;caption&quot;:&quot;&quot;,&quot;created_timestamp&quot;:&quot;0&quot;,&quot;copyright&quot;:&quot;&quot;,&quot;focal_length&quot;:&quot;0&quot;,&quot;iso&quot;:&quot;0&quot;,&quot;shutter_speed&quot;:&quot;0&quot;,&quot;title&quot;:&quot;&quot;,&quot;orientation&quot;:&quot;0&quot;}\" data-image-title=\"449682618_1145119199862136_1750035998068304961_n\" data-image-description=\"\" data-image-caption=\"\" data-medium-file=\"https:\/\/www.montceautriathlon.com\/blog\/wp-content\/uploads\/2024\/07\/449682618_1145119199862136_1750035998068304961_n-225x300.jpg\" data-large-file=\"https:\/\/www.montceautriathlon.com\/blog\/wp-content\/uploads\/2024\/07\/449682618_1145119199862136_1750035998068304961_n-768x1024.jpg\" loading=\"lazy\" width=\"768\" height=\"1024\" src=\"https:\/\/www.montceautriathlon.com\/blog\/wp-content\/uploads\/2024\/07\/449682618_1145119199862136_1750035998068304961_n-768x1024.jpg\" alt=\"\" data-id=\"6980\" data-link=\"https:\/\/www.montceautriathlon.com\/blog\/?attachment_id=6980\" class=\"wp-image-6980\" srcset=\"https:\/\/www.montceautriathlon.com\/blog\/wp-content\/uploads\/2024\/07\/449682618_1145119199862136_1750035998068304961_n-768x1024.jpg 768w, https:\/\/www.montceautriathlon.com\/blog\/wp-content\/uploads\/2024\/07\/449682618_1145119199862136_1750035998068304961_n-225x300.jpg 225w, https:\/\/www.montceautriathlon.com\/blog\/wp-content\/uploads\/2024\/07\/449682618_1145119199862136_1750035998068304961_n-1152x1536.jpg 1152w, https:\/\/www.montceautriathlon.com\/blog\/wp-content\/uploads\/2024\/07\/449682618_1145119199862136_1750035998068304961_n.jpg 1200w\" sizes=\"(max-width: 768px) 100vw, 768px\" \/><\/a><\/figure><\/li><li class=\"blocks-gallery-item\"><figure><a href=\"https:\/\/www.montceautriathlon.com\/blog\/wp-content\/uploads\/2024\/07\/449684119_1145119213195468_8085131076234028807_n-768x1024.jpg\"><img data-attachment-id=\"6981\" data-permalink=\"https:\/\/www.montceautriathlon.com\/blog\/2024\/07\/16\/dernier-week-end-de-juin-les-montcelliens-sur-tous-les-fronts\/449684119_1145119213195468_8085131076234028807_n\/\" data-orig-file=\"https:\/\/www.montceautriathlon.com\/blog\/wp-content\/uploads\/2024\/07\/449684119_1145119213195468_8085131076234028807_n.jpg\" data-orig-size=\"1200,1600\" data-comments-opened=\"1\" data-image-meta=\"{&quot;aperture&quot;:&quot;0&quot;,&quot;credit&quot;:&quot;&quot;,&quot;camera&quot;:&quot;&quot;,&quot;caption&quot;:&quot;&quot;,&quot;created_timestamp&quot;:&quot;0&quot;,&quot;copyright&quot;:&quot;&quot;,&quot;focal_length&quot;:&quot;0&quot;,&quot;iso&quot;:&quot;0&quot;,&quot;shutter_speed&quot;:&quot;0&quot;,&quot;title&quot;:&quot;&quot;,&quot;orientation&quot;:&quot;0&quot;}\" data-image-title=\"449684119_1145119213195468_8085131076234028807_n\" data-image-description=\"\" data-image-caption=\"\" data-medium-file=\"https:\/\/www.montceautriathlon.com\/blog\/wp-content\/uploads\/2024\/07\/449684119_1145119213195468_8085131076234028807_n-225x300.jpg\" data-large-file=\"https:\/\/www.montceautriathlon.com\/blog\/wp-content\/uploads\/2024\/07\/449684119_1145119213195468_8085131076234028807_n-768x1024.jpg\" loading=\"lazy\" width=\"768\" height=\"1024\" src=\"https:\/\/www.montceautriathlon.com\/blog\/wp-content\/uploads\/2024\/07\/449684119_1145119213195468_8085131076234028807_n-768x1024.jpg\" alt=\"\" data-id=\"6981\" data-link=\"https:\/\/www.montceautriathlon.com\/blog\/?attachment_id=6981\" class=\"wp-image-6981\" srcset=\"https:\/\/www.montceautriathlon.com\/blog\/wp-content\/uploads\/2024\/07\/449684119_1145119213195468_8085131076234028807_n-768x1024.jpg 768w, https:\/\/www.montceautriathlon.com\/blog\/wp-content\/uploads\/2024\/07\/449684119_1145119213195468_8085131076234028807_n-225x300.jpg 225w, https:\/\/www.montceautriathlon.com\/blog\/wp-content\/uploads\/2024\/07\/449684119_1145119213195468_8085131076234028807_n-1152x1536.jpg 1152w, https:\/\/www.montceautriathlon.com\/blog\/wp-content\/uploads\/2024\/07\/449684119_1145119213195468_8085131076234028807_n.jpg 1200w\" sizes=\"(max-width: 768px) 100vw, 768px\" \/><\/a><\/figure><\/li><li class=\"blocks-gallery-item\"><figure><a href=\"https:\/\/www.montceautriathlon.com\/blog\/wp-content\/uploads\/2024\/07\/20240630_125213-768x1024.jpg\"><img data-attachment-id=\"6982\" data-permalink=\"https:\/\/www.montceautriathlon.com\/blog\/2024\/07\/16\/dernier-week-end-de-juin-les-montcelliens-sur-tous-les-fronts\/20240630_125213\/\" data-orig-file=\"https:\/\/www.montceautriathlon.com\/blog\/wp-content\/uploads\/2024\/07\/20240630_125213-scaled.jpg\" data-orig-size=\"1920,2560\" data-comments-opened=\"1\" data-image-meta=\"{&quot;aperture&quot;:&quot;1.8&quot;,&quot;credit&quot;:&quot;&quot;,&quot;camera&quot;:&quot;SM-A145R&quot;,&quot;caption&quot;:&quot;&quot;,&quot;created_timestamp&quot;:&quot;1719751933&quot;,&quot;copyright&quot;:&quot;&quot;,&quot;focal_length&quot;:&quot;3.98&quot;,&quot;iso&quot;:&quot;100&quot;,&quot;shutter_speed&quot;:&quot;0.004&quot;,&quot;title&quot;:&quot;&quot;,&quot;orientation&quot;:&quot;1&quot;}\" data-image-title=\"20240630_125213\" data-image-description=\"\" data-image-caption=\"\" data-medium-file=\"https:\/\/www.montceautriathlon.com\/blog\/wp-content\/uploads\/2024\/07\/20240630_125213-225x300.jpg\" data-large-file=\"https:\/\/www.montceautriathlon.com\/blog\/wp-content\/uploads\/2024\/07\/20240630_125213-768x1024.jpg\" loading=\"lazy\" width=\"768\" height=\"1024\" src=\"https:\/\/www.montceautriathlon.com\/blog\/wp-content\/uploads\/2024\/07\/20240630_125213-768x1024.jpg\" alt=\"\" data-id=\"6982\" data-link=\"https:\/\/www.montceautriathlon.com\/blog\/?attachment_id=6982\" class=\"wp-image-6982\" srcset=\"https:\/\/www.montceautriathlon.com\/blog\/wp-content\/uploads\/2024\/07\/20240630_125213-768x1024.jpg 768w, https:\/\/www.montceautriathlon.com\/blog\/wp-content\/uploads\/2024\/07\/20240630_125213-225x300.jpg 225w, https:\/\/www.montceautriathlon.com\/blog\/wp-content\/uploads\/2024\/07\/20240630_125213-1152x1536.jpg 1152w, https:\/\/www.montceautriathlon.com\/blog\/wp-content\/uploads\/2024\/07\/20240630_125213-1536x2048.jpg 1536w, https:\/\/www.montceautriathlon.com\/blog\/wp-content\/uploads\/2024\/07\/20240630_125213-scaled.jpg 1920w\" sizes=\"(max-width: 768px) 100vw, 768px\" \/><\/a><\/figure><\/li><li class=\"blocks-gallery-item\"><figure><a href=\"https:\/\/www.montceautriathlon.com\/blog\/wp-content\/uploads\/2024\/07\/20240630_125429-scaled.jpg\"><img data-attachment-id=\"6983\" data-permalink=\"https:\/\/www.montceautriathlon.com\/blog\/2024\/07\/16\/dernier-week-end-de-juin-les-montcelliens-sur-tous-les-fronts\/20240630_125429\/\" data-orig-file=\"https:\/\/www.montceautriathlon.com\/blog\/wp-content\/uploads\/2024\/07\/20240630_125429-scaled.jpg\" data-orig-size=\"1920,2560\" data-comments-opened=\"1\" data-image-meta=\"{&quot;aperture&quot;:&quot;2.8&quot;,&quot;credit&quot;:&quot;&quot;,&quot;camera&quot;:&quot;SM-A145R&quot;,&quot;caption&quot;:&quot;&quot;,&quot;created_timestamp&quot;:&quot;1719752069&quot;,&quot;copyright&quot;:&quot;&quot;,&quot;focal_length&quot;:&quot;3.38&quot;,&quot;iso&quot;:&quot;125&quot;,&quot;shutter_speed&quot;:&quot;0.005042&quot;,&quot;title&quot;:&quot;&quot;,&quot;orientation&quot;:&quot;1&quot;}\" data-image-title=\"20240630_125429\" data-image-description=\"\" data-image-caption=\"\" data-medium-file=\"https:\/\/www.montceautriathlon.com\/blog\/wp-content\/uploads\/2024\/07\/20240630_125429-225x300.jpg\" data-large-file=\"https:\/\/www.montceautriathlon.com\/blog\/wp-content\/uploads\/2024\/07\/20240630_125429-768x1024.jpg\" loading=\"lazy\" width=\"768\" height=\"1024\" src=\"https:\/\/www.montceautriathlon.com\/blog\/wp-content\/uploads\/2024\/07\/20240630_125429-768x1024.jpg\" alt=\"\" data-id=\"6983\" data-full-url=\"https:\/\/www.montceautriathlon.com\/blog\/wp-content\/uploads\/2024\/07\/20240630_125429-scaled.jpg\" data-link=\"https:\/\/www.montceautriathlon.com\/blog\/?attachment_id=6983\" class=\"wp-image-6983\" srcset=\"https:\/\/www.montceautriathlon.com\/blog\/wp-content\/uploads\/2024\/07\/20240630_125429-768x1024.jpg 768w, https:\/\/www.montceautriathlon.com\/blog\/wp-content\/uploads\/2024\/07\/20240630_125429-225x300.jpg 225w, https:\/\/www.montceautriathlon.com\/blog\/wp-content\/uploads\/2024\/07\/20240630_125429-1152x1536.jpg 1152w, https:\/\/www.montceautriathlon.com\/blog\/wp-content\/uploads\/2024\/07\/20240630_125429-1536x2048.jpg 1536w, https:\/\/www.montceautriathlon.com\/blog\/wp-content\/uploads\/2024\/07\/20240630_125429-scaled.jpg 1920w\" sizes=\"(max-width: 768px) 100vw, 768px\" \/><\/a><\/figure><\/li><\/ul><\/figure>\n\n\n\n<p>Half IronMan des Sables d&rsquo;Olonnes<\/p>\n\n\n\n<p>Pour leur 1r half , nos 2 comp\u00e8res Sarah Emorine et Charline Berthier terminent leur 1.9km dans l&rsquo;Oc\u00e9an, 91km de v\u00e9lo et 21km de cap en 5h26 avec quelques secondes qui le s\u00e9parent. <\/p>\n\n\n\n<figure class=\"wp-block-gallery columns-3 is-cropped\"><ul data-carousel-extra='{\"blog_id\":1,\"permalink\":\"https:\\\/\\\/www.montceautriathlon.com\\\/blog\\\/2024\\\/07\\\/16\\\/dernier-week-end-de-juin-les-montcelliens-sur-tous-les-fronts\\\/\"}' class=\"blocks-gallery-grid\"><li class=\"blocks-gallery-item\"><figure><a href=\"https:\/\/www.montceautriathlon.com\/blog\/wp-content\/uploads\/2024\/07\/449679400_1145090529865003_928832649665882779_n-1024x683.jpg\"><img data-attachment-id=\"6984\" data-permalink=\"https:\/\/www.montceautriathlon.com\/blog\/2024\/07\/16\/dernier-week-end-de-juin-les-montcelliens-sur-tous-les-fronts\/449679400_1145090529865003_928832649665882779_n\/\" data-orig-file=\"https:\/\/www.montceautriathlon.com\/blog\/wp-content\/uploads\/2024\/07\/449679400_1145090529865003_928832649665882779_n.jpg\" data-orig-size=\"1200,800\" data-comments-opened=\"1\" data-image-meta=\"{&quot;aperture&quot;:&quot;0&quot;,&quot;credit&quot;:&quot;&quot;,&quot;camera&quot;:&quot;&quot;,&quot;caption&quot;:&quot;&quot;,&quot;created_timestamp&quot;:&quot;0&quot;,&quot;copyright&quot;:&quot;&quot;,&quot;focal_length&quot;:&quot;0&quot;,&quot;iso&quot;:&quot;0&quot;,&quot;shutter_speed&quot;:&quot;0&quot;,&quot;title&quot;:&quot;&quot;,&quot;orientation&quot;:&quot;0&quot;}\" data-image-title=\"449679400_1145090529865003_928832649665882779_n\" data-image-description=\"\" data-image-caption=\"\" data-medium-file=\"https:\/\/www.montceautriathlon.com\/blog\/wp-content\/uploads\/2024\/07\/449679400_1145090529865003_928832649665882779_n-300x200.jpg\" data-large-file=\"https:\/\/www.montceautriathlon.com\/blog\/wp-content\/uploads\/2024\/07\/449679400_1145090529865003_928832649665882779_n-1024x683.jpg\" loading=\"lazy\" width=\"1024\" height=\"683\" src=\"https:\/\/www.montceautriathlon.com\/blog\/wp-content\/uploads\/2024\/07\/449679400_1145090529865003_928832649665882779_n-1024x683.jpg\" alt=\"\" data-id=\"6984\" data-link=\"https:\/\/www.montceautriathlon.com\/blog\/?attachment_id=6984\" class=\"wp-image-6984\" srcset=\"https:\/\/www.montceautriathlon.com\/blog\/wp-content\/uploads\/2024\/07\/449679400_1145090529865003_928832649665882779_n-1024x683.jpg 1024w, https:\/\/www.montceautriathlon.com\/blog\/wp-content\/uploads\/2024\/07\/449679400_1145090529865003_928832649665882779_n-300x200.jpg 300w, https:\/\/www.montceautriathlon.com\/blog\/wp-content\/uploads\/2024\/07\/449679400_1145090529865003_928832649665882779_n-768x512.jpg 768w, https:\/\/www.montceautriathlon.com\/blog\/wp-content\/uploads\/2024\/07\/449679400_1145090529865003_928832649665882779_n.jpg 1200w\" sizes=\"(max-width: 1024px) 100vw, 1024px\" \/><\/a><\/figure><\/li><li class=\"blocks-gallery-item\"><figure><a href=\"https:\/\/www.montceautriathlon.com\/blog\/wp-content\/uploads\/2024\/07\/449528327_1145090559865000_593844733659371831_n.jpg\"><img data-attachment-id=\"6985\" data-permalink=\"https:\/\/www.montceautriathlon.com\/blog\/2024\/07\/16\/dernier-week-end-de-juin-les-montcelliens-sur-tous-les-fronts\/449528327_1145090559865000_593844733659371831_n\/\" data-orig-file=\"https:\/\/www.montceautriathlon.com\/blog\/wp-content\/uploads\/2024\/07\/449528327_1145090559865000_593844733659371831_n.jpg\" data-orig-size=\"1004,724\" data-comments-opened=\"1\" data-image-meta=\"{&quot;aperture&quot;:&quot;0&quot;,&quot;credit&quot;:&quot;&quot;,&quot;camera&quot;:&quot;&quot;,&quot;caption&quot;:&quot;&quot;,&quot;created_timestamp&quot;:&quot;0&quot;,&quot;copyright&quot;:&quot;&quot;,&quot;focal_length&quot;:&quot;0&quot;,&quot;iso&quot;:&quot;0&quot;,&quot;shutter_speed&quot;:&quot;0&quot;,&quot;title&quot;:&quot;&quot;,&quot;orientation&quot;:&quot;0&quot;}\" data-image-title=\"449528327_1145090559865000_593844733659371831_n\" data-image-description=\"\" data-image-caption=\"\" data-medium-file=\"https:\/\/www.montceautriathlon.com\/blog\/wp-content\/uploads\/2024\/07\/449528327_1145090559865000_593844733659371831_n-300x216.jpg\" data-large-file=\"https:\/\/www.montceautriathlon.com\/blog\/wp-content\/uploads\/2024\/07\/449528327_1145090559865000_593844733659371831_n.jpg\" loading=\"lazy\" width=\"1004\" height=\"724\" src=\"https:\/\/www.montceautriathlon.com\/blog\/wp-content\/uploads\/2024\/07\/449528327_1145090559865000_593844733659371831_n.jpg\" alt=\"\" data-id=\"6985\" data-link=\"https:\/\/www.montceautriathlon.com\/blog\/?attachment_id=6985\" class=\"wp-image-6985\" srcset=\"https:\/\/www.montceautriathlon.com\/blog\/wp-content\/uploads\/2024\/07\/449528327_1145090559865000_593844733659371831_n.jpg 1004w, https:\/\/www.montceautriathlon.com\/blog\/wp-content\/uploads\/2024\/07\/449528327_1145090559865000_593844733659371831_n-300x216.jpg 300w, https:\/\/www.montceautriathlon.com\/blog\/wp-content\/uploads\/2024\/07\/449528327_1145090559865000_593844733659371831_n-768x554.jpg 768w\" sizes=\"(max-width: 1004px) 100vw, 1004px\" \/><\/a><\/figure><\/li><li class=\"blocks-gallery-item\"><figure><a href=\"https:\/\/www.montceautriathlon.com\/blog\/wp-content\/uploads\/2024\/07\/449718649_1145090523198337_7562710635081644675_n-1024x682.jpg\"><img data-attachment-id=\"6986\" data-permalink=\"https:\/\/www.montceautriathlon.com\/blog\/2024\/07\/16\/dernier-week-end-de-juin-les-montcelliens-sur-tous-les-fronts\/449718649_1145090523198337_7562710635081644675_n\/\" data-orig-file=\"https:\/\/www.montceautriathlon.com\/blog\/wp-content\/uploads\/2024\/07\/449718649_1145090523198337_7562710635081644675_n.jpg\" data-orig-size=\"1200,799\" data-comments-opened=\"1\" data-image-meta=\"{&quot;aperture&quot;:&quot;0&quot;,&quot;credit&quot;:&quot;&quot;,&quot;camera&quot;:&quot;&quot;,&quot;caption&quot;:&quot;&quot;,&quot;created_timestamp&quot;:&quot;0&quot;,&quot;copyright&quot;:&quot;&quot;,&quot;focal_length&quot;:&quot;0&quot;,&quot;iso&quot;:&quot;0&quot;,&quot;shutter_speed&quot;:&quot;0&quot;,&quot;title&quot;:&quot;&quot;,&quot;orientation&quot;:&quot;0&quot;}\" data-image-title=\"449718649_1145090523198337_7562710635081644675_n\" data-image-description=\"\" data-image-caption=\"\" data-medium-file=\"https:\/\/www.montceautriathlon.com\/blog\/wp-content\/uploads\/2024\/07\/449718649_1145090523198337_7562710635081644675_n-300x200.jpg\" data-large-file=\"https:\/\/www.montceautriathlon.com\/blog\/wp-content\/uploads\/2024\/07\/449718649_1145090523198337_7562710635081644675_n-1024x682.jpg\" loading=\"lazy\" width=\"1024\" height=\"682\" src=\"https:\/\/www.montceautriathlon.com\/blog\/wp-content\/uploads\/2024\/07\/449718649_1145090523198337_7562710635081644675_n-1024x682.jpg\" alt=\"\" data-id=\"6986\" data-link=\"https:\/\/www.montceautriathlon.com\/blog\/?attachment_id=6986\" class=\"wp-image-6986\" srcset=\"https:\/\/www.montceautriathlon.com\/blog\/wp-content\/uploads\/2024\/07\/449718649_1145090523198337_7562710635081644675_n-1024x682.jpg 1024w, https:\/\/www.montceautriathlon.com\/blog\/wp-content\/uploads\/2024\/07\/449718649_1145090523198337_7562710635081644675_n-300x200.jpg 300w, https:\/\/www.montceautriathlon.com\/blog\/wp-content\/uploads\/2024\/07\/449718649_1145090523198337_7562710635081644675_n-768x511.jpg 768w, https:\/\/www.montceautriathlon.com\/blog\/wp-content\/uploads\/2024\/07\/449718649_1145090523198337_7562710635081644675_n.jpg 1200w\" sizes=\"(max-width: 1024px) 100vw, 1024px\" \/><\/a><\/figure><\/li><li class=\"blocks-gallery-item\"><figure><a href=\"https:\/\/www.montceautriathlon.com\/blog\/wp-content\/uploads\/2024\/07\/449702059_1145090549865001_8425172857938717631_n.jpg\"><img data-attachment-id=\"6987\" data-permalink=\"https:\/\/www.montceautriathlon.com\/blog\/2024\/07\/16\/dernier-week-end-de-juin-les-montcelliens-sur-tous-les-fronts\/449702059_1145090549865001_8425172857938717631_n\/\" data-orig-file=\"https:\/\/www.montceautriathlon.com\/blog\/wp-content\/uploads\/2024\/07\/449702059_1145090549865001_8425172857938717631_n.jpg\" data-orig-size=\"1200,799\" data-comments-opened=\"1\" data-image-meta=\"{&quot;aperture&quot;:&quot;0&quot;,&quot;credit&quot;:&quot;&quot;,&quot;camera&quot;:&quot;&quot;,&quot;caption&quot;:&quot;&quot;,&quot;created_timestamp&quot;:&quot;0&quot;,&quot;copyright&quot;:&quot;&quot;,&quot;focal_length&quot;:&quot;0&quot;,&quot;iso&quot;:&quot;0&quot;,&quot;shutter_speed&quot;:&quot;0&quot;,&quot;title&quot;:&quot;&quot;,&quot;orientation&quot;:&quot;0&quot;}\" data-image-title=\"449702059_1145090549865001_8425172857938717631_n\" data-image-description=\"\" data-image-caption=\"\" data-medium-file=\"https:\/\/www.montceautriathlon.com\/blog\/wp-content\/uploads\/2024\/07\/449702059_1145090549865001_8425172857938717631_n-300x200.jpg\" data-large-file=\"https:\/\/www.montceautriathlon.com\/blog\/wp-content\/uploads\/2024\/07\/449702059_1145090549865001_8425172857938717631_n-1024x682.jpg\" loading=\"lazy\" width=\"1024\" height=\"682\" src=\"https:\/\/www.montceautriathlon.com\/blog\/wp-content\/uploads\/2024\/07\/449702059_1145090549865001_8425172857938717631_n-1024x682.jpg\" alt=\"\" data-id=\"6987\" data-full-url=\"https:\/\/www.montceautriathlon.com\/blog\/wp-content\/uploads\/2024\/07\/449702059_1145090549865001_8425172857938717631_n.jpg\" data-link=\"https:\/\/www.montceautriathlon.com\/blog\/?attachment_id=6987\" class=\"wp-image-6987\" srcset=\"https:\/\/www.montceautriathlon.com\/blog\/wp-content\/uploads\/2024\/07\/449702059_1145090549865001_8425172857938717631_n-1024x682.jpg 1024w, https:\/\/www.montceautriathlon.com\/blog\/wp-content\/uploads\/2024\/07\/449702059_1145090549865001_8425172857938717631_n-300x200.jpg 300w, https:\/\/www.montceautriathlon.com\/blog\/wp-content\/uploads\/2024\/07\/449702059_1145090549865001_8425172857938717631_n-768x511.jpg 768w, https:\/\/www.montceautriathlon.com\/blog\/wp-content\/uploads\/2024\/07\/449702059_1145090549865001_8425172857938717631_n.jpg 1200w\" sizes=\"(max-width: 1024px) 100vw, 1024px\" \/><\/a><\/figure><\/li><\/ul><figcaption class=\"blocks-gallery-caption\">Marathon du Mont Blanc<\/figcaption><\/figure>\n\n\n\n<p>Apr\u00e8s avoir \u00e9t\u00e9 tir\u00e9 au sort , Sandrine et Fr\u00e9d\u00e9ric Ghesqui\u00e8re ont pu participer au marathon du Mont Blanc. C&rsquo;est un parcours exigeant de 43.5km , 2700D+ avec des mont\u00e9es \u00e0 34% et des descentes techniques.<\/p>\n\n\n\n<p>Sandrine et Fr\u00e9d\u00e9ric  terminent respectivement 23e et 118e de leur cat\u00e9gorie en 7h56.<\/p>\n\n\n\n<figure class=\"wp-block-gallery columns-3 is-cropped\"><ul data-carousel-extra='{\"blog_id\":1,\"permalink\":\"https:\\\/\\\/www.montceautriathlon.com\\\/blog\\\/2024\\\/07\\\/16\\\/dernier-week-end-de-juin-les-montcelliens-sur-tous-les-fronts\\\/\"}' class=\"blocks-gallery-grid\"><li class=\"blocks-gallery-item\"><figure><a href=\"https:\/\/www.montceautriathlon.com\/blog\/wp-content\/uploads\/2024\/07\/449216712_1145087039865352_2257508749741013834_n-707x1024.jpg\"><img data-attachment-id=\"6988\" data-permalink=\"https:\/\/www.montceautriathlon.com\/blog\/2024\/07\/16\/dernier-week-end-de-juin-les-montcelliens-sur-tous-les-fronts\/449216712_1145087039865352_2257508749741013834_n\/\" data-orig-file=\"https:\/\/www.montceautriathlon.com\/blog\/wp-content\/uploads\/2024\/07\/449216712_1145087039865352_2257508749741013834_n.jpg\" data-orig-size=\"1134,1642\" data-comments-opened=\"1\" data-image-meta=\"{&quot;aperture&quot;:&quot;0&quot;,&quot;credit&quot;:&quot;&quot;,&quot;camera&quot;:&quot;&quot;,&quot;caption&quot;:&quot;&quot;,&quot;created_timestamp&quot;:&quot;0&quot;,&quot;copyright&quot;:&quot;&quot;,&quot;focal_length&quot;:&quot;0&quot;,&quot;iso&quot;:&quot;0&quot;,&quot;shutter_speed&quot;:&quot;0&quot;,&quot;title&quot;:&quot;&quot;,&quot;orientation&quot;:&quot;0&quot;}\" data-image-title=\"449216712_1145087039865352_2257508749741013834_n\" data-image-description=\"\" data-image-caption=\"\" data-medium-file=\"https:\/\/www.montceautriathlon.com\/blog\/wp-content\/uploads\/2024\/07\/449216712_1145087039865352_2257508749741013834_n-207x300.jpg\" data-large-file=\"https:\/\/www.montceautriathlon.com\/blog\/wp-content\/uploads\/2024\/07\/449216712_1145087039865352_2257508749741013834_n-707x1024.jpg\" loading=\"lazy\" width=\"707\" height=\"1024\" src=\"https:\/\/www.montceautriathlon.com\/blog\/wp-content\/uploads\/2024\/07\/449216712_1145087039865352_2257508749741013834_n-707x1024.jpg\" alt=\"\" data-id=\"6988\" data-link=\"https:\/\/www.montceautriathlon.com\/blog\/?attachment_id=6988\" class=\"wp-image-6988\" srcset=\"https:\/\/www.montceautriathlon.com\/blog\/wp-content\/uploads\/2024\/07\/449216712_1145087039865352_2257508749741013834_n-707x1024.jpg 707w, https:\/\/www.montceautriathlon.com\/blog\/wp-content\/uploads\/2024\/07\/449216712_1145087039865352_2257508749741013834_n-207x300.jpg 207w, https:\/\/www.montceautriathlon.com\/blog\/wp-content\/uploads\/2024\/07\/449216712_1145087039865352_2257508749741013834_n-768x1112.jpg 768w, https:\/\/www.montceautriathlon.com\/blog\/wp-content\/uploads\/2024\/07\/449216712_1145087039865352_2257508749741013834_n-1061x1536.jpg 1061w, https:\/\/www.montceautriathlon.com\/blog\/wp-content\/uploads\/2024\/07\/449216712_1145087039865352_2257508749741013834_n.jpg 1134w\" sizes=\"(max-width: 707px) 100vw, 707px\" \/><\/a><\/figure><\/li><li class=\"blocks-gallery-item\"><figure><a href=\"https:\/\/www.montceautriathlon.com\/blog\/wp-content\/uploads\/2024\/07\/449714293_1145087013198688_2877389032766747078_n-1024x577.jpg\"><img data-attachment-id=\"6989\" data-permalink=\"https:\/\/www.montceautriathlon.com\/blog\/2024\/07\/16\/dernier-week-end-de-juin-les-montcelliens-sur-tous-les-fronts\/449714293_1145087013198688_2877389032766747078_n\/\" data-orig-file=\"https:\/\/www.montceautriathlon.com\/blog\/wp-content\/uploads\/2024\/07\/449714293_1145087013198688_2877389032766747078_n.jpg\" data-orig-size=\"1179,664\" data-comments-opened=\"1\" data-image-meta=\"{&quot;aperture&quot;:&quot;0&quot;,&quot;credit&quot;:&quot;&quot;,&quot;camera&quot;:&quot;&quot;,&quot;caption&quot;:&quot;&quot;,&quot;created_timestamp&quot;:&quot;0&quot;,&quot;copyright&quot;:&quot;&quot;,&quot;focal_length&quot;:&quot;0&quot;,&quot;iso&quot;:&quot;0&quot;,&quot;shutter_speed&quot;:&quot;0&quot;,&quot;title&quot;:&quot;&quot;,&quot;orientation&quot;:&quot;0&quot;}\" data-image-title=\"449714293_1145087013198688_2877389032766747078_n\" data-image-description=\"\" data-image-caption=\"\" data-medium-file=\"https:\/\/www.montceautriathlon.com\/blog\/wp-content\/uploads\/2024\/07\/449714293_1145087013198688_2877389032766747078_n-300x169.jpg\" data-large-file=\"https:\/\/www.montceautriathlon.com\/blog\/wp-content\/uploads\/2024\/07\/449714293_1145087013198688_2877389032766747078_n-1024x577.jpg\" loading=\"lazy\" width=\"1024\" height=\"577\" src=\"https:\/\/www.montceautriathlon.com\/blog\/wp-content\/uploads\/2024\/07\/449714293_1145087013198688_2877389032766747078_n-1024x577.jpg\" alt=\"\" data-id=\"6989\" data-link=\"https:\/\/www.montceautriathlon.com\/blog\/?attachment_id=6989\" class=\"wp-image-6989\" srcset=\"https:\/\/www.montceautriathlon.com\/blog\/wp-content\/uploads\/2024\/07\/449714293_1145087013198688_2877389032766747078_n-1024x577.jpg 1024w, https:\/\/www.montceautriathlon.com\/blog\/wp-content\/uploads\/2024\/07\/449714293_1145087013198688_2877389032766747078_n-300x169.jpg 300w, https:\/\/www.montceautriathlon.com\/blog\/wp-content\/uploads\/2024\/07\/449714293_1145087013198688_2877389032766747078_n-768x433.jpg 768w, https:\/\/www.montceautriathlon.com\/blog\/wp-content\/uploads\/2024\/07\/449714293_1145087013198688_2877389032766747078_n.jpg 1179w\" sizes=\"(max-width: 1024px) 100vw, 1024px\" \/><\/a><\/figure><\/li><li class=\"blocks-gallery-item\"><figure><a href=\"https:\/\/www.montceautriathlon.com\/blog\/wp-content\/uploads\/2024\/07\/449678060_1145087046532018_853604204385460959_n.jpg\"><img data-attachment-id=\"6990\" data-permalink=\"https:\/\/www.montceautriathlon.com\/blog\/2024\/07\/16\/dernier-week-end-de-juin-les-montcelliens-sur-tous-les-fronts\/449678060_1145087046532018_853604204385460959_n\/\" data-orig-file=\"https:\/\/www.montceautriathlon.com\/blog\/wp-content\/uploads\/2024\/07\/449678060_1145087046532018_853604204385460959_n.jpg\" data-orig-size=\"900,1600\" data-comments-opened=\"1\" data-image-meta=\"{&quot;aperture&quot;:&quot;0&quot;,&quot;credit&quot;:&quot;&quot;,&quot;camera&quot;:&quot;&quot;,&quot;caption&quot;:&quot;&quot;,&quot;created_timestamp&quot;:&quot;0&quot;,&quot;copyright&quot;:&quot;&quot;,&quot;focal_length&quot;:&quot;0&quot;,&quot;iso&quot;:&quot;0&quot;,&quot;shutter_speed&quot;:&quot;0&quot;,&quot;title&quot;:&quot;&quot;,&quot;orientation&quot;:&quot;0&quot;}\" data-image-title=\"449678060_1145087046532018_853604204385460959_n\" data-image-description=\"\" data-image-caption=\"\" data-medium-file=\"https:\/\/www.montceautriathlon.com\/blog\/wp-content\/uploads\/2024\/07\/449678060_1145087046532018_853604204385460959_n-169x300.jpg\" data-large-file=\"https:\/\/www.montceautriathlon.com\/blog\/wp-content\/uploads\/2024\/07\/449678060_1145087046532018_853604204385460959_n-576x1024.jpg\" loading=\"lazy\" width=\"576\" height=\"1024\" src=\"https:\/\/www.montceautriathlon.com\/blog\/wp-content\/uploads\/2024\/07\/449678060_1145087046532018_853604204385460959_n-576x1024.jpg\" alt=\"\" data-id=\"6990\" data-full-url=\"https:\/\/www.montceautriathlon.com\/blog\/wp-content\/uploads\/2024\/07\/449678060_1145087046532018_853604204385460959_n.jpg\" data-link=\"https:\/\/www.montceautriathlon.com\/blog\/?attachment_id=6990\" class=\"wp-image-6990\" srcset=\"https:\/\/www.montceautriathlon.com\/blog\/wp-content\/uploads\/2024\/07\/449678060_1145087046532018_853604204385460959_n-576x1024.jpg 576w, https:\/\/www.montceautriathlon.com\/blog\/wp-content\/uploads\/2024\/07\/449678060_1145087046532018_853604204385460959_n-169x300.jpg 169w, https:\/\/www.montceautriathlon.com\/blog\/wp-content\/uploads\/2024\/07\/449678060_1145087046532018_853604204385460959_n-768x1365.jpg 768w, https:\/\/www.montceautriathlon.com\/blog\/wp-content\/uploads\/2024\/07\/449678060_1145087046532018_853604204385460959_n-864x1536.jpg 864w, https:\/\/www.montceautriathlon.com\/blog\/wp-content\/uploads\/2024\/07\/449678060_1145087046532018_853604204385460959_n.jpg 900w\" sizes=\"(max-width: 576px) 100vw, 576px\" \/><\/a><\/figure><\/li><\/ul><\/figure>\n\n\n\n<p><\/p>\n","protected":false},"excerpt":{"rendered":"<p>Les triathl\u00e8tes montcelliens \u00e9taient pour ce dernier week end de juin sur tous les fronts. Une grosse d\u00e9l\u00e9gation \u00e9tait \u00e0 Saint Point pour le triathlon organis\u00e9 pour Macon Triathlon. Nos 2 jeunes \u00ab\u00a0com\u00a0\u00bb Sarah et Charline \u00e9taient aux Sables d&rsquo;Olonnes pour participer \u00e0 leur 1r Half IronMan, et Sandrine et Fred\u00e9ric Ghesqui\u00e8re se sont align\u00e9s [&hellip;]<\/p>\n","protected":false},"author":7,"featured_media":6987,"comment_status":"open","ping_status":"open","sticky":false,"template":"","format":"standard","meta":{"spay_email":"","jetpack_publicize_message":"","jetpack_is_tweetstorm":false},"categories":[1],"tags":[],"jetpack_featured_media_url":"https:\/\/www.montceautriathlon.com\/blog\/wp-content\/uploads\/2024\/07\/449702059_1145090549865001_8425172857938717631_n.jpg","jetpack_publicize_connections":[],"jetpack_sharing_enabled":true,"jetpack_shortlink":"https:\/\/wp.me\/p8bwIy-1Oy","jetpack-related-posts":[{"id":7887,"url":"https:\/\/www.montceautriathlon.com\/blog\/2025\/07\/11\/dernier-week-end-de-juin-un-week-end-tres-riche-en-competitions-ultra-marin-vichy-macon-et-nice\/","url_meta":{"origin":6978,"position":0},"title":"Dernier week end de juin: un week end tr\u00e8s riche en comp\u00e9titions (Ultra Marin, Vichy, Macon et Nice)","date":"11 juillet 2025","format":false,"excerpt":"Fr\u00e9d\u00e9ric Ghesqui\u00e8re et Benoit Thierry ont ouvert le bal en prenant le d\u00e9part vendredi soir de l'Ultra Marin dans le golf du Morbihan. C'est un trail de 175km avec 1400m de d\u00e9nivel\u00e9 + pour effectu\u00e9 le tour complet du golfe du Morbihan. Nos deux comp\u00e8res ont fait, comme \u00e0 l\u2019entra\u00eenement,\u2026","rel":"","context":"Dans &quot;Non class\u00e9&quot;","img":{"alt_text":"","src":"https:\/\/i2.wp.com\/www.montceautriathlon.com\/blog\/wp-content\/uploads\/2025\/07\/IMG_4293-scaled.jpg?resize=350%2C200&ssl=1","width":350,"height":200},"classes":[]},{"id":6892,"url":"https:\/\/www.montceautriathlon.com\/blog\/2024\/06\/11\/week-end-du-9-et-10-juin-montceau-triathlon-sur-tous-les-fronts\/","url_meta":{"origin":6978,"position":1},"title":"Week end du 9 et 10 juin: Montceau triathlon sur tous les fronts","date":"11 juin 2024","format":false,"excerpt":"Montceau Triathlon \u00e9tait ce week end sur tous les fronts......Les triathl\u00e8tes montcelliens ont fait briller les couleurs du club de Vichy \u00e0 Chalain en passanr par Tours. Triathlon de Vichy - Bellerive Cinq de nos licenci\u00e9s ont pris le d\u00e9part du championnat de France de longue distance. Laurent Magnien cloture\u2026","rel":"","context":"Dans &quot;Non class\u00e9&quot;","img":{"alt_text":"","src":"https:\/\/i2.wp.com\/www.montceautriathlon.com\/blog\/wp-content\/uploads\/2024\/06\/facebook_1718131385628_7206365343268083353.jpg?resize=350%2C200&ssl=1","width":350,"height":200},"classes":[]},{"id":6967,"url":"https:\/\/www.montceautriathlon.com\/blog\/2024\/07\/16\/triathlon-autun-2\/","url_meta":{"origin":6978,"position":2},"title":"Triathlon Autun","date":"16 juillet 2024","format":false,"excerpt":"Les triathl\u00e8tes montcelliens \u00e9taient pr\u00e9sents surtoutes les \u00e9preuves du triathlon d'Autun le dimanche 23 juin. Voici les r\u00e9sultats: Course 6\/8 ans: Tiana Magnien monte sur la 3e marche du podium en poussine (5e au scratch) et Eliott Rondier sur la 2e marche en poussin (6e au scratch). Course 9\/11 ans:\u2026","rel":"","context":"Dans &quot;Non class\u00e9&quot;","img":{"alt_text":"","src":"https:\/\/i0.wp.com\/www.montceautriathlon.com\/blog\/wp-content\/uploads\/2024\/07\/448968625_1141027143604675_8033343820953004543_n.jpg?resize=350%2C200&ssl=1","width":350,"height":200},"classes":[]},{"id":6294,"url":"https:\/\/www.montceautriathlon.com\/blog\/2023\/10\/11\/triathlon-de-louhans\/","url_meta":{"origin":6978,"position":3},"title":"Triathlon de Louhans","date":"11 octobre 2023","format":false,"excerpt":"Les triathl\u00e8tes montcelliens se sont retrouv\u00e9s pour la derni\u00e8re \u00e9preuve de la saison \u00e0 Louhans. Ils ont nag\u00e9 dans la piscine de Louhans puis ont pu p\u00e9daler et courir sous un beau soleil. Voici les r\u00e9sultats des diff\u00e9rentes \u00e9preuves: Course 6\/9 ans: Jules Vendramini termine 8e au scratch et 6e\u2026","rel":"","context":"Dans &quot;Non class\u00e9&quot;","img":{"alt_text":"","src":"https:\/\/i2.wp.com\/www.montceautriathlon.com\/blog\/wp-content\/uploads\/2023\/10\/IMG-20231009-WA0004.jpg?resize=350%2C200&ssl=1","width":350,"height":200},"classes":[]},{"id":7750,"url":"https:\/\/www.montceautriathlon.com\/blog\/2025\/05\/25\/24-25-mai-les-triathletes-montcelliens-sur-tous-les-fronts\/","url_meta":{"origin":6978,"position":4},"title":"24\/25 mai: les triathl\u00e8tes montcelliens sur tous les fronts (1\/2)","date":"25 mai 2025","format":false,"excerpt":"Ce week end, il \u00e9tait possible de voir les triathl\u00e8tes montcelliens dans diverses courses de triathlon, swim run, cyclo, trail. Le club de Dijon Triathlon organisait son traditionnel triathlon. Le samedi, David Michel a \u00e9t\u00e9 le premier \u00e0 se jeter dans une eau plutot frisquette (15\u00b0) pour parcourir les 1500m\u2026","rel":"","context":"Dans &quot;Non class\u00e9&quot;","img":{"alt_text":"","src":"https:\/\/i1.wp.com\/www.montceautriathlon.com\/blog\/wp-content\/uploads\/2025\/05\/IMG-20250525-WA0012.jpg?resize=350%2C200&ssl=1","width":350,"height":200},"classes":[]},{"id":7935,"url":"https:\/\/www.montceautriathlon.com\/blog\/2025\/07\/11\/22-juin-triathlon-dautun\/","url_meta":{"origin":6978,"position":5},"title":"22 juin: Triathlon d&rsquo;Autun","date":"11 juillet 2025","format":false,"excerpt":"Une d\u00e9l\u00e9gation montcellienne s'est d\u00e9plac\u00e9e chez nos voisins d'Autun pour leur triathlon. C'est avec un soleil tr\u00e8s pr\u00e9sent et de grosses chaleurs que les triathl\u00e8tes ont montr\u00e9 les couleurs de Montceau triathlon. Voici les r\u00e9sultats des diff\u00e9rentes courses: Sur la course XS, Titouan Rondier termine \u00e0 la 11e place au\u2026","rel":"","context":"Dans &quot;Non class\u00e9&quot;","img":{"alt_text":"","src":"https:\/\/i1.wp.com\/www.montceautriathlon.com\/blog\/wp-content\/uploads\/2025\/07\/IMG_3418-scaled.jpg?resize=350%2C200&ssl=1","width":350,"height":200},"classes":[]}],"_links":{"self":[{"href":"https:\/\/www.montceautriathlon.com\/blog\/wp-json\/wp\/v2\/posts\/6978"}],"collection":[{"href":"https:\/\/www.montceautriathlon.com\/blog\/wp-json\/wp\/v2\/posts"}],"about":[{"href":"https:\/\/www.montceautriathlon.com\/blog\/wp-json\/wp\/v2\/types\/post"}],"author":[{"embeddable":true,"href":"https:\/\/www.montceautriathlon.com\/blog\/wp-json\/wp\/v2\/users\/7"}],"replies":[{"embeddable":true,"href":"https:\/\/www.montceautriathlon.com\/blog\/wp-json\/wp\/v2\/comments?post=6978"}],"version-history":[{"count":1,"href":"https:\/\/www.montceautriathlon.com\/blog\/wp-json\/wp\/v2\/posts\/6978\/revisions"}],"predecessor-version":[{"id":6991,"href":"https:\/\/www.montceautriathlon.com\/blog\/wp-json\/wp\/v2\/posts\/6978\/revisions\/6991"}],"wp:featuredmedia":[{"embeddable":true,"href":"https:\/\/www.montceautriathlon.com\/blog\/wp-json\/wp\/v2\/media\/6987"}],"wp:attachment":[{"href":"https:\/\/www.montceautriathlon.com\/blog\/wp-json\/wp\/v2\/media?parent=6978"}],"wp:term":[{"taxonomy":"category","embeddable":true,"href":"https:\/\/www.montceautriathlon.com\/blog\/wp-json\/wp\/v2\/categories?post=6978"},{"taxonomy":"post_tag","embeddable":true,"href":"https:\/\/www.montceautriathlon.com\/blog\/wp-json\/wp\/v2\/tags?post=6978"}],"curies":[{"name":"wp","href":"https:\/\/api.w.org\/{rel}","templated":true}]}}