{"id":6961,"date":"2024-06-20T09:07:35","date_gmt":"2024-06-20T08:07:35","guid":{"rendered":"https:\/\/www.montceautriathlon.com\/blog\/?p=6961"},"modified":"2024-06-20T09:07:43","modified_gmt":"2024-06-20T08:07:43","slug":"ardechoise","status":"publish","type":"post","link":"https:\/\/www.montceautriathlon.com\/blog\/2024\/06\/20\/ardechoise\/","title":{"rendered":"Ard\u00e9choise"},"content":{"rendered":"\n<p>Thomas Okrzesik a pris le d\u00e9part de l\u2019ARDECHOISE , Sur le parcours de 186km avec 3450D+<\/p>\n\n\n\n<p>Il cl\u00f4ture le parcours avec pr\u00eat de 27,2 de moyenne ! Moins de 7h <img loading=\"lazy\" height=\"16\" width=\"16\" alt=\"&#x1f44f;\" src=\"https:\/\/static.xx.fbcdn.net\/images\/emoji.php\/v9\/tfe\/1\/16\/1f44f.png\"> Objectif atteint <img loading=\"lazy\" height=\"16\" width=\"16\" alt=\"&#x1f4aa;\" src=\"https:\/\/static.xx.fbcdn.net\/images\/emoji.php\/v9\/t6c\/1\/16\/1f4aa.png\"> Il fini donc 67e\/1045 participant en 6h38 <img loading=\"lazy\" height=\"16\" width=\"16\" alt=\"&#x1f44f;&#x1f3fc;\" src=\"https:\/\/static.xx.fbcdn.net\/images\/emoji.php\/v9\/t7a\/1\/16\/1f44f_1f3fc.png\"><img loading=\"lazy\" height=\"16\" width=\"16\" alt=\"&#x1f44f;&#x1f3fc;\" src=\"https:\/\/static.xx.fbcdn.net\/images\/emoji.php\/v9\/t7a\/1\/16\/1f44f_1f3fc.png\"><\/p>\n\n\n\n<figure class=\"wp-block-gallery columns-1 is-cropped\"><ul data-carousel-extra='{\"blog_id\":1,\"permalink\":\"https:\\\/\\\/www.montceautriathlon.com\\\/blog\\\/2024\\\/06\\\/20\\\/ardechoise\\\/\"}' class=\"blocks-gallery-grid\"><li class=\"blocks-gallery-item\"><figure><a href=\"https:\/\/www.montceautriathlon.com\/blog\/wp-content\/uploads\/2024\/06\/thom.jpg\"><img data-attachment-id=\"6962\" data-permalink=\"https:\/\/www.montceautriathlon.com\/blog\/2024\/06\/20\/ardechoise\/thom\/\" data-orig-file=\"https:\/\/www.montceautriathlon.com\/blog\/wp-content\/uploads\/2024\/06\/thom.jpg\" data-orig-size=\"828,1266\" data-comments-opened=\"1\" data-image-meta=\"{&quot;aperture&quot;:&quot;0&quot;,&quot;credit&quot;:&quot;&quot;,&quot;camera&quot;:&quot;&quot;,&quot;caption&quot;:&quot;&quot;,&quot;created_timestamp&quot;:&quot;0&quot;,&quot;copyright&quot;:&quot;&quot;,&quot;focal_length&quot;:&quot;0&quot;,&quot;iso&quot;:&quot;0&quot;,&quot;shutter_speed&quot;:&quot;0&quot;,&quot;title&quot;:&quot;&quot;,&quot;orientation&quot;:&quot;0&quot;}\" data-image-title=\"thom\" data-image-description=\"\" data-image-caption=\"\" data-medium-file=\"https:\/\/www.montceautriathlon.com\/blog\/wp-content\/uploads\/2024\/06\/thom-196x300.jpg\" data-large-file=\"https:\/\/www.montceautriathlon.com\/blog\/wp-content\/uploads\/2024\/06\/thom-670x1024.jpg\" loading=\"lazy\" width=\"670\" height=\"1024\" src=\"https:\/\/www.montceautriathlon.com\/blog\/wp-content\/uploads\/2024\/06\/thom-670x1024.jpg\" alt=\"\" data-id=\"6962\" data-full-url=\"https:\/\/www.montceautriathlon.com\/blog\/wp-content\/uploads\/2024\/06\/thom.jpg\" data-link=\"https:\/\/www.montceautriathlon.com\/blog\/?attachment_id=6962\" class=\"wp-image-6962\" srcset=\"https:\/\/www.montceautriathlon.com\/blog\/wp-content\/uploads\/2024\/06\/thom-670x1024.jpg 670w, https:\/\/www.montceautriathlon.com\/blog\/wp-content\/uploads\/2024\/06\/thom-196x300.jpg 196w, https:\/\/www.montceautriathlon.com\/blog\/wp-content\/uploads\/2024\/06\/thom-768x1174.jpg 768w, https:\/\/www.montceautriathlon.com\/blog\/wp-content\/uploads\/2024\/06\/thom.jpg 828w\" sizes=\"(max-width: 670px) 100vw, 670px\" \/><\/a><\/figure><\/li><\/ul><\/figure>\n","protected":false},"excerpt":{"rendered":"<p>Thomas Okrzesik a pris le d\u00e9part de l\u2019ARDECHOISE , Sur le parcours de 186km avec 3450D+ Il cl\u00f4ture le parcours avec pr\u00eat de 27,2 de moyenne ! Moins de 7h Objectif atteint Il fini donc 67e\/1045 participant en 6h38<\/p>\n","protected":false},"author":8,"featured_media":6962,"comment_status":"open","ping_status":"open","sticky":false,"template":"","format":"standard","meta":{"spay_email":"","jetpack_publicize_message":"","jetpack_is_tweetstorm":false},"categories":[1],"tags":[],"jetpack_featured_media_url":"https:\/\/www.montceautriathlon.com\/blog\/wp-content\/uploads\/2024\/06\/thom.jpg","jetpack_publicize_connections":[],"jetpack_sharing_enabled":true,"jetpack_shortlink":"https:\/\/wp.me\/p8bwIy-1Oh","jetpack-related-posts":[{"id":8806,"url":"https:\/\/www.montceautriathlon.com\/blog\/2026\/04\/19\/week-end-du-4-5-avril\/","url_meta":{"origin":6961,"position":0},"title":"Week end du 4\/5 avril","date":"19 avril 2026","format":false,"excerpt":"Nicolas Vinck, Anne Lamborot et Joel Fran\u00e7ois ont particip\u00e9 \u00e0 l'Ultilmate Man: Les Grands Crus 2026, sur un parcours surplombant les vignes de la cote de Beaune. Le principe est simple: tous les participants disposent d'une heure pour parcourir une boucle de 6.700 km. Tout participant qui ne parcours pas\u2026","rel":"","context":"Dans &quot;Non class\u00e9&quot;","img":{"alt_text":"","src":"https:\/\/i0.wp.com\/www.montceautriathlon.com\/blog\/wp-content\/uploads\/2026\/04\/659803002_18340498780301262_7471983642187502397_n.jpg?resize=350%2C200&ssl=1","width":350,"height":200},"classes":[]},{"id":304,"url":"https:\/\/www.montceautriathlon.com\/blog\/2016\/04\/27\/championnat-de-france-duathlon-jeunes-2016-10-avril-2016\/","url_meta":{"origin":6961,"position":1},"title":"Championnat de France Duathlon Jeunes 2016 (10 avril 2016)","date":"27 avril 2016","format":false,"excerpt":"2 athl\u00e8tes f\u00e9minines ont \u00e9t\u00e9 s\u00e9lectionn\u00e9es \u00e0 Chalon sur Sa\u00f4ne pour participer au championnat de France de Duathlon jeune \u00e0 Albertville. N'ayant pas \u00e9t\u00e9 au mieux de sa forme, la cadette Ludivine LEQUIN\u00a0 a termin\u00e9 \u00e0 la 71\u00e8me place. Quant \u00e0 Maryl\u00e8ne LEQUIN, qui participait dans la cat\u00e9gorie junior, elle\u2026","rel":"","context":"Dans &quot;Non class\u00e9&quot;","img":{"alt_text":"","src":"","width":0,"height":0},"classes":[]},{"id":1800,"url":"https:\/\/www.montceautriathlon.com\/blog\/2018\/03\/13\/stage-jeunes-du-cub-vacances-de-fevrier\/","url_meta":{"origin":6961,"position":2},"title":"stage jeunes du club vacances de f\u00e9vrier","date":"13 mars 2018","format":false,"excerpt":"Petit retour sur les vacances, Nos petits loulous ne se sont pas repos\u00e9s tous les jours durant leurs vacances puisque le vendredi 23 f\u00e9vrier et le samedi 24 f\u00e9vrier ils \u00e9taient convi\u00e9s \u00e0 passer leurs journ\u00e9es \u00e0 l'entra\u00eenement mais pas seulement...\u00a0 C'\u00e9tait aussi un moment pour se retrouver entre copains\u2026","rel":"","context":"Dans &quot;Non class\u00e9&quot;","img":{"alt_text":"","src":"","width":0,"height":0},"classes":[]},{"id":2962,"url":"https:\/\/www.montceautriathlon.com\/blog\/2019\/06\/19\/trail-des-cadoles-a-brancion-avec-de-bonnes-guiboles-on-senvole\/","url_meta":{"origin":6961,"position":3},"title":"Trail des Cadoles \u00e0 Brancion : avec de bonnes guiboles on s&rsquo;envole !","date":"19 juin 2019","format":false,"excerpt":"Cyril B\u00e9rardan a une nouvelle fois r\u00e9alis\u00e9 une belle performance en terminant pour la deuxi\u00e8me ann\u00e9e cons\u00e9cutive sur la troisi\u00e8me marche du podium du parcours de 25km avec 950D+. Et tout cela en 2h07'42 ! S\u00fbrement une bonne pr\u00e9paration pour de futurs ultras trails...","rel":"","context":"Dans &quot;Non class\u00e9&quot;","img":{"alt_text":"","src":"https:\/\/i0.wp.com\/montceautriathlon.com\/blog\/wp-content\/uploads\/2019\/06\/trail-des-cadoles-300x300.jpg?resize=350%2C200","width":350,"height":200},"classes":[]},{"id":5383,"url":"https:\/\/www.montceautriathlon.com\/blog\/2022\/10\/14\/ultra-trail-des-grands-sentiers-dauvergne-coach-sandrine-au-sommet\/","url_meta":{"origin":6961,"position":4},"title":"Ultra trail des Grands Sentiers d&rsquo;Auvergne : Coach Sandrine au sommet !","date":"14 octobre 2022","format":false,"excerpt":"Ce samedi 8 octobre dernier, Vulcain accueillait notre diablesse de Sandrine dossard 666 qui s'alignait sur l'imposante distance de 78km (finalement 82 avec 3000D+)apr\u00e8s une longue et rigoureuse pr\u00e9paration. Et c'est en 12h24'28\" qu'elle franchissait en 98\u00e8me position la ligne d'arriv\u00e9e. 9\u00e8me f\u00e9minine et 3\u00e8me de sa cat\u00e9gorie. Une performance\u2026","rel":"","context":"Dans &quot;Non class\u00e9&quot;","img":{"alt_text":"","src":"https:\/\/i1.wp.com\/www.montceautriathlon.com\/blog\/wp-content\/uploads\/2022\/10\/IMG-20221008-WA0013.jpg?resize=350%2C200&ssl=1","width":350,"height":200},"classes":[]},{"id":1541,"url":"https:\/\/www.montceautriathlon.com\/blog\/2017\/09\/24\/triathlon-de-paladru-samedi-23-septembre-2017\/","url_meta":{"origin":6961,"position":5},"title":"Triathlon de Paladru (Samedi 23 septembre 2017)","date":"24 septembre 2017","format":false,"excerpt":"Avec 4 \u00e9quipes propos\u00e9es sur 150 \u00e9quipes engag\u00e9es, notre club a une nouvelle fois particip\u00e9 en nombre au Triathlon de Paladru\u00a0qui, pour ceux qui ne se situent pas, est entre Bourgoin-Jailleu et Voiron, proche\u00a0de Grenoble. Le soleil \u00e9tait une nouvelle fois au rendez-vous ainsi que la joie et la bonne\u2026","rel":"","context":"Dans &quot;Non class\u00e9&quot;","img":{"alt_text":"","src":"","width":0,"height":0},"classes":[]}],"_links":{"self":[{"href":"https:\/\/www.montceautriathlon.com\/blog\/wp-json\/wp\/v2\/posts\/6961"}],"collection":[{"href":"https:\/\/www.montceautriathlon.com\/blog\/wp-json\/wp\/v2\/posts"}],"about":[{"href":"https:\/\/www.montceautriathlon.com\/blog\/wp-json\/wp\/v2\/types\/post"}],"author":[{"embeddable":true,"href":"https:\/\/www.montceautriathlon.com\/blog\/wp-json\/wp\/v2\/users\/8"}],"replies":[{"embeddable":true,"href":"https:\/\/www.montceautriathlon.com\/blog\/wp-json\/wp\/v2\/comments?post=6961"}],"version-history":[{"count":1,"href":"https:\/\/www.montceautriathlon.com\/blog\/wp-json\/wp\/v2\/posts\/6961\/revisions"}],"predecessor-version":[{"id":6963,"href":"https:\/\/www.montceautriathlon.com\/blog\/wp-json\/wp\/v2\/posts\/6961\/revisions\/6963"}],"wp:featuredmedia":[{"embeddable":true,"href":"https:\/\/www.montceautriathlon.com\/blog\/wp-json\/wp\/v2\/media\/6962"}],"wp:attachment":[{"href":"https:\/\/www.montceautriathlon.com\/blog\/wp-json\/wp\/v2\/media?parent=6961"}],"wp:term":[{"taxonomy":"category","embeddable":true,"href":"https:\/\/www.montceautriathlon.com\/blog\/wp-json\/wp\/v2\/categories?post=6961"},{"taxonomy":"post_tag","embeddable":true,"href":"https:\/\/www.montceautriathlon.com\/blog\/wp-json\/wp\/v2\/tags?post=6961"}],"curies":[{"name":"wp","href":"https:\/\/api.w.org\/{rel}","templated":true}]}}