{"id":6889,"date":"2024-06-20T08:54:10","date_gmt":"2024-06-20T07:54:10","guid":{"rendered":"https:\/\/www.montceautriathlon.com\/blog\/?p=6889"},"modified":"2024-12-08T18:57:33","modified_gmt":"2024-12-08T17:57:33","slug":"resultats-du-challenge-hivernal-2023-2024-de-bike-and-run","status":"publish","type":"post","link":"https:\/\/www.montceautriathlon.com\/blog\/2024\/06\/20\/resultats-du-challenge-hivernal-2023-2024-de-bike-and-run\/","title":{"rendered":"R\u00e9sultats du challenge hivernal 2023\/2024 de bike and run"},"content":{"rendered":"\n<p>Pour cette saison hivernale, 14 bike and run ont \u00e9t\u00e9 organis\u00e9s dans la r\u00e9gion Bourgogne Franche Comt\u00e9<\/p>\n\n\n\n<p>Les Montcelliens, jeunes et adultes se sont d\u00e9plac\u00e9s \u00e0 plusieurs reprises. Cela  permet pour plusieurs \u00e9quipes de monter sur les marches du podium.<\/p>\n\n\n\n<p>Voici les r\u00e9sultats:<\/p>\n\n\n\n<p>Course Jeunes 2:<\/p>\n\n\n\n<p>f\u00e9minine: Axelle Da Eira et Sarah Thierry : 3e<\/p>\n\n\n\n<p>mixte: El\u00e9a B\u00e9rardan et Simon Devoille: 2e<\/p>\n\n\n\n<p><\/p>\n\n\n\n<p><\/p>\n\n\n\n<p>Course XS:<\/p>\n\n\n\n<p>femme, cadette\/juniore: Jeanne Rondier et Ema Prunel: 3e<\/p>\n\n\n\n<p>femme senioer: Charline Berthier et Sarah Emorine: 3e<\/p>\n\n\n\n<p>femme v\u00e9t\u00e9rane: H\u00e9l\u00e8ne Touillon et Sophie Rousseau: 2e<\/p>\n\n\n\n<p>mixte v\u00e9t\u00e9ran: Delphine Tonni et Cyrille B\u00e9rardan: 2e<\/p>\n\n\n\n<p><\/p>\n\n\n\n<p>F\u00e9licitations \u00e0 toutes les \u00e9quipes pr\u00e9sentes.<\/p>\n\n\n\n<p><\/p>\n","protected":false},"excerpt":{"rendered":"<p>Pour cette saison hivernale, 14 bike and run ont \u00e9t\u00e9 organis\u00e9s dans la r\u00e9gion Bourgogne Franche Comt\u00e9 Les Montcelliens, jeunes et adultes se sont d\u00e9plac\u00e9s \u00e0 plusieurs reprises. Cela permet pour plusieurs \u00e9quipes de monter sur les marches du podium. Voici les r\u00e9sultats: Course Jeunes 2: f\u00e9minine: Axelle Da Eira et Sarah Thierry : 3e [&hellip;]<\/p>\n","protected":false},"author":7,"featured_media":0,"comment_status":"open","ping_status":"open","sticky":false,"template":"","format":"standard","meta":{"spay_email":"","jetpack_publicize_message":"","jetpack_is_tweetstorm":false},"categories":[1],"tags":[],"jetpack_featured_media_url":"","jetpack_publicize_connections":[],"jetpack_sharing_enabled":true,"jetpack_shortlink":"https:\/\/wp.me\/p8bwIy-1N7","jetpack-related-posts":[{"id":4970,"url":"https:\/\/www.montceautriathlon.com\/blog\/2022\/04\/06\/challenge-hivernal-regional-bike-run-les-resultats\/","url_meta":{"origin":6889,"position":0},"title":"Challenge hivernal r\u00e9gional Bike &#038; run :   Les r\u00e9sultats !","date":"6 avril 2022","format":false,"excerpt":"Malgr\u00e9 une moindre participation cette ann\u00e9e, le club en bonne place dans ce challenge ! quelques podiums n\u00e9anmoins ! Jeanne et Titouan, No\u00e9mie et Maelle, H\u00e9l\u00e8ne et Sophie, Benoit et Arnaud ! F\u00e9licitations aux jeunes et moins jeunes qui se sont d\u00e9plac\u00e9s sur les diff\u00e9rentes \u00e9preuves. Remise des r\u00e9compenses au\u2026","rel":"","context":"Dans &quot;Non class\u00e9&quot;","img":{"alt_text":"","src":"https:\/\/i0.wp.com\/www.montceautriathlon.com\/blog\/wp-content\/uploads\/2022\/03\/auxonne7.jpg?resize=350%2C200&ssl=1","width":350,"height":200},"classes":[]},{"id":4928,"url":"https:\/\/www.montceautriathlon.com\/blog\/2022\/03\/22\/bike-run-dauxonne-ca-fonctionne-ca-frissonne-ca-rayonne\/","url_meta":{"origin":6889,"position":1},"title":"Bike &#038; run d&rsquo;Auxonne, \u00e7a fonctionne, \u00e7a frissonne, \u00e7a rayonne !","date":"22 mars 2022","format":false,"excerpt":"Ce dimanche \u00e0 Auxonne, \u00e9tait organis\u00e9 le dernier bike and run de la saison comptant pour le challenge. Les jeunes ont repr\u00e9sent\u00e9 le club et plusieurs \u00e9quipes sont mont\u00e9es sur le podium. Du c\u00f4t\u00e9 des adultes seulement deux \u00e9quipes \u00e9taient pr\u00e9sentes.Jeunes 1: Oscar et Nino: 3e scratch et 2e H\u2026","rel":"","context":"Dans &quot;Non class\u00e9&quot;","img":{"alt_text":"","src":"https:\/\/i1.wp.com\/www.montceautriathlon.com\/blog\/wp-content\/uploads\/2022\/03\/photos-auxonne-scaled.jpg?resize=350%2C200&ssl=1","width":350,"height":200},"classes":[]},{"id":8349,"url":"https:\/\/www.montceautriathlon.com\/blog\/2025\/11\/01\/19-novembre-bike-and-run-de-montceau-les-mines\/","url_meta":{"origin":6889,"position":2},"title":"19 Novembre: Bike and run de Montceau les Mines","date":"1 novembre 2025","format":false,"excerpt":"Ce dimanche avait lieu notre bike and run aux Grands Parcs. C'est sous le soleil que les comp\u00e9titeurs ont pu s'affronter sur les diff\u00e9rentes \u00e9preuves. Un garnd merci \u00e0 tous nos petits et grands triathl\u00e8tes montcelliens pr\u00e9sents. Voici les r\u00e9sultats des 4 \u00e9preuves: Course jeunes 1: Come Pradier et Eliott\u2026","rel":"","context":"Dans &quot;Non class\u00e9&quot;","img":{"alt_text":"","src":"https:\/\/i1.wp.com\/www.montceautriathlon.com\/blog\/wp-content\/uploads\/2025\/11\/IMG_6851-scaled.jpg?resize=350%2C200&ssl=1","width":350,"height":200},"classes":[]},{"id":5166,"url":"https:\/\/www.montceautriathlon.com\/blog\/2022\/07\/11\/triathlon-dautun-une-bonne-preparation-pour-titouan-eliott-et-paul-avant-les-france-daquathlon-la-semaine-prochaine\/","url_meta":{"origin":6889,"position":3},"title":"Triathlon d&rsquo;Autun : Une bonne pr\u00e9paration pour Titouan, Eliott et Paul avant les France d&rsquo;aquathlon la semaine prochaine.","date":"11 juillet 2022","format":false,"excerpt":"Le club d'Autun organisait son triathlon ce dimanche. Les jeunes de Montceau et des adultes ont fait le d\u00e9placement pour se retrouver sur les diff\u00e9rentes courses.A noter des podiums pour plusieurs jeunes. Course 6\/9ans :Berteline termine 2e au scratch et 1e poussine Course 10\/13ans: Titouan: 2e au scratch et 2e\u2026","rel":"","context":"Dans &quot;Non class\u00e9&quot;","img":{"alt_text":"","src":"https:\/\/i2.wp.com\/www.montceautriathlon.com\/blog\/wp-content\/uploads\/2022\/07\/Resized_20220710_1133081.jpg?resize=350%2C200&ssl=1","width":350,"height":200},"classes":[]},{"id":6384,"url":"https:\/\/www.montceautriathlon.com\/blog\/2023\/10\/26\/challenge-departemental\/","url_meta":{"origin":6889,"position":4},"title":"Challenge d\u00e9partemental","date":"26 octobre 2023","format":false,"excerpt":"Lors du meeting organis\u00e9 par le comit\u00e9 d\u00e9partemental de triathlon, les titres de champions et championnes de Sa\u00f4ne et Loire ont \u00e9t\u00e9 d\u00e9cern\u00e9s. Plusieurs triathl\u00e8tes montcelliens montent sur le podium. Jules Vendramini termine 2e poussin Berteline Marionnet termine 2e poussine Titouan Rondier est 3e benjamin Chez les juniors Ma\u00eblle Di\u2026","rel":"","context":"Dans &quot;Non class\u00e9&quot;","img":{"alt_text":"","src":"https:\/\/i1.wp.com\/www.montceautriathlon.com\/blog\/wp-content\/uploads\/2023\/10\/7749789778864040237.jpg?resize=350%2C200&ssl=1","width":350,"height":200},"classes":[]},{"id":7273,"url":"https:\/\/www.montceautriathlon.com\/blog\/2025\/01\/12\/bike-and-run-de-chenove-et-corrida-de-buxy\/","url_meta":{"origin":6889,"position":5},"title":"Bike and run  de Chenove et corrida de Buxy","date":"12 janvier 2025","format":false,"excerpt":"Par ce week end tr\u00e8s frais, certains licenci\u00e9s courraient \u00e0 Buxy alors que d'autres \u00e9taient \u00e0 Chenove pour le bike and run. BIKE AND RUN DE CHENOVE C'est sous un beau soleil hivernal que la journ\u00e9e s'est termin\u00e9e. Les jeunes et moins jeunes \u00e9taient pr\u00e9sents \u00e0 Chenove pour le premier\u2026","rel":"","context":"Dans &quot;Non class\u00e9&quot;","img":{"alt_text":"","src":"https:\/\/i0.wp.com\/www.montceautriathlon.com\/blog\/wp-content\/uploads\/2025\/01\/897126307000611409.jpg?resize=350%2C200&ssl=1","width":350,"height":200},"classes":[]}],"_links":{"self":[{"href":"https:\/\/www.montceautriathlon.com\/blog\/wp-json\/wp\/v2\/posts\/6889"}],"collection":[{"href":"https:\/\/www.montceautriathlon.com\/blog\/wp-json\/wp\/v2\/posts"}],"about":[{"href":"https:\/\/www.montceautriathlon.com\/blog\/wp-json\/wp\/v2\/types\/post"}],"author":[{"embeddable":true,"href":"https:\/\/www.montceautriathlon.com\/blog\/wp-json\/wp\/v2\/users\/7"}],"replies":[{"embeddable":true,"href":"https:\/\/www.montceautriathlon.com\/blog\/wp-json\/wp\/v2\/comments?post=6889"}],"version-history":[{"count":2,"href":"https:\/\/www.montceautriathlon.com\/blog\/wp-json\/wp\/v2\/posts\/6889\/revisions"}],"predecessor-version":[{"id":7251,"href":"https:\/\/www.montceautriathlon.com\/blog\/wp-json\/wp\/v2\/posts\/6889\/revisions\/7251"}],"wp:attachment":[{"href":"https:\/\/www.montceautriathlon.com\/blog\/wp-json\/wp\/v2\/media?parent=6889"}],"wp:term":[{"taxonomy":"category","embeddable":true,"href":"https:\/\/www.montceautriathlon.com\/blog\/wp-json\/wp\/v2\/categories?post=6889"},{"taxonomy":"post_tag","embeddable":true,"href":"https:\/\/www.montceautriathlon.com\/blog\/wp-json\/wp\/v2\/tags?post=6889"}],"curies":[{"name":"wp","href":"https:\/\/api.w.org\/{rel}","templated":true}]}}