{"id":6764,"date":"2024-04-30T09:51:58","date_gmt":"2024-04-30T08:51:58","guid":{"rendered":"https:\/\/www.montceautriathlon.com\/blog\/?p=6764"},"modified":"2024-04-30T09:52:02","modified_gmt":"2024-04-30T08:52:02","slug":"trail-du-dardon-et-rando-de-la-bourgogne-cyclo-gravel","status":"publish","type":"post","link":"https:\/\/www.montceautriathlon.com\/blog\/2024\/04\/30\/trail-du-dardon-et-rando-de-la-bourgogne-cyclo-gravel\/","title":{"rendered":"Trail du Dardon et rando de la Bourgogne cyclo gravel"},"content":{"rendered":"\n<p>Nos triathl\u00e8tes se sont lanc\u00e9s sur diff\u00e9rentes courses ce dimanche,<\/p>\n\n\n\n<h2>Rando de la Bourgogne cyclo gravel <\/h2>\n\n\n\n<p>Pascal Vaury \u00e9tait pr\u00e9sent sur cette randonn\u00e9e. <\/p>\n\n\n\n<h2>Trail du Dardon <\/h2>\n\n\n\n<p>Sur le 26km :<\/p>\n\n\n\n<p>Sandrine Marchand, 2\u00e8me du scratch f\u00e9minin, 29e de la course sur 63, en 2h39<img loading=\"lazy\" height=\"16\" width=\"16\" alt=\"&#x1f3c6;\" src=\"https:\/\/static.xx.fbcdn.net\/images\/emoji.php\/v9\/tbe\/1\/16\/1f3c6.png\"><img loading=\"lazy\" height=\"16\" width=\"16\" alt=\"&#x1f44f;&#x1f3fc;\" src=\"https:\/\/static.xx.fbcdn.net\/images\/emoji.php\/v9\/t7a\/1\/16\/1f44f_1f3fc.png\"><\/p>\n\n\n\n<p>Et sa fille : Marjolaine Dangeul, qui prend la 12e position <img loading=\"lazy\" height=\"16\" width=\"16\" alt=\"&#x1f6ba;\" src=\"https:\/\/static.xx.fbcdn.net\/images\/emoji.php\/v9\/t8d\/1\/16\/1f6ba.png\">, en 3h04<\/p>\n\n\n\n<p>Sur le 12 km : <\/p>\n\n\n\n<p>Laurent De Sousa: 19e au g\u00e9n\u00e9ral en 1h09<\/p>\n\n\n\n<p>C\u00e9line De Sousa : 15e <img loading=\"lazy\" height=\"16\" width=\"16\" alt=\"&#x1f6ba;\" src=\"https:\/\/static.xx.fbcdn.net\/images\/emoji.php\/v9\/t8d\/1\/16\/1f6ba.png\">, en 1h29<\/p>\n\n\n\n<figure class=\"wp-block-image size-full\"><a href=\"https:\/\/www.montceautriathlon.com\/blog\/wp-content\/uploads\/2024\/04\/trail-2-1.jpg\"><img data-attachment-id=\"6771\" data-permalink=\"https:\/\/www.montceautriathlon.com\/blog\/2024\/04\/30\/trail-du-dardon-et-rando-de-la-bourgogne-cyclo-gravel\/trail-2-1\/\" data-orig-file=\"https:\/\/www.montceautriathlon.com\/blog\/wp-content\/uploads\/2024\/04\/trail-2-1.jpg\" data-orig-size=\"929,874\" data-comments-opened=\"1\" data-image-meta=\"{&quot;aperture&quot;:&quot;0&quot;,&quot;credit&quot;:&quot;&quot;,&quot;camera&quot;:&quot;&quot;,&quot;caption&quot;:&quot;&quot;,&quot;created_timestamp&quot;:&quot;0&quot;,&quot;copyright&quot;:&quot;&quot;,&quot;focal_length&quot;:&quot;0&quot;,&quot;iso&quot;:&quot;0&quot;,&quot;shutter_speed&quot;:&quot;0&quot;,&quot;title&quot;:&quot;&quot;,&quot;orientation&quot;:&quot;0&quot;}\" data-image-title=\"trail-2-1\" data-image-description=\"\" data-image-caption=\"\" data-medium-file=\"https:\/\/www.montceautriathlon.com\/blog\/wp-content\/uploads\/2024\/04\/trail-2-1-300x282.jpg\" data-large-file=\"https:\/\/www.montceautriathlon.com\/blog\/wp-content\/uploads\/2024\/04\/trail-2-1.jpg\" loading=\"lazy\" width=\"929\" height=\"874\" src=\"https:\/\/www.montceautriathlon.com\/blog\/wp-content\/uploads\/2024\/04\/trail-2-1.jpg\" alt=\"\" class=\"wp-image-6771\" srcset=\"https:\/\/www.montceautriathlon.com\/blog\/wp-content\/uploads\/2024\/04\/trail-2-1.jpg 929w, https:\/\/www.montceautriathlon.com\/blog\/wp-content\/uploads\/2024\/04\/trail-2-1-300x282.jpg 300w, https:\/\/www.montceautriathlon.com\/blog\/wp-content\/uploads\/2024\/04\/trail-2-1-768x723.jpg 768w\" sizes=\"(max-width: 929px) 100vw, 929px\" \/><\/a><\/figure>\n\n\n\n<figure class=\"wp-block-gallery columns-3 is-cropped\"><ul data-carousel-extra='{\"blog_id\":1,\"permalink\":\"https:\\\/\\\/www.montceautriathlon.com\\\/blog\\\/2024\\\/04\\\/30\\\/trail-du-dardon-et-rando-de-la-bourgogne-cyclo-gravel\\\/\"}' class=\"blocks-gallery-grid\"><li class=\"blocks-gallery-item\"><figure><a href=\"https:\/\/www.montceautriathlon.com\/blog\/wp-content\/uploads\/2024\/04\/trail-3.jpg\"><img data-attachment-id=\"6765\" data-permalink=\"https:\/\/www.montceautriathlon.com\/blog\/2024\/04\/30\/trail-du-dardon-et-rando-de-la-bourgogne-cyclo-gravel\/trail-3\/\" data-orig-file=\"https:\/\/www.montceautriathlon.com\/blog\/wp-content\/uploads\/2024\/04\/trail-3.jpg\" data-orig-size=\"2048,1366\" data-comments-opened=\"1\" data-image-meta=\"{&quot;aperture&quot;:&quot;0&quot;,&quot;credit&quot;:&quot;&quot;,&quot;camera&quot;:&quot;&quot;,&quot;caption&quot;:&quot;&quot;,&quot;created_timestamp&quot;:&quot;0&quot;,&quot;copyright&quot;:&quot;&quot;,&quot;focal_length&quot;:&quot;0&quot;,&quot;iso&quot;:&quot;0&quot;,&quot;shutter_speed&quot;:&quot;0&quot;,&quot;title&quot;:&quot;&quot;,&quot;orientation&quot;:&quot;0&quot;}\" data-image-title=\"trail-3\" data-image-description=\"\" data-image-caption=\"\" data-medium-file=\"https:\/\/www.montceautriathlon.com\/blog\/wp-content\/uploads\/2024\/04\/trail-3-300x200.jpg\" data-large-file=\"https:\/\/www.montceautriathlon.com\/blog\/wp-content\/uploads\/2024\/04\/trail-3-1024x683.jpg\" loading=\"lazy\" width=\"1024\" height=\"683\" src=\"https:\/\/www.montceautriathlon.com\/blog\/wp-content\/uploads\/2024\/04\/trail-3-1024x683.jpg\" alt=\"\" data-id=\"6765\" data-full-url=\"https:\/\/www.montceautriathlon.com\/blog\/wp-content\/uploads\/2024\/04\/trail-3.jpg\" data-link=\"https:\/\/www.montceautriathlon.com\/blog\/?attachment_id=6765\" class=\"wp-image-6765\" srcset=\"https:\/\/www.montceautriathlon.com\/blog\/wp-content\/uploads\/2024\/04\/trail-3-1024x683.jpg 1024w, https:\/\/www.montceautriathlon.com\/blog\/wp-content\/uploads\/2024\/04\/trail-3-300x200.jpg 300w, https:\/\/www.montceautriathlon.com\/blog\/wp-content\/uploads\/2024\/04\/trail-3-768x512.jpg 768w, https:\/\/www.montceautriathlon.com\/blog\/wp-content\/uploads\/2024\/04\/trail-3-1536x1025.jpg 1536w, https:\/\/www.montceautriathlon.com\/blog\/wp-content\/uploads\/2024\/04\/trail-3.jpg 2048w\" sizes=\"(max-width: 1024px) 100vw, 1024px\" \/><\/a><\/figure><\/li><li class=\"blocks-gallery-item\"><figure><a href=\"https:\/\/www.montceautriathlon.com\/blog\/wp-content\/uploads\/2024\/04\/trail-4.jpg\"><img data-attachment-id=\"6766\" data-permalink=\"https:\/\/www.montceautriathlon.com\/blog\/2024\/04\/30\/trail-du-dardon-et-rando-de-la-bourgogne-cyclo-gravel\/trail-4\/\" data-orig-file=\"https:\/\/www.montceautriathlon.com\/blog\/wp-content\/uploads\/2024\/04\/trail-4.jpg\" data-orig-size=\"1536,2048\" data-comments-opened=\"1\" data-image-meta=\"{&quot;aperture&quot;:&quot;0&quot;,&quot;credit&quot;:&quot;&quot;,&quot;camera&quot;:&quot;&quot;,&quot;caption&quot;:&quot;&quot;,&quot;created_timestamp&quot;:&quot;0&quot;,&quot;copyright&quot;:&quot;&quot;,&quot;focal_length&quot;:&quot;0&quot;,&quot;iso&quot;:&quot;0&quot;,&quot;shutter_speed&quot;:&quot;0&quot;,&quot;title&quot;:&quot;&quot;,&quot;orientation&quot;:&quot;0&quot;}\" data-image-title=\"trail-4\" data-image-description=\"\" data-image-caption=\"\" data-medium-file=\"https:\/\/www.montceautriathlon.com\/blog\/wp-content\/uploads\/2024\/04\/trail-4-225x300.jpg\" data-large-file=\"https:\/\/www.montceautriathlon.com\/blog\/wp-content\/uploads\/2024\/04\/trail-4-768x1024.jpg\" loading=\"lazy\" width=\"768\" height=\"1024\" src=\"https:\/\/www.montceautriathlon.com\/blog\/wp-content\/uploads\/2024\/04\/trail-4-768x1024.jpg\" alt=\"\" data-id=\"6766\" data-full-url=\"https:\/\/www.montceautriathlon.com\/blog\/wp-content\/uploads\/2024\/04\/trail-4.jpg\" data-link=\"https:\/\/www.montceautriathlon.com\/blog\/?attachment_id=6766\" class=\"wp-image-6766\" srcset=\"https:\/\/www.montceautriathlon.com\/blog\/wp-content\/uploads\/2024\/04\/trail-4-768x1024.jpg 768w, https:\/\/www.montceautriathlon.com\/blog\/wp-content\/uploads\/2024\/04\/trail-4-225x300.jpg 225w, https:\/\/www.montceautriathlon.com\/blog\/wp-content\/uploads\/2024\/04\/trail-4-1152x1536.jpg 1152w, https:\/\/www.montceautriathlon.com\/blog\/wp-content\/uploads\/2024\/04\/trail-4.jpg 1536w\" sizes=\"(max-width: 768px) 100vw, 768px\" \/><\/a><\/figure><\/li><li class=\"blocks-gallery-item\"><figure><a href=\"https:\/\/www.montceautriathlon.com\/blog\/wp-content\/uploads\/2024\/04\/trail-5.jpg\"><img data-attachment-id=\"6767\" data-permalink=\"https:\/\/www.montceautriathlon.com\/blog\/2024\/04\/30\/trail-du-dardon-et-rando-de-la-bourgogne-cyclo-gravel\/trail-5\/\" data-orig-file=\"https:\/\/www.montceautriathlon.com\/blog\/wp-content\/uploads\/2024\/04\/trail-5.jpg\" data-orig-size=\"720,960\" data-comments-opened=\"1\" data-image-meta=\"{&quot;aperture&quot;:&quot;0&quot;,&quot;credit&quot;:&quot;&quot;,&quot;camera&quot;:&quot;&quot;,&quot;caption&quot;:&quot;&quot;,&quot;created_timestamp&quot;:&quot;0&quot;,&quot;copyright&quot;:&quot;&quot;,&quot;focal_length&quot;:&quot;0&quot;,&quot;iso&quot;:&quot;0&quot;,&quot;shutter_speed&quot;:&quot;0&quot;,&quot;title&quot;:&quot;&quot;,&quot;orientation&quot;:&quot;0&quot;}\" data-image-title=\"trail-5\" data-image-description=\"\" data-image-caption=\"\" data-medium-file=\"https:\/\/www.montceautriathlon.com\/blog\/wp-content\/uploads\/2024\/04\/trail-5-225x300.jpg\" data-large-file=\"https:\/\/www.montceautriathlon.com\/blog\/wp-content\/uploads\/2024\/04\/trail-5.jpg\" loading=\"lazy\" width=\"720\" height=\"960\" src=\"https:\/\/www.montceautriathlon.com\/blog\/wp-content\/uploads\/2024\/04\/trail-5.jpg\" alt=\"\" data-id=\"6767\" data-full-url=\"https:\/\/www.montceautriathlon.com\/blog\/wp-content\/uploads\/2024\/04\/trail-5.jpg\" data-link=\"https:\/\/www.montceautriathlon.com\/blog\/?attachment_id=6767\" class=\"wp-image-6767\" srcset=\"https:\/\/www.montceautriathlon.com\/blog\/wp-content\/uploads\/2024\/04\/trail-5.jpg 720w, https:\/\/www.montceautriathlon.com\/blog\/wp-content\/uploads\/2024\/04\/trail-5-225x300.jpg 225w\" sizes=\"(max-width: 720px) 100vw, 720px\" \/><\/a><\/figure><\/li><li class=\"blocks-gallery-item\"><figure><a href=\"https:\/\/www.montceautriathlon.com\/blog\/wp-content\/uploads\/2024\/04\/trail-6.jpg\"><img data-attachment-id=\"6768\" data-permalink=\"https:\/\/www.montceautriathlon.com\/blog\/2024\/04\/30\/trail-du-dardon-et-rando-de-la-bourgogne-cyclo-gravel\/trail-6\/\" data-orig-file=\"https:\/\/www.montceautriathlon.com\/blog\/wp-content\/uploads\/2024\/04\/trail-6.jpg\" data-orig-size=\"1536,2048\" data-comments-opened=\"1\" data-image-meta=\"{&quot;aperture&quot;:&quot;0&quot;,&quot;credit&quot;:&quot;&quot;,&quot;camera&quot;:&quot;&quot;,&quot;caption&quot;:&quot;&quot;,&quot;created_timestamp&quot;:&quot;0&quot;,&quot;copyright&quot;:&quot;&quot;,&quot;focal_length&quot;:&quot;0&quot;,&quot;iso&quot;:&quot;0&quot;,&quot;shutter_speed&quot;:&quot;0&quot;,&quot;title&quot;:&quot;&quot;,&quot;orientation&quot;:&quot;0&quot;}\" data-image-title=\"trail-6\" data-image-description=\"\" data-image-caption=\"\" data-medium-file=\"https:\/\/www.montceautriathlon.com\/blog\/wp-content\/uploads\/2024\/04\/trail-6-225x300.jpg\" data-large-file=\"https:\/\/www.montceautriathlon.com\/blog\/wp-content\/uploads\/2024\/04\/trail-6-768x1024.jpg\" loading=\"lazy\" width=\"768\" height=\"1024\" src=\"https:\/\/www.montceautriathlon.com\/blog\/wp-content\/uploads\/2024\/04\/trail-6-768x1024.jpg\" alt=\"\" data-id=\"6768\" data-full-url=\"https:\/\/www.montceautriathlon.com\/blog\/wp-content\/uploads\/2024\/04\/trail-6.jpg\" data-link=\"https:\/\/www.montceautriathlon.com\/blog\/?attachment_id=6768\" class=\"wp-image-6768\" srcset=\"https:\/\/www.montceautriathlon.com\/blog\/wp-content\/uploads\/2024\/04\/trail-6-768x1024.jpg 768w, https:\/\/www.montceautriathlon.com\/blog\/wp-content\/uploads\/2024\/04\/trail-6-225x300.jpg 225w, https:\/\/www.montceautriathlon.com\/blog\/wp-content\/uploads\/2024\/04\/trail-6-1152x1536.jpg 1152w, https:\/\/www.montceautriathlon.com\/blog\/wp-content\/uploads\/2024\/04\/trail-6.jpg 1536w\" sizes=\"(max-width: 768px) 100vw, 768px\" \/><\/a><\/figure><\/li><li class=\"blocks-gallery-item\"><figure><a href=\"https:\/\/www.montceautriathlon.com\/blog\/wp-content\/uploads\/2024\/04\/trail.jpg\"><img data-attachment-id=\"6770\" data-permalink=\"https:\/\/www.montceautriathlon.com\/blog\/2024\/04\/30\/trail-du-dardon-et-rando-de-la-bourgogne-cyclo-gravel\/trail\/\" data-orig-file=\"https:\/\/www.montceautriathlon.com\/blog\/wp-content\/uploads\/2024\/04\/trail.jpg\" data-orig-size=\"2048,1366\" data-comments-opened=\"1\" data-image-meta=\"{&quot;aperture&quot;:&quot;0&quot;,&quot;credit&quot;:&quot;&quot;,&quot;camera&quot;:&quot;&quot;,&quot;caption&quot;:&quot;&quot;,&quot;created_timestamp&quot;:&quot;0&quot;,&quot;copyright&quot;:&quot;&quot;,&quot;focal_length&quot;:&quot;0&quot;,&quot;iso&quot;:&quot;0&quot;,&quot;shutter_speed&quot;:&quot;0&quot;,&quot;title&quot;:&quot;&quot;,&quot;orientation&quot;:&quot;0&quot;}\" data-image-title=\"trail\" data-image-description=\"\" data-image-caption=\"\" data-medium-file=\"https:\/\/www.montceautriathlon.com\/blog\/wp-content\/uploads\/2024\/04\/trail-300x200.jpg\" data-large-file=\"https:\/\/www.montceautriathlon.com\/blog\/wp-content\/uploads\/2024\/04\/trail-1024x683.jpg\" loading=\"lazy\" width=\"1024\" height=\"683\" src=\"https:\/\/www.montceautriathlon.com\/blog\/wp-content\/uploads\/2024\/04\/trail-1024x683.jpg\" alt=\"\" data-id=\"6770\" data-full-url=\"https:\/\/www.montceautriathlon.com\/blog\/wp-content\/uploads\/2024\/04\/trail.jpg\" data-link=\"https:\/\/www.montceautriathlon.com\/blog\/?attachment_id=6770\" class=\"wp-image-6770\" srcset=\"https:\/\/www.montceautriathlon.com\/blog\/wp-content\/uploads\/2024\/04\/trail-1024x683.jpg 1024w, https:\/\/www.montceautriathlon.com\/blog\/wp-content\/uploads\/2024\/04\/trail-300x200.jpg 300w, https:\/\/www.montceautriathlon.com\/blog\/wp-content\/uploads\/2024\/04\/trail-768x512.jpg 768w, https:\/\/www.montceautriathlon.com\/blog\/wp-content\/uploads\/2024\/04\/trail-1536x1025.jpg 1536w, https:\/\/www.montceautriathlon.com\/blog\/wp-content\/uploads\/2024\/04\/trail.jpg 2048w\" sizes=\"(max-width: 1024px) 100vw, 1024px\" \/><\/a><\/figure><\/li><\/ul><\/figure>\n","protected":false},"excerpt":{"rendered":"<p>Nos triathl\u00e8tes se sont lanc\u00e9s sur diff\u00e9rentes courses ce dimanche, Rando de la Bourgogne cyclo gravel Pascal Vaury \u00e9tait pr\u00e9sent sur cette randonn\u00e9e. Trail du Dardon Sur le 26km : Sandrine Marchand, 2\u00e8me du scratch f\u00e9minin, 29e de la course sur 63, en 2h39 Et sa fille : Marjolaine Dangeul, qui prend la 12e position [&hellip;]<\/p>\n","protected":false},"author":8,"featured_media":6770,"comment_status":"open","ping_status":"open","sticky":false,"template":"","format":"standard","meta":{"spay_email":"","jetpack_publicize_message":"","jetpack_is_tweetstorm":false},"categories":[1],"tags":[],"jetpack_featured_media_url":"https:\/\/www.montceautriathlon.com\/blog\/wp-content\/uploads\/2024\/04\/trail.jpg","jetpack_publicize_connections":[],"jetpack_sharing_enabled":true,"jetpack_shortlink":"https:\/\/wp.me\/p8bwIy-1L6","jetpack-related-posts":[{"id":5110,"url":"https:\/\/www.montceautriathlon.com\/blog\/2022\/06\/08\/week-end-de-pentecote-en-cyclo-en-triathlon-en-trail-nos-licencies-presents-dans-les-vosges-pres-dannecy-sur-la-cote-dazur-a-ambazac-pres-de-limogeset-meme-en-bourgogne-a-arnay-le-duc\/","url_meta":{"origin":6764,"position":0},"title":"Week-end de Pentec\u00f4te : en cyclo, en  triathlon, en trail, nos licenci\u00e9s pr\u00e9sents dans les Vosges, pr\u00e8s d&rsquo;Annecy, sur la c\u00f4te d&rsquo;Azur, \u00e0 Ambazac (pr\u00e8s de Limoges)et m\u00eame en Bourgogne \u00e0 Arnay le Duc !","date":"8 juin 2022","format":false,"excerpt":"La famille Vaury d'abord du c\u00f4t\u00e9 d'Arnay le Duc avec Isabelle infatigable sur son v\u00e9lo en compagnie de Pascal et de Pierre (le fiston) ancien et de nouveau futur licenci\u00e9 ? La Claudio Chiapuci, une belle rando cyclo d'une centaine de kilom\u00e8tres. l'occasion de faire la bise \u00e0 d'illustres vielles\u2026","rel":"","context":"Dans &quot;Non class\u00e9&quot;","img":{"alt_text":"","src":"https:\/\/i1.wp.com\/www.montceautriathlon.com\/blog\/wp-content\/uploads\/2022\/06\/IMG-20220608-WA0001.jpg?resize=350%2C200&ssl=1","width":350,"height":200},"classes":[]},{"id":7768,"url":"https:\/\/www.montceautriathlon.com\/blog\/2025\/05\/31\/24-25-mai-les-triathletes-montcelliens-sur-tous-les-fronts-2-2\/","url_meta":{"origin":6764,"position":1},"title":"24\/25 mai: les triathl\u00e8tes montcelliens sur tous les fronts (2\/2)","date":"31 mai 2025","format":false,"excerpt":"Du cot\u00e9 de Rully, un trail en duo a eu lieu et 2 couples montcelliens ont franchi la ligne sous le soleil des vignes apr\u00e8s 9km d'effort. Simon Mazeron et Alice Benoit finissent 3e en 53'33. Alice Vaury et Thomas Okrzesik terminent 5e en 55'44. De nombreux licenci\u00e9s ont fait\u2026","rel":"","context":"Dans &quot;Non class\u00e9&quot;","img":{"alt_text":"","src":"https:\/\/i2.wp.com\/www.montceautriathlon.com\/blog\/wp-content\/uploads\/2025\/05\/bt.jpg?resize=350%2C200&ssl=1","width":350,"height":200},"classes":[]},{"id":2761,"url":"https:\/\/www.montceautriathlon.com\/blog\/2019\/04\/07\/6-04-19-la-morvandelle-une-belle-cyclo-en-guise-de-preparation\/","url_meta":{"origin":6764,"position":2},"title":"6\/04\/19, La Morvandelle : une belle cyclo en guise de pr\u00e9paration.","date":"7 avril 2019","format":false,"excerpt":"Ce samedi \u00e9tait jour de la traditionnelle cyclosportive, La Morvandelle. Une belle \u00e9preuve cycliste pour cyclos bien entra\u00een\u00e9s au coeur du Morvan avec passage au Mont Beuvray, au Mont Pr\u00e9nelay ou au Haut Folin, culminant tous autour des 800 \u00e0 900m d'altitude. Donc un bon exercice d'entra\u00eenement pour nos triathl\u00e8tes\u2026","rel":"","context":"Dans &quot;Non class\u00e9&quot;","img":{"alt_text":"","src":"https:\/\/i1.wp.com\/montceautriathlon.com\/blog\/wp-content\/uploads\/2019\/04\/la-morvandelle-300x200.jpg?resize=350%2C200","width":350,"height":200},"classes":[]},{"id":332,"url":"https:\/\/www.montceautriathlon.com\/blog\/2016\/05\/18\/resultats-de-la-course-courir-en-bourgogne-du-sud-1er-mai-2016\/","url_meta":{"origin":6764,"position":3},"title":"R\u00e9sultats de la course Courir en Bourgogne du Sud  (1er mai 2016)","date":"18 mai 2016","format":false,"excerpt":"Malgr\u00e9 des conditions climatiques difficiles, nos triathl\u00e8tes \u00e9taient encore pr\u00e9sents pour les 3km et 10km de la course Courir en Bourgogne du Sud, organis\u00e9e comme chaque ann\u00e9e par l\u2019ABS (Athl\u00e9tisme Bourgogne sud). Pour des photos, voir l'article sur Montceau News Tous les r\u00e9sultats","rel":"","context":"Dans &quot;Non class\u00e9&quot;","img":{"alt_text":"","src":"https:\/\/i1.wp.com\/montceautriathlon.com\/blog\/wp-content\/uploads\/2016\/05\/Affiche2016-seule-petite-207x300.jpg?resize=350%2C200","width":350,"height":200},"classes":[]},{"id":1591,"url":"https:\/\/www.montceautriathlon.com\/blog\/2017\/10\/22\/trail-du-haut-clunysois\/","url_meta":{"origin":6764,"position":4},"title":"Trail du Haut Clunysois (Samedi 21 octobre 2017)","date":"22 octobre 2017","format":false,"excerpt":"5 courses \u00e9taient au programme de cette belle journ\u00e9e sportive et\u00a0dans cette magnifique r\u00e9gion du Haut Clunysois, en Bourgogne du sud. Quelques triathl\u00e8tes se sont lanc\u00e9s sur le parcours \"La 28 bornes\" avec comme son nom l'indique, 28 km de course \u00e0 pied\u00a0(844MD+) en pleine nature, sur des chemins de\u2026","rel":"","context":"Dans &quot;Non class\u00e9&quot;","img":{"alt_text":"","src":"","width":0,"height":0},"classes":[]},{"id":4606,"url":"https:\/\/www.montceautriathlon.com\/blog\/2021\/10\/03\/cross-duathlon-de-chenove-4-jeunes-4-podiums\/","url_meta":{"origin":6764,"position":5},"title":"Cross duathlon de Chen\u00f4ve : 4 jeunes, 4 podiums !","date":"3 octobre 2021","format":false,"excerpt":"Le cross duathlon de Chen\u00f4ve \u00e9tait support des championnats de Bourgogne Franche Comt\u00e9 de duathlon et les deux fratries engag\u00e9es ne se seront pas d\u00e9plac\u00e9es pour rien ! Sur le XS Jeanne s'impose chez les f\u00e9minines et devient championne de Bourgogne, Marine 2\u00e8me et premi\u00e8re cadette. Un beau doubl\u00e9 pour\u2026","rel":"","context":"Dans &quot;Non class\u00e9&quot;","img":{"alt_text":"","src":"https:\/\/i0.wp.com\/www.montceautriathlon.com\/blog\/wp-content\/uploads\/2021\/10\/cross-du-4.jpg?resize=350%2C200&ssl=1","width":350,"height":200},"classes":[]}],"_links":{"self":[{"href":"https:\/\/www.montceautriathlon.com\/blog\/wp-json\/wp\/v2\/posts\/6764"}],"collection":[{"href":"https:\/\/www.montceautriathlon.com\/blog\/wp-json\/wp\/v2\/posts"}],"about":[{"href":"https:\/\/www.montceautriathlon.com\/blog\/wp-json\/wp\/v2\/types\/post"}],"author":[{"embeddable":true,"href":"https:\/\/www.montceautriathlon.com\/blog\/wp-json\/wp\/v2\/users\/8"}],"replies":[{"embeddable":true,"href":"https:\/\/www.montceautriathlon.com\/blog\/wp-json\/wp\/v2\/comments?post=6764"}],"version-history":[{"count":1,"href":"https:\/\/www.montceautriathlon.com\/blog\/wp-json\/wp\/v2\/posts\/6764\/revisions"}],"predecessor-version":[{"id":6772,"href":"https:\/\/www.montceautriathlon.com\/blog\/wp-json\/wp\/v2\/posts\/6764\/revisions\/6772"}],"wp:featuredmedia":[{"embeddable":true,"href":"https:\/\/www.montceautriathlon.com\/blog\/wp-json\/wp\/v2\/media\/6770"}],"wp:attachment":[{"href":"https:\/\/www.montceautriathlon.com\/blog\/wp-json\/wp\/v2\/media?parent=6764"}],"wp:term":[{"taxonomy":"category","embeddable":true,"href":"https:\/\/www.montceautriathlon.com\/blog\/wp-json\/wp\/v2\/categories?post=6764"},{"taxonomy":"post_tag","embeddable":true,"href":"https:\/\/www.montceautriathlon.com\/blog\/wp-json\/wp\/v2\/tags?post=6764"}],"curies":[{"name":"wp","href":"https:\/\/api.w.org\/{rel}","templated":true}]}}