{"id":6649,"date":"2024-03-25T10:32:32","date_gmt":"2024-03-25T09:32:32","guid":{"rendered":"https:\/\/www.montceautriathlon.com\/blog\/?p=6649"},"modified":"2024-03-25T10:32:35","modified_gmt":"2024-03-25T09:32:35","slug":"marathon-des-vins-de-la-cote-chalonnaise-2","status":"publish","type":"post","link":"https:\/\/www.montceautriathlon.com\/blog\/2024\/03\/25\/marathon-des-vins-de-la-cote-chalonnaise-2\/","title":{"rendered":"Marathon des vins de la c\u00f4te ch\u00e2lonnaise"},"content":{"rendered":"\n<h2>Ce samedi nos triathl\u00e8tes \u00e9taient pr\u00e9sents sur l&rsquo;\u00e9preuve mythique de la r\u00e9gion, toutes les distances offraient aux coureurs des vues imprenables sur les magnifiques bocages et vignes Ch\u00e2lonnaises.<\/h2>\n\n\n\n<ul><li>Sur le marathon:<\/li><\/ul>\n\n\n\n<p><img loading=\"lazy\" height=\"16\" width=\"16\" alt=\"&#x27a1;&#xfe0f;\" src=\"https:\/\/static.xx.fbcdn.net\/images\/emoji.php\/v9\/t25\/1.5\/16\/27a1.png\"> Cyrille Berardan prend la 14e place au scratch, avec un tr\u00e8s honorable chrono de 3h07\u201931 , ce qui lui offre une belle 4e place dans sa cat\u00e9gorie <\/p>\n\n\n\n<ul><li>Sur le 12km :<\/li><\/ul>\n\n\n\n<p><img loading=\"lazy\" height=\"16\" width=\"16\" alt=\"&#x27a1;&#xfe0f;\" src=\"https:\/\/static.xx.fbcdn.net\/images\/emoji.php\/v9\/t25\/1.5\/16\/27a1.png\"> Fr\u00e9d\u00e9ric Perron: 1h07\u201927, 128e au scratch, 5e master 5 <\/p>\n\n\n\n<p><img loading=\"lazy\" height=\"16\" width=\"16\" alt=\"&#x27a1;&#xfe0f;\" src=\"https:\/\/static.xx.fbcdn.net\/images\/emoji.php\/v9\/t25\/1.5\/16\/27a1.png\"> Delphine Tonnin: 1h18\u201948, 86e <img loading=\"lazy\" height=\"16\" width=\"16\" alt=\"&#x1f6ba;\" src=\"https:\/\/static.xx.fbcdn.net\/images\/emoji.php\/v9\/te6\/1.5\/16\/1f6ba.png\">, 11e master1 <\/p>\n\n\n\n<p><img loading=\"lazy\" height=\"16\" width=\"16\" alt=\"&#x27a1;&#xfe0f;\" src=\"https:\/\/static.xx.fbcdn.net\/images\/emoji.php\/v9\/t25\/1.5\/16\/27a1.png\">Ir\u00e8ne Vulin: 1h33\u201951, 274e <img loading=\"lazy\" height=\"16\" width=\"16\" alt=\"&#x1f6ba;\" src=\"https:\/\/static.xx.fbcdn.net\/images\/emoji.php\/v9\/te6\/1.5\/16\/1f6ba.png\">, 7e master 5<\/p>\n\n\n\n<p><img loading=\"lazy\" height=\"16\" width=\"16\" alt=\"&#x27a1;&#xfe0f;\" src=\"https:\/\/static.xx.fbcdn.net\/images\/emoji.php\/v9\/t25\/1.5\/16\/27a1.png\"> Isabelle Vaury: 1h34\u201908, 280e <img loading=\"lazy\" height=\"16\" width=\"16\" alt=\"&#x1f6ba;\" src=\"https:\/\/static.xx.fbcdn.net\/images\/emoji.php\/v9\/te6\/1.5\/16\/1f6ba.png\">,8e master 5<\/p>\n\n\n\n<p><\/p>\n\n\n\n<figure class=\"wp-block-gallery columns-3 is-cropped\"><ul data-carousel-extra='{\"blog_id\":1,\"permalink\":\"https:\\\/\\\/www.montceautriathlon.com\\\/blog\\\/2024\\\/03\\\/25\\\/marathon-des-vins-de-la-cote-chalonnaise-2\\\/\"}' class=\"blocks-gallery-grid\"><li class=\"blocks-gallery-item\"><figure><a href=\"https:\/\/www.montceautriathlon.com\/blog\/wp-content\/uploads\/2024\/03\/mara-4-874x1024.jpg\"><img data-attachment-id=\"6651\" data-permalink=\"https:\/\/www.montceautriathlon.com\/blog\/2024\/03\/25\/marathon-des-vins-de-la-cote-chalonnaise-2\/mara-4\/\" data-orig-file=\"https:\/\/www.montceautriathlon.com\/blog\/wp-content\/uploads\/2024\/03\/mara-4.jpg\" data-orig-size=\"1179,1382\" data-comments-opened=\"1\" data-image-meta=\"{&quot;aperture&quot;:&quot;0&quot;,&quot;credit&quot;:&quot;&quot;,&quot;camera&quot;:&quot;&quot;,&quot;caption&quot;:&quot;&quot;,&quot;created_timestamp&quot;:&quot;0&quot;,&quot;copyright&quot;:&quot;&quot;,&quot;focal_length&quot;:&quot;0&quot;,&quot;iso&quot;:&quot;0&quot;,&quot;shutter_speed&quot;:&quot;0&quot;,&quot;title&quot;:&quot;&quot;,&quot;orientation&quot;:&quot;0&quot;}\" data-image-title=\"mara-4\" data-image-description=\"\" data-image-caption=\"\" data-medium-file=\"https:\/\/www.montceautriathlon.com\/blog\/wp-content\/uploads\/2024\/03\/mara-4-256x300.jpg\" data-large-file=\"https:\/\/www.montceautriathlon.com\/blog\/wp-content\/uploads\/2024\/03\/mara-4-874x1024.jpg\" loading=\"lazy\" width=\"874\" height=\"1024\" src=\"https:\/\/www.montceautriathlon.com\/blog\/wp-content\/uploads\/2024\/03\/mara-4-874x1024.jpg\" alt=\"\" data-id=\"6651\" data-link=\"https:\/\/www.montceautriathlon.com\/blog\/?attachment_id=6651\" class=\"wp-image-6651\" srcset=\"https:\/\/www.montceautriathlon.com\/blog\/wp-content\/uploads\/2024\/03\/mara-4-874x1024.jpg 874w, https:\/\/www.montceautriathlon.com\/blog\/wp-content\/uploads\/2024\/03\/mara-4-256x300.jpg 256w, https:\/\/www.montceautriathlon.com\/blog\/wp-content\/uploads\/2024\/03\/mara-4-768x900.jpg 768w, https:\/\/www.montceautriathlon.com\/blog\/wp-content\/uploads\/2024\/03\/mara-4.jpg 1179w\" sizes=\"(max-width: 874px) 100vw, 874px\" \/><\/a><\/figure><\/li><li class=\"blocks-gallery-item\"><figure><a href=\"https:\/\/www.montceautriathlon.com\/blog\/wp-content\/uploads\/2024\/03\/mara-5-761x1024.jpg\"><img data-attachment-id=\"6652\" data-permalink=\"https:\/\/www.montceautriathlon.com\/blog\/2024\/03\/25\/marathon-des-vins-de-la-cote-chalonnaise-2\/mara-5\/\" data-orig-file=\"https:\/\/www.montceautriathlon.com\/blog\/wp-content\/uploads\/2024\/03\/mara-5.jpg\" data-orig-size=\"948,1275\" data-comments-opened=\"1\" data-image-meta=\"{&quot;aperture&quot;:&quot;0&quot;,&quot;credit&quot;:&quot;&quot;,&quot;camera&quot;:&quot;&quot;,&quot;caption&quot;:&quot;&quot;,&quot;created_timestamp&quot;:&quot;0&quot;,&quot;copyright&quot;:&quot;&quot;,&quot;focal_length&quot;:&quot;0&quot;,&quot;iso&quot;:&quot;0&quot;,&quot;shutter_speed&quot;:&quot;0&quot;,&quot;title&quot;:&quot;&quot;,&quot;orientation&quot;:&quot;0&quot;}\" data-image-title=\"mara-5\" data-image-description=\"\" data-image-caption=\"\" data-medium-file=\"https:\/\/www.montceautriathlon.com\/blog\/wp-content\/uploads\/2024\/03\/mara-5-223x300.jpg\" data-large-file=\"https:\/\/www.montceautriathlon.com\/blog\/wp-content\/uploads\/2024\/03\/mara-5-761x1024.jpg\" loading=\"lazy\" width=\"761\" height=\"1024\" src=\"https:\/\/www.montceautriathlon.com\/blog\/wp-content\/uploads\/2024\/03\/mara-5-761x1024.jpg\" alt=\"\" data-id=\"6652\" data-link=\"https:\/\/www.montceautriathlon.com\/blog\/?attachment_id=6652\" class=\"wp-image-6652\" srcset=\"https:\/\/www.montceautriathlon.com\/blog\/wp-content\/uploads\/2024\/03\/mara-5-761x1024.jpg 761w, https:\/\/www.montceautriathlon.com\/blog\/wp-content\/uploads\/2024\/03\/mara-5-223x300.jpg 223w, https:\/\/www.montceautriathlon.com\/blog\/wp-content\/uploads\/2024\/03\/mara-5-768x1033.jpg 768w, https:\/\/www.montceautriathlon.com\/blog\/wp-content\/uploads\/2024\/03\/mara-5.jpg 948w\" sizes=\"(max-width: 761px) 100vw, 761px\" \/><\/a><\/figure><\/li><li class=\"blocks-gallery-item\"><figure><a href=\"https:\/\/www.montceautriathlon.com\/blog\/wp-content\/uploads\/2024\/03\/mara-6-826x1024.jpg\"><img data-attachment-id=\"6653\" data-permalink=\"https:\/\/www.montceautriathlon.com\/blog\/2024\/03\/25\/marathon-des-vins-de-la-cote-chalonnaise-2\/mara-6\/\" data-orig-file=\"https:\/\/www.montceautriathlon.com\/blog\/wp-content\/uploads\/2024\/03\/mara-6.jpg\" data-orig-size=\"1169,1450\" data-comments-opened=\"1\" data-image-meta=\"{&quot;aperture&quot;:&quot;0&quot;,&quot;credit&quot;:&quot;&quot;,&quot;camera&quot;:&quot;&quot;,&quot;caption&quot;:&quot;&quot;,&quot;created_timestamp&quot;:&quot;0&quot;,&quot;copyright&quot;:&quot;&quot;,&quot;focal_length&quot;:&quot;0&quot;,&quot;iso&quot;:&quot;0&quot;,&quot;shutter_speed&quot;:&quot;0&quot;,&quot;title&quot;:&quot;&quot;,&quot;orientation&quot;:&quot;0&quot;}\" data-image-title=\"mara-6\" data-image-description=\"\" data-image-caption=\"\" data-medium-file=\"https:\/\/www.montceautriathlon.com\/blog\/wp-content\/uploads\/2024\/03\/mara-6-242x300.jpg\" data-large-file=\"https:\/\/www.montceautriathlon.com\/blog\/wp-content\/uploads\/2024\/03\/mara-6-826x1024.jpg\" loading=\"lazy\" width=\"826\" height=\"1024\" src=\"https:\/\/www.montceautriathlon.com\/blog\/wp-content\/uploads\/2024\/03\/mara-6-826x1024.jpg\" alt=\"\" data-id=\"6653\" data-link=\"https:\/\/www.montceautriathlon.com\/blog\/?attachment_id=6653\" class=\"wp-image-6653\" srcset=\"https:\/\/www.montceautriathlon.com\/blog\/wp-content\/uploads\/2024\/03\/mara-6-826x1024.jpg 826w, https:\/\/www.montceautriathlon.com\/blog\/wp-content\/uploads\/2024\/03\/mara-6-242x300.jpg 242w, https:\/\/www.montceautriathlon.com\/blog\/wp-content\/uploads\/2024\/03\/mara-6-768x953.jpg 768w, https:\/\/www.montceautriathlon.com\/blog\/wp-content\/uploads\/2024\/03\/mara-6.jpg 1169w\" sizes=\"(max-width: 826px) 100vw, 826px\" \/><\/a><\/figure><\/li><li class=\"blocks-gallery-item\"><figure><a href=\"https:\/\/www.montceautriathlon.com\/blog\/wp-content\/uploads\/2024\/03\/mara-1024x762.jpg\"><img data-attachment-id=\"6654\" data-permalink=\"https:\/\/www.montceautriathlon.com\/blog\/2024\/03\/25\/marathon-des-vins-de-la-cote-chalonnaise-2\/mara\/\" data-orig-file=\"https:\/\/www.montceautriathlon.com\/blog\/wp-content\/uploads\/2024\/03\/mara.jpg\" data-orig-size=\"1179,877\" data-comments-opened=\"1\" data-image-meta=\"{&quot;aperture&quot;:&quot;0&quot;,&quot;credit&quot;:&quot;&quot;,&quot;camera&quot;:&quot;&quot;,&quot;caption&quot;:&quot;&quot;,&quot;created_timestamp&quot;:&quot;0&quot;,&quot;copyright&quot;:&quot;&quot;,&quot;focal_length&quot;:&quot;0&quot;,&quot;iso&quot;:&quot;0&quot;,&quot;shutter_speed&quot;:&quot;0&quot;,&quot;title&quot;:&quot;&quot;,&quot;orientation&quot;:&quot;0&quot;}\" data-image-title=\"mara\" data-image-description=\"\" data-image-caption=\"\" data-medium-file=\"https:\/\/www.montceautriathlon.com\/blog\/wp-content\/uploads\/2024\/03\/mara-300x223.jpg\" data-large-file=\"https:\/\/www.montceautriathlon.com\/blog\/wp-content\/uploads\/2024\/03\/mara-1024x762.jpg\" loading=\"lazy\" width=\"1024\" height=\"762\" src=\"https:\/\/www.montceautriathlon.com\/blog\/wp-content\/uploads\/2024\/03\/mara-1024x762.jpg\" alt=\"\" data-id=\"6654\" data-link=\"https:\/\/www.montceautriathlon.com\/blog\/?attachment_id=6654\" class=\"wp-image-6654\" srcset=\"https:\/\/www.montceautriathlon.com\/blog\/wp-content\/uploads\/2024\/03\/mara-1024x762.jpg 1024w, https:\/\/www.montceautriathlon.com\/blog\/wp-content\/uploads\/2024\/03\/mara-300x223.jpg 300w, https:\/\/www.montceautriathlon.com\/blog\/wp-content\/uploads\/2024\/03\/mara-768x571.jpg 768w, https:\/\/www.montceautriathlon.com\/blog\/wp-content\/uploads\/2024\/03\/mara.jpg 1179w\" sizes=\"(max-width: 1024px) 100vw, 1024px\" \/><\/a><\/figure><\/li><li class=\"blocks-gallery-item\"><figure><a href=\"https:\/\/www.montceautriathlon.com\/blog\/wp-content\/uploads\/2024\/03\/mara-2.jpg\"><img data-attachment-id=\"6655\" data-permalink=\"https:\/\/www.montceautriathlon.com\/blog\/2024\/03\/25\/marathon-des-vins-de-la-cote-chalonnaise-2\/mara-2\/\" data-orig-file=\"https:\/\/www.montceautriathlon.com\/blog\/wp-content\/uploads\/2024\/03\/mara-2.jpg\" data-orig-size=\"1179,1563\" data-comments-opened=\"1\" data-image-meta=\"{&quot;aperture&quot;:&quot;0&quot;,&quot;credit&quot;:&quot;&quot;,&quot;camera&quot;:&quot;&quot;,&quot;caption&quot;:&quot;&quot;,&quot;created_timestamp&quot;:&quot;0&quot;,&quot;copyright&quot;:&quot;&quot;,&quot;focal_length&quot;:&quot;0&quot;,&quot;iso&quot;:&quot;0&quot;,&quot;shutter_speed&quot;:&quot;0&quot;,&quot;title&quot;:&quot;&quot;,&quot;orientation&quot;:&quot;0&quot;}\" data-image-title=\"mara-2\" data-image-description=\"\" data-image-caption=\"\" data-medium-file=\"https:\/\/www.montceautriathlon.com\/blog\/wp-content\/uploads\/2024\/03\/mara-2-226x300.jpg\" data-large-file=\"https:\/\/www.montceautriathlon.com\/blog\/wp-content\/uploads\/2024\/03\/mara-2-772x1024.jpg\" loading=\"lazy\" width=\"772\" height=\"1024\" src=\"https:\/\/www.montceautriathlon.com\/blog\/wp-content\/uploads\/2024\/03\/mara-2-772x1024.jpg\" alt=\"\" data-id=\"6655\" data-full-url=\"https:\/\/www.montceautriathlon.com\/blog\/wp-content\/uploads\/2024\/03\/mara-2.jpg\" data-link=\"https:\/\/www.montceautriathlon.com\/blog\/?attachment_id=6655\" class=\"wp-image-6655\" srcset=\"https:\/\/www.montceautriathlon.com\/blog\/wp-content\/uploads\/2024\/03\/mara-2-772x1024.jpg 772w, https:\/\/www.montceautriathlon.com\/blog\/wp-content\/uploads\/2024\/03\/mara-2-226x300.jpg 226w, https:\/\/www.montceautriathlon.com\/blog\/wp-content\/uploads\/2024\/03\/mara-2-768x1018.jpg 768w, https:\/\/www.montceautriathlon.com\/blog\/wp-content\/uploads\/2024\/03\/mara-2-1159x1536.jpg 1159w, https:\/\/www.montceautriathlon.com\/blog\/wp-content\/uploads\/2024\/03\/mara-2.jpg 1179w\" sizes=\"(max-width: 772px) 100vw, 772px\" \/><\/a><\/figure><\/li><\/ul><\/figure>\n","protected":false},"excerpt":{"rendered":"<p>Ce samedi nos triathl\u00e8tes \u00e9taient pr\u00e9sents sur l&rsquo;\u00e9preuve mythique de la r\u00e9gion, toutes les distances offraient aux coureurs des vues imprenables sur les magnifiques bocages et vignes Ch\u00e2lonnaises. Sur le marathon: Cyrille Berardan prend la 14e place au scratch, avec un tr\u00e8s honorable chrono de 3h07\u201931 , ce qui lui offre une belle 4e place [&hellip;]<\/p>\n","protected":false},"author":8,"featured_media":6654,"comment_status":"open","ping_status":"open","sticky":false,"template":"","format":"standard","meta":{"spay_email":"","jetpack_publicize_message":"","jetpack_is_tweetstorm":false},"categories":[1],"tags":[],"jetpack_featured_media_url":"https:\/\/www.montceautriathlon.com\/blog\/wp-content\/uploads\/2024\/03\/mara.jpg","jetpack_publicize_connections":[],"jetpack_sharing_enabled":true,"jetpack_shortlink":"https:\/\/wp.me\/p8bwIy-1Jf","jetpack-related-posts":[{"id":7160,"url":"https:\/\/www.montceautriathlon.com\/blog\/2024\/12\/04\/les-triathletes-courent\/","url_meta":{"origin":6649,"position":0},"title":"Les triathl\u00e8tes courent&#8230;","date":"4 d\u00e9cembre 2024","format":false,"excerpt":"La saison des triathlons touche \u00e0 sa fin. Les triathl\u00e8tes montcelliens se retrouvent donc sur d'autres manifestations. Ils marchent...ils courent... En octobre et novembre, les montcelliens ont particip\u00e9s: Octobre Rose: des triathl\u00e8tes f\u00e9minines se sont retrouv\u00e9es \u00e0 Blanzy le 6 octobre pour participer \u00e0 la randonn\u00e9e propos\u00e9e par la ville\u2026","rel":"","context":"Dans &quot;Non class\u00e9&quot;","img":{"alt_text":"","src":"https:\/\/i0.wp.com\/www.montceautriathlon.com\/blog\/wp-content\/uploads\/2024\/12\/octobre-rose.jpg?resize=350%2C200&ssl=1","width":350,"height":200},"classes":[]},{"id":1868,"url":"https:\/\/www.montceautriathlon.com\/blog\/2018\/04\/04\/marathon-de-la-cote-chalonnaise-31-03-2018\/","url_meta":{"origin":6649,"position":1},"title":"marathon de la C\u00f4te Chalonnaise 31\/03\/2018","date":"4 avril 2018","format":false,"excerpt":"Ce week-end Pascal aura \u00e9t\u00e9 charg\u00e9 en \u00e9v\u00e8nements et plusieurs licenci\u00e9s du club ont fait le d\u00e9placement en C\u00f4te Chalonnaise. On peut noter les excellentes performances sur le marathon de Cyrille B\u00e9rardian et de notre coach Beno\u00eet Thierry qui avaient vraisemblablement peur de rater le train. Fred Ghesqui\u00e8re n'aura pas\u2026","rel":"","context":"Dans &quot;Non class\u00e9&quot;","img":{"alt_text":"","src":"https:\/\/i1.wp.com\/montceautriathlon.com\/blog\/wp-content\/uploads\/2018\/04\/beno\u00c3\u00aet-1-300x277.jpg?resize=350%2C200","width":350,"height":200},"classes":[]},{"id":6978,"url":"https:\/\/www.montceautriathlon.com\/blog\/2024\/07\/16\/dernier-week-end-de-juin-les-montcelliens-sur-tous-les-fronts\/","url_meta":{"origin":6649,"position":2},"title":"Dernier Week end de juin: les montcelliens sur tous les fronts","date":"16 juillet 2024","format":false,"excerpt":"Les triathl\u00e8tes montcelliens \u00e9taient pour ce dernier week end de juin sur tous les fronts. Une grosse d\u00e9l\u00e9gation \u00e9tait \u00e0 Saint Point pour le triathlon organis\u00e9 pour Macon Triathlon. Nos 2 jeunes \"com\" Sarah et Charline \u00e9taient aux Sables d'Olonnes pour participer \u00e0 leur 1r Half IronMan, et Sandrine et\u2026","rel":"","context":"Dans &quot;Non class\u00e9&quot;","img":{"alt_text":"","src":"https:\/\/i1.wp.com\/www.montceautriathlon.com\/blog\/wp-content\/uploads\/2024\/07\/449702059_1145090549865001_8425172857938717631_n.jpg?resize=350%2C200&ssl=1","width":350,"height":200},"classes":[]},{"id":2681,"url":"https:\/\/www.montceautriathlon.com\/blog\/2019\/04\/01\/30-03-19-semi-marathon-de-la-cote-chalonnaise-avec-moderation\/","url_meta":{"origin":6649,"position":3},"title":"30\/03\/19, semi-marathon de la c\u00f4te chalonnaise : avec mod\u00e9ration&#8230;","date":"1 avril 2019","format":false,"excerpt":"Quelques triathl\u00e8tes du club ont donc fait le d\u00e9placement ce week-end du c\u00f4t\u00e9 de Givry. A noter la\u00a0 jolie performance de K\u00e9vin Dorkel sur un\u00a0 10km tr\u00e8s relev\u00e9 avec une belle 10\u00e8me place au scratch ! Et aussi la belle 17\u00e8me place de Cyrille B\u00e9rardan\u00a0 sur le marathon ! Bravo\u2026","rel":"","context":"Dans &quot;Non class\u00e9&quot;","img":{"alt_text":"","src":"https:\/\/i0.wp.com\/montceautriathlon.com\/blog\/wp-content\/uploads\/2019\/04\/pancarte.jpg?resize=350%2C200","width":350,"height":200},"classes":[]},{"id":4712,"url":"https:\/\/www.montceautriathlon.com\/blog\/2021\/11\/15\/une-corrida-une-charolaise-et-un-bike-run-en-dessert-de-ce-week-end-charge\/","url_meta":{"origin":6649,"position":4},"title":"Une corrida, une charolaise et un bike &#038; run en dessert de ce week-end charg\u00e9 !","date":"15 novembre 2021","format":false,"excerpt":"C'est le mois de novembre, le temps des courses a pied, corrida et autres marathons ! Derni\u00e8rement, plusieurs licenci\u00e9s s'\u00e9taient align\u00e9s sur de belles courses, trial du lac d'Annecy, marathon du Charolais et roc d'Aluze avec de belles performances \u00e0 la cl\u00e9 ! Ce week-end nos licenci\u00e9s se sont align\u00e9s\u2026","rel":"","context":"Dans &quot;Non class\u00e9&quot;","img":{"alt_text":"","src":"https:\/\/i1.wp.com\/www.montceautriathlon.com\/blog\/wp-content\/uploads\/2021\/11\/beaune-4.jpg?resize=350%2C200&ssl=1","width":350,"height":200},"classes":[]},{"id":7463,"url":"https:\/\/www.montceautriathlon.com\/blog\/2025\/05\/04\/les-triathletes-courent-2\/","url_meta":{"origin":6649,"position":5},"title":"Les triathl\u00e8tes courent&#8230;.","date":"4 mai 2025","format":false,"excerpt":"Plusieurs triathl\u00e8tes montcelliens se sont retrouv\u00e9s sur les diff\u00e9rentes \u00e9preuves du Marathon des Vins de la C\u00f4te Chalonnaise. Sur le marathon, Cyrille B\u00e9rardan fini cette course en 3h14'01 en 41e position du g\u00e9n\u00e9ral et 5e\/133 Master 2. Jean Christophe Bernigaud le suit en 3h22'10 (70e et top 10 des master1).\u2026","rel":"","context":"Dans &quot;Non class\u00e9&quot;","img":{"alt_text":"","src":"https:\/\/i0.wp.com\/www.montceautriathlon.com\/blog\/wp-content\/uploads\/2025\/05\/marathon-vins.jpg?resize=350%2C200&ssl=1","width":350,"height":200},"classes":[]}],"_links":{"self":[{"href":"https:\/\/www.montceautriathlon.com\/blog\/wp-json\/wp\/v2\/posts\/6649"}],"collection":[{"href":"https:\/\/www.montceautriathlon.com\/blog\/wp-json\/wp\/v2\/posts"}],"about":[{"href":"https:\/\/www.montceautriathlon.com\/blog\/wp-json\/wp\/v2\/types\/post"}],"author":[{"embeddable":true,"href":"https:\/\/www.montceautriathlon.com\/blog\/wp-json\/wp\/v2\/users\/8"}],"replies":[{"embeddable":true,"href":"https:\/\/www.montceautriathlon.com\/blog\/wp-json\/wp\/v2\/comments?post=6649"}],"version-history":[{"count":1,"href":"https:\/\/www.montceautriathlon.com\/blog\/wp-json\/wp\/v2\/posts\/6649\/revisions"}],"predecessor-version":[{"id":6656,"href":"https:\/\/www.montceautriathlon.com\/blog\/wp-json\/wp\/v2\/posts\/6649\/revisions\/6656"}],"wp:featuredmedia":[{"embeddable":true,"href":"https:\/\/www.montceautriathlon.com\/blog\/wp-json\/wp\/v2\/media\/6654"}],"wp:attachment":[{"href":"https:\/\/www.montceautriathlon.com\/blog\/wp-json\/wp\/v2\/media?parent=6649"}],"wp:term":[{"taxonomy":"category","embeddable":true,"href":"https:\/\/www.montceautriathlon.com\/blog\/wp-json\/wp\/v2\/categories?post=6649"},{"taxonomy":"post_tag","embeddable":true,"href":"https:\/\/www.montceautriathlon.com\/blog\/wp-json\/wp\/v2\/tags?post=6649"}],"curies":[{"name":"wp","href":"https:\/\/api.w.org\/{rel}","templated":true}]}}