{"id":658,"date":"2016-06-14T09:56:33","date_gmt":"2016-06-14T08:56:33","guid":{"rendered":"http:\/\/montceautriathlon.com\/blog\/?p=658"},"modified":"2016-06-14T10:40:21","modified_gmt":"2016-06-14T09:40:21","slug":"resultats-du-triathlon-dautun-12-juin-2016","status":"publish","type":"post","link":"https:\/\/www.montceautriathlon.com\/blog\/2016\/06\/14\/resultats-du-triathlon-dautun-12-juin-2016\/","title":{"rendered":"R\u00e9sultats du triathlon d&rsquo;Autun (12 juin 2016)"},"content":{"rendered":"<div>\n<p>Malgr\u00e9 une m\u00e9t\u00e9o capricieuse, nos triathl\u00e8tes sont venus en nombre et se sont brillamment illustr\u00e9s.<\/p>\n<p>A cette occasion, le triathlon d&rsquo;Autun \u00e9tait support des championnats de notre ligue de triathlon, ce qui a permis \u00e0 Ludivine (Cadette) et Maryl\u00e8ne (Juinor F) de s&#8217;emparer chacune, du titre de championne de Bourgogne de triathlon, et ce sur l&rsquo;\u00e9preuve S.<\/p>\n<p>Bravo \u00e9galement \u00e0 Aude DEMORTIERE qui termine sur la 3i\u00e8me marche du podium, dans la cat\u00e9gorie s\u00e9nior f\u00e9minine.<\/p>\n<p>On peut noter \u00e9galement la belle performance d&rsquo;Emmanuel PAWEZKA qui termine 7i\u00e8me au scratch (sur l&rsquo;\u00e9preuve S) et malheureusement au pied du podium en cadet (4i\u00e8me).<\/p>\n<p>Un relais M a \u00e9galement brill\u00e9, en montant sur la plus haute marche du podium, avec comme \u00e9quipe : Fernand BERENGUER (N), Laurent MAGNIEN (V) et Baptiste GUEUGNEAU (C).<\/p>\n<p>Tr\u00e8s belles performances de tous nos jeunes, avec plusieurs podiums :<\/p>\n<ul>\n<li>Jules AERTS 1ier (POM)<\/li>\n<li>Marie DEMORTIERE 2i\u00e8me (PUF)<\/li>\n<li>Alexis DEMORTIERE 2i\u00e8me (BEM)<\/li>\n<li>Marius GRIVAULT 3i\u00e8me (PUM)<\/li>\n<li>Marine DA EIRA 3i\u00e8me (PUF)<\/li>\n<li>Louis AERTS 10i\u00e8me (PUM)<\/li>\n<\/ul>\n<p>Bravo \u00e0 toutes et \u00e0 tous !<\/p>\n<\/div>\n<div><span style=\"text-decoration: underline;\">Tous les r\u00e9sultats<\/span> :<\/div>\n<ul>\n<li>\u00a0<a href=\"http:\/\/www.yaka-events.com\/webchrono\/files\/20160612scratchsansmoyennetrijeunes1.pdf\" target=\"_blank\">TRI JEUNES1<\/a><\/li>\n<li><a href=\"http:\/\/www.yaka-events.com\/webchrono\/files\/20160612scratchsansmoyennetrijeunes2.pdf\" target=\"_blank\">TRI JEUNES2<\/a><\/li>\n<li><a href=\"http:\/\/www.yaka-events.com\/webchrono\/files\/scratchrecapintertris.pdf\" target=\"_blank\">TRI S<\/a><\/li>\n<li><a href=\"http:\/\/www.yaka-events.com\/webchrono\/files\/20160529scratchrecapintertrisrelais.pdf\" target=\"_blank\">TRI S RELAIS<\/a><\/li>\n<li><a href=\"http:\/\/www.yaka-events.com\/webchrono\/files\/20160612scratchrecapintertrim.pdf\" target=\"_blank\">TRI M<\/a><\/li>\n<li><a href=\"http:\/\/www.yaka-events.com\/webchrono\/files\/20160612scratchrecapintertrimrelais.pdf\" target=\"_blank\">TRI M RELAIS<\/a><\/li>\n<\/ul>\n<p><span style=\"text-decoration: underline;\">Un grand merci \u00e0 Christelle MAGNIEN pour ces photos<\/span> :<\/p>\n<div class=\"su-button-center\"><a href=\"https:\/\/goo.gl\/photos\/MxLYzVzitgu6teMj9\" class=\"su-button su-button-style-default\" style=\"color:#FFFFFF;background-color:#2D89EF;border-color:#246ec0;border-radius:5px;-moz-border-radius:5px;-webkit-border-radius:5px\" target=\"_blank\" rel=\"noopener noreferrer\"><span style=\"color:#FFFFFF;padding:0px 16px;font-size:13px;line-height:26px;border-color:#6cadf4;border-radius:5px;-moz-border-radius:5px;-webkit-border-radius:5px;text-shadow:none;-moz-text-shadow:none;-webkit-text-shadow:none\"> Photos<\/span><\/a><\/div><a href=\"http:\/\/inscriptions-teve.fr\/championnats-de-france-jeunes-de-triathlon-2016\" target=\"_blank\"><span style=\"text-decoration: underline;\"><br \/>\n<\/span><\/a><\/p>\n","protected":false},"excerpt":{"rendered":"<p>Malgr\u00e9 une m\u00e9t\u00e9o capricieuse, nos triathl\u00e8tes sont venus en nombre et se sont brillamment illustr\u00e9s. A cette occasion, le triathlon d&rsquo;Autun \u00e9tait support des championnats de notre ligue de triathlon, ce qui a permis \u00e0 Ludivine (Cadette) et Maryl\u00e8ne (Juinor F) de s&#8217;emparer chacune, du titre de championne de Bourgogne de triathlon, et ce sur [&hellip;]<\/p>\n","protected":false},"author":1,"featured_media":0,"comment_status":"open","ping_status":"open","sticky":false,"template":"","format":"standard","meta":{"spay_email":"","jetpack_publicize_message":"","jetpack_is_tweetstorm":false},"categories":[1],"tags":[],"jetpack_featured_media_url":"","jetpack_publicize_connections":[],"jetpack_sharing_enabled":true,"jetpack_shortlink":"https:\/\/wp.me\/p8bwIy-aC","jetpack-related-posts":[{"id":7127,"url":"https:\/\/www.montceautriathlon.com\/blog\/2024\/12\/01\/meeting-du-comite-departemental\/","url_meta":{"origin":658,"position":0},"title":"Meeting du comit\u00e9 d\u00e9partemental","date":"1 d\u00e9cembre 2024","format":false,"excerpt":"Le Comit\u00e9 D\u00e9partemental de triathlon a organis\u00e9 le dimanche 20 octobre son 4e meeting interclubs sur les terres montcelliennes. 15 \u00e9quipes engag\u00e9es issues des clubs d'Autun, Bourbon-Lancy, Chalon, Le Creusot, Macon et Montceau les Mines se sont affront\u00e9es pendant un relais d'une heure de course \u00e0 pied le matin et\u2026","rel":"","context":"Dans &quot;Non class\u00e9&quot;","img":{"alt_text":"","src":"https:\/\/i2.wp.com\/www.montceautriathlon.com\/blog\/wp-content\/uploads\/2024\/11\/meeting-1.jpg?resize=350%2C200&ssl=1","width":350,"height":200},"classes":[]},{"id":6967,"url":"https:\/\/www.montceautriathlon.com\/blog\/2024\/07\/16\/triathlon-autun-2\/","url_meta":{"origin":658,"position":1},"title":"Triathlon Autun","date":"16 juillet 2024","format":false,"excerpt":"Les triathl\u00e8tes montcelliens \u00e9taient pr\u00e9sents surtoutes les \u00e9preuves du triathlon d'Autun le dimanche 23 juin. Voici les r\u00e9sultats: Course 6\/8 ans: Tiana Magnien monte sur la 3e marche du podium en poussine (5e au scratch) et Eliott Rondier sur la 2e marche en poussin (6e au scratch). Course 9\/11 ans:\u2026","rel":"","context":"Dans &quot;Non class\u00e9&quot;","img":{"alt_text":"","src":"https:\/\/i0.wp.com\/www.montceautriathlon.com\/blog\/wp-content\/uploads\/2024\/07\/448968625_1141027143604675_8033343820953004543_n.jpg?resize=350%2C200&ssl=1","width":350,"height":200},"classes":[]},{"id":8119,"url":"https:\/\/www.montceautriathlon.com\/blog\/2025\/09\/14\/7-septembre-triathlon-de-chalon-sur-saone\/","url_meta":{"origin":658,"position":2},"title":"7 Septembre: Triathlon de Chalon sur Sa\u00f4ne","date":"14 septembre 2025","format":false,"excerpt":"Une d\u00e9l\u00e9gation montcellienne s'est retrouv\u00e9e chez nos voisins chalonnais pour leur traditionnel triathlon. Les 2 courses jeunes et le XS se faisaient en piscine. La natation du triathlon S contre la montre \u00e9tait dans la Sa\u00f4ne. Chez les plus jeunes, Louis Vinck termine 1r de la course. Gaspard Pradier est\u2026","rel":"","context":"Dans &quot;Non class\u00e9&quot;","img":{"alt_text":"","src":"https:\/\/i2.wp.com\/www.montceautriathlon.com\/blog\/wp-content\/uploads\/2025\/09\/IMG_5930.jpg?resize=350%2C200&ssl=1","width":350,"height":200},"classes":[]},{"id":8148,"url":"https:\/\/www.montceautriathlon.com\/blog\/2025\/09\/14\/triathlon-dauxonne-14-septembre\/","url_meta":{"origin":658,"position":3},"title":"Triathlon d&rsquo;Auxonne: 14 septembre","date":"14 septembre 2025","format":false,"excerpt":"Ce dimanche le Triathlon Club Auxonnais organisait son triathlon , Quelques montcelliens \u00e9taient pr\u00e9sents en Cote d'Or. Sur le S, Alice Vaury termine en 1h22\u201929, 5e s\u00e9niore et 11e f\u00e9minine . Sarah Emorine , franchit la ligne peut de temps derri\u00e8re sa copine de club en 1h24\u201919, 7e s\u00e9niore et\u2026","rel":"","context":"Dans &quot;Non class\u00e9&quot;","img":{"alt_text":"","src":"https:\/\/i2.wp.com\/www.montceautriathlon.com\/blog\/wp-content\/uploads\/2025\/09\/IMG-20250914-WA0008.jpg?resize=350%2C200&ssl=1","width":350,"height":200},"classes":[]},{"id":5189,"url":"https:\/\/www.montceautriathlon.com\/blog\/2022\/08\/16\/quelques-resultats-estivaux-entre-chaleur-et-cyanobacteries\/","url_meta":{"origin":658,"position":4},"title":"quelques r\u00e9sultats estivaux entre chaleur et cyanobact\u00e9ries !","date":"16 ao\u00fbt 2022","format":false,"excerpt":"Les triathl\u00e8tes de Montceau se sont d\u00e9plac\u00e9s sur les \u00e9preuves de la r\u00e9gion: Triathlon Gray le 23 juillet 2022Berteline \u00e9tait la seule repr\u00e9sentante du club et termine 1e au scratch sur l'\u00e9preuve des 6\/9ans. Triathlon de Dole le 31 juillet 2022Sur les 28 participants de la course 6\/9 ans Berteline\u2026","rel":"","context":"Dans &quot;Non class\u00e9&quot;","img":{"alt_text":"","src":"https:\/\/i2.wp.com\/www.montceautriathlon.com\/blog\/wp-content\/uploads\/2022\/09\/IMG_20220814_115057-scaled.jpg?resize=350%2C200&ssl=1","width":350,"height":200},"classes":[]},{"id":7935,"url":"https:\/\/www.montceautriathlon.com\/blog\/2025\/07\/11\/22-juin-triathlon-dautun\/","url_meta":{"origin":658,"position":5},"title":"22 juin: Triathlon d&rsquo;Autun","date":"11 juillet 2025","format":false,"excerpt":"Une d\u00e9l\u00e9gation montcellienne s'est d\u00e9plac\u00e9e chez nos voisins d'Autun pour leur triathlon. C'est avec un soleil tr\u00e8s pr\u00e9sent et de grosses chaleurs que les triathl\u00e8tes ont montr\u00e9 les couleurs de Montceau triathlon. Voici les r\u00e9sultats des diff\u00e9rentes courses: Sur la course XS, Titouan Rondier termine \u00e0 la 11e place au\u2026","rel":"","context":"Dans &quot;Non class\u00e9&quot;","img":{"alt_text":"","src":"https:\/\/i1.wp.com\/www.montceautriathlon.com\/blog\/wp-content\/uploads\/2025\/07\/IMG_3418-scaled.jpg?resize=350%2C200&ssl=1","width":350,"height":200},"classes":[]}],"_links":{"self":[{"href":"https:\/\/www.montceautriathlon.com\/blog\/wp-json\/wp\/v2\/posts\/658"}],"collection":[{"href":"https:\/\/www.montceautriathlon.com\/blog\/wp-json\/wp\/v2\/posts"}],"about":[{"href":"https:\/\/www.montceautriathlon.com\/blog\/wp-json\/wp\/v2\/types\/post"}],"author":[{"embeddable":true,"href":"https:\/\/www.montceautriathlon.com\/blog\/wp-json\/wp\/v2\/users\/1"}],"replies":[{"embeddable":true,"href":"https:\/\/www.montceautriathlon.com\/blog\/wp-json\/wp\/v2\/comments?post=658"}],"version-history":[{"count":6,"href":"https:\/\/www.montceautriathlon.com\/blog\/wp-json\/wp\/v2\/posts\/658\/revisions"}],"predecessor-version":[{"id":667,"href":"https:\/\/www.montceautriathlon.com\/blog\/wp-json\/wp\/v2\/posts\/658\/revisions\/667"}],"wp:attachment":[{"href":"https:\/\/www.montceautriathlon.com\/blog\/wp-json\/wp\/v2\/media?parent=658"}],"wp:term":[{"taxonomy":"category","embeddable":true,"href":"https:\/\/www.montceautriathlon.com\/blog\/wp-json\/wp\/v2\/categories?post=658"},{"taxonomy":"post_tag","embeddable":true,"href":"https:\/\/www.montceautriathlon.com\/blog\/wp-json\/wp\/v2\/tags?post=658"}],"curies":[{"name":"wp","href":"https:\/\/api.w.org\/{rel}","templated":true}]}}