{"id":649,"date":"2016-06-10T07:50:32","date_gmt":"2016-06-10T06:50:32","guid":{"rendered":"http:\/\/montceautriathlon.com\/blog\/?p=649"},"modified":"2016-06-10T07:58:31","modified_gmt":"2016-06-10T06:58:31","slug":"remise-des-nouvelles-tenues-08-juin-2016","status":"publish","type":"post","link":"https:\/\/www.montceautriathlon.com\/blog\/2016\/06\/10\/remise-des-nouvelles-tenues-08-juin-2016\/","title":{"rendered":"Remise des nouvelles tenues (08 juin 2016)"},"content":{"rendered":"<p>Mercredi soir, \u00e0 la piscine municipale de Montceau-les-Mines, les nouvelles tenues trifonctions\u00a0furent remises par notre pr\u00e9sident Lo\u00efc MENTRE.<\/p>\n<p><span style=\"text-decoration: underline;\">Remarque<\/span> : Vous pouvez encore commander une trifonction, en contactant Denis LEQUIN, et ce jusqu&rsquo;au mardi 21 juin (dernier d\u00e9lai).<\/p>\n","protected":false},"excerpt":{"rendered":"<p>Mercredi soir, \u00e0 la piscine municipale de Montceau-les-Mines, les nouvelles tenues trifonctions\u00a0furent remises par notre pr\u00e9sident Lo\u00efc MENTRE. Remarque : Vous pouvez encore commander une trifonction, en contactant Denis LEQUIN, et ce jusqu&rsquo;au mardi 21 juin (dernier d\u00e9lai).<\/p>\n","protected":false},"author":1,"featured_media":648,"comment_status":"open","ping_status":"open","sticky":false,"template":"","format":"standard","meta":{"spay_email":"","jetpack_publicize_message":"","jetpack_is_tweetstorm":false},"categories":[3],"tags":[],"jetpack_featured_media_url":"https:\/\/www.montceautriathlon.com\/blog\/wp-content\/uploads\/2016\/06\/Remise_Tenue_2016_2.jpg","jetpack_publicize_connections":[],"jetpack_sharing_enabled":true,"jetpack_shortlink":"https:\/\/wp.me\/p8bwIy-at","jetpack-related-posts":[{"id":1314,"url":"https:\/\/www.montceautriathlon.com\/blog\/2017\/06\/13\/28eme-edition-du-tour-du-canton-de-gueugnon-samedi-10-juin-2017\/","url_meta":{"origin":649,"position":0},"title":"28\u00e8me \u00e9dition du Tour du canton de Gueugnon (Samedi 10 juin 2017)","date":"13 juin 2017","format":false,"excerpt":"38 \u00e9quipes de 10 coureurs chacune, dont 3 \u00e9quipes de Montceau Tri ont pris le d\u00e9part \u00e0 Gueugnon. Les coureurs qui se\u00a0sont pass\u00e9s le relais,\u00a0ont travers\u00e9 les 9 communes du canton sous une chaleur \u00e9crasante... Une tr\u00e8s belle journ\u00e9e de course \u00e0 pied organis\u00e9e par le Club Allure Libre en\u2026","rel":"","context":"Dans &quot;slide show&quot;","img":{"alt_text":"","src":"https:\/\/i2.wp.com\/www.montceautriathlon.com\/blog\/wp-content\/uploads\/2017\/06\/TDC-2017.jpg?resize=350%2C200&ssl=1","width":350,"height":200},"classes":[]},{"id":6069,"url":"https:\/\/www.montceautriathlon.com\/blog\/2023\/07\/12\/dernier-we-de-juin-la-montagne-ca-nous-gagne-alpes-et-jura-au-programme\/","url_meta":{"origin":649,"position":1},"title":"Dernier WE de juin ! La montagne \u00e7a nous gagne ! Alpes et Jura au programme !","date":"12 juillet 2023","format":false,"excerpt":"Pour le dernier week end de ce mois de juin, les triathl\u00e8tes montcelliens se sont d\u00e9plac\u00e9s sur diverses\u00a0 comp\u00e9titions. Joel Fran\u00e7ois et Thomas Okrzesik ont affront\u00e9 les 186 km (5530 D+) de la course cycliste de la Marmotte entre Bourg D'Oisans et l'Alpes d'HuezJoel termine \u00e0 la 1499e place en\u2026","rel":"","context":"Dans &quot;Non class\u00e9&quot;","img":{"alt_text":"","src":"https:\/\/i0.wp.com\/www.montceautriathlon.com\/blog\/wp-content\/uploads\/2023\/07\/IMG-20230625-WA0007.jpg?resize=350%2C200&ssl=1","width":350,"height":200},"classes":[]},{"id":707,"url":"https:\/\/www.montceautriathlon.com\/blog\/2016\/07\/01\/resultats-du-triathlon-de-dijon-25-26-juin-2016\/","url_meta":{"origin":649,"position":2},"title":"R\u00e9sultats du Triathlon de Dijon (25-26 juin 2016)","date":"1 juillet 2016","format":false,"excerpt":"Tous les r\u00e9sultats: Poussins-Pupilles Benjamins Minimes S Individuel L Individuel L Relais","rel":"","context":"Dans &quot;Non class\u00e9&quot;","img":{"alt_text":"","src":"https:\/\/i2.wp.com\/www.montceautriathlon.com\/blog\/wp-content\/uploads\/2016\/06\/Triathlon_Dijon_2016.jpg?resize=350%2C200&ssl=1","width":350,"height":200},"classes":[]},{"id":1298,"url":"https:\/\/www.montceautriathlon.com\/blog\/2017\/06\/07\/finale-du-championnat-de-france-jeunes-de-triathlon-samedi-03-juin-2017\/","url_meta":{"origin":649,"position":3},"title":"Finale du championnat de France Jeunes de Triathlon (Samedi 03 juin 2017)","date":"7 juin 2017","format":false,"excerpt":"Ce week-end avait lieu les\u00a0championnats de France Jeunes de Triathlon qui se d\u00e9roulaient \u00e0 Pierrelatte et organis\u00e9s par\u00a0le Tricastin Triathlon Club. Nous avions 3 jeunes triathl\u00e8tes qui ont repr\u00e9sent\u00e9 brillamment les couleurs de notre\u00a0club et\u00a0bravo \u00e0 eux ! Tous les r\u00e9sultats: Ludivine LEQUIN : 51\u00b0 \/ CAF \/ 01:10:10 Maryl\u00e8ne\u2026","rel":"","context":"Dans &quot;Non class\u00e9&quot;","img":{"alt_text":"","src":"","width":0,"height":0},"classes":[]},{"id":722,"url":"https:\/\/www.montceautriathlon.com\/blog\/2016\/07\/01\/resultats-du-triathlon-du-lac-st-point-26-juin-2016\/","url_meta":{"origin":649,"position":4},"title":"R\u00e9sultats du Triathlon du Lac St Point (26 juin 2016)","date":"1 juillet 2016","format":false,"excerpt":"Tous les r\u00e9sultats: Avenir 1 Avenir 2 S F\u00e9minin S Relais F\u00e9minin S Masculin S Relais Masculin M individuel M Relais","rel":"","context":"Dans &quot;Non class\u00e9&quot;","img":{"alt_text":"","src":"https:\/\/i2.wp.com\/www.montceautriathlon.com\/blog\/wp-content\/uploads\/2016\/07\/Affiche_Triathlon_Lac_St_Point_2016.png?resize=350%2C200&ssl=1","width":350,"height":200},"classes":[]},{"id":1300,"url":"https:\/\/www.montceautriathlon.com\/blog\/2017\/06\/07\/resultats-du-ventouxman-dimanche-04-juin-2017\/","url_meta":{"origin":649,"position":5},"title":"R\u00e9sultats du Ventouxman (Dimanche 04 juin 2017)","date":"7 juin 2017","format":false,"excerpt":"Apres l'annulation de derni\u00e8re minute l'an pass\u00e9, pour cause de mauvais temps, une seule triathl\u00e8tes du club a brav\u00e9 les 2km \/ 90km \/ 20km du Ventouxman : c'est une fille qui c'est lanc\u00e9 le d\u00e9fi, pour ces 40 piges, de faire son premier triathlon formule XXL et pas des\u2026","rel":"","context":"Dans &quot;Non class\u00e9&quot;","img":{"alt_text":"","src":"","width":0,"height":0},"classes":[]}],"_links":{"self":[{"href":"https:\/\/www.montceautriathlon.com\/blog\/wp-json\/wp\/v2\/posts\/649"}],"collection":[{"href":"https:\/\/www.montceautriathlon.com\/blog\/wp-json\/wp\/v2\/posts"}],"about":[{"href":"https:\/\/www.montceautriathlon.com\/blog\/wp-json\/wp\/v2\/types\/post"}],"author":[{"embeddable":true,"href":"https:\/\/www.montceautriathlon.com\/blog\/wp-json\/wp\/v2\/users\/1"}],"replies":[{"embeddable":true,"href":"https:\/\/www.montceautriathlon.com\/blog\/wp-json\/wp\/v2\/comments?post=649"}],"version-history":[{"count":5,"href":"https:\/\/www.montceautriathlon.com\/blog\/wp-json\/wp\/v2\/posts\/649\/revisions"}],"predecessor-version":[{"id":654,"href":"https:\/\/www.montceautriathlon.com\/blog\/wp-json\/wp\/v2\/posts\/649\/revisions\/654"}],"wp:featuredmedia":[{"embeddable":true,"href":"https:\/\/www.montceautriathlon.com\/blog\/wp-json\/wp\/v2\/media\/648"}],"wp:attachment":[{"href":"https:\/\/www.montceautriathlon.com\/blog\/wp-json\/wp\/v2\/media?parent=649"}],"wp:term":[{"taxonomy":"category","embeddable":true,"href":"https:\/\/www.montceautriathlon.com\/blog\/wp-json\/wp\/v2\/categories?post=649"},{"taxonomy":"post_tag","embeddable":true,"href":"https:\/\/www.montceautriathlon.com\/blog\/wp-json\/wp\/v2\/tags?post=649"}],"curies":[{"name":"wp","href":"https:\/\/api.w.org\/{rel}","templated":true}]}}