{"id":6093,"date":"2023-08-14T14:26:19","date_gmt":"2023-08-14T13:26:19","guid":{"rendered":"https:\/\/www.montceautriathlon.com\/blog\/?p=6093"},"modified":"2023-08-20T15:49:51","modified_gmt":"2023-08-20T14:49:51","slug":"retour-sur-le-triathlon-de-dole-et-le-triathlon-de-nevers","status":"publish","type":"post","link":"https:\/\/www.montceautriathlon.com\/blog\/2023\/08\/14\/retour-sur-le-triathlon-de-dole-et-le-triathlon-de-nevers\/","title":{"rendered":"Retour sur le triathlon de Dole et le triathlon de Nevers"},"content":{"rendered":"\n<p>Le triathlon de Dole a eu lieu le dimanche 23 juillet. Quelques licenci\u00e9s ont fait le d\u00e9placement.<\/p>\n\n\n\n<p>Course 10\/23 ans: Berteline termine 10e au scratch (2e pupille)<\/p>\n\n\n\n<p>Course XS: Sophie Marionnet : 67e au scratch et 2e V2<\/p>\n\n\n\n<p>Sur le S Cyrille B\u00e9rardan termine 80e en 1h14 (10e V1), Charline Berthier 154e en 1h21 (3e S2) et Sarah Emorine 190e en 1h25 (6e S2)<\/p>\n\n\n\n<p><\/p>\n\n\n\n<p><\/p>\n\n\n\n<p>Ce week end Nevers a accueilli des montcelliens pour leur triathlon du 13 aout. <\/p>\n\n\n\n<p>Les 6 jeunes pr\u00e9sents montent tous sur le podium:<\/p>\n\n\n\n<p>Dans la course 12\/19 ans, Marine et No\u00e9mie font  respectivement 1e et 3e juniore. Joshua, 4e au scratch est 3e minime. Zo\u00e9 est 2e minime.<\/p>\n\n\n\n<p>Pour les plus jeunes en 10\/13 ans, Berteline termine 1e pupille et Axelle 2e benjamine.<\/p>\n\n\n\n<p>La famille Vaudelin a repr\u00e9sent\u00e9 le club sur la course S. Eric termine le parcours en 1h17 (28e au scratch et 8e MVE. Fabienne est 7e FVE (86e au scratch) en 1h36.<\/p>\n\n\n\n<p>Sur la distance M, Pierre fait une belle remont\u00e9e en course \u00e0 pied pour terminer avec Isabelle en 3h20 (73e MVE et 7e FVE), suivi par Sophie en 3h23 (9e FVE).<\/p>\n\n\n\n<figure class=\"wp-block-image size-large is-resized\"><a href=\"https:\/\/www.montceautriathlon.com\/blog\/wp-content\/uploads\/2023\/08\/363321915_993999678570430_4610107054317862424_n.jpg\"><img data-attachment-id=\"6094\" data-permalink=\"https:\/\/www.montceautriathlon.com\/blog\/2023\/08\/14\/retour-sur-le-triathlon-de-dole-et-le-triathlon-de-nevers\/363321915_993999678570430_4610107054317862424_n\/\" data-orig-file=\"https:\/\/www.montceautriathlon.com\/blog\/wp-content\/uploads\/2023\/08\/363321915_993999678570430_4610107054317862424_n.jpg\" data-orig-size=\"2048,1990\" data-comments-opened=\"1\" data-image-meta=\"{&quot;aperture&quot;:&quot;0&quot;,&quot;credit&quot;:&quot;&quot;,&quot;camera&quot;:&quot;&quot;,&quot;caption&quot;:&quot;&quot;,&quot;created_timestamp&quot;:&quot;0&quot;,&quot;copyright&quot;:&quot;&quot;,&quot;focal_length&quot;:&quot;0&quot;,&quot;iso&quot;:&quot;0&quot;,&quot;shutter_speed&quot;:&quot;0&quot;,&quot;title&quot;:&quot;&quot;,&quot;orientation&quot;:&quot;0&quot;}\" data-image-title=\"363321915_993999678570430_4610107054317862424_n\" data-image-description=\"\" data-image-caption=\"\" data-medium-file=\"https:\/\/www.montceautriathlon.com\/blog\/wp-content\/uploads\/2023\/08\/363321915_993999678570430_4610107054317862424_n-300x292.jpg\" data-large-file=\"https:\/\/www.montceautriathlon.com\/blog\/wp-content\/uploads\/2023\/08\/363321915_993999678570430_4610107054317862424_n-1024x995.jpg\" loading=\"lazy\" src=\"https:\/\/www.montceautriathlon.com\/blog\/wp-content\/uploads\/2023\/08\/363321915_993999678570430_4610107054317862424_n-1024x995.jpg\" alt=\"\" class=\"wp-image-6094\" width=\"303\" height=\"294\" srcset=\"https:\/\/www.montceautriathlon.com\/blog\/wp-content\/uploads\/2023\/08\/363321915_993999678570430_4610107054317862424_n-1024x995.jpg 1024w, https:\/\/www.montceautriathlon.com\/blog\/wp-content\/uploads\/2023\/08\/363321915_993999678570430_4610107054317862424_n-300x292.jpg 300w, https:\/\/www.montceautriathlon.com\/blog\/wp-content\/uploads\/2023\/08\/363321915_993999678570430_4610107054317862424_n-768x746.jpg 768w, https:\/\/www.montceautriathlon.com\/blog\/wp-content\/uploads\/2023\/08\/363321915_993999678570430_4610107054317862424_n-1536x1493.jpg 1536w, https:\/\/www.montceautriathlon.com\/blog\/wp-content\/uploads\/2023\/08\/363321915_993999678570430_4610107054317862424_n.jpg 2048w\" sizes=\"(max-width: 303px) 100vw, 303px\" \/><\/a><\/figure>\n\n\n\n<figure class=\"wp-block-image size-large is-resized\"><a href=\"https:\/\/www.montceautriathlon.com\/blog\/wp-content\/uploads\/2023\/08\/363006881_992889465348118_509549798401543475_n.jpg\"><img data-attachment-id=\"6095\" data-permalink=\"https:\/\/www.montceautriathlon.com\/blog\/2023\/08\/14\/retour-sur-le-triathlon-de-dole-et-le-triathlon-de-nevers\/363006881_992889465348118_509549798401543475_n\/\" data-orig-file=\"https:\/\/www.montceautriathlon.com\/blog\/wp-content\/uploads\/2023\/08\/363006881_992889465348118_509549798401543475_n.jpg\" data-orig-size=\"2048,1536\" data-comments-opened=\"1\" data-image-meta=\"{&quot;aperture&quot;:&quot;0&quot;,&quot;credit&quot;:&quot;&quot;,&quot;camera&quot;:&quot;&quot;,&quot;caption&quot;:&quot;&quot;,&quot;created_timestamp&quot;:&quot;0&quot;,&quot;copyright&quot;:&quot;&quot;,&quot;focal_length&quot;:&quot;0&quot;,&quot;iso&quot;:&quot;0&quot;,&quot;shutter_speed&quot;:&quot;0&quot;,&quot;title&quot;:&quot;&quot;,&quot;orientation&quot;:&quot;0&quot;}\" data-image-title=\"363006881_992889465348118_509549798401543475_n\" data-image-description=\"\" data-image-caption=\"\" data-medium-file=\"https:\/\/www.montceautriathlon.com\/blog\/wp-content\/uploads\/2023\/08\/363006881_992889465348118_509549798401543475_n-300x225.jpg\" data-large-file=\"https:\/\/www.montceautriathlon.com\/blog\/wp-content\/uploads\/2023\/08\/363006881_992889465348118_509549798401543475_n-1024x768.jpg\" loading=\"lazy\" src=\"https:\/\/www.montceautriathlon.com\/blog\/wp-content\/uploads\/2023\/08\/363006881_992889465348118_509549798401543475_n-1024x768.jpg\" alt=\"\" class=\"wp-image-6095\" width=\"299\" height=\"224\" srcset=\"https:\/\/www.montceautriathlon.com\/blog\/wp-content\/uploads\/2023\/08\/363006881_992889465348118_509549798401543475_n-1024x768.jpg 1024w, https:\/\/www.montceautriathlon.com\/blog\/wp-content\/uploads\/2023\/08\/363006881_992889465348118_509549798401543475_n-300x225.jpg 300w, https:\/\/www.montceautriathlon.com\/blog\/wp-content\/uploads\/2023\/08\/363006881_992889465348118_509549798401543475_n-768x576.jpg 768w, https:\/\/www.montceautriathlon.com\/blog\/wp-content\/uploads\/2023\/08\/363006881_992889465348118_509549798401543475_n-1536x1152.jpg 1536w, https:\/\/www.montceautriathlon.com\/blog\/wp-content\/uploads\/2023\/08\/363006881_992889465348118_509549798401543475_n.jpg 2048w\" sizes=\"(max-width: 299px) 100vw, 299px\" \/><\/a><\/figure>\n\n\n\n<figure class=\"wp-block-image size-large\"><a href=\"https:\/\/www.montceautriathlon.com\/blog\/wp-content\/uploads\/2023\/08\/1691941529209.jpg\"><img data-attachment-id=\"6096\" data-permalink=\"https:\/\/www.montceautriathlon.com\/blog\/2023\/08\/14\/retour-sur-le-triathlon-de-dole-et-le-triathlon-de-nevers\/attachment\/1691941529209\/\" data-orig-file=\"https:\/\/www.montceautriathlon.com\/blog\/wp-content\/uploads\/2023\/08\/1691941529209.jpg\" data-orig-size=\"1080,2340\" data-comments-opened=\"1\" data-image-meta=\"{&quot;aperture&quot;:&quot;0&quot;,&quot;credit&quot;:&quot;&quot;,&quot;camera&quot;:&quot;&quot;,&quot;caption&quot;:&quot;&quot;,&quot;created_timestamp&quot;:&quot;0&quot;,&quot;copyright&quot;:&quot;&quot;,&quot;focal_length&quot;:&quot;0&quot;,&quot;iso&quot;:&quot;0&quot;,&quot;shutter_speed&quot;:&quot;0&quot;,&quot;title&quot;:&quot;&quot;,&quot;orientation&quot;:&quot;0&quot;}\" data-image-title=\"1691941529209\" data-image-description=\"\" data-image-caption=\"\" data-medium-file=\"https:\/\/www.montceautriathlon.com\/blog\/wp-content\/uploads\/2023\/08\/1691941529209-138x300.jpg\" data-large-file=\"https:\/\/www.montceautriathlon.com\/blog\/wp-content\/uploads\/2023\/08\/1691941529209-473x1024.jpg\" loading=\"lazy\" width=\"473\" height=\"1024\" src=\"https:\/\/www.montceautriathlon.com\/blog\/wp-content\/uploads\/2023\/08\/1691941529209-473x1024.jpg\" alt=\"\" class=\"wp-image-6096\" srcset=\"https:\/\/www.montceautriathlon.com\/blog\/wp-content\/uploads\/2023\/08\/1691941529209-473x1024.jpg 473w, https:\/\/www.montceautriathlon.com\/blog\/wp-content\/uploads\/2023\/08\/1691941529209-138x300.jpg 138w, https:\/\/www.montceautriathlon.com\/blog\/wp-content\/uploads\/2023\/08\/1691941529209-768x1664.jpg 768w, https:\/\/www.montceautriathlon.com\/blog\/wp-content\/uploads\/2023\/08\/1691941529209-709x1536.jpg 709w, https:\/\/www.montceautriathlon.com\/blog\/wp-content\/uploads\/2023\/08\/1691941529209-945x2048.jpg 945w, https:\/\/www.montceautriathlon.com\/blog\/wp-content\/uploads\/2023\/08\/1691941529209.jpg 1080w\" sizes=\"(max-width: 473px) 100vw, 473px\" \/><\/a><\/figure>\n\n\n\n<figure class=\"wp-block-image size-large is-resized\"><a href=\"https:\/\/www.montceautriathlon.com\/blog\/wp-content\/uploads\/2023\/08\/1691941529242-scaled.jpg\"><img data-attachment-id=\"6097\" data-permalink=\"https:\/\/www.montceautriathlon.com\/blog\/2023\/08\/14\/retour-sur-le-triathlon-de-dole-et-le-triathlon-de-nevers\/attachment\/1691941529242\/\" data-orig-file=\"https:\/\/www.montceautriathlon.com\/blog\/wp-content\/uploads\/2023\/08\/1691941529242-scaled.jpg\" data-orig-size=\"1920,2560\" data-comments-opened=\"1\" data-image-meta=\"{&quot;aperture&quot;:&quot;0&quot;,&quot;credit&quot;:&quot;&quot;,&quot;camera&quot;:&quot;&quot;,&quot;caption&quot;:&quot;&quot;,&quot;created_timestamp&quot;:&quot;0&quot;,&quot;copyright&quot;:&quot;&quot;,&quot;focal_length&quot;:&quot;0&quot;,&quot;iso&quot;:&quot;0&quot;,&quot;shutter_speed&quot;:&quot;0&quot;,&quot;title&quot;:&quot;&quot;,&quot;orientation&quot;:&quot;1&quot;}\" data-image-title=\"1691941529242\" data-image-description=\"\" data-image-caption=\"\" data-medium-file=\"https:\/\/www.montceautriathlon.com\/blog\/wp-content\/uploads\/2023\/08\/1691941529242-225x300.jpg\" data-large-file=\"https:\/\/www.montceautriathlon.com\/blog\/wp-content\/uploads\/2023\/08\/1691941529242-768x1024.jpg\" loading=\"lazy\" src=\"https:\/\/www.montceautriathlon.com\/blog\/wp-content\/uploads\/2023\/08\/1691941529242-768x1024.jpg\" alt=\"\" class=\"wp-image-6097\" width=\"470\" height=\"627\" srcset=\"https:\/\/www.montceautriathlon.com\/blog\/wp-content\/uploads\/2023\/08\/1691941529242-768x1024.jpg 768w, https:\/\/www.montceautriathlon.com\/blog\/wp-content\/uploads\/2023\/08\/1691941529242-225x300.jpg 225w, https:\/\/www.montceautriathlon.com\/blog\/wp-content\/uploads\/2023\/08\/1691941529242-1152x1536.jpg 1152w, https:\/\/www.montceautriathlon.com\/blog\/wp-content\/uploads\/2023\/08\/1691941529242-1536x2048.jpg 1536w, https:\/\/www.montceautriathlon.com\/blog\/wp-content\/uploads\/2023\/08\/1691941529242-scaled.jpg 1920w\" sizes=\"(max-width: 470px) 100vw, 470px\" \/><\/a><\/figure>\n\n\n\n<figure class=\"wp-block-image size-large is-resized\"><a href=\"https:\/\/www.montceautriathlon.com\/blog\/wp-content\/uploads\/2023\/08\/1691941529221-scaled.jpg\"><img data-attachment-id=\"6098\" data-permalink=\"https:\/\/www.montceautriathlon.com\/blog\/2023\/08\/14\/retour-sur-le-triathlon-de-dole-et-le-triathlon-de-nevers\/attachment\/1691941529221\/\" data-orig-file=\"https:\/\/www.montceautriathlon.com\/blog\/wp-content\/uploads\/2023\/08\/1691941529221-scaled.jpg\" data-orig-size=\"1920,2560\" data-comments-opened=\"1\" data-image-meta=\"{&quot;aperture&quot;:&quot;0&quot;,&quot;credit&quot;:&quot;&quot;,&quot;camera&quot;:&quot;&quot;,&quot;caption&quot;:&quot;&quot;,&quot;created_timestamp&quot;:&quot;0&quot;,&quot;copyright&quot;:&quot;&quot;,&quot;focal_length&quot;:&quot;0&quot;,&quot;iso&quot;:&quot;0&quot;,&quot;shutter_speed&quot;:&quot;0&quot;,&quot;title&quot;:&quot;&quot;,&quot;orientation&quot;:&quot;1&quot;}\" data-image-title=\"1691941529221\" data-image-description=\"\" data-image-caption=\"\" data-medium-file=\"https:\/\/www.montceautriathlon.com\/blog\/wp-content\/uploads\/2023\/08\/1691941529221-225x300.jpg\" data-large-file=\"https:\/\/www.montceautriathlon.com\/blog\/wp-content\/uploads\/2023\/08\/1691941529221-768x1024.jpg\" loading=\"lazy\" src=\"https:\/\/www.montceautriathlon.com\/blog\/wp-content\/uploads\/2023\/08\/1691941529221-768x1024.jpg\" alt=\"\" class=\"wp-image-6098\" width=\"473\" height=\"631\" srcset=\"https:\/\/www.montceautriathlon.com\/blog\/wp-content\/uploads\/2023\/08\/1691941529221-768x1024.jpg 768w, https:\/\/www.montceautriathlon.com\/blog\/wp-content\/uploads\/2023\/08\/1691941529221-225x300.jpg 225w, https:\/\/www.montceautriathlon.com\/blog\/wp-content\/uploads\/2023\/08\/1691941529221-1152x1536.jpg 1152w, https:\/\/www.montceautriathlon.com\/blog\/wp-content\/uploads\/2023\/08\/1691941529221-1536x2048.jpg 1536w, https:\/\/www.montceautriathlon.com\/blog\/wp-content\/uploads\/2023\/08\/1691941529221-scaled.jpg 1920w\" sizes=\"(max-width: 473px) 100vw, 473px\" \/><\/a><\/figure>\n\n\n\n<figure class=\"wp-block-image size-large is-resized\"><a href=\"https:\/\/www.montceautriathlon.com\/blog\/wp-content\/uploads\/2023\/08\/1691941529231-scaled.jpg\"><img data-attachment-id=\"6099\" data-permalink=\"https:\/\/www.montceautriathlon.com\/blog\/2023\/08\/14\/retour-sur-le-triathlon-de-dole-et-le-triathlon-de-nevers\/attachment\/1691941529231\/\" data-orig-file=\"https:\/\/www.montceautriathlon.com\/blog\/wp-content\/uploads\/2023\/08\/1691941529231-scaled.jpg\" data-orig-size=\"1920,2560\" data-comments-opened=\"1\" data-image-meta=\"{&quot;aperture&quot;:&quot;0&quot;,&quot;credit&quot;:&quot;&quot;,&quot;camera&quot;:&quot;&quot;,&quot;caption&quot;:&quot;&quot;,&quot;created_timestamp&quot;:&quot;0&quot;,&quot;copyright&quot;:&quot;&quot;,&quot;focal_length&quot;:&quot;0&quot;,&quot;iso&quot;:&quot;0&quot;,&quot;shutter_speed&quot;:&quot;0&quot;,&quot;title&quot;:&quot;&quot;,&quot;orientation&quot;:&quot;1&quot;}\" data-image-title=\"1691941529231\" data-image-description=\"\" data-image-caption=\"\" data-medium-file=\"https:\/\/www.montceautriathlon.com\/blog\/wp-content\/uploads\/2023\/08\/1691941529231-225x300.jpg\" data-large-file=\"https:\/\/www.montceautriathlon.com\/blog\/wp-content\/uploads\/2023\/08\/1691941529231-768x1024.jpg\" loading=\"lazy\" src=\"https:\/\/www.montceautriathlon.com\/blog\/wp-content\/uploads\/2023\/08\/1691941529231-768x1024.jpg\" alt=\"\" class=\"wp-image-6099\" width=\"470\" height=\"627\" srcset=\"https:\/\/www.montceautriathlon.com\/blog\/wp-content\/uploads\/2023\/08\/1691941529231-768x1024.jpg 768w, https:\/\/www.montceautriathlon.com\/blog\/wp-content\/uploads\/2023\/08\/1691941529231-225x300.jpg 225w, https:\/\/www.montceautriathlon.com\/blog\/wp-content\/uploads\/2023\/08\/1691941529231-1152x1536.jpg 1152w, https:\/\/www.montceautriathlon.com\/blog\/wp-content\/uploads\/2023\/08\/1691941529231-1536x2048.jpg 1536w, https:\/\/www.montceautriathlon.com\/blog\/wp-content\/uploads\/2023\/08\/1691941529231-scaled.jpg 1920w\" sizes=\"(max-width: 470px) 100vw, 470px\" \/><\/a><\/figure>\n\n\n\n<figure class=\"wp-block-image size-large is-resized\"><a href=\"https:\/\/www.montceautriathlon.com\/blog\/wp-content\/uploads\/2023\/08\/20230813_133105-rotated.jpg\"><img data-attachment-id=\"6100\" data-permalink=\"https:\/\/www.montceautriathlon.com\/blog\/2023\/08\/14\/retour-sur-le-triathlon-de-dole-et-le-triathlon-de-nevers\/20230813_133105\/\" data-orig-file=\"https:\/\/www.montceautriathlon.com\/blog\/wp-content\/uploads\/2023\/08\/20230813_133105-rotated.jpg\" data-orig-size=\"1500,2000\" data-comments-opened=\"1\" data-image-meta=\"{&quot;aperture&quot;:&quot;0&quot;,&quot;credit&quot;:&quot;&quot;,&quot;camera&quot;:&quot;&quot;,&quot;caption&quot;:&quot;&quot;,&quot;created_timestamp&quot;:&quot;0&quot;,&quot;copyright&quot;:&quot;&quot;,&quot;focal_length&quot;:&quot;0&quot;,&quot;iso&quot;:&quot;0&quot;,&quot;shutter_speed&quot;:&quot;0&quot;,&quot;title&quot;:&quot;&quot;,&quot;orientation&quot;:&quot;1&quot;}\" data-image-title=\"20230813_133105\" data-image-description=\"\" data-image-caption=\"\" data-medium-file=\"https:\/\/www.montceautriathlon.com\/blog\/wp-content\/uploads\/2023\/08\/20230813_133105-225x300.jpg\" data-large-file=\"https:\/\/www.montceautriathlon.com\/blog\/wp-content\/uploads\/2023\/08\/20230813_133105-768x1024.jpg\" loading=\"lazy\" src=\"https:\/\/www.montceautriathlon.com\/blog\/wp-content\/uploads\/2023\/08\/20230813_133105-768x1024.jpg\" alt=\"\" class=\"wp-image-6100\" width=\"469\" height=\"625\" srcset=\"https:\/\/www.montceautriathlon.com\/blog\/wp-content\/uploads\/2023\/08\/20230813_133105-768x1024.jpg 768w, https:\/\/www.montceautriathlon.com\/blog\/wp-content\/uploads\/2023\/08\/20230813_133105-225x300.jpg 225w, https:\/\/www.montceautriathlon.com\/blog\/wp-content\/uploads\/2023\/08\/20230813_133105-1152x1536.jpg 1152w, https:\/\/www.montceautriathlon.com\/blog\/wp-content\/uploads\/2023\/08\/20230813_133105-rotated.jpg 1500w\" sizes=\"(max-width: 469px) 100vw, 469px\" \/><\/a><\/figure>\n\n\n\n<figure class=\"wp-block-image size-large is-resized\"><a href=\"https:\/\/www.montceautriathlon.com\/blog\/wp-content\/uploads\/2023\/08\/unnamed.jpg\"><img data-attachment-id=\"6101\" data-permalink=\"https:\/\/www.montceautriathlon.com\/blog\/2023\/08\/14\/retour-sur-le-triathlon-de-dole-et-le-triathlon-de-nevers\/unnamed\/\" data-orig-file=\"https:\/\/www.montceautriathlon.com\/blog\/wp-content\/uploads\/2023\/08\/unnamed.jpg\" data-orig-size=\"1876,2500\" data-comments-opened=\"1\" data-image-meta=\"{&quot;aperture&quot;:&quot;0&quot;,&quot;credit&quot;:&quot;&quot;,&quot;camera&quot;:&quot;&quot;,&quot;caption&quot;:&quot;&quot;,&quot;created_timestamp&quot;:&quot;0&quot;,&quot;copyright&quot;:&quot;&quot;,&quot;focal_length&quot;:&quot;0&quot;,&quot;iso&quot;:&quot;0&quot;,&quot;shutter_speed&quot;:&quot;0&quot;,&quot;title&quot;:&quot;&quot;,&quot;orientation&quot;:&quot;0&quot;}\" data-image-title=\"unnamed\" data-image-description=\"\" data-image-caption=\"\" data-medium-file=\"https:\/\/www.montceautriathlon.com\/blog\/wp-content\/uploads\/2023\/08\/unnamed-225x300.jpg\" data-large-file=\"https:\/\/www.montceautriathlon.com\/blog\/wp-content\/uploads\/2023\/08\/unnamed-768x1024.jpg\" loading=\"lazy\" src=\"https:\/\/www.montceautriathlon.com\/blog\/wp-content\/uploads\/2023\/08\/unnamed-768x1024.jpg\" alt=\"\" class=\"wp-image-6101\" width=\"466\" height=\"621\" srcset=\"https:\/\/www.montceautriathlon.com\/blog\/wp-content\/uploads\/2023\/08\/unnamed-768x1023.jpg 768w, https:\/\/www.montceautriathlon.com\/blog\/wp-content\/uploads\/2023\/08\/unnamed-225x300.jpg 225w, https:\/\/www.montceautriathlon.com\/blog\/wp-content\/uploads\/2023\/08\/unnamed-1153x1536.jpg 1153w, https:\/\/www.montceautriathlon.com\/blog\/wp-content\/uploads\/2023\/08\/unnamed-1537x2048.jpg 1537w, https:\/\/www.montceautriathlon.com\/blog\/wp-content\/uploads\/2023\/08\/unnamed.jpg 1876w\" sizes=\"(max-width: 466px) 100vw, 466px\" \/><\/a><\/figure>\n\n\n\n<figure class=\"wp-block-image size-large\"><a href=\"https:\/\/www.montceautriathlon.com\/blog\/wp-content\/uploads\/2023\/08\/IMG-20230813-WA0000.jpg\"><img data-attachment-id=\"6102\" data-permalink=\"https:\/\/www.montceautriathlon.com\/blog\/2023\/08\/14\/retour-sur-le-triathlon-de-dole-et-le-triathlon-de-nevers\/img-20230813-wa0000\/\" data-orig-file=\"https:\/\/www.montceautriathlon.com\/blog\/wp-content\/uploads\/2023\/08\/IMG-20230813-WA0000.jpg\" data-orig-size=\"1536,2048\" data-comments-opened=\"1\" data-image-meta=\"{&quot;aperture&quot;:&quot;0&quot;,&quot;credit&quot;:&quot;&quot;,&quot;camera&quot;:&quot;&quot;,&quot;caption&quot;:&quot;&quot;,&quot;created_timestamp&quot;:&quot;0&quot;,&quot;copyright&quot;:&quot;&quot;,&quot;focal_length&quot;:&quot;0&quot;,&quot;iso&quot;:&quot;0&quot;,&quot;shutter_speed&quot;:&quot;0&quot;,&quot;title&quot;:&quot;&quot;,&quot;orientation&quot;:&quot;0&quot;}\" data-image-title=\"IMG-20230813-WA0000\" data-image-description=\"\" data-image-caption=\"\" data-medium-file=\"https:\/\/www.montceautriathlon.com\/blog\/wp-content\/uploads\/2023\/08\/IMG-20230813-WA0000-225x300.jpg\" data-large-file=\"https:\/\/www.montceautriathlon.com\/blog\/wp-content\/uploads\/2023\/08\/IMG-20230813-WA0000-768x1024.jpg\" loading=\"lazy\" width=\"768\" height=\"1024\" src=\"https:\/\/www.montceautriathlon.com\/blog\/wp-content\/uploads\/2023\/08\/IMG-20230813-WA0000-768x1024.jpg\" alt=\"\" class=\"wp-image-6102\" srcset=\"https:\/\/www.montceautriathlon.com\/blog\/wp-content\/uploads\/2023\/08\/IMG-20230813-WA0000-768x1024.jpg 768w, https:\/\/www.montceautriathlon.com\/blog\/wp-content\/uploads\/2023\/08\/IMG-20230813-WA0000-225x300.jpg 225w, https:\/\/www.montceautriathlon.com\/blog\/wp-content\/uploads\/2023\/08\/IMG-20230813-WA0000-1152x1536.jpg 1152w, https:\/\/www.montceautriathlon.com\/blog\/wp-content\/uploads\/2023\/08\/IMG-20230813-WA0000.jpg 1536w\" sizes=\"(max-width: 768px) 100vw, 768px\" \/><\/a><\/figure>\n","protected":false},"excerpt":{"rendered":"<p>Le triathlon de Dole a eu lieu le dimanche 23 juillet. Quelques licenci\u00e9s ont fait le d\u00e9placement. Course 10\/23 ans: Berteline termine 10e au scratch (2e pupille) Course XS: Sophie Marionnet : 67e au scratch et 2e V2 Sur le S Cyrille B\u00e9rardan termine 80e en 1h14 (10e V1), Charline Berthier 154e en 1h21 (3e [&hellip;]<\/p>\n","protected":false},"author":7,"featured_media":6102,"comment_status":"open","ping_status":"open","sticky":false,"template":"","format":"standard","meta":{"spay_email":"","jetpack_publicize_message":"","jetpack_is_tweetstorm":false},"categories":[1],"tags":[],"jetpack_featured_media_url":"https:\/\/www.montceautriathlon.com\/blog\/wp-content\/uploads\/2023\/08\/IMG-20230813-WA0000.jpg","jetpack_publicize_connections":[],"jetpack_sharing_enabled":true,"jetpack_shortlink":"https:\/\/wp.me\/p8bwIy-1Ah","jetpack-related-posts":[{"id":6967,"url":"https:\/\/www.montceautriathlon.com\/blog\/2024\/07\/16\/triathlon-autun-2\/","url_meta":{"origin":6093,"position":0},"title":"Triathlon Autun","date":"16 juillet 2024","format":false,"excerpt":"Les triathl\u00e8tes montcelliens \u00e9taient pr\u00e9sents surtoutes les \u00e9preuves du triathlon d'Autun le dimanche 23 juin. Voici les r\u00e9sultats: Course 6\/8 ans: Tiana Magnien monte sur la 3e marche du podium en poussine (5e au scratch) et Eliott Rondier sur la 2e marche en poussin (6e au scratch). Course 9\/11 ans:\u2026","rel":"","context":"Dans &quot;Non class\u00e9&quot;","img":{"alt_text":"","src":"https:\/\/i0.wp.com\/www.montceautriathlon.com\/blog\/wp-content\/uploads\/2024\/07\/448968625_1141027143604675_8033343820953004543_n.jpg?resize=350%2C200&ssl=1","width":350,"height":200},"classes":[]},{"id":6170,"url":"https:\/\/www.montceautriathlon.com\/blog\/2023\/09\/26\/trail-de-rentree-de-moroges-et-triathlon-dauxonne\/","url_meta":{"origin":6093,"position":1},"title":"Trail de rentr\u00e9e de Moroges et triathlon d&rsquo;Auxonne","date":"26 septembre 2023","format":false,"excerpt":"Le samedi 9 septembre, des triathl\u00e8tes de Montceau se sont retrouv\u00e9s \u00e0 Moroges pour le trail de la rentr\u00e9e. Sammy Marc boucle le 20 km en 2h16 (64e au scratch et 33e de sa cat\u00e9gorie. Sur le 10 km , Arnaud Rondier termine 15e en 56'30 et Sophie Marionnet 121e\u2026","rel":"","context":"Dans &quot;Non class\u00e9&quot;","img":{"alt_text":"","src":"https:\/\/i1.wp.com\/www.montceautriathlon.com\/blog\/wp-content\/uploads\/2023\/09\/IMG-20230926-WA0003.jpg?resize=350%2C200&ssl=1","width":350,"height":200},"classes":[]},{"id":5189,"url":"https:\/\/www.montceautriathlon.com\/blog\/2022\/08\/16\/quelques-resultats-estivaux-entre-chaleur-et-cyanobacteries\/","url_meta":{"origin":6093,"position":2},"title":"quelques r\u00e9sultats estivaux entre chaleur et cyanobact\u00e9ries !","date":"16 ao\u00fbt 2022","format":false,"excerpt":"Les triathl\u00e8tes de Montceau se sont d\u00e9plac\u00e9s sur les \u00e9preuves de la r\u00e9gion: Triathlon Gray le 23 juillet 2022Berteline \u00e9tait la seule repr\u00e9sentante du club et termine 1e au scratch sur l'\u00e9preuve des 6\/9ans. Triathlon de Dole le 31 juillet 2022Sur les 28 participants de la course 6\/9 ans Berteline\u2026","rel":"","context":"Dans &quot;Non class\u00e9&quot;","img":{"alt_text":"","src":"https:\/\/i2.wp.com\/www.montceautriathlon.com\/blog\/wp-content\/uploads\/2022\/09\/IMG_20220814_115057-scaled.jpg?resize=350%2C200&ssl=1","width":350,"height":200},"classes":[]},{"id":7935,"url":"https:\/\/www.montceautriathlon.com\/blog\/2025\/07\/11\/22-juin-triathlon-dautun\/","url_meta":{"origin":6093,"position":3},"title":"22 juin: Triathlon d&rsquo;Autun","date":"11 juillet 2025","format":false,"excerpt":"Une d\u00e9l\u00e9gation montcellienne s'est d\u00e9plac\u00e9e chez nos voisins d'Autun pour leur triathlon. C'est avec un soleil tr\u00e8s pr\u00e9sent et de grosses chaleurs que les triathl\u00e8tes ont montr\u00e9 les couleurs de Montceau triathlon. Voici les r\u00e9sultats des diff\u00e9rentes courses: Sur la course XS, Titouan Rondier termine \u00e0 la 11e place au\u2026","rel":"","context":"Dans &quot;Non class\u00e9&quot;","img":{"alt_text":"","src":"https:\/\/i1.wp.com\/www.montceautriathlon.com\/blog\/wp-content\/uploads\/2025\/07\/IMG_3418-scaled.jpg?resize=350%2C200&ssl=1","width":350,"height":200},"classes":[]},{"id":8033,"url":"https:\/\/www.montceautriathlon.com\/blog\/2025\/08\/16\/triathlon-de-nevers-10-aout-2025\/","url_meta":{"origin":6093,"position":4},"title":"Triathlon de Nevers: 10 ao\u00fbt 2025","date":"16 ao\u00fbt 2025","format":false,"excerpt":"C est sous des temp\u00e9ratures caniculaires que 2 familles de Montceau Triathlon se sont retrouv\u00e9es \u00e0 Nevers pour leur triathlon. Aur\u00e9lie Agius en compagnie de Nicolas Vinck et d'un copain (non licenci\u00e9s) ont pris le d\u00e9part de la distance M sur de nouveaux parcours en raison de travaux. Ils terminent\u2026","rel":"","context":"Dans &quot;Non class\u00e9&quot;","img":{"alt_text":"","src":"https:\/\/i1.wp.com\/www.montceautriathlon.com\/blog\/wp-content\/uploads\/2025\/08\/IMG-20250811-WA0092.jpg?resize=350%2C200&ssl=1","width":350,"height":200},"classes":[]},{"id":6294,"url":"https:\/\/www.montceautriathlon.com\/blog\/2023\/10\/11\/triathlon-de-louhans\/","url_meta":{"origin":6093,"position":5},"title":"Triathlon de Louhans","date":"11 octobre 2023","format":false,"excerpt":"Les triathl\u00e8tes montcelliens se sont retrouv\u00e9s pour la derni\u00e8re \u00e9preuve de la saison \u00e0 Louhans. Ils ont nag\u00e9 dans la piscine de Louhans puis ont pu p\u00e9daler et courir sous un beau soleil. Voici les r\u00e9sultats des diff\u00e9rentes \u00e9preuves: Course 6\/9 ans: Jules Vendramini termine 8e au scratch et 6e\u2026","rel":"","context":"Dans &quot;Non class\u00e9&quot;","img":{"alt_text":"","src":"https:\/\/i2.wp.com\/www.montceautriathlon.com\/blog\/wp-content\/uploads\/2023\/10\/IMG-20231009-WA0004.jpg?resize=350%2C200&ssl=1","width":350,"height":200},"classes":[]}],"_links":{"self":[{"href":"https:\/\/www.montceautriathlon.com\/blog\/wp-json\/wp\/v2\/posts\/6093"}],"collection":[{"href":"https:\/\/www.montceautriathlon.com\/blog\/wp-json\/wp\/v2\/posts"}],"about":[{"href":"https:\/\/www.montceautriathlon.com\/blog\/wp-json\/wp\/v2\/types\/post"}],"author":[{"embeddable":true,"href":"https:\/\/www.montceautriathlon.com\/blog\/wp-json\/wp\/v2\/users\/7"}],"replies":[{"embeddable":true,"href":"https:\/\/www.montceautriathlon.com\/blog\/wp-json\/wp\/v2\/comments?post=6093"}],"version-history":[{"count":1,"href":"https:\/\/www.montceautriathlon.com\/blog\/wp-json\/wp\/v2\/posts\/6093\/revisions"}],"predecessor-version":[{"id":6103,"href":"https:\/\/www.montceautriathlon.com\/blog\/wp-json\/wp\/v2\/posts\/6093\/revisions\/6103"}],"wp:featuredmedia":[{"embeddable":true,"href":"https:\/\/www.montceautriathlon.com\/blog\/wp-json\/wp\/v2\/media\/6102"}],"wp:attachment":[{"href":"https:\/\/www.montceautriathlon.com\/blog\/wp-json\/wp\/v2\/media?parent=6093"}],"wp:term":[{"taxonomy":"category","embeddable":true,"href":"https:\/\/www.montceautriathlon.com\/blog\/wp-json\/wp\/v2\/categories?post=6093"},{"taxonomy":"post_tag","embeddable":true,"href":"https:\/\/www.montceautriathlon.com\/blog\/wp-json\/wp\/v2\/tags?post=6093"}],"curies":[{"name":"wp","href":"https:\/\/api.w.org\/{rel}","templated":true}]}}