{"id":6075,"date":"2023-07-12T11:07:05","date_gmt":"2023-07-12T10:07:05","guid":{"rendered":"https:\/\/www.montceautriathlon.com\/blog\/?p=6075"},"modified":"2023-07-12T11:07:08","modified_gmt":"2023-07-12T10:07:08","slug":"9-juillet-triathlon-du-lac-du-bouchet-et-triathlon-de-gray","status":"publish","type":"post","link":"https:\/\/www.montceautriathlon.com\/blog\/2023\/07\/12\/9-juillet-triathlon-du-lac-du-bouchet-et-triathlon-de-gray\/","title":{"rendered":"9 juillet : Triathlon du lac du Bouchet et triathlon de Gray."},"content":{"rendered":"\n<p>Certains Montcelliens (Ir\u00e8ne, Jean Jacques, Mika et Catherine ) sont partis en Haute-Loire pour le triathlon du Bouchet Ils se sont engag\u00e9s sur le triathlon M.<br>Mickael Verdu 30e au scratch et 6e V1 en 2h27Catherine Piter 120e au scratch et 2e V3 en 2h53<br>Irene Vulin et Jean Jacques Boulay termine 15e \u00e9quipe et 8e \u00e9quipe mixte en 3h09<\/p>\n\n\n\n<p>Berteline Marionnet \u00e9tait la seule \u00e0 faire le d\u00e9placement sur le triathlon de\u00a0 Gray. Elle termine 2e au scratch et 1\u00e8re de sa cat\u00e9gorie sur la course 10\/13ans.<\/p>\n\n\n\n<figure class=\"wp-block-gallery columns-3 is-cropped\"><ul data-carousel-extra='{\"blog_id\":1,\"permalink\":\"https:\\\/\\\/www.montceautriathlon.com\\\/blog\\\/2023\\\/07\\\/12\\\/9-juillet-triathlon-du-lac-du-bouchet-et-triathlon-de-gray\\\/\"}' class=\"blocks-gallery-grid\"><li class=\"blocks-gallery-item\"><figure><a href=\"https:\/\/www.montceautriathlon.com\/blog\/wp-content\/uploads\/2023\/07\/Bert.jpg\"><img data-attachment-id=\"6076\" data-permalink=\"https:\/\/www.montceautriathlon.com\/blog\/2023\/07\/12\/9-juillet-triathlon-du-lac-du-bouchet-et-triathlon-de-gray\/bert\/\" data-orig-file=\"https:\/\/www.montceautriathlon.com\/blog\/wp-content\/uploads\/2023\/07\/Bert.jpg\" data-orig-size=\"1252,2182\" data-comments-opened=\"1\" data-image-meta=\"{&quot;aperture&quot;:&quot;0&quot;,&quot;credit&quot;:&quot;&quot;,&quot;camera&quot;:&quot;&quot;,&quot;caption&quot;:&quot;&quot;,&quot;created_timestamp&quot;:&quot;0&quot;,&quot;copyright&quot;:&quot;&quot;,&quot;focal_length&quot;:&quot;0&quot;,&quot;iso&quot;:&quot;0&quot;,&quot;shutter_speed&quot;:&quot;0&quot;,&quot;title&quot;:&quot;&quot;,&quot;orientation&quot;:&quot;1&quot;}\" data-image-title=\"Bert\" data-image-description=\"\" data-image-caption=\"\" data-medium-file=\"https:\/\/www.montceautriathlon.com\/blog\/wp-content\/uploads\/2023\/07\/Bert-172x300.jpg\" data-large-file=\"https:\/\/www.montceautriathlon.com\/blog\/wp-content\/uploads\/2023\/07\/Bert-588x1024.jpg\" loading=\"lazy\" width=\"588\" height=\"1024\" src=\"https:\/\/www.montceautriathlon.com\/blog\/wp-content\/uploads\/2023\/07\/Bert-588x1024.jpg\" alt=\"\" data-id=\"6076\" data-full-url=\"https:\/\/www.montceautriathlon.com\/blog\/wp-content\/uploads\/2023\/07\/Bert.jpg\" data-link=\"https:\/\/www.montceautriathlon.com\/blog\/?attachment_id=6076\" class=\"wp-image-6076\" srcset=\"https:\/\/www.montceautriathlon.com\/blog\/wp-content\/uploads\/2023\/07\/Bert-588x1024.jpg 588w, https:\/\/www.montceautriathlon.com\/blog\/wp-content\/uploads\/2023\/07\/Bert-172x300.jpg 172w, https:\/\/www.montceautriathlon.com\/blog\/wp-content\/uploads\/2023\/07\/Bert-768x1338.jpg 768w, https:\/\/www.montceautriathlon.com\/blog\/wp-content\/uploads\/2023\/07\/Bert-881x1536.jpg 881w, https:\/\/www.montceautriathlon.com\/blog\/wp-content\/uploads\/2023\/07\/Bert-1175x2048.jpg 1175w, https:\/\/www.montceautriathlon.com\/blog\/wp-content\/uploads\/2023\/07\/Bert.jpg 1252w\" sizes=\"(max-width: 588px) 100vw, 588px\" \/><\/a><\/figure><\/li><li class=\"blocks-gallery-item\"><figure><a href=\"https:\/\/www.montceautriathlon.com\/blog\/wp-content\/uploads\/2023\/07\/IMG-20230709-WA0002.jpg\"><img data-attachment-id=\"6068\" data-permalink=\"https:\/\/www.montceautriathlon.com\/blog\/img-20230709-wa0002\/\" data-orig-file=\"https:\/\/www.montceautriathlon.com\/blog\/wp-content\/uploads\/2023\/07\/IMG-20230709-WA0002.jpg\" data-orig-size=\"768,1024\" data-comments-opened=\"1\" data-image-meta=\"{&quot;aperture&quot;:&quot;0&quot;,&quot;credit&quot;:&quot;&quot;,&quot;camera&quot;:&quot;&quot;,&quot;caption&quot;:&quot;&quot;,&quot;created_timestamp&quot;:&quot;0&quot;,&quot;copyright&quot;:&quot;&quot;,&quot;focal_length&quot;:&quot;0&quot;,&quot;iso&quot;:&quot;0&quot;,&quot;shutter_speed&quot;:&quot;0&quot;,&quot;title&quot;:&quot;&quot;,&quot;orientation&quot;:&quot;0&quot;}\" data-image-title=\"IMG-20230709-WA0002\" data-image-description=\"\" data-image-caption=\"\" data-medium-file=\"https:\/\/www.montceautriathlon.com\/blog\/wp-content\/uploads\/2023\/07\/IMG-20230709-WA0002-225x300.jpg\" data-large-file=\"https:\/\/www.montceautriathlon.com\/blog\/wp-content\/uploads\/2023\/07\/IMG-20230709-WA0002.jpg\" loading=\"lazy\" width=\"768\" height=\"1024\" src=\"https:\/\/www.montceautriathlon.com\/blog\/wp-content\/uploads\/2023\/07\/IMG-20230709-WA0002.jpg\" alt=\"\" data-id=\"6068\" data-full-url=\"https:\/\/www.montceautriathlon.com\/blog\/wp-content\/uploads\/2023\/07\/IMG-20230709-WA0002.jpg\" data-link=\"https:\/\/www.montceautriathlon.com\/blog\/img-20230709-wa0002\/\" class=\"wp-image-6068\" srcset=\"https:\/\/www.montceautriathlon.com\/blog\/wp-content\/uploads\/2023\/07\/IMG-20230709-WA0002.jpg 768w, https:\/\/www.montceautriathlon.com\/blog\/wp-content\/uploads\/2023\/07\/IMG-20230709-WA0002-225x300.jpg 225w\" sizes=\"(max-width: 768px) 100vw, 768px\" \/><\/a><\/figure><\/li><li class=\"blocks-gallery-item\"><figure><a href=\"https:\/\/www.montceautriathlon.com\/blog\/wp-content\/uploads\/2023\/07\/IMG-20230709-WA0000.jpg\"><img data-attachment-id=\"6067\" data-permalink=\"https:\/\/www.montceautriathlon.com\/blog\/img-20230709-wa0000\/\" data-orig-file=\"https:\/\/www.montceautriathlon.com\/blog\/wp-content\/uploads\/2023\/07\/IMG-20230709-WA0000.jpg\" data-orig-size=\"768,1024\" data-comments-opened=\"1\" data-image-meta=\"{&quot;aperture&quot;:&quot;0&quot;,&quot;credit&quot;:&quot;&quot;,&quot;camera&quot;:&quot;&quot;,&quot;caption&quot;:&quot;&quot;,&quot;created_timestamp&quot;:&quot;0&quot;,&quot;copyright&quot;:&quot;&quot;,&quot;focal_length&quot;:&quot;0&quot;,&quot;iso&quot;:&quot;0&quot;,&quot;shutter_speed&quot;:&quot;0&quot;,&quot;title&quot;:&quot;&quot;,&quot;orientation&quot;:&quot;0&quot;}\" data-image-title=\"IMG-20230709-WA0000\" data-image-description=\"\" data-image-caption=\"\" data-medium-file=\"https:\/\/www.montceautriathlon.com\/blog\/wp-content\/uploads\/2023\/07\/IMG-20230709-WA0000-225x300.jpg\" data-large-file=\"https:\/\/www.montceautriathlon.com\/blog\/wp-content\/uploads\/2023\/07\/IMG-20230709-WA0000.jpg\" loading=\"lazy\" width=\"768\" height=\"1024\" src=\"https:\/\/www.montceautriathlon.com\/blog\/wp-content\/uploads\/2023\/07\/IMG-20230709-WA0000.jpg\" alt=\"\" data-id=\"6067\" data-full-url=\"https:\/\/www.montceautriathlon.com\/blog\/wp-content\/uploads\/2023\/07\/IMG-20230709-WA0000.jpg\" data-link=\"https:\/\/www.montceautriathlon.com\/blog\/img-20230709-wa0000\/\" class=\"wp-image-6067\" srcset=\"https:\/\/www.montceautriathlon.com\/blog\/wp-content\/uploads\/2023\/07\/IMG-20230709-WA0000.jpg 768w, https:\/\/www.montceautriathlon.com\/blog\/wp-content\/uploads\/2023\/07\/IMG-20230709-WA0000-225x300.jpg 225w\" sizes=\"(max-width: 768px) 100vw, 768px\" \/><\/a><\/figure><\/li><\/ul><\/figure>\n","protected":false},"excerpt":{"rendered":"<p>Certains Montcelliens (Ir\u00e8ne, Jean Jacques, Mika et Catherine ) sont partis en Haute-Loire pour le triathlon du Bouchet Ils se sont engag\u00e9s sur le triathlon M.Mickael Verdu 30e au scratch et 6e V1 en 2h27Catherine Piter 120e au scratch et 2e V3 en 2h53Irene Vulin et Jean Jacques Boulay termine 15e \u00e9quipe et 8e \u00e9quipe [&hellip;]<\/p>\n","protected":false},"author":5,"featured_media":6067,"comment_status":"open","ping_status":"open","sticky":false,"template":"","format":"standard","meta":{"spay_email":"","jetpack_publicize_message":"","jetpack_is_tweetstorm":false},"categories":[1],"tags":[],"jetpack_featured_media_url":"https:\/\/www.montceautriathlon.com\/blog\/wp-content\/uploads\/2023\/07\/IMG-20230709-WA0000.jpg","jetpack_publicize_connections":[],"jetpack_sharing_enabled":true,"jetpack_shortlink":"https:\/\/wp.me\/p8bwIy-1zZ","jetpack-related-posts":[{"id":7995,"url":"https:\/\/www.montceautriathlon.com\/blog\/2025\/07\/14\/12-et-13-juillet-2025-triathlon-du-lac-du-bouchet\/","url_meta":{"origin":6075,"position":0},"title":"12 et 13 juillet 2025: Triathlon du lac du Bouchet","date":"14 juillet 2025","format":false,"excerpt":"Une petite d\u00e9l\u00e9gation du club s'est retrouv\u00e9e en Auvergne, dans le d\u00e9partement de la Haute Loire pour participer aux triathlons du lac du Bouchet. Les triathl\u00e8tes montcelliens se sont align\u00e9s en individuel ou en \u00e9quipe sut les courses M et L. Voici les r\u00e9sultats: D\u00e8s le samedi matin, 7 d'entre\u2026","rel":"","context":"Dans &quot;Non class\u00e9&quot;","img":{"alt_text":"","src":"https:\/\/i0.wp.com\/www.montceautriathlon.com\/blog\/wp-content\/uploads\/2025\/07\/IMG-20250712-WA0000.jpg?resize=350%2C200&ssl=1","width":350,"height":200},"classes":[]},{"id":5189,"url":"https:\/\/www.montceautriathlon.com\/blog\/2022\/08\/16\/quelques-resultats-estivaux-entre-chaleur-et-cyanobacteries\/","url_meta":{"origin":6075,"position":1},"title":"quelques r\u00e9sultats estivaux entre chaleur et cyanobact\u00e9ries !","date":"16 ao\u00fbt 2022","format":false,"excerpt":"Les triathl\u00e8tes de Montceau se sont d\u00e9plac\u00e9s sur les \u00e9preuves de la r\u00e9gion: Triathlon Gray le 23 juillet 2022Berteline \u00e9tait la seule repr\u00e9sentante du club et termine 1e au scratch sur l'\u00e9preuve des 6\/9ans. Triathlon de Dole le 31 juillet 2022Sur les 28 participants de la course 6\/9 ans Berteline\u2026","rel":"","context":"Dans &quot;Non class\u00e9&quot;","img":{"alt_text":"","src":"https:\/\/i2.wp.com\/www.montceautriathlon.com\/blog\/wp-content\/uploads\/2022\/09\/IMG_20220814_115057-scaled.jpg?resize=350%2C200&ssl=1","width":350,"height":200},"classes":[]},{"id":8033,"url":"https:\/\/www.montceautriathlon.com\/blog\/2025\/08\/16\/triathlon-de-nevers-10-aout-2025\/","url_meta":{"origin":6075,"position":2},"title":"Triathlon de Nevers: 10 ao\u00fbt 2025","date":"16 ao\u00fbt 2025","format":false,"excerpt":"C est sous des temp\u00e9ratures caniculaires que 2 familles de Montceau Triathlon se sont retrouv\u00e9es \u00e0 Nevers pour leur triathlon. Aur\u00e9lie Agius en compagnie de Nicolas Vinck et d'un copain (non licenci\u00e9s) ont pris le d\u00e9part de la distance M sur de nouveaux parcours en raison de travaux. Ils terminent\u2026","rel":"","context":"Dans &quot;Non class\u00e9&quot;","img":{"alt_text":"","src":"https:\/\/i1.wp.com\/www.montceautriathlon.com\/blog\/wp-content\/uploads\/2025\/08\/IMG-20250811-WA0092.jpg?resize=350%2C200&ssl=1","width":350,"height":200},"classes":[]},{"id":6192,"url":"https:\/\/www.montceautriathlon.com\/blog\/2023\/09\/27\/triathlon-de-paladru\/","url_meta":{"origin":6075,"position":3},"title":"Triathlon de Paladru","date":"27 septembre 2023","format":false,"excerpt":"Une importante d\u00e9l\u00e9gation de Montceau Triathlon s'est retrouv\u00e9e \u00e0 Paladru (Is\u00e8re) pour le triathlon en \u00e9quipe. Les 32 triathl\u00e8tes, composant 7 \u00e9quipes, se sont engag\u00e9es sur un triathlon distance L. Avec une m\u00e9t\u00e9o favorable, tous et toutes ont aval\u00e9s les 1700m de natation, 80 km de v\u00e9lo et 17km de\u2026","rel":"","context":"Dans &quot;Non class\u00e9&quot;","img":{"alt_text":"","src":"https:\/\/i2.wp.com\/www.montceautriathlon.com\/blog\/wp-content\/uploads\/2023\/09\/IMG-20230923-WA00021-1.jpg?resize=350%2C200&ssl=1","width":350,"height":200},"classes":[]},{"id":8119,"url":"https:\/\/www.montceautriathlon.com\/blog\/2025\/09\/14\/7-septembre-triathlon-de-chalon-sur-saone\/","url_meta":{"origin":6075,"position":4},"title":"7 Septembre: Triathlon de Chalon sur Sa\u00f4ne","date":"14 septembre 2025","format":false,"excerpt":"Une d\u00e9l\u00e9gation montcellienne s'est retrouv\u00e9e chez nos voisins chalonnais pour leur traditionnel triathlon. Les 2 courses jeunes et le XS se faisaient en piscine. La natation du triathlon S contre la montre \u00e9tait dans la Sa\u00f4ne. Chez les plus jeunes, Louis Vinck termine 1r de la course. Gaspard Pradier est\u2026","rel":"","context":"Dans &quot;Non class\u00e9&quot;","img":{"alt_text":"","src":"https:\/\/i2.wp.com\/www.montceautriathlon.com\/blog\/wp-content\/uploads\/2025\/09\/IMG_5930.jpg?resize=350%2C200&ssl=1","width":350,"height":200},"classes":[]},{"id":6170,"url":"https:\/\/www.montceautriathlon.com\/blog\/2023\/09\/26\/trail-de-rentree-de-moroges-et-triathlon-dauxonne\/","url_meta":{"origin":6075,"position":5},"title":"Trail de rentr\u00e9e de Moroges et triathlon d&rsquo;Auxonne","date":"26 septembre 2023","format":false,"excerpt":"Le samedi 9 septembre, des triathl\u00e8tes de Montceau se sont retrouv\u00e9s \u00e0 Moroges pour le trail de la rentr\u00e9e. Sammy Marc boucle le 20 km en 2h16 (64e au scratch et 33e de sa cat\u00e9gorie. Sur le 10 km , Arnaud Rondier termine 15e en 56'30 et Sophie Marionnet 121e\u2026","rel":"","context":"Dans &quot;Non class\u00e9&quot;","img":{"alt_text":"","src":"https:\/\/i1.wp.com\/www.montceautriathlon.com\/blog\/wp-content\/uploads\/2023\/09\/IMG-20230926-WA0003.jpg?resize=350%2C200&ssl=1","width":350,"height":200},"classes":[]}],"_links":{"self":[{"href":"https:\/\/www.montceautriathlon.com\/blog\/wp-json\/wp\/v2\/posts\/6075"}],"collection":[{"href":"https:\/\/www.montceautriathlon.com\/blog\/wp-json\/wp\/v2\/posts"}],"about":[{"href":"https:\/\/www.montceautriathlon.com\/blog\/wp-json\/wp\/v2\/types\/post"}],"author":[{"embeddable":true,"href":"https:\/\/www.montceautriathlon.com\/blog\/wp-json\/wp\/v2\/users\/5"}],"replies":[{"embeddable":true,"href":"https:\/\/www.montceautriathlon.com\/blog\/wp-json\/wp\/v2\/comments?post=6075"}],"version-history":[{"count":1,"href":"https:\/\/www.montceautriathlon.com\/blog\/wp-json\/wp\/v2\/posts\/6075\/revisions"}],"predecessor-version":[{"id":6077,"href":"https:\/\/www.montceautriathlon.com\/blog\/wp-json\/wp\/v2\/posts\/6075\/revisions\/6077"}],"wp:featuredmedia":[{"embeddable":true,"href":"https:\/\/www.montceautriathlon.com\/blog\/wp-json\/wp\/v2\/media\/6067"}],"wp:attachment":[{"href":"https:\/\/www.montceautriathlon.com\/blog\/wp-json\/wp\/v2\/media?parent=6075"}],"wp:term":[{"taxonomy":"category","embeddable":true,"href":"https:\/\/www.montceautriathlon.com\/blog\/wp-json\/wp\/v2\/categories?post=6075"},{"taxonomy":"post_tag","embeddable":true,"href":"https:\/\/www.montceautriathlon.com\/blog\/wp-json\/wp\/v2\/tags?post=6075"}],"curies":[{"name":"wp","href":"https:\/\/api.w.org\/{rel}","templated":true}]}}