{"id":5843,"date":"2023-05-10T12:20:06","date_gmt":"2023-05-10T11:20:06","guid":{"rendered":"https:\/\/www.montceautriathlon.com\/blog\/?p=5843"},"modified":"2023-05-10T12:20:09","modified_gmt":"2023-05-10T11:20:09","slug":"duathlon-auxonne","status":"publish","type":"post","link":"https:\/\/www.montceautriathlon.com\/blog\/2023\/05\/10\/duathlon-auxonne\/","title":{"rendered":"Duathlon Auxonne"},"content":{"rendered":"\n<p>Seulement quelques un de nos jeunes ont particip\u00e9s au premier duathlon d&rsquo;Auxonne qui a eu lieu le 07\/05. <\/p>\n\n\n\n<p>Course XS : Joshua Vandaele\u00a04e au scratch et 2e MiH\u00a0 en 34:09 \/ Simon Devoille\u00a015e au scratch et 9e MiH en 39:56 \/ El\u00e9a B\u00e9rardan\u00a020e au scratch et 8e MiF en 41:49<\/p>\n\n\n\n<p>Course 6\/9 : Jules Vendramini\u00a0 13e au scratch et 9e PO en 07:27<\/p>\n\n\n\n<p>Course 10\/13 : Berteline Marionnet\u00a0 13e au scratch et 2e PU en 17:54<\/p>\n\n\n\n<p>Bravo \u00e0 tout nos jeunes triathl\u00e8tes ! <\/p>\n\n\n\n<figure class=\"wp-block-gallery columns-3 is-cropped\"><ul data-carousel-extra='{\"blog_id\":1,\"permalink\":\"https:\\\/\\\/www.montceautriathlon.com\\\/blog\\\/2023\\\/05\\\/10\\\/duathlon-auxonne\\\/\"}' class=\"blocks-gallery-grid\"><li class=\"blocks-gallery-item\"><figure><a href=\"https:\/\/www.montceautriathlon.com\/blog\/wp-content\/uploads\/2023\/05\/image0000001-1-472x1024.jpg\"><img data-attachment-id=\"5844\" data-permalink=\"https:\/\/www.montceautriathlon.com\/blog\/2023\/05\/10\/duathlon-auxonne\/image0000001-1\/\" data-orig-file=\"https:\/\/www.montceautriathlon.com\/blog\/wp-content\/uploads\/2023\/05\/image0000001-1.jpg\" data-orig-size=\"738,1600\" data-comments-opened=\"1\" data-image-meta=\"{&quot;aperture&quot;:&quot;0&quot;,&quot;credit&quot;:&quot;&quot;,&quot;camera&quot;:&quot;&quot;,&quot;caption&quot;:&quot;&quot;,&quot;created_timestamp&quot;:&quot;0&quot;,&quot;copyright&quot;:&quot;&quot;,&quot;focal_length&quot;:&quot;0&quot;,&quot;iso&quot;:&quot;0&quot;,&quot;shutter_speed&quot;:&quot;0&quot;,&quot;title&quot;:&quot;&quot;,&quot;orientation&quot;:&quot;0&quot;}\" data-image-title=\"image0000001-1\" data-image-description=\"\" data-image-caption=\"\" data-medium-file=\"https:\/\/www.montceautriathlon.com\/blog\/wp-content\/uploads\/2023\/05\/image0000001-1-138x300.jpg\" data-large-file=\"https:\/\/www.montceautriathlon.com\/blog\/wp-content\/uploads\/2023\/05\/image0000001-1-472x1024.jpg\" loading=\"lazy\" width=\"472\" height=\"1024\" src=\"https:\/\/www.montceautriathlon.com\/blog\/wp-content\/uploads\/2023\/05\/image0000001-1-472x1024.jpg\" alt=\"\" data-id=\"5844\" data-link=\"https:\/\/www.montceautriathlon.com\/blog\/?attachment_id=5844\" class=\"wp-image-5844\" srcset=\"https:\/\/www.montceautriathlon.com\/blog\/wp-content\/uploads\/2023\/05\/image0000001-1-472x1024.jpg 472w, https:\/\/www.montceautriathlon.com\/blog\/wp-content\/uploads\/2023\/05\/image0000001-1-138x300.jpg 138w, https:\/\/www.montceautriathlon.com\/blog\/wp-content\/uploads\/2023\/05\/image0000001-1-708x1536.jpg 708w, https:\/\/www.montceautriathlon.com\/blog\/wp-content\/uploads\/2023\/05\/image0000001-1.jpg 738w\" sizes=\"(max-width: 472px) 100vw, 472px\" \/><\/a><\/figure><\/li><li class=\"blocks-gallery-item\"><figure><a href=\"https:\/\/www.montceautriathlon.com\/blog\/wp-content\/uploads\/2023\/05\/image0000021-472x1024.jpg\"><img data-attachment-id=\"5845\" data-permalink=\"https:\/\/www.montceautriathlon.com\/blog\/2023\/05\/10\/duathlon-auxonne\/image0000021\/\" data-orig-file=\"https:\/\/www.montceautriathlon.com\/blog\/wp-content\/uploads\/2023\/05\/image0000021.jpg\" data-orig-size=\"738,1600\" data-comments-opened=\"1\" data-image-meta=\"{&quot;aperture&quot;:&quot;0&quot;,&quot;credit&quot;:&quot;&quot;,&quot;camera&quot;:&quot;&quot;,&quot;caption&quot;:&quot;&quot;,&quot;created_timestamp&quot;:&quot;0&quot;,&quot;copyright&quot;:&quot;&quot;,&quot;focal_length&quot;:&quot;0&quot;,&quot;iso&quot;:&quot;0&quot;,&quot;shutter_speed&quot;:&quot;0&quot;,&quot;title&quot;:&quot;&quot;,&quot;orientation&quot;:&quot;0&quot;}\" data-image-title=\"image0000021\" data-image-description=\"\" data-image-caption=\"\" data-medium-file=\"https:\/\/www.montceautriathlon.com\/blog\/wp-content\/uploads\/2023\/05\/image0000021-138x300.jpg\" data-large-file=\"https:\/\/www.montceautriathlon.com\/blog\/wp-content\/uploads\/2023\/05\/image0000021-472x1024.jpg\" loading=\"lazy\" width=\"472\" height=\"1024\" src=\"https:\/\/www.montceautriathlon.com\/blog\/wp-content\/uploads\/2023\/05\/image0000021-472x1024.jpg\" alt=\"\" data-id=\"5845\" data-link=\"https:\/\/www.montceautriathlon.com\/blog\/?attachment_id=5845\" class=\"wp-image-5845\" srcset=\"https:\/\/www.montceautriathlon.com\/blog\/wp-content\/uploads\/2023\/05\/image0000021-472x1024.jpg 472w, https:\/\/www.montceautriathlon.com\/blog\/wp-content\/uploads\/2023\/05\/image0000021-138x300.jpg 138w, https:\/\/www.montceautriathlon.com\/blog\/wp-content\/uploads\/2023\/05\/image0000021-708x1536.jpg 708w, https:\/\/www.montceautriathlon.com\/blog\/wp-content\/uploads\/2023\/05\/image0000021.jpg 738w\" sizes=\"(max-width: 472px) 100vw, 472px\" \/><\/a><\/figure><\/li><li class=\"blocks-gallery-item\"><figure><a href=\"https:\/\/www.montceautriathlon.com\/blog\/wp-content\/uploads\/2023\/05\/IMG-386811.jpg\"><img data-attachment-id=\"5846\" data-permalink=\"https:\/\/www.montceautriathlon.com\/blog\/2023\/05\/10\/duathlon-auxonne\/img-386811\/\" data-orig-file=\"https:\/\/www.montceautriathlon.com\/blog\/wp-content\/uploads\/2023\/05\/IMG-386811.jpg\" data-orig-size=\"360,640\" data-comments-opened=\"1\" data-image-meta=\"{&quot;aperture&quot;:&quot;0&quot;,&quot;credit&quot;:&quot;&quot;,&quot;camera&quot;:&quot;&quot;,&quot;caption&quot;:&quot;&quot;,&quot;created_timestamp&quot;:&quot;1683634981&quot;,&quot;copyright&quot;:&quot;&quot;,&quot;focal_length&quot;:&quot;0&quot;,&quot;iso&quot;:&quot;0&quot;,&quot;shutter_speed&quot;:&quot;0&quot;,&quot;title&quot;:&quot;&quot;,&quot;orientation&quot;:&quot;0&quot;}\" data-image-title=\"IMG-386811\" data-image-description=\"\" data-image-caption=\"\" data-medium-file=\"https:\/\/www.montceautriathlon.com\/blog\/wp-content\/uploads\/2023\/05\/IMG-386811-169x300.jpg\" data-large-file=\"https:\/\/www.montceautriathlon.com\/blog\/wp-content\/uploads\/2023\/05\/IMG-386811.jpg\" loading=\"lazy\" width=\"360\" height=\"640\" src=\"https:\/\/www.montceautriathlon.com\/blog\/wp-content\/uploads\/2023\/05\/IMG-386811.jpg\" alt=\"\" data-id=\"5846\" data-link=\"https:\/\/www.montceautriathlon.com\/blog\/?attachment_id=5846\" class=\"wp-image-5846\" srcset=\"https:\/\/www.montceautriathlon.com\/blog\/wp-content\/uploads\/2023\/05\/IMG-386811.jpg 360w, https:\/\/www.montceautriathlon.com\/blog\/wp-content\/uploads\/2023\/05\/IMG-386811-169x300.jpg 169w\" sizes=\"(max-width: 360px) 100vw, 360px\" \/><\/a><\/figure><\/li><li class=\"blocks-gallery-item\"><figure><a href=\"https:\/\/www.montceautriathlon.com\/blog\/wp-content\/uploads\/2023\/05\/image0000011-1-472x1024.jpg\"><img data-attachment-id=\"5847\" data-permalink=\"https:\/\/www.montceautriathlon.com\/blog\/2023\/05\/10\/duathlon-auxonne\/image0000011-1-2\/\" data-orig-file=\"https:\/\/www.montceautriathlon.com\/blog\/wp-content\/uploads\/2023\/05\/image0000011-1.jpg\" data-orig-size=\"738,1600\" data-comments-opened=\"1\" data-image-meta=\"{&quot;aperture&quot;:&quot;0&quot;,&quot;credit&quot;:&quot;&quot;,&quot;camera&quot;:&quot;&quot;,&quot;caption&quot;:&quot;&quot;,&quot;created_timestamp&quot;:&quot;0&quot;,&quot;copyright&quot;:&quot;&quot;,&quot;focal_length&quot;:&quot;0&quot;,&quot;iso&quot;:&quot;0&quot;,&quot;shutter_speed&quot;:&quot;0&quot;,&quot;title&quot;:&quot;&quot;,&quot;orientation&quot;:&quot;0&quot;}\" data-image-title=\"image0000011-1\" data-image-description=\"\" data-image-caption=\"\" data-medium-file=\"https:\/\/www.montceautriathlon.com\/blog\/wp-content\/uploads\/2023\/05\/image0000011-1-138x300.jpg\" data-large-file=\"https:\/\/www.montceautriathlon.com\/blog\/wp-content\/uploads\/2023\/05\/image0000011-1-472x1024.jpg\" loading=\"lazy\" width=\"472\" height=\"1024\" src=\"https:\/\/www.montceautriathlon.com\/blog\/wp-content\/uploads\/2023\/05\/image0000011-1-472x1024.jpg\" alt=\"\" data-id=\"5847\" data-link=\"https:\/\/www.montceautriathlon.com\/blog\/?attachment_id=5847\" class=\"wp-image-5847\" srcset=\"https:\/\/www.montceautriathlon.com\/blog\/wp-content\/uploads\/2023\/05\/image0000011-1-472x1024.jpg 472w, https:\/\/www.montceautriathlon.com\/blog\/wp-content\/uploads\/2023\/05\/image0000011-1-138x300.jpg 138w, https:\/\/www.montceautriathlon.com\/blog\/wp-content\/uploads\/2023\/05\/image0000011-1-708x1536.jpg 708w, https:\/\/www.montceautriathlon.com\/blog\/wp-content\/uploads\/2023\/05\/image0000011-1.jpg 738w\" sizes=\"(max-width: 472px) 100vw, 472px\" \/><\/a><\/figure><\/li><li class=\"blocks-gallery-item\"><figure><a href=\"https:\/\/www.montceautriathlon.com\/blog\/wp-content\/uploads\/2023\/05\/IMG-126011.jpg\"><img data-attachment-id=\"5848\" data-permalink=\"https:\/\/www.montceautriathlon.com\/blog\/2023\/05\/10\/duathlon-auxonne\/img-126011\/\" data-orig-file=\"https:\/\/www.montceautriathlon.com\/blog\/wp-content\/uploads\/2023\/05\/IMG-126011.jpg\" data-orig-size=\"696,800\" data-comments-opened=\"1\" data-image-meta=\"{&quot;aperture&quot;:&quot;0&quot;,&quot;credit&quot;:&quot;&quot;,&quot;camera&quot;:&quot;&quot;,&quot;caption&quot;:&quot;&quot;,&quot;created_timestamp&quot;:&quot;1683562201&quot;,&quot;copyright&quot;:&quot;&quot;,&quot;focal_length&quot;:&quot;0&quot;,&quot;iso&quot;:&quot;0&quot;,&quot;shutter_speed&quot;:&quot;0&quot;,&quot;title&quot;:&quot;&quot;,&quot;orientation&quot;:&quot;1&quot;}\" data-image-title=\"IMG-126011\" data-image-description=\"\" data-image-caption=\"\" data-medium-file=\"https:\/\/www.montceautriathlon.com\/blog\/wp-content\/uploads\/2023\/05\/IMG-126011-261x300.jpg\" data-large-file=\"https:\/\/www.montceautriathlon.com\/blog\/wp-content\/uploads\/2023\/05\/IMG-126011.jpg\" loading=\"lazy\" width=\"696\" height=\"800\" src=\"https:\/\/www.montceautriathlon.com\/blog\/wp-content\/uploads\/2023\/05\/IMG-126011.jpg\" alt=\"\" data-id=\"5848\" data-full-url=\"https:\/\/www.montceautriathlon.com\/blog\/wp-content\/uploads\/2023\/05\/IMG-126011.jpg\" data-link=\"https:\/\/www.montceautriathlon.com\/blog\/?attachment_id=5848\" class=\"wp-image-5848\" srcset=\"https:\/\/www.montceautriathlon.com\/blog\/wp-content\/uploads\/2023\/05\/IMG-126011.jpg 696w, https:\/\/www.montceautriathlon.com\/blog\/wp-content\/uploads\/2023\/05\/IMG-126011-261x300.jpg 261w\" sizes=\"(max-width: 696px) 100vw, 696px\" \/><\/a><\/figure><\/li><\/ul><\/figure>\n","protected":false},"excerpt":{"rendered":"<p>Seulement quelques un de nos jeunes ont particip\u00e9s au premier duathlon d&rsquo;Auxonne qui a eu lieu le 07\/05. Course XS : Joshua Vandaele\u00a04e au scratch et 2e MiH\u00a0 en 34:09 \/ Simon Devoille\u00a015e au scratch et 9e MiH en 39:56 \/ El\u00e9a B\u00e9rardan\u00a020e au scratch et 8e MiF en 41:49 Course 6\/9 : Jules Vendramini\u00a0 [&hellip;]<\/p>\n","protected":false},"author":2,"featured_media":5848,"comment_status":"open","ping_status":"open","sticky":false,"template":"","format":"standard","meta":{"spay_email":"","jetpack_publicize_message":"","jetpack_is_tweetstorm":false},"categories":[1],"tags":[],"jetpack_featured_media_url":"https:\/\/www.montceautriathlon.com\/blog\/wp-content\/uploads\/2023\/05\/IMG-126011.jpg","jetpack_publicize_connections":[],"jetpack_sharing_enabled":true,"jetpack_shortlink":"https:\/\/wp.me\/p8bwIy-1wf","jetpack-related-posts":[{"id":4954,"url":"https:\/\/www.montceautriathlon.com\/blog\/2022\/04\/06\/duathlon-de-macon-le-club-bien-represente-des-podiums-pour-lecole-et-une-belle-qualif\/","url_meta":{"origin":5843,"position":0},"title":"Duathlon de M\u00e2con : Le club bien repr\u00e9sent\u00e9, des podiums pour l&rsquo;\u00e9cole et une belle qualif !","date":"6 avril 2022","format":false,"excerpt":"Berteline 1\u00e8re au scratch en J1, dominatrice tout au long de la course ! Jeanne qualifi\u00e9e pour les France de duathlon pour la deuxi\u00e8me ann\u00e9e cons\u00e9cutive 2\u00e8me minime F ! Titouan 2\u00e8me au scratch des J2 apr\u00e8s avoir longtemps fait la course en t\u00eate ! Aristide 3\u00e8me pupille ! Tiana\u2026","rel":"","context":"Dans &quot;Non class\u00e9&quot;","img":{"alt_text":"","src":"https:\/\/i1.wp.com\/www.montceautriathlon.com\/blog\/wp-content\/uploads\/2022\/04\/IMG-20220403-WA0003.jpg?resize=350%2C200&ssl=1","width":350,"height":200},"classes":[]},{"id":6251,"url":"https:\/\/www.montceautriathlon.com\/blog\/2023\/10\/02\/les-triathletes-montcelliens-sur-tous-les-fronts\/","url_meta":{"origin":5843,"position":1},"title":"Les triathl\u00e8tes montcelliens sur tous les fronts.","date":"2 octobre 2023","format":false,"excerpt":"Ce premier dimanche d'octobre, les triathl\u00e8tes ont particip\u00e9 \u00e0 diverses \u00e9preuves. Nous avons pu les retrouver \u00e0 Chen\u00f4ve pour le cross duathlon organis\u00e9 par le club de Chen\u00f4ve triathlon, aux Bizots pour le cyclathlon, \u00e0 Bourg en Bresse pour la cyclosportive La Bisou ou encore dans le Jura pour le\u2026","rel":"","context":"Dans &quot;Non class\u00e9&quot;","img":{"alt_text":"","src":"https:\/\/i0.wp.com\/www.montceautriathlon.com\/blog\/wp-content\/uploads\/2023\/10\/IMG_9010-scaled.jpeg?resize=350%2C200&ssl=1","width":350,"height":200},"classes":[]},{"id":8458,"url":"https:\/\/www.montceautriathlon.com\/blog\/2025\/11\/10\/09-11-bike-and-run-de-beaune\/","url_meta":{"origin":5843,"position":2},"title":"09\/11: bike and run de Beaune","date":"10 novembre 2025","format":false,"excerpt":"Rougoet Beaune Triathlon a organis\u00e9 son bike and run ce dimanche, sous un beau soleil, aux Etangs d'Or. Une d\u00e9l\u00e9gation montcelienne avait fait le d\u00e9placement. Voici les r\u00e9sultats: Dans la course jeunes 1, Come Pradier et Tim\u00e9o Kleingaertner, pour sa 1e participation, se classent 10e au scratch et 7e \u00e9quipe\u2026","rel":"","context":"Dans &quot;Non class\u00e9&quot;","img":{"alt_text":"","src":"https:\/\/i0.wp.com\/www.montceautriathlon.com\/blog\/wp-content\/uploads\/2025\/11\/IMG_7042.jpg?resize=350%2C200&ssl=1","width":350,"height":200},"classes":[]},{"id":7039,"url":"https:\/\/www.montceautriathlon.com\/blog\/2024\/09\/17\/triathlon-de-seurre-2\/","url_meta":{"origin":5843,"position":3},"title":"Triathlon de Seurre","date":"17 septembre 2024","format":false,"excerpt":"SUR LE S CLM l\u2019\u00e9quipe compos\u00e9 de L\u00e9o\/ Didier et Joshua Vandaele terme au scratch avec un magnifique et honorable temps de 1h09 Laurent Beausoleil , termine 38e au scratch , 13e V en 1h14\u201951 , et signe le 21e temps sur un parcours plus que venteux Charline Berthier ,\u2026","rel":"","context":"Dans &quot;Non class\u00e9&quot;","img":{"alt_text":"","src":"https:\/\/i1.wp.com\/www.montceautriathlon.com\/blog\/wp-content\/uploads\/2024\/09\/460202053_1192594335114622_5144053632154188360_n.jpg?resize=350%2C200&ssl=1","width":350,"height":200},"classes":[]},{"id":5927,"url":"https:\/\/www.montceautriathlon.com\/blog\/2023\/05\/31\/aquathlon-montceau-2023-2\/","url_meta":{"origin":5843,"position":4},"title":"Aquathlon Montceau 2023","date":"31 mai 2023","format":false,"excerpt":"L'aquathlon de Montceau a eu lieu le 14 mai.Les jeunes du club \u00e9taient en force sur les diff\u00e9rentes \u00e9preuves en piscine pour les plus jeunes et dans le Plessis pour les benjamins, minimes, cadets et juniors sur le s\u00e9lectif.L'apr\u00e8s midi le xxs a permis de voir plusieurs \u00e9quipes de montcelliens\u2026","rel":"","context":"Dans &quot;Non class\u00e9&quot;","img":{"alt_text":"","src":"https:\/\/i2.wp.com\/www.montceautriathlon.com\/blog\/wp-content\/uploads\/2023\/05\/Oscar-jules-paul-scaled.jpg?resize=350%2C200&ssl=1","width":350,"height":200},"classes":[]},{"id":8642,"url":"https:\/\/www.montceautriathlon.com\/blog\/2026\/03\/18\/duathlon-de-genlis-8-mars-2026\/","url_meta":{"origin":5843,"position":5},"title":"Duathlon de Genlis: 8 mars 2026","date":"18 mars 2026","format":false,"excerpt":"En ce dimanche ensoleill\u00e9, de nombreux montcelliens se sont retrouv\u00e9s \u00e0 Genlis pour la premi\u00e8re \u00e9preuve de duathlon de la saison. Ce duathlon \u00e9tait s\u00e9lectif pour les championnats de France jeunes de duathlon. Sur la course 6\/9ans, Gaspard Pradier termine 11e PoH Sur la course 10\/13 ans, Jules Vinck termine\u2026","rel":"","context":"Dans &quot;Non class\u00e9&quot;","img":{"alt_text":"","src":"https:\/\/i2.wp.com\/www.montceautriathlon.com\/blog\/wp-content\/uploads\/2026\/03\/650181302_1598501534523898_2374872018225390045_n.jpg?resize=350%2C200&ssl=1","width":350,"height":200},"classes":[]}],"_links":{"self":[{"href":"https:\/\/www.montceautriathlon.com\/blog\/wp-json\/wp\/v2\/posts\/5843"}],"collection":[{"href":"https:\/\/www.montceautriathlon.com\/blog\/wp-json\/wp\/v2\/posts"}],"about":[{"href":"https:\/\/www.montceautriathlon.com\/blog\/wp-json\/wp\/v2\/types\/post"}],"author":[{"embeddable":true,"href":"https:\/\/www.montceautriathlon.com\/blog\/wp-json\/wp\/v2\/users\/2"}],"replies":[{"embeddable":true,"href":"https:\/\/www.montceautriathlon.com\/blog\/wp-json\/wp\/v2\/comments?post=5843"}],"version-history":[{"count":1,"href":"https:\/\/www.montceautriathlon.com\/blog\/wp-json\/wp\/v2\/posts\/5843\/revisions"}],"predecessor-version":[{"id":5849,"href":"https:\/\/www.montceautriathlon.com\/blog\/wp-json\/wp\/v2\/posts\/5843\/revisions\/5849"}],"wp:featuredmedia":[{"embeddable":true,"href":"https:\/\/www.montceautriathlon.com\/blog\/wp-json\/wp\/v2\/media\/5848"}],"wp:attachment":[{"href":"https:\/\/www.montceautriathlon.com\/blog\/wp-json\/wp\/v2\/media?parent=5843"}],"wp:term":[{"taxonomy":"category","embeddable":true,"href":"https:\/\/www.montceautriathlon.com\/blog\/wp-json\/wp\/v2\/categories?post=5843"},{"taxonomy":"post_tag","embeddable":true,"href":"https:\/\/www.montceautriathlon.com\/blog\/wp-json\/wp\/v2\/tags?post=5843"}],"curies":[{"name":"wp","href":"https:\/\/api.w.org\/{rel}","templated":true}]}}